{"id":61660,"date":"2022-09-15T10:59:17","date_gmt":"2022-09-15T15:59:17","guid":{"rendered":"https:\/\/pagina10.com\/web\/?p=61660"},"modified":"2022-09-15T11:02:01","modified_gmt":"2022-09-15T16:02:01","slug":"critica-situacion-de-emssanar-acumula-deudas-por-mas-de-130-mil-millones","status":"publish","type":"post","link":"https:\/\/pagina10.com\/web\/critica-situacion-de-emssanar-acumula-deudas-por-mas-de-130-mil-millones\/","title":{"rendered":"Cr\u00edtica situaci\u00f3n de Emssanar: acumula deudas por m\u00e1s de $130 mil millones"},"content":{"rendered":"<p style=\"text-align: justify;\">La entidad cuenta con un total de 1.952.608 afiliados en los departamentos de Nari\u00f1o (690.006), Putumayo (182.900), Cauca (111.848) y Valle (967.854). El 80 por ciento de los habitantes del municipio de Pasto se encuentra afiliado a la empresa que actualmente est\u00e1 al borde de la quiebra por deudas que tan s\u00f3lo en la capital nari\u00f1ense ascienden a m\u00e1s de $130 mil millones.<\/p>\n<p style=\"text-align: justify;\">En un recuento hecho por la veedur\u00eda de salud, se descubri\u00f3 que la entidad le debe al Hospital Departamental $47.702 millones mientras que al Hospital San Pedro le adeuda $42 mil millones. Mismo panorama se registra con el Hospital Infantil al que le debe $25 mil millones y en la E.S.E Pasto Salud a la cual le adeuda m\u00e1s de $17 mil millones.<\/p>\n<p style=\"text-align: justify;\">Para la doctora Estela Cepeda, miembro de las veedur\u00edas de salud, est\u00e1 es una deuda impagable. Adem\u00e1s, lanz\u00f3 una grave alerta ya que indic\u00f3 que si Emssanar quiebra, con ella se quiebra la salud de todo el departamento. Por ello, hizo un llamado a los usuarios a que respetando la ley, exijan cuentas sobre el manejo de la entidad.<\/p>\n<p style=\"text-align: justify;\">Cepeda tambi\u00e9n expres\u00f3 que la situaci\u00f3n es tan critica que los gerentes de los mencionados hospitales y de la E.S.E no tendr\u00edan con que pagar a su personal el siguiente mes y por tanto, se recortar\u00edan los servicios que actualmente prestan a los usuarios afiliados a Emssanar.<\/p>\n<p style=\"text-align: justify;\">Frente a ello, cuestion\u00f3 los manejos administrativos de la EPS: \u00bfD\u00f3nde est\u00e1 la plata que falta y que se hace con los recursos que le llegan mensualmente a la entidad?\u201d. As\u00ed mismo, dijo que a pesar de este panorama no se ha presentado una rendici\u00f3n de cuentas y el interventor contratado para salvar a la entidad, tampoco se ha puesto al frente de esta situaci\u00f3n que tiene en vilo a miles de usuarios.<\/p>\n","protected":false},"excerpt":{"rendered":"<p>La entidad cuenta con un total de 1.952.608 afiliados en los departamentos de Nari\u00f1o (690.006), Putumayo (182.900), Cauca (111.848) y Valle (967.854). El 80 por ciento de los habitantes del municipio de Pasto se encuentra afiliado a la empresa que actualmente est\u00e1 al borde de la quiebra por deudas que tan s\u00f3lo en la capital [&hellip;]<\/p>\n","protected":false},"author":1,"featured_media":61661,"comment_status":"open","ping_status":"open","sticky":false,"template":"","format":"standard","meta":{"footnotes":""},"categories":[27,1528],"tags":[],"class_list":["post-61660","post","type-post","status-publish","format-standard","has-post-thumbnail","hentry","category-salud","category-titulares"],"yoast_head":"<!-- This site is optimized with the Yoast SEO plugin v27.1.1 - https:\/\/yoast.com\/product\/yoast-seo-wordpress\/ -->\n<title>Cr\u00edtica situaci\u00f3n de Emssanar: acumula deudas por m\u00e1s de $130 mil millones | P\u00e1gina10<\/title>\n<meta name=\"robots\" content=\"index, follow, max-snippet:-1, max-image-preview:large, max-video-preview:-1\" \/>\n<link rel=\"canonical\" href=\"https:\/\/pagina10.com\/web\/critica-situacion-de-emssanar-acumula-deudas-por-mas-de-130-mil-millones\/\" \/>\n<meta property=\"og:locale\" content=\"es_ES\" \/>\n<meta property=\"og:type\" content=\"article\" \/>\n<meta property=\"og:title\" content=\"Cr\u00edtica situaci\u00f3n de Emssanar: acumula deudas por m\u00e1s de $130 mil millones | P\u00e1gina10\" \/>\n<meta property=\"og:description\" content=\"La entidad cuenta con un total de 1.952.608 afiliados en los departamentos de Nari\u00f1o (690.006), Putumayo (182.900), Cauca (111.848) y Valle (967.854). El 80 por ciento de los habitantes del municipio de Pasto se encuentra afiliado a la empresa que actualmente est\u00e1 al borde de la quiebra por deudas que tan s\u00f3lo en la capital [&hellip;]\" \/>\n<meta property=\"og:url\" content=\"https:\/\/pagina10.com\/web\/critica-situacion-de-emssanar-acumula-deudas-por-mas-de-130-mil-millones\/\" \/>\n<meta property=\"og:site_name\" content=\"P\u00e1gina10\" \/>\n<meta property=\"article:publisher\" content=\"https:\/\/www.facebook.com\/pag10com\" \/>\n<meta property=\"article:published_time\" content=\"2022-09-15T15:59:17+00:00\" \/>\n<meta property=\"article:modified_time\" content=\"2022-09-15T16:02:01+00:00\" \/>\n<meta property=\"og:image\" content=\"https:\/\/pagina10.com\/web\/wp-content\/uploads\/2022\/09\/61fad836c44fa.jpeg\" \/>\n\t<meta property=\"og:image:width\" content=\"980\" \/>\n\t<meta property=\"og:image:height\" content=\"590\" \/>\n\t<meta property=\"og:image:type\" content=\"image\/jpeg\" \/>\n<meta name=\"author\" content=\"P\u00e1gina 10\" \/>\n<meta name=\"twitter:card\" content=\"summary_large_image\" \/>\n<meta name=\"twitter:creator\" content=\"@Pag10com\" \/>\n<meta name=\"twitter:site\" content=\"@Pag10com\" \/>\n<meta name=\"twitter:label1\" content=\"Escrito por\" \/>\n\t<meta name=\"twitter:data1\" content=\"P\u00e1gina 10\" \/>\n\t<meta name=\"twitter:label2\" content=\"Tiempo de lectura\" \/>\n\t<meta name=\"twitter:data2\" content=\"2 minutos\" \/>\n<script type=\"application\/ld+json\" class=\"yoast-schema-graph\">{\"@context\":\"https:\/\/schema.org\",\"@graph\":[{\"@type\":\"Article\",\"@id\":\"https:\/\/pagina10.com\/web\/critica-situacion-de-emssanar-acumula-deudas-por-mas-de-130-mil-millones\/#article\",\"isPartOf\":{\"@id\":\"https:\/\/pagina10.com\/web\/critica-situacion-de-emssanar-acumula-deudas-por-mas-de-130-mil-millones\/\"},\"author\":{\"name\":\"P\u00e1gina 10\",\"@id\":\"https:\/\/pagina10.com\/web\/#\/schema\/person\/2efc4a090d25b667d3bc796798a3a81b\"},\"headline\":\"Cr\u00edtica situaci\u00f3n de Emssanar: acumula deudas por m\u00e1s de $130 mil millones\",\"datePublished\":\"2022-09-15T15:59:17+00:00\",\"dateModified\":\"2022-09-15T16:02:01+00:00\",\"mainEntityOfPage\":{\"@id\":\"https:\/\/pagina10.com\/web\/critica-situacion-de-emssanar-acumula-deudas-por-mas-de-130-mil-millones\/\"},\"wordCount\":327,\"commentCount\":0,\"publisher\":{\"@id\":\"https:\/\/pagina10.com\/web\/#organization\"},\"image\":{\"@id\":\"https:\/\/pagina10.com\/web\/critica-situacion-de-emssanar-acumula-deudas-por-mas-de-130-mil-millones\/#primaryimage\"},\"thumbnailUrl\":\"https:\/\/pagina10.com\/web\/wp-content\/uploads\/2022\/09\/61fad836c44fa.jpeg\",\"articleSection\":[\"Salud\",\"Titulares\"],\"inLanguage\":\"es\",\"potentialAction\":[{\"@type\":\"CommentAction\",\"name\":\"Comment\",\"target\":[\"https:\/\/pagina10.com\/web\/critica-situacion-de-emssanar-acumula-deudas-por-mas-de-130-mil-millones\/#respond\"]}]},{\"@type\":\"WebPage\",\"@id\":\"https:\/\/pagina10.com\/web\/critica-situacion-de-emssanar-acumula-deudas-por-mas-de-130-mil-millones\/\",\"url\":\"https:\/\/pagina10.com\/web\/critica-situacion-de-emssanar-acumula-deudas-por-mas-de-130-mil-millones\/\",\"name\":\"Cr\u00edtica situaci\u00f3n de Emssanar: acumula deudas por m\u00e1s de $130 mil millones | P\u00e1gina10\",\"isPartOf\":{\"@id\":\"https:\/\/pagina10.com\/web\/#website\"},\"primaryImageOfPage\":{\"@id\":\"https:\/\/pagina10.com\/web\/critica-situacion-de-emssanar-acumula-deudas-por-mas-de-130-mil-millones\/#primaryimage\"},\"image\":{\"@id\":\"https:\/\/pagina10.com\/web\/critica-situacion-de-emssanar-acumula-deudas-por-mas-de-130-mil-millones\/#primaryimage\"},\"thumbnailUrl\":\"https:\/\/pagina10.com\/web\/wp-content\/uploads\/2022\/09\/61fad836c44fa.jpeg\",\"datePublished\":\"2022-09-15T15:59:17+00:00\",\"dateModified\":\"2022-09-15T16:02:01+00:00\",\"breadcrumb\":{\"@id\":\"https:\/\/pagina10.com\/web\/critica-situacion-de-emssanar-acumula-deudas-por-mas-de-130-mil-millones\/#breadcrumb\"},\"inLanguage\":\"es\",\"potentialAction\":[{\"@type\":\"ReadAction\",\"target\":[\"https:\/\/pagina10.com\/web\/critica-situacion-de-emssanar-acumula-deudas-por-mas-de-130-mil-millones\/\"]}]},{\"@type\":\"ImageObject\",\"inLanguage\":\"es\",\"@id\":\"https:\/\/pagina10.com\/web\/critica-situacion-de-emssanar-acumula-deudas-por-mas-de-130-mil-millones\/#primaryimage\",\"url\":\"https:\/\/pagina10.com\/web\/wp-content\/uploads\/2022\/09\/61fad836c44fa.jpeg\",\"contentUrl\":\"https:\/\/pagina10.com\/web\/wp-content\/uploads\/2022\/09\/61fad836c44fa.jpeg\",\"width\":980,\"height\":590},{\"@type\":\"BreadcrumbList\",\"@id\":\"https:\/\/pagina10.com\/web\/critica-situacion-de-emssanar-acumula-deudas-por-mas-de-130-mil-millones\/#breadcrumb\",\"itemListElement\":[{\"@type\":\"ListItem\",\"position\":1,\"name\":\"Portada\",\"item\":\"https:\/\/pagina10.com\/web\/\"},{\"@type\":\"ListItem\",\"position\":2,\"name\":\"Cr\u00edtica situaci\u00f3n de Emssanar: acumula deudas por m\u00e1s de $130 mil millones\"}]},{\"@type\":\"WebSite\",\"@id\":\"https:\/\/pagina10.com\/web\/#website\",\"url\":\"https:\/\/pagina10.com\/web\/\",\"name\":\"P\u00e1gina10\",\"description\":\"Peri\u00f3dico Regional\",\"publisher\":{\"@id\":\"https:\/\/pagina10.com\/web\/#organization\"},\"alternateName\":\"P\u00e1gina10 Peri\u00f3dico Regional\",\"potentialAction\":[{\"@type\":\"SearchAction\",\"target\":{\"@type\":\"EntryPoint\",\"urlTemplate\":\"https:\/\/pagina10.com\/web\/?s={search_term_string}\"},\"query-input\":{\"@type\":\"PropertyValueSpecification\",\"valueRequired\":true,\"valueName\":\"search_term_string\"}}],\"inLanguage\":\"es\"},{\"@type\":\"Organization\",\"@id\":\"https:\/\/pagina10.com\/web\/#organization\",\"name\":\"P\u00e1gina10\",\"alternateName\":\"P\u00e1gina10 Peri\u00f3dico Regional\",\"url\":\"https:\/\/pagina10.com\/web\/\",\"logo\":{\"@type\":\"ImageObject\",\"inLanguage\":\"es\",\"@id\":\"https:\/\/pagina10.com\/web\/#\/schema\/logo\/image\/\",\"url\":\"https:\/\/pagina10.com\/web\/wp-content\/uploads\/2024\/01\/40-pagina-10-periodico-regional-pasto.jpg\",\"contentUrl\":\"https:\/\/pagina10.com\/web\/wp-content\/uploads\/2024\/01\/40-pagina-10-periodico-regional-pasto.jpg\",\"width\":1280,\"height\":720,\"caption\":\"P\u00e1gina10\"},\"image\":{\"@id\":\"https:\/\/pagina10.com\/web\/#\/schema\/logo\/image\/\"},\"sameAs\":[\"https:\/\/www.facebook.com\/pag10com\",\"https:\/\/x.com\/Pag10com\",\"https:\/\/www.instagram.com\/pagina10col\/\",\"https:\/\/youtube.com\/channel\/pag10\",\"https:\/\/www.tiktok.com\/@p10col\"]},{\"@type\":\"Person\",\"@id\":\"https:\/\/pagina10.com\/web\/#\/schema\/person\/2efc4a090d25b667d3bc796798a3a81b\",\"name\":\"P\u00e1gina 10\",\"description\":\"P\u00e1gina 10 es un peri\u00f3dico regional que nace en Colombia, en el departamento de Nari\u00f1o, con un enfoque global, fundamentado en cuatro pilares esenciales: la libertad, el pluralismo, la inclusi\u00f3n y la independencia. P\u00e1gina 10 hace referencia a Nari\u00f1o como el d\u00e9cimo departamento creado en Colombia, despu\u00e9s de un proceso pol\u00edtico liderado por actores y actrices regionales con el fin de obtener la independencia y autonom\u00eda de nuestros territorios. Con la creaci\u00f3n de P\u00e1gina 10 se pretende abrir un escenario para el dialogo, la reflexi\u00f3n y el debate que se extienda a otras geograf\u00edas de Am\u00e9rica Latina y del planeta, en una apuesta por transformar colectivamente los desaf\u00edos de un mundo contempor\u00e1neo, m\u00e1s all\u00e1 de las fronteras impuestas.\",\"url\":\"https:\/\/pagina10.com\/web\/author\/pdiezadmin\/\"}]}<\/script>\n<!-- \/ Yoast SEO plugin. -->","yoast_head_json":{"title":"Cr\u00edtica situaci\u00f3n de Emssanar: acumula deudas por m\u00e1s de $130 mil millones | P\u00e1gina10","robots":{"index":"index","follow":"follow","max-snippet":"max-snippet:-1","max-image-preview":"max-image-preview:large","max-video-preview":"max-video-preview:-1"},"canonical":"https:\/\/pagina10.com\/web\/critica-situacion-de-emssanar-acumula-deudas-por-mas-de-130-mil-millones\/","og_locale":"es_ES","og_type":"article","og_title":"Cr\u00edtica situaci\u00f3n de Emssanar: acumula deudas por m\u00e1s de $130 mil millones | P\u00e1gina10","og_description":"La entidad cuenta con un total de 1.952.608 afiliados en los departamentos de Nari\u00f1o (690.006), Putumayo (182.900), Cauca (111.848) y Valle (967.854). El 80 por ciento de los habitantes del municipio de Pasto se encuentra afiliado a la empresa que actualmente est\u00e1 al borde de la quiebra por deudas que tan s\u00f3lo en la capital [&hellip;]","og_url":"https:\/\/pagina10.com\/web\/critica-situacion-de-emssanar-acumula-deudas-por-mas-de-130-mil-millones\/","og_site_name":"P\u00e1gina10","article_publisher":"https:\/\/www.facebook.com\/pag10com","article_published_time":"2022-09-15T15:59:17+00:00","article_modified_time":"2022-09-15T16:02:01+00:00","og_image":[{"width":980,"height":590,"url":"https:\/\/pagina10.com\/web\/wp-content\/uploads\/2022\/09\/61fad836c44fa.jpeg","type":"image\/jpeg"}],"author":"P\u00e1gina 10","twitter_card":"summary_large_image","twitter_creator":"@Pag10com","twitter_site":"@Pag10com","twitter_misc":{"Escrito por":"P\u00e1gina 10","Tiempo de lectura":"2 minutos"},"schema":{"@context":"https:\/\/schema.org","@graph":[{"@type":"Article","@id":"https:\/\/pagina10.com\/web\/critica-situacion-de-emssanar-acumula-deudas-por-mas-de-130-mil-millones\/#article","isPartOf":{"@id":"https:\/\/pagina10.com\/web\/critica-situacion-de-emssanar-acumula-deudas-por-mas-de-130-mil-millones\/"},"author":{"name":"P\u00e1gina 10","@id":"https:\/\/pagina10.com\/web\/#\/schema\/person\/2efc4a090d25b667d3bc796798a3a81b"},"headline":"Cr\u00edtica situaci\u00f3n de Emssanar: acumula deudas por m\u00e1s de $130 mil millones","datePublished":"2022-09-15T15:59:17+00:00","dateModified":"2022-09-15T16:02:01+00:00","mainEntityOfPage":{"@id":"https:\/\/pagina10.com\/web\/critica-situacion-de-emssanar-acumula-deudas-por-mas-de-130-mil-millones\/"},"wordCount":327,"commentCount":0,"publisher":{"@id":"https:\/\/pagina10.com\/web\/#organization"},"image":{"@id":"https:\/\/pagina10.com\/web\/critica-situacion-de-emssanar-acumula-deudas-por-mas-de-130-mil-millones\/#primaryimage"},"thumbnailUrl":"https:\/\/pagina10.com\/web\/wp-content\/uploads\/2022\/09\/61fad836c44fa.jpeg","articleSection":["Salud","Titulares"],"inLanguage":"es","potentialAction":[{"@type":"CommentAction","name":"Comment","target":["https:\/\/pagina10.com\/web\/critica-situacion-de-emssanar-acumula-deudas-por-mas-de-130-mil-millones\/#respond"]}]},{"@type":"WebPage","@id":"https:\/\/pagina10.com\/web\/critica-situacion-de-emssanar-acumula-deudas-por-mas-de-130-mil-millones\/","url":"https:\/\/pagina10.com\/web\/critica-situacion-de-emssanar-acumula-deudas-por-mas-de-130-mil-millones\/","name":"Cr\u00edtica situaci\u00f3n de Emssanar: acumula deudas por m\u00e1s de $130 mil millones | P\u00e1gina10","isPartOf":{"@id":"https:\/\/pagina10.com\/web\/#website"},"primaryImageOfPage":{"@id":"https:\/\/pagina10.com\/web\/critica-situacion-de-emssanar-acumula-deudas-por-mas-de-130-mil-millones\/#primaryimage"},"image":{"@id":"https:\/\/pagina10.com\/web\/critica-situacion-de-emssanar-acumula-deudas-por-mas-de-130-mil-millones\/#primaryimage"},"thumbnailUrl":"https:\/\/pagina10.com\/web\/wp-content\/uploads\/2022\/09\/61fad836c44fa.jpeg","datePublished":"2022-09-15T15:59:17+00:00","dateModified":"2022-09-15T16:02:01+00:00","breadcrumb":{"@id":"https:\/\/pagina10.com\/web\/critica-situacion-de-emssanar-acumula-deudas-por-mas-de-130-mil-millones\/#breadcrumb"},"inLanguage":"es","potentialAction":[{"@type":"ReadAction","target":["https:\/\/pagina10.com\/web\/critica-situacion-de-emssanar-acumula-deudas-por-mas-de-130-mil-millones\/"]}]},{"@type":"ImageObject","inLanguage":"es","@id":"https:\/\/pagina10.com\/web\/critica-situacion-de-emssanar-acumula-deudas-por-mas-de-130-mil-millones\/#primaryimage","url":"https:\/\/pagina10.com\/web\/wp-content\/uploads\/2022\/09\/61fad836c44fa.jpeg","contentUrl":"https:\/\/pagina10.com\/web\/wp-content\/uploads\/2022\/09\/61fad836c44fa.jpeg","width":980,"height":590},{"@type":"BreadcrumbList","@id":"https:\/\/pagina10.com\/web\/critica-situacion-de-emssanar-acumula-deudas-por-mas-de-130-mil-millones\/#breadcrumb","itemListElement":[{"@type":"ListItem","position":1,"name":"Portada","item":"https:\/\/pagina10.com\/web\/"},{"@type":"ListItem","position":2,"name":"Cr\u00edtica situaci\u00f3n de Emssanar: acumula deudas por m\u00e1s de $130 mil millones"}]},{"@type":"WebSite","@id":"https:\/\/pagina10.com\/web\/#website","url":"https:\/\/pagina10.com\/web\/","name":"P\u00e1gina10","description":"Peri\u00f3dico Regional","publisher":{"@id":"https:\/\/pagina10.com\/web\/#organization"},"alternateName":"P\u00e1gina10 Peri\u00f3dico Regional","potentialAction":[{"@type":"SearchAction","target":{"@type":"EntryPoint","urlTemplate":"https:\/\/pagina10.com\/web\/?s={search_term_string}"},"query-input":{"@type":"PropertyValueSpecification","valueRequired":true,"valueName":"search_term_string"}}],"inLanguage":"es"},{"@type":"Organization","@id":"https:\/\/pagina10.com\/web\/#organization","name":"P\u00e1gina10","alternateName":"P\u00e1gina10 Peri\u00f3dico Regional","url":"https:\/\/pagina10.com\/web\/","logo":{"@type":"ImageObject","inLanguage":"es","@id":"https:\/\/pagina10.com\/web\/#\/schema\/logo\/image\/","url":"https:\/\/pagina10.com\/web\/wp-content\/uploads\/2024\/01\/40-pagina-10-periodico-regional-pasto.jpg","contentUrl":"https:\/\/pagina10.com\/web\/wp-content\/uploads\/2024\/01\/40-pagina-10-periodico-regional-pasto.jpg","width":1280,"height":720,"caption":"P\u00e1gina10"},"image":{"@id":"https:\/\/pagina10.com\/web\/#\/schema\/logo\/image\/"},"sameAs":["https:\/\/www.facebook.com\/pag10com","https:\/\/x.com\/Pag10com","https:\/\/www.instagram.com\/pagina10col\/","https:\/\/youtube.com\/channel\/pag10","https:\/\/www.tiktok.com\/@p10col"]},{"@type":"Person","@id":"https:\/\/pagina10.com\/web\/#\/schema\/person\/2efc4a090d25b667d3bc796798a3a81b","name":"P\u00e1gina 10","description":"P\u00e1gina 10 es un peri\u00f3dico regional que nace en Colombia, en el departamento de Nari\u00f1o, con un enfoque global, fundamentado en cuatro pilares esenciales: la libertad, el pluralismo, la inclusi\u00f3n y la independencia. P\u00e1gina 10 hace referencia a Nari\u00f1o como el d\u00e9cimo departamento creado en Colombia, despu\u00e9s de un proceso pol\u00edtico liderado por actores y actrices regionales con el fin de obtener la independencia y autonom\u00eda de nuestros territorios. Con la creaci\u00f3n de P\u00e1gina 10 se pretende abrir un escenario para el dialogo, la reflexi\u00f3n y el debate que se extienda a otras geograf\u00edas de Am\u00e9rica Latina y del planeta, en una apuesta por transformar colectivamente los desaf\u00edos de un mundo contempor\u00e1neo, m\u00e1s all\u00e1 de las fronteras impuestas.","url":"https:\/\/pagina10.com\/web\/author\/pdiezadmin\/"}]}},"_links":{"self":[{"href":"https:\/\/pagina10.com\/web\/wp-json\/wp\/v2\/posts\/61660","targetHints":{"allow":["GET"]}}],"collection":[{"href":"https:\/\/pagina10.com\/web\/wp-json\/wp\/v2\/posts"}],"about":[{"href":"https:\/\/pagina10.com\/web\/wp-json\/wp\/v2\/types\/post"}],"author":[{"embeddable":true,"href":"https:\/\/pagina10.com\/web\/wp-json\/wp\/v2\/users\/1"}],"replies":[{"embeddable":true,"href":"https:\/\/pagina10.com\/web\/wp-json\/wp\/v2\/comments?post=61660"}],"version-history":[{"count":3,"href":"https:\/\/pagina10.com\/web\/wp-json\/wp\/v2\/posts\/61660\/revisions"}],"predecessor-version":[{"id":61664,"href":"https:\/\/pagina10.com\/web\/wp-json\/wp\/v2\/posts\/61660\/revisions\/61664"}],"wp:featuredmedia":[{"embeddable":true,"href":"https:\/\/pagina10.com\/web\/wp-json\/wp\/v2\/media\/61661"}],"wp:attachment":[{"href":"https:\/\/pagina10.com\/web\/wp-json\/wp\/v2\/media?parent=61660"}],"wp:term":[{"taxonomy":"category","embeddable":true,"href":"https:\/\/pagina10.com\/web\/wp-json\/wp\/v2\/categories?post=61660"},{"taxonomy":"post_tag","embeddable":true,"href":"https:\/\/pagina10.com\/web\/wp-json\/wp\/v2\/tags?post=61660"}],"curies":[{"name":"wp","href":"https:\/\/api.w.org\/{rel}","templated":true}]}}