{"id":61674,"date":"2022-09-15T14:29:02","date_gmt":"2022-09-15T19:29:02","guid":{"rendered":"https:\/\/pagina10.com\/web\/?p=61674"},"modified":"2022-09-15T14:29:02","modified_gmt":"2022-09-15T19:29:02","slug":"encuentran-sin-vida-a-adulto-mayor-que-habia-desaparecido-en-la-frontera-entre-narino-y-putumayo","status":"publish","type":"post","link":"https:\/\/pagina10.com\/web\/encuentran-sin-vida-a-adulto-mayor-que-habia-desaparecido-en-la-frontera-entre-narino-y-putumayo\/","title":{"rendered":"Encuentran sin vida a adulto mayor que hab\u00eda desaparecido en la frontera entre Nari\u00f1o y Putumayo"},"content":{"rendered":"<p style=\"text-align: justify;\">La b\u00fasqueda de Pablo Emilio Toro Goyes, un adulto mayor desaparecido desde hace 22 d\u00edas en l\u00edmites entre Nari\u00f1o y Putumayo, termin\u00f3 con una triste noticia. Los organismos de socorro lo hallaron, pero sin vida. Las circunstancias de su muerte y el estado en el que fue hallado, a\u00fan se desconocen.<\/p>\n<p style=\"text-align: justify;\">Ante esta situaci\u00f3n, el alcalde del municipio de Col\u00f3n, Putumayo, Jony Daniel Rueda, lament\u00f3 lo sucedido. \u201cEl se\u00f1or Pablo Toro era distinguido dentro de las Juntas de Acci\u00f3n Comunal por su trabajo en pro de las comunidades y por su gran amor a la naturaleza\u201d, expres\u00f3 el mandatario.<\/p>\n<p style=\"text-align: justify;\">Cabe mencionar que su desaparici\u00f3n se produjo en la vereda Runduyaco, en l\u00edmites entre Nari\u00f1o y Putumayo. Luego de perder toda comunicaci\u00f3n, su familia alert\u00f3 a las autoridades que iniciaron su b\u00fasqueda el pasado 7 de septiembre. D\u00edas despu\u00e9s fueron encontradas en su vivienda sus pertenencias intactas y sus \u00faltimas huellas.<\/p>\n","protected":false},"excerpt":{"rendered":"<p>La b\u00fasqueda de Pablo Emilio Toro Goyes, un adulto mayor desaparecido desde hace 22 d\u00edas en l\u00edmites entre Nari\u00f1o y Putumayo, termin\u00f3 con una triste noticia. Los organismos de socorro lo hallaron, pero sin vida. Las circunstancias de su muerte y el estado en el que fue hallado, a\u00fan se desconocen. Ante esta situaci\u00f3n, el [&hellip;]<\/p>\n","protected":false},"author":1,"featured_media":61675,"comment_status":"open","ping_status":"open","sticky":false,"template":"","format":"standard","meta":{"footnotes":""},"categories":[61],"tags":[],"class_list":["post-61674","post","type-post","status-publish","format-standard","has-post-thumbnail","hentry","category-judicial"],"yoast_head":"<!-- This site is optimized with the Yoast SEO plugin v27.1.1 - https:\/\/yoast.com\/product\/yoast-seo-wordpress\/ -->\n<title>Encuentran sin vida a adulto mayor que hab\u00eda desaparecido en la frontera entre Nari\u00f1o y Putumayo | P\u00e1gina10<\/title>\n<meta name=\"robots\" content=\"index, follow, max-snippet:-1, max-image-preview:large, max-video-preview:-1\" \/>\n<link rel=\"canonical\" href=\"https:\/\/pagina10.com\/web\/encuentran-sin-vida-a-adulto-mayor-que-habia-desaparecido-en-la-frontera-entre-narino-y-putumayo\/\" \/>\n<meta property=\"og:locale\" content=\"es_ES\" \/>\n<meta property=\"og:type\" content=\"article\" \/>\n<meta property=\"og:title\" content=\"Encuentran sin vida a adulto mayor que hab\u00eda desaparecido en la frontera entre Nari\u00f1o y Putumayo | P\u00e1gina10\" \/>\n<meta property=\"og:description\" content=\"La b\u00fasqueda de Pablo Emilio Toro Goyes, un adulto mayor desaparecido desde hace 22 d\u00edas en l\u00edmites entre Nari\u00f1o y Putumayo, termin\u00f3 con una triste noticia. Los organismos de socorro lo hallaron, pero sin vida. Las circunstancias de su muerte y el estado en el que fue hallado, a\u00fan se desconocen. Ante esta situaci\u00f3n, el [&hellip;]\" \/>\n<meta property=\"og:url\" content=\"https:\/\/pagina10.com\/web\/encuentran-sin-vida-a-adulto-mayor-que-habia-desaparecido-en-la-frontera-entre-narino-y-putumayo\/\" \/>\n<meta property=\"og:site_name\" content=\"P\u00e1gina10\" \/>\n<meta property=\"article:publisher\" content=\"https:\/\/www.facebook.com\/pag10com\" \/>\n<meta property=\"article:published_time\" content=\"2022-09-15T19:29:02+00:00\" \/>\n<meta property=\"og:image\" content=\"https:\/\/pagina10.com\/web\/wp-content\/uploads\/2022\/09\/307019597_10158791097527997_8307540899049503117_n-01-scaled.jpg\" \/>\n\t<meta property=\"og:image:width\" content=\"2560\" \/>\n\t<meta property=\"og:image:height\" content=\"1402\" \/>\n\t<meta property=\"og:image:type\" content=\"image\/jpeg\" \/>\n<meta name=\"author\" content=\"P\u00e1gina 10\" \/>\n<meta name=\"twitter:card\" content=\"summary_large_image\" \/>\n<meta name=\"twitter:creator\" content=\"@Pag10com\" \/>\n<meta name=\"twitter:site\" content=\"@Pag10com\" \/>\n<meta name=\"twitter:label1\" content=\"Escrito por\" \/>\n\t<meta name=\"twitter:data1\" content=\"P\u00e1gina 10\" \/>\n\t<meta name=\"twitter:label2\" content=\"Tiempo de lectura\" \/>\n\t<meta name=\"twitter:data2\" content=\"1 minuto\" \/>\n<script type=\"application\/ld+json\" class=\"yoast-schema-graph\">{\"@context\":\"https:\/\/schema.org\",\"@graph\":[{\"@type\":\"Article\",\"@id\":\"https:\/\/pagina10.com\/web\/encuentran-sin-vida-a-adulto-mayor-que-habia-desaparecido-en-la-frontera-entre-narino-y-putumayo\/#article\",\"isPartOf\":{\"@id\":\"https:\/\/pagina10.com\/web\/encuentran-sin-vida-a-adulto-mayor-que-habia-desaparecido-en-la-frontera-entre-narino-y-putumayo\/\"},\"author\":{\"name\":\"P\u00e1gina 10\",\"@id\":\"https:\/\/pagina10.com\/web\/#\/schema\/person\/2efc4a090d25b667d3bc796798a3a81b\"},\"headline\":\"Encuentran sin vida a adulto mayor que hab\u00eda desaparecido en la frontera entre Nari\u00f1o y Putumayo\",\"datePublished\":\"2022-09-15T19:29:02+00:00\",\"mainEntityOfPage\":{\"@id\":\"https:\/\/pagina10.com\/web\/encuentran-sin-vida-a-adulto-mayor-que-habia-desaparecido-en-la-frontera-entre-narino-y-putumayo\/\"},\"wordCount\":182,\"commentCount\":0,\"publisher\":{\"@id\":\"https:\/\/pagina10.com\/web\/#organization\"},\"image\":{\"@id\":\"https:\/\/pagina10.com\/web\/encuentran-sin-vida-a-adulto-mayor-que-habia-desaparecido-en-la-frontera-entre-narino-y-putumayo\/#primaryimage\"},\"thumbnailUrl\":\"https:\/\/pagina10.com\/web\/wp-content\/uploads\/2022\/09\/307019597_10158791097527997_8307540899049503117_n-01-scaled.jpg\",\"articleSection\":[\"Judicial\"],\"inLanguage\":\"es\",\"potentialAction\":[{\"@type\":\"CommentAction\",\"name\":\"Comment\",\"target\":[\"https:\/\/pagina10.com\/web\/encuentran-sin-vida-a-adulto-mayor-que-habia-desaparecido-en-la-frontera-entre-narino-y-putumayo\/#respond\"]}]},{\"@type\":\"WebPage\",\"@id\":\"https:\/\/pagina10.com\/web\/encuentran-sin-vida-a-adulto-mayor-que-habia-desaparecido-en-la-frontera-entre-narino-y-putumayo\/\",\"url\":\"https:\/\/pagina10.com\/web\/encuentran-sin-vida-a-adulto-mayor-que-habia-desaparecido-en-la-frontera-entre-narino-y-putumayo\/\",\"name\":\"Encuentran sin vida a adulto mayor que hab\u00eda desaparecido en la frontera entre Nari\u00f1o y Putumayo | P\u00e1gina10\",\"isPartOf\":{\"@id\":\"https:\/\/pagina10.com\/web\/#website\"},\"primaryImageOfPage\":{\"@id\":\"https:\/\/pagina10.com\/web\/encuentran-sin-vida-a-adulto-mayor-que-habia-desaparecido-en-la-frontera-entre-narino-y-putumayo\/#primaryimage\"},\"image\":{\"@id\":\"https:\/\/pagina10.com\/web\/encuentran-sin-vida-a-adulto-mayor-que-habia-desaparecido-en-la-frontera-entre-narino-y-putumayo\/#primaryimage\"},\"thumbnailUrl\":\"https:\/\/pagina10.com\/web\/wp-content\/uploads\/2022\/09\/307019597_10158791097527997_8307540899049503117_n-01-scaled.jpg\",\"datePublished\":\"2022-09-15T19:29:02+00:00\",\"breadcrumb\":{\"@id\":\"https:\/\/pagina10.com\/web\/encuentran-sin-vida-a-adulto-mayor-que-habia-desaparecido-en-la-frontera-entre-narino-y-putumayo\/#breadcrumb\"},\"inLanguage\":\"es\",\"potentialAction\":[{\"@type\":\"ReadAction\",\"target\":[\"https:\/\/pagina10.com\/web\/encuentran-sin-vida-a-adulto-mayor-que-habia-desaparecido-en-la-frontera-entre-narino-y-putumayo\/\"]}]},{\"@type\":\"ImageObject\",\"inLanguage\":\"es\",\"@id\":\"https:\/\/pagina10.com\/web\/encuentran-sin-vida-a-adulto-mayor-que-habia-desaparecido-en-la-frontera-entre-narino-y-putumayo\/#primaryimage\",\"url\":\"https:\/\/pagina10.com\/web\/wp-content\/uploads\/2022\/09\/307019597_10158791097527997_8307540899049503117_n-01-scaled.jpg\",\"contentUrl\":\"https:\/\/pagina10.com\/web\/wp-content\/uploads\/2022\/09\/307019597_10158791097527997_8307540899049503117_n-01-scaled.jpg\",\"width\":2560,\"height\":1402},{\"@type\":\"BreadcrumbList\",\"@id\":\"https:\/\/pagina10.com\/web\/encuentran-sin-vida-a-adulto-mayor-que-habia-desaparecido-en-la-frontera-entre-narino-y-putumayo\/#breadcrumb\",\"itemListElement\":[{\"@type\":\"ListItem\",\"position\":1,\"name\":\"Portada\",\"item\":\"https:\/\/pagina10.com\/web\/\"},{\"@type\":\"ListItem\",\"position\":2,\"name\":\"Encuentran sin vida a adulto mayor que hab\u00eda desaparecido en la frontera entre Nari\u00f1o y Putumayo\"}]},{\"@type\":\"WebSite\",\"@id\":\"https:\/\/pagina10.com\/web\/#website\",\"url\":\"https:\/\/pagina10.com\/web\/\",\"name\":\"P\u00e1gina10\",\"description\":\"Peri\u00f3dico Regional\",\"publisher\":{\"@id\":\"https:\/\/pagina10.com\/web\/#organization\"},\"alternateName\":\"P\u00e1gina10 Peri\u00f3dico Regional\",\"potentialAction\":[{\"@type\":\"SearchAction\",\"target\":{\"@type\":\"EntryPoint\",\"urlTemplate\":\"https:\/\/pagina10.com\/web\/?s={search_term_string}\"},\"query-input\":{\"@type\":\"PropertyValueSpecification\",\"valueRequired\":true,\"valueName\":\"search_term_string\"}}],\"inLanguage\":\"es\"},{\"@type\":\"Organization\",\"@id\":\"https:\/\/pagina10.com\/web\/#organization\",\"name\":\"P\u00e1gina10\",\"alternateName\":\"P\u00e1gina10 Peri\u00f3dico Regional\",\"url\":\"https:\/\/pagina10.com\/web\/\",\"logo\":{\"@type\":\"ImageObject\",\"inLanguage\":\"es\",\"@id\":\"https:\/\/pagina10.com\/web\/#\/schema\/logo\/image\/\",\"url\":\"https:\/\/pagina10.com\/web\/wp-content\/uploads\/2024\/01\/40-pagina-10-periodico-regional-pasto.jpg\",\"contentUrl\":\"https:\/\/pagina10.com\/web\/wp-content\/uploads\/2024\/01\/40-pagina-10-periodico-regional-pasto.jpg\",\"width\":1280,\"height\":720,\"caption\":\"P\u00e1gina10\"},\"image\":{\"@id\":\"https:\/\/pagina10.com\/web\/#\/schema\/logo\/image\/\"},\"sameAs\":[\"https:\/\/www.facebook.com\/pag10com\",\"https:\/\/x.com\/Pag10com\",\"https:\/\/www.instagram.com\/pagina10col\/\",\"https:\/\/youtube.com\/channel\/pag10\",\"https:\/\/www.tiktok.com\/@p10col\"]},{\"@type\":\"Person\",\"@id\":\"https:\/\/pagina10.com\/web\/#\/schema\/person\/2efc4a090d25b667d3bc796798a3a81b\",\"name\":\"P\u00e1gina 10\",\"description\":\"P\u00e1gina 10 es un peri\u00f3dico regional que nace en Colombia, en el departamento de Nari\u00f1o, con un enfoque global, fundamentado en cuatro pilares esenciales: la libertad, el pluralismo, la inclusi\u00f3n y la independencia. P\u00e1gina 10 hace referencia a Nari\u00f1o como el d\u00e9cimo departamento creado en Colombia, despu\u00e9s de un proceso pol\u00edtico liderado por actores y actrices regionales con el fin de obtener la independencia y autonom\u00eda de nuestros territorios. Con la creaci\u00f3n de P\u00e1gina 10 se pretende abrir un escenario para el dialogo, la reflexi\u00f3n y el debate que se extienda a otras geograf\u00edas de Am\u00e9rica Latina y del planeta, en una apuesta por transformar colectivamente los desaf\u00edos de un mundo contempor\u00e1neo, m\u00e1s all\u00e1 de las fronteras impuestas.\",\"url\":\"https:\/\/pagina10.com\/web\/author\/pdiezadmin\/\"}]}<\/script>\n<!-- \/ Yoast SEO plugin. -->","yoast_head_json":{"title":"Encuentran sin vida a adulto mayor que hab\u00eda desaparecido en la frontera entre Nari\u00f1o y Putumayo | P\u00e1gina10","robots":{"index":"index","follow":"follow","max-snippet":"max-snippet:-1","max-image-preview":"max-image-preview:large","max-video-preview":"max-video-preview:-1"},"canonical":"https:\/\/pagina10.com\/web\/encuentran-sin-vida-a-adulto-mayor-que-habia-desaparecido-en-la-frontera-entre-narino-y-putumayo\/","og_locale":"es_ES","og_type":"article","og_title":"Encuentran sin vida a adulto mayor que hab\u00eda desaparecido en la frontera entre Nari\u00f1o y Putumayo | P\u00e1gina10","og_description":"La b\u00fasqueda de Pablo Emilio Toro Goyes, un adulto mayor desaparecido desde hace 22 d\u00edas en l\u00edmites entre Nari\u00f1o y Putumayo, termin\u00f3 con una triste noticia. Los organismos de socorro lo hallaron, pero sin vida. Las circunstancias de su muerte y el estado en el que fue hallado, a\u00fan se desconocen. Ante esta situaci\u00f3n, el [&hellip;]","og_url":"https:\/\/pagina10.com\/web\/encuentran-sin-vida-a-adulto-mayor-que-habia-desaparecido-en-la-frontera-entre-narino-y-putumayo\/","og_site_name":"P\u00e1gina10","article_publisher":"https:\/\/www.facebook.com\/pag10com","article_published_time":"2022-09-15T19:29:02+00:00","og_image":[{"width":2560,"height":1402,"url":"https:\/\/pagina10.com\/web\/wp-content\/uploads\/2022\/09\/307019597_10158791097527997_8307540899049503117_n-01-scaled.jpg","type":"image\/jpeg"}],"author":"P\u00e1gina 10","twitter_card":"summary_large_image","twitter_creator":"@Pag10com","twitter_site":"@Pag10com","twitter_misc":{"Escrito por":"P\u00e1gina 10","Tiempo de lectura":"1 minuto"},"schema":{"@context":"https:\/\/schema.org","@graph":[{"@type":"Article","@id":"https:\/\/pagina10.com\/web\/encuentran-sin-vida-a-adulto-mayor-que-habia-desaparecido-en-la-frontera-entre-narino-y-putumayo\/#article","isPartOf":{"@id":"https:\/\/pagina10.com\/web\/encuentran-sin-vida-a-adulto-mayor-que-habia-desaparecido-en-la-frontera-entre-narino-y-putumayo\/"},"author":{"name":"P\u00e1gina 10","@id":"https:\/\/pagina10.com\/web\/#\/schema\/person\/2efc4a090d25b667d3bc796798a3a81b"},"headline":"Encuentran sin vida a adulto mayor que hab\u00eda desaparecido en la frontera entre Nari\u00f1o y Putumayo","datePublished":"2022-09-15T19:29:02+00:00","mainEntityOfPage":{"@id":"https:\/\/pagina10.com\/web\/encuentran-sin-vida-a-adulto-mayor-que-habia-desaparecido-en-la-frontera-entre-narino-y-putumayo\/"},"wordCount":182,"commentCount":0,"publisher":{"@id":"https:\/\/pagina10.com\/web\/#organization"},"image":{"@id":"https:\/\/pagina10.com\/web\/encuentran-sin-vida-a-adulto-mayor-que-habia-desaparecido-en-la-frontera-entre-narino-y-putumayo\/#primaryimage"},"thumbnailUrl":"https:\/\/pagina10.com\/web\/wp-content\/uploads\/2022\/09\/307019597_10158791097527997_8307540899049503117_n-01-scaled.jpg","articleSection":["Judicial"],"inLanguage":"es","potentialAction":[{"@type":"CommentAction","name":"Comment","target":["https:\/\/pagina10.com\/web\/encuentran-sin-vida-a-adulto-mayor-que-habia-desaparecido-en-la-frontera-entre-narino-y-putumayo\/#respond"]}]},{"@type":"WebPage","@id":"https:\/\/pagina10.com\/web\/encuentran-sin-vida-a-adulto-mayor-que-habia-desaparecido-en-la-frontera-entre-narino-y-putumayo\/","url":"https:\/\/pagina10.com\/web\/encuentran-sin-vida-a-adulto-mayor-que-habia-desaparecido-en-la-frontera-entre-narino-y-putumayo\/","name":"Encuentran sin vida a adulto mayor que hab\u00eda desaparecido en la frontera entre Nari\u00f1o y Putumayo | P\u00e1gina10","isPartOf":{"@id":"https:\/\/pagina10.com\/web\/#website"},"primaryImageOfPage":{"@id":"https:\/\/pagina10.com\/web\/encuentran-sin-vida-a-adulto-mayor-que-habia-desaparecido-en-la-frontera-entre-narino-y-putumayo\/#primaryimage"},"image":{"@id":"https:\/\/pagina10.com\/web\/encuentran-sin-vida-a-adulto-mayor-que-habia-desaparecido-en-la-frontera-entre-narino-y-putumayo\/#primaryimage"},"thumbnailUrl":"https:\/\/pagina10.com\/web\/wp-content\/uploads\/2022\/09\/307019597_10158791097527997_8307540899049503117_n-01-scaled.jpg","datePublished":"2022-09-15T19:29:02+00:00","breadcrumb":{"@id":"https:\/\/pagina10.com\/web\/encuentran-sin-vida-a-adulto-mayor-que-habia-desaparecido-en-la-frontera-entre-narino-y-putumayo\/#breadcrumb"},"inLanguage":"es","potentialAction":[{"@type":"ReadAction","target":["https:\/\/pagina10.com\/web\/encuentran-sin-vida-a-adulto-mayor-que-habia-desaparecido-en-la-frontera-entre-narino-y-putumayo\/"]}]},{"@type":"ImageObject","inLanguage":"es","@id":"https:\/\/pagina10.com\/web\/encuentran-sin-vida-a-adulto-mayor-que-habia-desaparecido-en-la-frontera-entre-narino-y-putumayo\/#primaryimage","url":"https:\/\/pagina10.com\/web\/wp-content\/uploads\/2022\/09\/307019597_10158791097527997_8307540899049503117_n-01-scaled.jpg","contentUrl":"https:\/\/pagina10.com\/web\/wp-content\/uploads\/2022\/09\/307019597_10158791097527997_8307540899049503117_n-01-scaled.jpg","width":2560,"height":1402},{"@type":"BreadcrumbList","@id":"https:\/\/pagina10.com\/web\/encuentran-sin-vida-a-adulto-mayor-que-habia-desaparecido-en-la-frontera-entre-narino-y-putumayo\/#breadcrumb","itemListElement":[{"@type":"ListItem","position":1,"name":"Portada","item":"https:\/\/pagina10.com\/web\/"},{"@type":"ListItem","position":2,"name":"Encuentran sin vida a adulto mayor que hab\u00eda desaparecido en la frontera entre Nari\u00f1o y Putumayo"}]},{"@type":"WebSite","@id":"https:\/\/pagina10.com\/web\/#website","url":"https:\/\/pagina10.com\/web\/","name":"P\u00e1gina10","description":"Peri\u00f3dico Regional","publisher":{"@id":"https:\/\/pagina10.com\/web\/#organization"},"alternateName":"P\u00e1gina10 Peri\u00f3dico Regional","potentialAction":[{"@type":"SearchAction","target":{"@type":"EntryPoint","urlTemplate":"https:\/\/pagina10.com\/web\/?s={search_term_string}"},"query-input":{"@type":"PropertyValueSpecification","valueRequired":true,"valueName":"search_term_string"}}],"inLanguage":"es"},{"@type":"Organization","@id":"https:\/\/pagina10.com\/web\/#organization","name":"P\u00e1gina10","alternateName":"P\u00e1gina10 Peri\u00f3dico Regional","url":"https:\/\/pagina10.com\/web\/","logo":{"@type":"ImageObject","inLanguage":"es","@id":"https:\/\/pagina10.com\/web\/#\/schema\/logo\/image\/","url":"https:\/\/pagina10.com\/web\/wp-content\/uploads\/2024\/01\/40-pagina-10-periodico-regional-pasto.jpg","contentUrl":"https:\/\/pagina10.com\/web\/wp-content\/uploads\/2024\/01\/40-pagina-10-periodico-regional-pasto.jpg","width":1280,"height":720,"caption":"P\u00e1gina10"},"image":{"@id":"https:\/\/pagina10.com\/web\/#\/schema\/logo\/image\/"},"sameAs":["https:\/\/www.facebook.com\/pag10com","https:\/\/x.com\/Pag10com","https:\/\/www.instagram.com\/pagina10col\/","https:\/\/youtube.com\/channel\/pag10","https:\/\/www.tiktok.com\/@p10col"]},{"@type":"Person","@id":"https:\/\/pagina10.com\/web\/#\/schema\/person\/2efc4a090d25b667d3bc796798a3a81b","name":"P\u00e1gina 10","description":"P\u00e1gina 10 es un peri\u00f3dico regional que nace en Colombia, en el departamento de Nari\u00f1o, con un enfoque global, fundamentado en cuatro pilares esenciales: la libertad, el pluralismo, la inclusi\u00f3n y la independencia. P\u00e1gina 10 hace referencia a Nari\u00f1o como el d\u00e9cimo departamento creado en Colombia, despu\u00e9s de un proceso pol\u00edtico liderado por actores y actrices regionales con el fin de obtener la independencia y autonom\u00eda de nuestros territorios. Con la creaci\u00f3n de P\u00e1gina 10 se pretende abrir un escenario para el dialogo, la reflexi\u00f3n y el debate que se extienda a otras geograf\u00edas de Am\u00e9rica Latina y del planeta, en una apuesta por transformar colectivamente los desaf\u00edos de un mundo contempor\u00e1neo, m\u00e1s all\u00e1 de las fronteras impuestas.","url":"https:\/\/pagina10.com\/web\/author\/pdiezadmin\/"}]}},"_links":{"self":[{"href":"https:\/\/pagina10.com\/web\/wp-json\/wp\/v2\/posts\/61674","targetHints":{"allow":["GET"]}}],"collection":[{"href":"https:\/\/pagina10.com\/web\/wp-json\/wp\/v2\/posts"}],"about":[{"href":"https:\/\/pagina10.com\/web\/wp-json\/wp\/v2\/types\/post"}],"author":[{"embeddable":true,"href":"https:\/\/pagina10.com\/web\/wp-json\/wp\/v2\/users\/1"}],"replies":[{"embeddable":true,"href":"https:\/\/pagina10.com\/web\/wp-json\/wp\/v2\/comments?post=61674"}],"version-history":[{"count":1,"href":"https:\/\/pagina10.com\/web\/wp-json\/wp\/v2\/posts\/61674\/revisions"}],"predecessor-version":[{"id":61676,"href":"https:\/\/pagina10.com\/web\/wp-json\/wp\/v2\/posts\/61674\/revisions\/61676"}],"wp:featuredmedia":[{"embeddable":true,"href":"https:\/\/pagina10.com\/web\/wp-json\/wp\/v2\/media\/61675"}],"wp:attachment":[{"href":"https:\/\/pagina10.com\/web\/wp-json\/wp\/v2\/media?parent=61674"}],"wp:term":[{"taxonomy":"category","embeddable":true,"href":"https:\/\/pagina10.com\/web\/wp-json\/wp\/v2\/categories?post=61674"},{"taxonomy":"post_tag","embeddable":true,"href":"https:\/\/pagina10.com\/web\/wp-json\/wp\/v2\/tags?post=61674"}],"curies":[{"name":"wp","href":"https:\/\/api.w.org\/{rel}","templated":true}]}}