{"id":61687,"date":"2022-09-16T12:42:49","date_gmt":"2022-09-16T17:42:49","guid":{"rendered":"https:\/\/pagina10.com\/web\/?p=61687"},"modified":"2022-09-16T12:42:49","modified_gmt":"2022-09-16T17:42:49","slug":"fiscalia-confirmo-la-captura-de-271-personas-sindicadas-por-corrupcion-en-los-departamentos-de-narino-y-putumayo","status":"publish","type":"post","link":"https:\/\/pagina10.com\/web\/fiscalia-confirmo-la-captura-de-271-personas-sindicadas-por-corrupcion-en-los-departamentos-de-narino-y-putumayo\/","title":{"rendered":"Fiscal\u00eda confirm\u00f3 la captura de 271 personas sindicadas por corrupci\u00f3n en los departamentos de Nari\u00f1o y Putumayo"},"content":{"rendered":"<p style=\"text-align: justify;\">En visita al sur del pa\u00eds, el Fiscal General de la Naci\u00f3n, Francisco Barbosa Delgado, acompa\u00f1ado de la Vicefiscal Martha Janeth Mancera, y la Delegada para la Seguridad Territorial Luisa Obando, se reuni\u00f3 con los directores seccionales de Nari\u00f1o y Putumayo, y verific\u00f3 los avances de la estrategia de lucha contra la corrupci\u00f3n.<\/p>\n<p style=\"text-align: justify;\">Las acciones investigativa definidas en Nari\u00f1o han permitido judicializar a 107 personas por diferentes delitos asociados con corrupci\u00f3n, durante los \u00faltimos 31 meses.<\/p>\n<p style=\"text-align: justify;\">Entre los procesados est\u00e1n un alcalde y dos exalcaldes de El Charco; adem\u00e1s de tres concejales, un fiscal, un exfiscal, dos integrantes de la Polic\u00eda Nacional y otras 97 personas m\u00e1s entre particulares, contratistas y servidores p\u00fablicos de diferentes dependencias municipales o departamentales.<\/p>\n<p style=\"text-align: justify;\">En el departamento del Putumayo han sido vinculadas formalmente y presentadas ante jueces de control de garant\u00edas 164 personas. Entre los investigados est\u00e1 el gobernador del departamento, Buanerges Florencio Rosero Pe\u00f1a, quien estar\u00eda involucrado en posibles irregularidades detectadas en un contrato de ambulancias medicalizadas.<\/p>\n<p style=\"text-align: justify;\">Asimismo, se han adelantado acciones judiciales contra 28 alcaldes y exalcaldes de diferentes municipios del departamento como San Francisco, Puerto As\u00eds, Mocoa y Villagarz\u00f3n; 16 secretarios de despacho, 26 contratistas, 23 polic\u00edas y 30 funcionarios de distintas entidades p\u00fablicas.<\/p>\n<p style=\"text-align: justify;\">De igual manera, hay frentes investigativos abiertos y activos contra 46 personas denunciadas por presuntos hechos de corrupci\u00f3n, como lo es el caso de ocho exdiputados del departamento, cuyos procesos se encuentran en etapa de juicio.<\/p>\n","protected":false},"excerpt":{"rendered":"<p>En visita al sur del pa\u00eds, el Fiscal General de la Naci\u00f3n, Francisco Barbosa Delgado, acompa\u00f1ado de la Vicefiscal Martha Janeth Mancera, y la Delegada para la Seguridad Territorial Luisa Obando, se reuni\u00f3 con los directores seccionales de Nari\u00f1o y Putumayo, y verific\u00f3 los avances de la estrategia de lucha contra la corrupci\u00f3n. Las acciones [&hellip;]<\/p>\n","protected":false},"author":1,"featured_media":61688,"comment_status":"open","ping_status":"open","sticky":false,"template":"","format":"standard","meta":{"footnotes":""},"categories":[61],"tags":[],"class_list":["post-61687","post","type-post","status-publish","format-standard","has-post-thumbnail","hentry","category-judicial"],"yoast_head":"<!-- This site is optimized with the Yoast SEO plugin v27.1.1 - https:\/\/yoast.com\/product\/yoast-seo-wordpress\/ -->\n<title>Fiscal\u00eda confirm\u00f3 la captura de 271 personas sindicadas por corrupci\u00f3n en los departamentos de Nari\u00f1o y Putumayo | P\u00e1gina10<\/title>\n<meta name=\"robots\" content=\"index, follow, max-snippet:-1, max-image-preview:large, max-video-preview:-1\" \/>\n<link rel=\"canonical\" href=\"https:\/\/pagina10.com\/web\/fiscalia-confirmo-la-captura-de-271-personas-sindicadas-por-corrupcion-en-los-departamentos-de-narino-y-putumayo\/\" \/>\n<meta property=\"og:locale\" content=\"es_ES\" \/>\n<meta property=\"og:type\" content=\"article\" \/>\n<meta property=\"og:title\" content=\"Fiscal\u00eda confirm\u00f3 la captura de 271 personas sindicadas por corrupci\u00f3n en los departamentos de Nari\u00f1o y Putumayo | P\u00e1gina10\" \/>\n<meta property=\"og:description\" content=\"En visita al sur del pa\u00eds, el Fiscal General de la Naci\u00f3n, Francisco Barbosa Delgado, acompa\u00f1ado de la Vicefiscal Martha Janeth Mancera, y la Delegada para la Seguridad Territorial Luisa Obando, se reuni\u00f3 con los directores seccionales de Nari\u00f1o y Putumayo, y verific\u00f3 los avances de la estrategia de lucha contra la corrupci\u00f3n. Las acciones [&hellip;]\" \/>\n<meta property=\"og:url\" content=\"https:\/\/pagina10.com\/web\/fiscalia-confirmo-la-captura-de-271-personas-sindicadas-por-corrupcion-en-los-departamentos-de-narino-y-putumayo\/\" \/>\n<meta property=\"og:site_name\" content=\"P\u00e1gina10\" \/>\n<meta property=\"article:publisher\" content=\"https:\/\/www.facebook.com\/pag10com\" \/>\n<meta property=\"article:published_time\" content=\"2022-09-16T17:42:49+00:00\" \/>\n<meta property=\"og:image\" content=\"https:\/\/pagina10.com\/web\/wp-content\/uploads\/2022\/09\/JLZE2DTDXFDMJFNFUDWXC2BZPA.jpg\" \/>\n\t<meta property=\"og:image:width\" content=\"1200\" \/>\n\t<meta property=\"og:image:height\" content=\"675\" \/>\n\t<meta property=\"og:image:type\" content=\"image\/jpeg\" \/>\n<meta name=\"author\" content=\"P\u00e1gina 10\" \/>\n<meta name=\"twitter:card\" content=\"summary_large_image\" \/>\n<meta name=\"twitter:creator\" content=\"@Pag10com\" \/>\n<meta name=\"twitter:site\" content=\"@Pag10com\" \/>\n<meta name=\"twitter:label1\" content=\"Escrito por\" \/>\n\t<meta name=\"twitter:data1\" content=\"P\u00e1gina 10\" \/>\n\t<meta name=\"twitter:label2\" content=\"Tiempo de lectura\" \/>\n\t<meta name=\"twitter:data2\" content=\"1 minuto\" \/>\n<script type=\"application\/ld+json\" class=\"yoast-schema-graph\">{\"@context\":\"https:\/\/schema.org\",\"@graph\":[{\"@type\":\"Article\",\"@id\":\"https:\/\/pagina10.com\/web\/fiscalia-confirmo-la-captura-de-271-personas-sindicadas-por-corrupcion-en-los-departamentos-de-narino-y-putumayo\/#article\",\"isPartOf\":{\"@id\":\"https:\/\/pagina10.com\/web\/fiscalia-confirmo-la-captura-de-271-personas-sindicadas-por-corrupcion-en-los-departamentos-de-narino-y-putumayo\/\"},\"author\":{\"name\":\"P\u00e1gina 10\",\"@id\":\"https:\/\/pagina10.com\/web\/#\/schema\/person\/2efc4a090d25b667d3bc796798a3a81b\"},\"headline\":\"Fiscal\u00eda confirm\u00f3 la captura de 271 personas sindicadas por corrupci\u00f3n en los departamentos de Nari\u00f1o y Putumayo\",\"datePublished\":\"2022-09-16T17:42:49+00:00\",\"mainEntityOfPage\":{\"@id\":\"https:\/\/pagina10.com\/web\/fiscalia-confirmo-la-captura-de-271-personas-sindicadas-por-corrupcion-en-los-departamentos-de-narino-y-putumayo\/\"},\"wordCount\":267,\"commentCount\":0,\"publisher\":{\"@id\":\"https:\/\/pagina10.com\/web\/#organization\"},\"image\":{\"@id\":\"https:\/\/pagina10.com\/web\/fiscalia-confirmo-la-captura-de-271-personas-sindicadas-por-corrupcion-en-los-departamentos-de-narino-y-putumayo\/#primaryimage\"},\"thumbnailUrl\":\"https:\/\/pagina10.com\/web\/wp-content\/uploads\/2022\/09\/JLZE2DTDXFDMJFNFUDWXC2BZPA.jpg\",\"articleSection\":[\"Judicial\"],\"inLanguage\":\"es\",\"potentialAction\":[{\"@type\":\"CommentAction\",\"name\":\"Comment\",\"target\":[\"https:\/\/pagina10.com\/web\/fiscalia-confirmo-la-captura-de-271-personas-sindicadas-por-corrupcion-en-los-departamentos-de-narino-y-putumayo\/#respond\"]}]},{\"@type\":\"WebPage\",\"@id\":\"https:\/\/pagina10.com\/web\/fiscalia-confirmo-la-captura-de-271-personas-sindicadas-por-corrupcion-en-los-departamentos-de-narino-y-putumayo\/\",\"url\":\"https:\/\/pagina10.com\/web\/fiscalia-confirmo-la-captura-de-271-personas-sindicadas-por-corrupcion-en-los-departamentos-de-narino-y-putumayo\/\",\"name\":\"Fiscal\u00eda confirm\u00f3 la captura de 271 personas sindicadas por corrupci\u00f3n en los departamentos de Nari\u00f1o y Putumayo | P\u00e1gina10\",\"isPartOf\":{\"@id\":\"https:\/\/pagina10.com\/web\/#website\"},\"primaryImageOfPage\":{\"@id\":\"https:\/\/pagina10.com\/web\/fiscalia-confirmo-la-captura-de-271-personas-sindicadas-por-corrupcion-en-los-departamentos-de-narino-y-putumayo\/#primaryimage\"},\"image\":{\"@id\":\"https:\/\/pagina10.com\/web\/fiscalia-confirmo-la-captura-de-271-personas-sindicadas-por-corrupcion-en-los-departamentos-de-narino-y-putumayo\/#primaryimage\"},\"thumbnailUrl\":\"https:\/\/pagina10.com\/web\/wp-content\/uploads\/2022\/09\/JLZE2DTDXFDMJFNFUDWXC2BZPA.jpg\",\"datePublished\":\"2022-09-16T17:42:49+00:00\",\"breadcrumb\":{\"@id\":\"https:\/\/pagina10.com\/web\/fiscalia-confirmo-la-captura-de-271-personas-sindicadas-por-corrupcion-en-los-departamentos-de-narino-y-putumayo\/#breadcrumb\"},\"inLanguage\":\"es\",\"potentialAction\":[{\"@type\":\"ReadAction\",\"target\":[\"https:\/\/pagina10.com\/web\/fiscalia-confirmo-la-captura-de-271-personas-sindicadas-por-corrupcion-en-los-departamentos-de-narino-y-putumayo\/\"]}]},{\"@type\":\"ImageObject\",\"inLanguage\":\"es\",\"@id\":\"https:\/\/pagina10.com\/web\/fiscalia-confirmo-la-captura-de-271-personas-sindicadas-por-corrupcion-en-los-departamentos-de-narino-y-putumayo\/#primaryimage\",\"url\":\"https:\/\/pagina10.com\/web\/wp-content\/uploads\/2022\/09\/JLZE2DTDXFDMJFNFUDWXC2BZPA.jpg\",\"contentUrl\":\"https:\/\/pagina10.com\/web\/wp-content\/uploads\/2022\/09\/JLZE2DTDXFDMJFNFUDWXC2BZPA.jpg\",\"width\":1200,\"height\":675},{\"@type\":\"BreadcrumbList\",\"@id\":\"https:\/\/pagina10.com\/web\/fiscalia-confirmo-la-captura-de-271-personas-sindicadas-por-corrupcion-en-los-departamentos-de-narino-y-putumayo\/#breadcrumb\",\"itemListElement\":[{\"@type\":\"ListItem\",\"position\":1,\"name\":\"Portada\",\"item\":\"https:\/\/pagina10.com\/web\/\"},{\"@type\":\"ListItem\",\"position\":2,\"name\":\"Fiscal\u00eda confirm\u00f3 la captura de 271 personas sindicadas por corrupci\u00f3n en los departamentos de Nari\u00f1o y Putumayo\"}]},{\"@type\":\"WebSite\",\"@id\":\"https:\/\/pagina10.com\/web\/#website\",\"url\":\"https:\/\/pagina10.com\/web\/\",\"name\":\"P\u00e1gina10\",\"description\":\"Peri\u00f3dico Regional\",\"publisher\":{\"@id\":\"https:\/\/pagina10.com\/web\/#organization\"},\"alternateName\":\"P\u00e1gina10 Peri\u00f3dico Regional\",\"potentialAction\":[{\"@type\":\"SearchAction\",\"target\":{\"@type\":\"EntryPoint\",\"urlTemplate\":\"https:\/\/pagina10.com\/web\/?s={search_term_string}\"},\"query-input\":{\"@type\":\"PropertyValueSpecification\",\"valueRequired\":true,\"valueName\":\"search_term_string\"}}],\"inLanguage\":\"es\"},{\"@type\":\"Organization\",\"@id\":\"https:\/\/pagina10.com\/web\/#organization\",\"name\":\"P\u00e1gina10\",\"alternateName\":\"P\u00e1gina10 Peri\u00f3dico Regional\",\"url\":\"https:\/\/pagina10.com\/web\/\",\"logo\":{\"@type\":\"ImageObject\",\"inLanguage\":\"es\",\"@id\":\"https:\/\/pagina10.com\/web\/#\/schema\/logo\/image\/\",\"url\":\"https:\/\/pagina10.com\/web\/wp-content\/uploads\/2024\/01\/40-pagina-10-periodico-regional-pasto.jpg\",\"contentUrl\":\"https:\/\/pagina10.com\/web\/wp-content\/uploads\/2024\/01\/40-pagina-10-periodico-regional-pasto.jpg\",\"width\":1280,\"height\":720,\"caption\":\"P\u00e1gina10\"},\"image\":{\"@id\":\"https:\/\/pagina10.com\/web\/#\/schema\/logo\/image\/\"},\"sameAs\":[\"https:\/\/www.facebook.com\/pag10com\",\"https:\/\/x.com\/Pag10com\",\"https:\/\/www.instagram.com\/pagina10col\/\",\"https:\/\/youtube.com\/channel\/pag10\",\"https:\/\/www.tiktok.com\/@p10col\"]},{\"@type\":\"Person\",\"@id\":\"https:\/\/pagina10.com\/web\/#\/schema\/person\/2efc4a090d25b667d3bc796798a3a81b\",\"name\":\"P\u00e1gina 10\",\"description\":\"P\u00e1gina 10 es un peri\u00f3dico regional que nace en Colombia, en el departamento de Nari\u00f1o, con un enfoque global, fundamentado en cuatro pilares esenciales: la libertad, el pluralismo, la inclusi\u00f3n y la independencia. P\u00e1gina 10 hace referencia a Nari\u00f1o como el d\u00e9cimo departamento creado en Colombia, despu\u00e9s de un proceso pol\u00edtico liderado por actores y actrices regionales con el fin de obtener la independencia y autonom\u00eda de nuestros territorios. Con la creaci\u00f3n de P\u00e1gina 10 se pretende abrir un escenario para el dialogo, la reflexi\u00f3n y el debate que se extienda a otras geograf\u00edas de Am\u00e9rica Latina y del planeta, en una apuesta por transformar colectivamente los desaf\u00edos de un mundo contempor\u00e1neo, m\u00e1s all\u00e1 de las fronteras impuestas.\",\"url\":\"https:\/\/pagina10.com\/web\/author\/pdiezadmin\/\"}]}<\/script>\n<!-- \/ Yoast SEO plugin. -->","yoast_head_json":{"title":"Fiscal\u00eda confirm\u00f3 la captura de 271 personas sindicadas por corrupci\u00f3n en los departamentos de Nari\u00f1o y Putumayo | P\u00e1gina10","robots":{"index":"index","follow":"follow","max-snippet":"max-snippet:-1","max-image-preview":"max-image-preview:large","max-video-preview":"max-video-preview:-1"},"canonical":"https:\/\/pagina10.com\/web\/fiscalia-confirmo-la-captura-de-271-personas-sindicadas-por-corrupcion-en-los-departamentos-de-narino-y-putumayo\/","og_locale":"es_ES","og_type":"article","og_title":"Fiscal\u00eda confirm\u00f3 la captura de 271 personas sindicadas por corrupci\u00f3n en los departamentos de Nari\u00f1o y Putumayo | P\u00e1gina10","og_description":"En visita al sur del pa\u00eds, el Fiscal General de la Naci\u00f3n, Francisco Barbosa Delgado, acompa\u00f1ado de la Vicefiscal Martha Janeth Mancera, y la Delegada para la Seguridad Territorial Luisa Obando, se reuni\u00f3 con los directores seccionales de Nari\u00f1o y Putumayo, y verific\u00f3 los avances de la estrategia de lucha contra la corrupci\u00f3n. Las acciones [&hellip;]","og_url":"https:\/\/pagina10.com\/web\/fiscalia-confirmo-la-captura-de-271-personas-sindicadas-por-corrupcion-en-los-departamentos-de-narino-y-putumayo\/","og_site_name":"P\u00e1gina10","article_publisher":"https:\/\/www.facebook.com\/pag10com","article_published_time":"2022-09-16T17:42:49+00:00","og_image":[{"width":1200,"height":675,"url":"https:\/\/pagina10.com\/web\/wp-content\/uploads\/2022\/09\/JLZE2DTDXFDMJFNFUDWXC2BZPA.jpg","type":"image\/jpeg"}],"author":"P\u00e1gina 10","twitter_card":"summary_large_image","twitter_creator":"@Pag10com","twitter_site":"@Pag10com","twitter_misc":{"Escrito por":"P\u00e1gina 10","Tiempo de lectura":"1 minuto"},"schema":{"@context":"https:\/\/schema.org","@graph":[{"@type":"Article","@id":"https:\/\/pagina10.com\/web\/fiscalia-confirmo-la-captura-de-271-personas-sindicadas-por-corrupcion-en-los-departamentos-de-narino-y-putumayo\/#article","isPartOf":{"@id":"https:\/\/pagina10.com\/web\/fiscalia-confirmo-la-captura-de-271-personas-sindicadas-por-corrupcion-en-los-departamentos-de-narino-y-putumayo\/"},"author":{"name":"P\u00e1gina 10","@id":"https:\/\/pagina10.com\/web\/#\/schema\/person\/2efc4a090d25b667d3bc796798a3a81b"},"headline":"Fiscal\u00eda confirm\u00f3 la captura de 271 personas sindicadas por corrupci\u00f3n en los departamentos de Nari\u00f1o y Putumayo","datePublished":"2022-09-16T17:42:49+00:00","mainEntityOfPage":{"@id":"https:\/\/pagina10.com\/web\/fiscalia-confirmo-la-captura-de-271-personas-sindicadas-por-corrupcion-en-los-departamentos-de-narino-y-putumayo\/"},"wordCount":267,"commentCount":0,"publisher":{"@id":"https:\/\/pagina10.com\/web\/#organization"},"image":{"@id":"https:\/\/pagina10.com\/web\/fiscalia-confirmo-la-captura-de-271-personas-sindicadas-por-corrupcion-en-los-departamentos-de-narino-y-putumayo\/#primaryimage"},"thumbnailUrl":"https:\/\/pagina10.com\/web\/wp-content\/uploads\/2022\/09\/JLZE2DTDXFDMJFNFUDWXC2BZPA.jpg","articleSection":["Judicial"],"inLanguage":"es","potentialAction":[{"@type":"CommentAction","name":"Comment","target":["https:\/\/pagina10.com\/web\/fiscalia-confirmo-la-captura-de-271-personas-sindicadas-por-corrupcion-en-los-departamentos-de-narino-y-putumayo\/#respond"]}]},{"@type":"WebPage","@id":"https:\/\/pagina10.com\/web\/fiscalia-confirmo-la-captura-de-271-personas-sindicadas-por-corrupcion-en-los-departamentos-de-narino-y-putumayo\/","url":"https:\/\/pagina10.com\/web\/fiscalia-confirmo-la-captura-de-271-personas-sindicadas-por-corrupcion-en-los-departamentos-de-narino-y-putumayo\/","name":"Fiscal\u00eda confirm\u00f3 la captura de 271 personas sindicadas por corrupci\u00f3n en los departamentos de Nari\u00f1o y Putumayo | P\u00e1gina10","isPartOf":{"@id":"https:\/\/pagina10.com\/web\/#website"},"primaryImageOfPage":{"@id":"https:\/\/pagina10.com\/web\/fiscalia-confirmo-la-captura-de-271-personas-sindicadas-por-corrupcion-en-los-departamentos-de-narino-y-putumayo\/#primaryimage"},"image":{"@id":"https:\/\/pagina10.com\/web\/fiscalia-confirmo-la-captura-de-271-personas-sindicadas-por-corrupcion-en-los-departamentos-de-narino-y-putumayo\/#primaryimage"},"thumbnailUrl":"https:\/\/pagina10.com\/web\/wp-content\/uploads\/2022\/09\/JLZE2DTDXFDMJFNFUDWXC2BZPA.jpg","datePublished":"2022-09-16T17:42:49+00:00","breadcrumb":{"@id":"https:\/\/pagina10.com\/web\/fiscalia-confirmo-la-captura-de-271-personas-sindicadas-por-corrupcion-en-los-departamentos-de-narino-y-putumayo\/#breadcrumb"},"inLanguage":"es","potentialAction":[{"@type":"ReadAction","target":["https:\/\/pagina10.com\/web\/fiscalia-confirmo-la-captura-de-271-personas-sindicadas-por-corrupcion-en-los-departamentos-de-narino-y-putumayo\/"]}]},{"@type":"ImageObject","inLanguage":"es","@id":"https:\/\/pagina10.com\/web\/fiscalia-confirmo-la-captura-de-271-personas-sindicadas-por-corrupcion-en-los-departamentos-de-narino-y-putumayo\/#primaryimage","url":"https:\/\/pagina10.com\/web\/wp-content\/uploads\/2022\/09\/JLZE2DTDXFDMJFNFUDWXC2BZPA.jpg","contentUrl":"https:\/\/pagina10.com\/web\/wp-content\/uploads\/2022\/09\/JLZE2DTDXFDMJFNFUDWXC2BZPA.jpg","width":1200,"height":675},{"@type":"BreadcrumbList","@id":"https:\/\/pagina10.com\/web\/fiscalia-confirmo-la-captura-de-271-personas-sindicadas-por-corrupcion-en-los-departamentos-de-narino-y-putumayo\/#breadcrumb","itemListElement":[{"@type":"ListItem","position":1,"name":"Portada","item":"https:\/\/pagina10.com\/web\/"},{"@type":"ListItem","position":2,"name":"Fiscal\u00eda confirm\u00f3 la captura de 271 personas sindicadas por corrupci\u00f3n en los departamentos de Nari\u00f1o y Putumayo"}]},{"@type":"WebSite","@id":"https:\/\/pagina10.com\/web\/#website","url":"https:\/\/pagina10.com\/web\/","name":"P\u00e1gina10","description":"Peri\u00f3dico Regional","publisher":{"@id":"https:\/\/pagina10.com\/web\/#organization"},"alternateName":"P\u00e1gina10 Peri\u00f3dico Regional","potentialAction":[{"@type":"SearchAction","target":{"@type":"EntryPoint","urlTemplate":"https:\/\/pagina10.com\/web\/?s={search_term_string}"},"query-input":{"@type":"PropertyValueSpecification","valueRequired":true,"valueName":"search_term_string"}}],"inLanguage":"es"},{"@type":"Organization","@id":"https:\/\/pagina10.com\/web\/#organization","name":"P\u00e1gina10","alternateName":"P\u00e1gina10 Peri\u00f3dico Regional","url":"https:\/\/pagina10.com\/web\/","logo":{"@type":"ImageObject","inLanguage":"es","@id":"https:\/\/pagina10.com\/web\/#\/schema\/logo\/image\/","url":"https:\/\/pagina10.com\/web\/wp-content\/uploads\/2024\/01\/40-pagina-10-periodico-regional-pasto.jpg","contentUrl":"https:\/\/pagina10.com\/web\/wp-content\/uploads\/2024\/01\/40-pagina-10-periodico-regional-pasto.jpg","width":1280,"height":720,"caption":"P\u00e1gina10"},"image":{"@id":"https:\/\/pagina10.com\/web\/#\/schema\/logo\/image\/"},"sameAs":["https:\/\/www.facebook.com\/pag10com","https:\/\/x.com\/Pag10com","https:\/\/www.instagram.com\/pagina10col\/","https:\/\/youtube.com\/channel\/pag10","https:\/\/www.tiktok.com\/@p10col"]},{"@type":"Person","@id":"https:\/\/pagina10.com\/web\/#\/schema\/person\/2efc4a090d25b667d3bc796798a3a81b","name":"P\u00e1gina 10","description":"P\u00e1gina 10 es un peri\u00f3dico regional que nace en Colombia, en el departamento de Nari\u00f1o, con un enfoque global, fundamentado en cuatro pilares esenciales: la libertad, el pluralismo, la inclusi\u00f3n y la independencia. P\u00e1gina 10 hace referencia a Nari\u00f1o como el d\u00e9cimo departamento creado en Colombia, despu\u00e9s de un proceso pol\u00edtico liderado por actores y actrices regionales con el fin de obtener la independencia y autonom\u00eda de nuestros territorios. Con la creaci\u00f3n de P\u00e1gina 10 se pretende abrir un escenario para el dialogo, la reflexi\u00f3n y el debate que se extienda a otras geograf\u00edas de Am\u00e9rica Latina y del planeta, en una apuesta por transformar colectivamente los desaf\u00edos de un mundo contempor\u00e1neo, m\u00e1s all\u00e1 de las fronteras impuestas.","url":"https:\/\/pagina10.com\/web\/author\/pdiezadmin\/"}]}},"_links":{"self":[{"href":"https:\/\/pagina10.com\/web\/wp-json\/wp\/v2\/posts\/61687","targetHints":{"allow":["GET"]}}],"collection":[{"href":"https:\/\/pagina10.com\/web\/wp-json\/wp\/v2\/posts"}],"about":[{"href":"https:\/\/pagina10.com\/web\/wp-json\/wp\/v2\/types\/post"}],"author":[{"embeddable":true,"href":"https:\/\/pagina10.com\/web\/wp-json\/wp\/v2\/users\/1"}],"replies":[{"embeddable":true,"href":"https:\/\/pagina10.com\/web\/wp-json\/wp\/v2\/comments?post=61687"}],"version-history":[{"count":1,"href":"https:\/\/pagina10.com\/web\/wp-json\/wp\/v2\/posts\/61687\/revisions"}],"predecessor-version":[{"id":61689,"href":"https:\/\/pagina10.com\/web\/wp-json\/wp\/v2\/posts\/61687\/revisions\/61689"}],"wp:featuredmedia":[{"embeddable":true,"href":"https:\/\/pagina10.com\/web\/wp-json\/wp\/v2\/media\/61688"}],"wp:attachment":[{"href":"https:\/\/pagina10.com\/web\/wp-json\/wp\/v2\/media?parent=61687"}],"wp:term":[{"taxonomy":"category","embeddable":true,"href":"https:\/\/pagina10.com\/web\/wp-json\/wp\/v2\/categories?post=61687"},{"taxonomy":"post_tag","embeddable":true,"href":"https:\/\/pagina10.com\/web\/wp-json\/wp\/v2\/tags?post=61687"}],"curies":[{"name":"wp","href":"https:\/\/api.w.org\/{rel}","templated":true}]}}