{"id":6169,"date":"2014-01-16T22:05:48","date_gmt":"2014-01-16T22:05:48","guid":{"rendered":"https:\/\/pagina10.com\/web\/ministro-entregara-escrituras-de-vivienda-de-interes-prioritario-en-pasto\/"},"modified":"2014-01-16T22:05:48","modified_gmt":"2014-01-16T22:05:48","slug":"ministro-entregara-escrituras-de-vivienda-de-interes-prioritario-en-pasto","status":"publish","type":"post","link":"https:\/\/pagina10.com\/web\/ministro-entregara-escrituras-de-vivienda-de-interes-prioritario-en-pasto\/","title":{"rendered":"Ministro entregar\u00e1 escrituras de vivienda de inter\u00e9s prioritario en Pasto"},"content":{"rendered":"<p><img fetchpriority=\"high\" decoding=\"async\" class=\" size-full wp-image-6168\" src=\"https:\/\/pagina10.com\/web\/wp-content\/uploads\/2014\/01\/9b465418d8a98c0c665f4d76c34d46a6.jpg\" alt=\"Fotograf\u00eda: Alcald\u00eda Pasto\" width=\"960\" height=\"720\" srcset=\"https:\/\/pagina10.com\/web\/wp-content\/uploads\/2014\/01\/9b465418d8a98c0c665f4d76c34d46a6.jpg 960w, https:\/\/pagina10.com\/web\/wp-content\/uploads\/2014\/01\/9b465418d8a98c0c665f4d76c34d46a6-300x225.jpg 300w, https:\/\/pagina10.com\/web\/wp-content\/uploads\/2014\/01\/9b465418d8a98c0c665f4d76c34d46a6-768x576.jpg 768w, https:\/\/pagina10.com\/web\/wp-content\/uploads\/2014\/01\/9b465418d8a98c0c665f4d76c34d46a6-86x64.jpg 86w\" sizes=\"(max-width: 960px) 100vw, 960px\" \/><\/p>\n<p style=\"text-align: justify;\">El gobierno nacional a trav\u00e9s del Ministerio de Vivienda, Ciudad y Territorio, el Departamento de la Prosperidad Social (DPS), la Alcald\u00eda Municipal de Pasto y el Instituto Municipal de la Reforma Urbana y Vivienda de Pasto INVIPASTO, dentro del desarrollo del programa nacional de Vivienda Gratuita, el d\u00eda 17 de Enero de 2014 realizar\u00e1n la entrega protocolaria de 107 escrituras de adjudicaci\u00f3n de vivienda en el Proyecto SAN LUIS , a partir de las 11:00 am.&nbsp;<\/p>\n<p style=\"text-align: justify;\">&nbsp;<\/p>\n<p style=\"text-align: justify;\">Igualmente en este mismo d\u00eda se adelantar\u00e1 el sorteo de asignaci\u00f3n de 770 viviendas incluidas en el proyecto San Luis, a partir de las 9:00 a.m. en el Centro Cultural Comfamiliar Chapalito , con la asistencia de 1.000 personas aproximadamente.<\/p>\n<p style=\"text-align: justify;\">&nbsp;<\/p>\n<p style=\"text-align: justify;\">Los anteriores eventos contar\u00e1n con la presencia del se\u00f1or Ministro de Vivienda, Ciudad y Territorio Doctor Luis Felipe Henao Cardona.<\/p>\n<p style=\"text-align: justify;\">&nbsp;<\/p>\n<p>Fuente: Invipasto<\/p>\n","protected":false},"excerpt":{"rendered":"<p>El gobierno nacional a trav\u00e9s del Ministerio de Vivienda, Ciudad y Territorio, el Departamento de la Prosperidad Social (DPS), la Alcald\u00eda Municipal de Pasto y el Instituto Municipal de la Reforma Urbana y Vivienda de Pasto INVIPASTO, dentro del desarrollo del programa nacional de Vivienda Gratuita, el d\u00eda 17 de Enero de 2014 realizar\u00e1n la [&hellip;]<\/p>\n","protected":false},"author":29,"featured_media":6167,"comment_status":"open","ping_status":"open","sticky":false,"template":"","format":"standard","meta":{"footnotes":""},"categories":[82],"tags":[],"class_list":["post-6169","post","type-post","status-publish","format-standard","has-post-thumbnail","hentry","category-ciudad-2"],"yoast_head":"<!-- This site is optimized with the Yoast SEO plugin v27.1.1 - https:\/\/yoast.com\/product\/yoast-seo-wordpress\/ -->\n<title>Ministro entregar\u00e1 escrituras de vivienda de inter\u00e9s prioritario en Pasto | P\u00e1gina10<\/title>\n<meta name=\"robots\" content=\"index, follow, max-snippet:-1, max-image-preview:large, max-video-preview:-1\" \/>\n<link rel=\"canonical\" href=\"https:\/\/pagina10.com\/web\/ministro-entregara-escrituras-de-vivienda-de-interes-prioritario-en-pasto\/\" \/>\n<meta property=\"og:locale\" content=\"es_ES\" \/>\n<meta property=\"og:type\" content=\"article\" \/>\n<meta property=\"og:title\" content=\"Ministro entregar\u00e1 escrituras de vivienda de inter\u00e9s prioritario en Pasto | P\u00e1gina10\" \/>\n<meta property=\"og:description\" content=\"El gobierno nacional a trav\u00e9s del Ministerio de Vivienda, Ciudad y Territorio, el Departamento de la Prosperidad Social (DPS), la Alcald\u00eda Municipal de Pasto y el Instituto Municipal de la Reforma Urbana y Vivienda de Pasto INVIPASTO, dentro del desarrollo del programa nacional de Vivienda Gratuita, el d\u00eda 17 de Enero de 2014 realizar\u00e1n la [&hellip;]\" \/>\n<meta property=\"og:url\" content=\"https:\/\/pagina10.com\/web\/ministro-entregara-escrituras-de-vivienda-de-interes-prioritario-en-pasto\/\" \/>\n<meta property=\"og:site_name\" content=\"P\u00e1gina10\" \/>\n<meta property=\"article:publisher\" content=\"https:\/\/www.facebook.com\/pag10com\" \/>\n<meta property=\"article:published_time\" content=\"2014-01-16T22:05:48+00:00\" \/>\n<meta property=\"og:image\" content=\"https:\/\/pagina10.com\/web\/wp-content\/uploads\/2014\/01\/9b465418d8a98c0c665f4d76c34d46a6.jpg\" \/>\n\t<meta property=\"og:image:width\" content=\"960\" \/>\n\t<meta property=\"og:image:height\" content=\"720\" \/>\n\t<meta property=\"og:image:type\" content=\"image\/jpeg\" \/>\n<meta name=\"author\" content=\"P\u00e1gina 10\" \/>\n<meta name=\"twitter:card\" content=\"summary_large_image\" \/>\n<meta name=\"twitter:creator\" content=\"@Pag10com\" \/>\n<meta name=\"twitter:site\" content=\"@Pag10com\" \/>\n<meta name=\"twitter:label1\" content=\"Escrito por\" \/>\n\t<meta name=\"twitter:data1\" content=\"P\u00e1gina 10\" \/>\n\t<meta name=\"twitter:label2\" content=\"Tiempo de lectura\" \/>\n\t<meta name=\"twitter:data2\" content=\"1 minuto\" \/>\n<script type=\"application\/ld+json\" class=\"yoast-schema-graph\">{\"@context\":\"https:\/\/schema.org\",\"@graph\":[{\"@type\":\"Article\",\"@id\":\"https:\/\/pagina10.com\/web\/ministro-entregara-escrituras-de-vivienda-de-interes-prioritario-en-pasto\/#article\",\"isPartOf\":{\"@id\":\"https:\/\/pagina10.com\/web\/ministro-entregara-escrituras-de-vivienda-de-interes-prioritario-en-pasto\/\"},\"author\":{\"name\":\"P\u00e1gina 10\",\"@id\":\"https:\/\/pagina10.com\/web\/#\/schema\/person\/a7a5d38f0629dfc107f619fbae4f6cc3\"},\"headline\":\"Ministro entregar\u00e1 escrituras de vivienda de inter\u00e9s prioritario en Pasto\",\"datePublished\":\"2014-01-16T22:05:48+00:00\",\"mainEntityOfPage\":{\"@id\":\"https:\/\/pagina10.com\/web\/ministro-entregara-escrituras-de-vivienda-de-interes-prioritario-en-pasto\/\"},\"wordCount\":154,\"commentCount\":0,\"publisher\":{\"@id\":\"https:\/\/pagina10.com\/web\/#organization\"},\"image\":{\"@id\":\"https:\/\/pagina10.com\/web\/ministro-entregara-escrituras-de-vivienda-de-interes-prioritario-en-pasto\/#primaryimage\"},\"thumbnailUrl\":\"https:\/\/pagina10.com\/web\/wp-content\/uploads\/2014\/01\/9b465418d8a98c0c665f4d76c34d46a6.jpg\",\"articleSection\":[\"Ciudad\"],\"inLanguage\":\"es\",\"potentialAction\":[{\"@type\":\"CommentAction\",\"name\":\"Comment\",\"target\":[\"https:\/\/pagina10.com\/web\/ministro-entregara-escrituras-de-vivienda-de-interes-prioritario-en-pasto\/#respond\"]}]},{\"@type\":\"WebPage\",\"@id\":\"https:\/\/pagina10.com\/web\/ministro-entregara-escrituras-de-vivienda-de-interes-prioritario-en-pasto\/\",\"url\":\"https:\/\/pagina10.com\/web\/ministro-entregara-escrituras-de-vivienda-de-interes-prioritario-en-pasto\/\",\"name\":\"Ministro entregar\u00e1 escrituras de vivienda de inter\u00e9s prioritario en Pasto | P\u00e1gina10\",\"isPartOf\":{\"@id\":\"https:\/\/pagina10.com\/web\/#website\"},\"primaryImageOfPage\":{\"@id\":\"https:\/\/pagina10.com\/web\/ministro-entregara-escrituras-de-vivienda-de-interes-prioritario-en-pasto\/#primaryimage\"},\"image\":{\"@id\":\"https:\/\/pagina10.com\/web\/ministro-entregara-escrituras-de-vivienda-de-interes-prioritario-en-pasto\/#primaryimage\"},\"thumbnailUrl\":\"https:\/\/pagina10.com\/web\/wp-content\/uploads\/2014\/01\/9b465418d8a98c0c665f4d76c34d46a6.jpg\",\"datePublished\":\"2014-01-16T22:05:48+00:00\",\"breadcrumb\":{\"@id\":\"https:\/\/pagina10.com\/web\/ministro-entregara-escrituras-de-vivienda-de-interes-prioritario-en-pasto\/#breadcrumb\"},\"inLanguage\":\"es\",\"potentialAction\":[{\"@type\":\"ReadAction\",\"target\":[\"https:\/\/pagina10.com\/web\/ministro-entregara-escrituras-de-vivienda-de-interes-prioritario-en-pasto\/\"]}]},{\"@type\":\"ImageObject\",\"inLanguage\":\"es\",\"@id\":\"https:\/\/pagina10.com\/web\/ministro-entregara-escrituras-de-vivienda-de-interes-prioritario-en-pasto\/#primaryimage\",\"url\":\"https:\/\/pagina10.com\/web\/wp-content\/uploads\/2014\/01\/9b465418d8a98c0c665f4d76c34d46a6.jpg\",\"contentUrl\":\"https:\/\/pagina10.com\/web\/wp-content\/uploads\/2014\/01\/9b465418d8a98c0c665f4d76c34d46a6.jpg\",\"width\":960,\"height\":720,\"caption\":\"Fotograf\u00eda: Alcald\u00eda Pasto\"},{\"@type\":\"BreadcrumbList\",\"@id\":\"https:\/\/pagina10.com\/web\/ministro-entregara-escrituras-de-vivienda-de-interes-prioritario-en-pasto\/#breadcrumb\",\"itemListElement\":[{\"@type\":\"ListItem\",\"position\":1,\"name\":\"Portada\",\"item\":\"https:\/\/pagina10.com\/web\/\"},{\"@type\":\"ListItem\",\"position\":2,\"name\":\"Ministro entregar\u00e1 escrituras de vivienda de inter\u00e9s prioritario en Pasto\"}]},{\"@type\":\"WebSite\",\"@id\":\"https:\/\/pagina10.com\/web\/#website\",\"url\":\"https:\/\/pagina10.com\/web\/\",\"name\":\"P\u00e1gina10\",\"description\":\"Peri\u00f3dico Regional\",\"publisher\":{\"@id\":\"https:\/\/pagina10.com\/web\/#organization\"},\"alternateName\":\"P\u00e1gina10 Peri\u00f3dico Regional\",\"potentialAction\":[{\"@type\":\"SearchAction\",\"target\":{\"@type\":\"EntryPoint\",\"urlTemplate\":\"https:\/\/pagina10.com\/web\/?s={search_term_string}\"},\"query-input\":{\"@type\":\"PropertyValueSpecification\",\"valueRequired\":true,\"valueName\":\"search_term_string\"}}],\"inLanguage\":\"es\"},{\"@type\":\"Organization\",\"@id\":\"https:\/\/pagina10.com\/web\/#organization\",\"name\":\"P\u00e1gina10\",\"alternateName\":\"P\u00e1gina10 Peri\u00f3dico Regional\",\"url\":\"https:\/\/pagina10.com\/web\/\",\"logo\":{\"@type\":\"ImageObject\",\"inLanguage\":\"es\",\"@id\":\"https:\/\/pagina10.com\/web\/#\/schema\/logo\/image\/\",\"url\":\"https:\/\/pagina10.com\/web\/wp-content\/uploads\/2024\/01\/40-pagina-10-periodico-regional-pasto.jpg\",\"contentUrl\":\"https:\/\/pagina10.com\/web\/wp-content\/uploads\/2024\/01\/40-pagina-10-periodico-regional-pasto.jpg\",\"width\":1280,\"height\":720,\"caption\":\"P\u00e1gina10\"},\"image\":{\"@id\":\"https:\/\/pagina10.com\/web\/#\/schema\/logo\/image\/\"},\"sameAs\":[\"https:\/\/www.facebook.com\/pag10com\",\"https:\/\/x.com\/Pag10com\",\"https:\/\/www.instagram.com\/pagina10col\/\",\"https:\/\/youtube.com\/channel\/pag10\",\"https:\/\/www.tiktok.com\/@p10col\"]},{\"@type\":\"Person\",\"@id\":\"https:\/\/pagina10.com\/web\/#\/schema\/person\/a7a5d38f0629dfc107f619fbae4f6cc3\",\"name\":\"P\u00e1gina 10\",\"description\":\"P\u00e1gina10.com es un peri\u00f3dico digital que nace en Colombia, en el departamento de Nari\u00f1o, con un enfoque global, fundamentado en cuatro pilares esenciales: la libertad, el pluralismo, la inclusi\u00f3n y la independencia. P\u00e1gina10.com hace referencia a Nari\u00f1o como el d\u00e9cimo departamento creado en Colombia, despu\u00e9s de un proceso pol\u00edtico liderado por actores y actrices regionales con el fin de obtener la independencia y autonom\u00eda de nuestros territorios. Con la creaci\u00f3n de P\u00e1gina10.com se pretende abrir un escenario para el dialogo, la reflexi\u00f3n y el debate que se extienda a otras geograf\u00edas de Am\u00e9rica Latina y del planeta, en una apuesta por transformar colectivamente los desaf\u00edos de un mundo contempor\u00e1neo, m\u00e1s all\u00e1 de las fronteras impuestas.\",\"url\":\"https:\/\/pagina10.com\/web\/author\/mcepeda\/\"}]}<\/script>\n<!-- \/ Yoast SEO plugin. -->","yoast_head_json":{"title":"Ministro entregar\u00e1 escrituras de vivienda de inter\u00e9s prioritario en Pasto | P\u00e1gina10","robots":{"index":"index","follow":"follow","max-snippet":"max-snippet:-1","max-image-preview":"max-image-preview:large","max-video-preview":"max-video-preview:-1"},"canonical":"https:\/\/pagina10.com\/web\/ministro-entregara-escrituras-de-vivienda-de-interes-prioritario-en-pasto\/","og_locale":"es_ES","og_type":"article","og_title":"Ministro entregar\u00e1 escrituras de vivienda de inter\u00e9s prioritario en Pasto | P\u00e1gina10","og_description":"El gobierno nacional a trav\u00e9s del Ministerio de Vivienda, Ciudad y Territorio, el Departamento de la Prosperidad Social (DPS), la Alcald\u00eda Municipal de Pasto y el Instituto Municipal de la Reforma Urbana y Vivienda de Pasto INVIPASTO, dentro del desarrollo del programa nacional de Vivienda Gratuita, el d\u00eda 17 de Enero de 2014 realizar\u00e1n la [&hellip;]","og_url":"https:\/\/pagina10.com\/web\/ministro-entregara-escrituras-de-vivienda-de-interes-prioritario-en-pasto\/","og_site_name":"P\u00e1gina10","article_publisher":"https:\/\/www.facebook.com\/pag10com","article_published_time":"2014-01-16T22:05:48+00:00","og_image":[{"width":960,"height":720,"url":"https:\/\/pagina10.com\/web\/wp-content\/uploads\/2014\/01\/9b465418d8a98c0c665f4d76c34d46a6.jpg","type":"image\/jpeg"}],"author":"P\u00e1gina 10","twitter_card":"summary_large_image","twitter_creator":"@Pag10com","twitter_site":"@Pag10com","twitter_misc":{"Escrito por":"P\u00e1gina 10","Tiempo de lectura":"1 minuto"},"schema":{"@context":"https:\/\/schema.org","@graph":[{"@type":"Article","@id":"https:\/\/pagina10.com\/web\/ministro-entregara-escrituras-de-vivienda-de-interes-prioritario-en-pasto\/#article","isPartOf":{"@id":"https:\/\/pagina10.com\/web\/ministro-entregara-escrituras-de-vivienda-de-interes-prioritario-en-pasto\/"},"author":{"name":"P\u00e1gina 10","@id":"https:\/\/pagina10.com\/web\/#\/schema\/person\/a7a5d38f0629dfc107f619fbae4f6cc3"},"headline":"Ministro entregar\u00e1 escrituras de vivienda de inter\u00e9s prioritario en Pasto","datePublished":"2014-01-16T22:05:48+00:00","mainEntityOfPage":{"@id":"https:\/\/pagina10.com\/web\/ministro-entregara-escrituras-de-vivienda-de-interes-prioritario-en-pasto\/"},"wordCount":154,"commentCount":0,"publisher":{"@id":"https:\/\/pagina10.com\/web\/#organization"},"image":{"@id":"https:\/\/pagina10.com\/web\/ministro-entregara-escrituras-de-vivienda-de-interes-prioritario-en-pasto\/#primaryimage"},"thumbnailUrl":"https:\/\/pagina10.com\/web\/wp-content\/uploads\/2014\/01\/9b465418d8a98c0c665f4d76c34d46a6.jpg","articleSection":["Ciudad"],"inLanguage":"es","potentialAction":[{"@type":"CommentAction","name":"Comment","target":["https:\/\/pagina10.com\/web\/ministro-entregara-escrituras-de-vivienda-de-interes-prioritario-en-pasto\/#respond"]}]},{"@type":"WebPage","@id":"https:\/\/pagina10.com\/web\/ministro-entregara-escrituras-de-vivienda-de-interes-prioritario-en-pasto\/","url":"https:\/\/pagina10.com\/web\/ministro-entregara-escrituras-de-vivienda-de-interes-prioritario-en-pasto\/","name":"Ministro entregar\u00e1 escrituras de vivienda de inter\u00e9s prioritario en Pasto | P\u00e1gina10","isPartOf":{"@id":"https:\/\/pagina10.com\/web\/#website"},"primaryImageOfPage":{"@id":"https:\/\/pagina10.com\/web\/ministro-entregara-escrituras-de-vivienda-de-interes-prioritario-en-pasto\/#primaryimage"},"image":{"@id":"https:\/\/pagina10.com\/web\/ministro-entregara-escrituras-de-vivienda-de-interes-prioritario-en-pasto\/#primaryimage"},"thumbnailUrl":"https:\/\/pagina10.com\/web\/wp-content\/uploads\/2014\/01\/9b465418d8a98c0c665f4d76c34d46a6.jpg","datePublished":"2014-01-16T22:05:48+00:00","breadcrumb":{"@id":"https:\/\/pagina10.com\/web\/ministro-entregara-escrituras-de-vivienda-de-interes-prioritario-en-pasto\/#breadcrumb"},"inLanguage":"es","potentialAction":[{"@type":"ReadAction","target":["https:\/\/pagina10.com\/web\/ministro-entregara-escrituras-de-vivienda-de-interes-prioritario-en-pasto\/"]}]},{"@type":"ImageObject","inLanguage":"es","@id":"https:\/\/pagina10.com\/web\/ministro-entregara-escrituras-de-vivienda-de-interes-prioritario-en-pasto\/#primaryimage","url":"https:\/\/pagina10.com\/web\/wp-content\/uploads\/2014\/01\/9b465418d8a98c0c665f4d76c34d46a6.jpg","contentUrl":"https:\/\/pagina10.com\/web\/wp-content\/uploads\/2014\/01\/9b465418d8a98c0c665f4d76c34d46a6.jpg","width":960,"height":720,"caption":"Fotograf\u00eda: Alcald\u00eda Pasto"},{"@type":"BreadcrumbList","@id":"https:\/\/pagina10.com\/web\/ministro-entregara-escrituras-de-vivienda-de-interes-prioritario-en-pasto\/#breadcrumb","itemListElement":[{"@type":"ListItem","position":1,"name":"Portada","item":"https:\/\/pagina10.com\/web\/"},{"@type":"ListItem","position":2,"name":"Ministro entregar\u00e1 escrituras de vivienda de inter\u00e9s prioritario en Pasto"}]},{"@type":"WebSite","@id":"https:\/\/pagina10.com\/web\/#website","url":"https:\/\/pagina10.com\/web\/","name":"P\u00e1gina10","description":"Peri\u00f3dico Regional","publisher":{"@id":"https:\/\/pagina10.com\/web\/#organization"},"alternateName":"P\u00e1gina10 Peri\u00f3dico Regional","potentialAction":[{"@type":"SearchAction","target":{"@type":"EntryPoint","urlTemplate":"https:\/\/pagina10.com\/web\/?s={search_term_string}"},"query-input":{"@type":"PropertyValueSpecification","valueRequired":true,"valueName":"search_term_string"}}],"inLanguage":"es"},{"@type":"Organization","@id":"https:\/\/pagina10.com\/web\/#organization","name":"P\u00e1gina10","alternateName":"P\u00e1gina10 Peri\u00f3dico Regional","url":"https:\/\/pagina10.com\/web\/","logo":{"@type":"ImageObject","inLanguage":"es","@id":"https:\/\/pagina10.com\/web\/#\/schema\/logo\/image\/","url":"https:\/\/pagina10.com\/web\/wp-content\/uploads\/2024\/01\/40-pagina-10-periodico-regional-pasto.jpg","contentUrl":"https:\/\/pagina10.com\/web\/wp-content\/uploads\/2024\/01\/40-pagina-10-periodico-regional-pasto.jpg","width":1280,"height":720,"caption":"P\u00e1gina10"},"image":{"@id":"https:\/\/pagina10.com\/web\/#\/schema\/logo\/image\/"},"sameAs":["https:\/\/www.facebook.com\/pag10com","https:\/\/x.com\/Pag10com","https:\/\/www.instagram.com\/pagina10col\/","https:\/\/youtube.com\/channel\/pag10","https:\/\/www.tiktok.com\/@p10col"]},{"@type":"Person","@id":"https:\/\/pagina10.com\/web\/#\/schema\/person\/a7a5d38f0629dfc107f619fbae4f6cc3","name":"P\u00e1gina 10","description":"P\u00e1gina10.com es un peri\u00f3dico digital que nace en Colombia, en el departamento de Nari\u00f1o, con un enfoque global, fundamentado en cuatro pilares esenciales: la libertad, el pluralismo, la inclusi\u00f3n y la independencia. P\u00e1gina10.com hace referencia a Nari\u00f1o como el d\u00e9cimo departamento creado en Colombia, despu\u00e9s de un proceso pol\u00edtico liderado por actores y actrices regionales con el fin de obtener la independencia y autonom\u00eda de nuestros territorios. Con la creaci\u00f3n de P\u00e1gina10.com se pretende abrir un escenario para el dialogo, la reflexi\u00f3n y el debate que se extienda a otras geograf\u00edas de Am\u00e9rica Latina y del planeta, en una apuesta por transformar colectivamente los desaf\u00edos de un mundo contempor\u00e1neo, m\u00e1s all\u00e1 de las fronteras impuestas.","url":"https:\/\/pagina10.com\/web\/author\/mcepeda\/"}]}},"_links":{"self":[{"href":"https:\/\/pagina10.com\/web\/wp-json\/wp\/v2\/posts\/6169","targetHints":{"allow":["GET"]}}],"collection":[{"href":"https:\/\/pagina10.com\/web\/wp-json\/wp\/v2\/posts"}],"about":[{"href":"https:\/\/pagina10.com\/web\/wp-json\/wp\/v2\/types\/post"}],"author":[{"embeddable":true,"href":"https:\/\/pagina10.com\/web\/wp-json\/wp\/v2\/users\/29"}],"replies":[{"embeddable":true,"href":"https:\/\/pagina10.com\/web\/wp-json\/wp\/v2\/comments?post=6169"}],"version-history":[{"count":0,"href":"https:\/\/pagina10.com\/web\/wp-json\/wp\/v2\/posts\/6169\/revisions"}],"wp:featuredmedia":[{"embeddable":true,"href":"https:\/\/pagina10.com\/web\/wp-json\/wp\/v2\/media\/6167"}],"wp:attachment":[{"href":"https:\/\/pagina10.com\/web\/wp-json\/wp\/v2\/media?parent=6169"}],"wp:term":[{"taxonomy":"category","embeddable":true,"href":"https:\/\/pagina10.com\/web\/wp-json\/wp\/v2\/categories?post=6169"},{"taxonomy":"post_tag","embeddable":true,"href":"https:\/\/pagina10.com\/web\/wp-json\/wp\/v2\/tags?post=6169"}],"curies":[{"name":"wp","href":"https:\/\/api.w.org\/{rel}","templated":true}]}}