{"id":61702,"date":"2022-09-16T21:18:42","date_gmt":"2022-09-17T02:18:42","guid":{"rendered":"https:\/\/pagina10.com\/web\/?p=61702"},"modified":"2022-09-16T21:18:42","modified_gmt":"2022-09-17T02:18:42","slug":"autoridades-investigan-crimen-ocurrido-en-local-de-la-avenida-las-americas","status":"publish","type":"post","link":"https:\/\/pagina10.com\/web\/autoridades-investigan-crimen-ocurrido-en-local-de-la-avenida-las-americas\/","title":{"rendered":"Autoridades investigan crimen ocurrido en local de la Avenida Las Am\u00e9ricas"},"content":{"rendered":"<p style=\"text-align: justify;\">A las 9:30 de la ma\u00f1ana, una persona armada arrib\u00f3 hasta un local ubicado en la carrera 19 n\u00famero 16- 26 avenida Las Am\u00e9ricas y all\u00ed tras identificar a su v\u00edctima, le dispar\u00f3 en varias ocasiones.<\/p>\n<p style=\"text-align: justify;\">Despu\u00e9s de unos minutos se confirm\u00f3 que a quien hab\u00edan atacado era a Diego Botina de 24 a\u00f1os, hijo del propietario de dicho establecimiento.<\/p>\n<p style=\"text-align: justify;\">Algunas personas que se encontraban en el lugar trataron de prestarle ayuda a la v\u00edctima y de inmediato lo trasladaron al Hospital Departamental. Sin embargo, el joven pereci\u00f3 en el camino producto de las graves heridas.<\/p>\n<p style=\"text-align: justify;\">Hace pocos instantes la Polic\u00eda Metropolitana de Pasto emiti\u00f3 un comunicado donde expres\u00f3: &#8220;En el lugar hace presencia el Cuerpo T\u00e9cnico de Investigaci\u00f3n (CTI) de la Fiscal\u00eda General de la Naci\u00f3n para adelantar los actos urgentes en un trabajo mancomunado con el personal de la Seccional de Investigaci\u00f3n Criminal (SIJIN) e Inteligencia Policial, quienes realizan labores de vecindario con el fin de compilar la informaci\u00f3n necesaria con la cual se espera esclarecer los hechos ocurridos y poner a buen recaudo de la justicia al responsable&#8221;.<\/p>\n","protected":false},"excerpt":{"rendered":"<p>A las 9:30 de la ma\u00f1ana, una persona armada arrib\u00f3 hasta un local ubicado en la carrera 19 n\u00famero 16- 26 avenida Las Am\u00e9ricas y all\u00ed tras identificar a su v\u00edctima, le dispar\u00f3 en varias ocasiones. Despu\u00e9s de unos minutos se confirm\u00f3 que a quien hab\u00edan atacado era a Diego Botina de 24 a\u00f1os, hijo [&hellip;]<\/p>\n","protected":false},"author":1,"featured_media":61703,"comment_status":"open","ping_status":"open","sticky":false,"template":"","format":"standard","meta":{"footnotes":""},"categories":[61],"tags":[],"class_list":["post-61702","post","type-post","status-publish","format-standard","has-post-thumbnail","hentry","category-judicial"],"yoast_head":"<!-- This site is optimized with the Yoast SEO plugin v27.1.1 - https:\/\/yoast.com\/product\/yoast-seo-wordpress\/ -->\n<title>Autoridades investigan crimen ocurrido en local de la Avenida Las Am\u00e9ricas | P\u00e1gina10<\/title>\n<meta name=\"robots\" content=\"index, follow, max-snippet:-1, max-image-preview:large, max-video-preview:-1\" \/>\n<link rel=\"canonical\" href=\"https:\/\/pagina10.com\/web\/autoridades-investigan-crimen-ocurrido-en-local-de-la-avenida-las-americas\/\" \/>\n<meta property=\"og:locale\" content=\"es_ES\" \/>\n<meta property=\"og:type\" content=\"article\" \/>\n<meta property=\"og:title\" content=\"Autoridades investigan crimen ocurrido en local de la Avenida Las Am\u00e9ricas | P\u00e1gina10\" \/>\n<meta property=\"og:description\" content=\"A las 9:30 de la ma\u00f1ana, una persona armada arrib\u00f3 hasta un local ubicado en la carrera 19 n\u00famero 16- 26 avenida Las Am\u00e9ricas y all\u00ed tras identificar a su v\u00edctima, le dispar\u00f3 en varias ocasiones. Despu\u00e9s de unos minutos se confirm\u00f3 que a quien hab\u00edan atacado era a Diego Botina de 24 a\u00f1os, hijo [&hellip;]\" \/>\n<meta property=\"og:url\" content=\"https:\/\/pagina10.com\/web\/autoridades-investigan-crimen-ocurrido-en-local-de-la-avenida-las-americas\/\" \/>\n<meta property=\"og:site_name\" content=\"P\u00e1gina10\" \/>\n<meta property=\"article:publisher\" content=\"https:\/\/www.facebook.com\/pag10com\" \/>\n<meta property=\"article:published_time\" content=\"2022-09-17T02:18:42+00:00\" \/>\n<meta property=\"og:image\" content=\"https:\/\/pagina10.com\/web\/wp-content\/uploads\/2022\/09\/Screenshot_20220916-210815_Maps.jpg\" \/>\n\t<meta property=\"og:image:width\" content=\"720\" \/>\n\t<meta property=\"og:image:height\" content=\"485\" \/>\n\t<meta property=\"og:image:type\" content=\"image\/jpeg\" \/>\n<meta name=\"author\" content=\"P\u00e1gina 10\" \/>\n<meta name=\"twitter:card\" content=\"summary_large_image\" \/>\n<meta name=\"twitter:creator\" content=\"@Pag10com\" \/>\n<meta name=\"twitter:site\" content=\"@Pag10com\" \/>\n<meta name=\"twitter:label1\" content=\"Escrito por\" \/>\n\t<meta name=\"twitter:data1\" content=\"P\u00e1gina 10\" \/>\n\t<meta name=\"twitter:label2\" content=\"Tiempo de lectura\" \/>\n\t<meta name=\"twitter:data2\" content=\"1 minuto\" \/>\n<script type=\"application\/ld+json\" class=\"yoast-schema-graph\">{\"@context\":\"https:\/\/schema.org\",\"@graph\":[{\"@type\":\"Article\",\"@id\":\"https:\/\/pagina10.com\/web\/autoridades-investigan-crimen-ocurrido-en-local-de-la-avenida-las-americas\/#article\",\"isPartOf\":{\"@id\":\"https:\/\/pagina10.com\/web\/autoridades-investigan-crimen-ocurrido-en-local-de-la-avenida-las-americas\/\"},\"author\":{\"name\":\"P\u00e1gina 10\",\"@id\":\"https:\/\/pagina10.com\/web\/#\/schema\/person\/2efc4a090d25b667d3bc796798a3a81b\"},\"headline\":\"Autoridades investigan crimen ocurrido en local de la Avenida Las Am\u00e9ricas\",\"datePublished\":\"2022-09-17T02:18:42+00:00\",\"mainEntityOfPage\":{\"@id\":\"https:\/\/pagina10.com\/web\/autoridades-investigan-crimen-ocurrido-en-local-de-la-avenida-las-americas\/\"},\"wordCount\":204,\"commentCount\":0,\"publisher\":{\"@id\":\"https:\/\/pagina10.com\/web\/#organization\"},\"image\":{\"@id\":\"https:\/\/pagina10.com\/web\/autoridades-investigan-crimen-ocurrido-en-local-de-la-avenida-las-americas\/#primaryimage\"},\"thumbnailUrl\":\"https:\/\/pagina10.com\/web\/wp-content\/uploads\/2022\/09\/Screenshot_20220916-210815_Maps.jpg\",\"articleSection\":[\"Judicial\"],\"inLanguage\":\"es\",\"potentialAction\":[{\"@type\":\"CommentAction\",\"name\":\"Comment\",\"target\":[\"https:\/\/pagina10.com\/web\/autoridades-investigan-crimen-ocurrido-en-local-de-la-avenida-las-americas\/#respond\"]}]},{\"@type\":\"WebPage\",\"@id\":\"https:\/\/pagina10.com\/web\/autoridades-investigan-crimen-ocurrido-en-local-de-la-avenida-las-americas\/\",\"url\":\"https:\/\/pagina10.com\/web\/autoridades-investigan-crimen-ocurrido-en-local-de-la-avenida-las-americas\/\",\"name\":\"Autoridades investigan crimen ocurrido en local de la Avenida Las Am\u00e9ricas | P\u00e1gina10\",\"isPartOf\":{\"@id\":\"https:\/\/pagina10.com\/web\/#website\"},\"primaryImageOfPage\":{\"@id\":\"https:\/\/pagina10.com\/web\/autoridades-investigan-crimen-ocurrido-en-local-de-la-avenida-las-americas\/#primaryimage\"},\"image\":{\"@id\":\"https:\/\/pagina10.com\/web\/autoridades-investigan-crimen-ocurrido-en-local-de-la-avenida-las-americas\/#primaryimage\"},\"thumbnailUrl\":\"https:\/\/pagina10.com\/web\/wp-content\/uploads\/2022\/09\/Screenshot_20220916-210815_Maps.jpg\",\"datePublished\":\"2022-09-17T02:18:42+00:00\",\"breadcrumb\":{\"@id\":\"https:\/\/pagina10.com\/web\/autoridades-investigan-crimen-ocurrido-en-local-de-la-avenida-las-americas\/#breadcrumb\"},\"inLanguage\":\"es\",\"potentialAction\":[{\"@type\":\"ReadAction\",\"target\":[\"https:\/\/pagina10.com\/web\/autoridades-investigan-crimen-ocurrido-en-local-de-la-avenida-las-americas\/\"]}]},{\"@type\":\"ImageObject\",\"inLanguage\":\"es\",\"@id\":\"https:\/\/pagina10.com\/web\/autoridades-investigan-crimen-ocurrido-en-local-de-la-avenida-las-americas\/#primaryimage\",\"url\":\"https:\/\/pagina10.com\/web\/wp-content\/uploads\/2022\/09\/Screenshot_20220916-210815_Maps.jpg\",\"contentUrl\":\"https:\/\/pagina10.com\/web\/wp-content\/uploads\/2022\/09\/Screenshot_20220916-210815_Maps.jpg\",\"width\":720,\"height\":485},{\"@type\":\"BreadcrumbList\",\"@id\":\"https:\/\/pagina10.com\/web\/autoridades-investigan-crimen-ocurrido-en-local-de-la-avenida-las-americas\/#breadcrumb\",\"itemListElement\":[{\"@type\":\"ListItem\",\"position\":1,\"name\":\"Portada\",\"item\":\"https:\/\/pagina10.com\/web\/\"},{\"@type\":\"ListItem\",\"position\":2,\"name\":\"Autoridades investigan crimen ocurrido en local de la Avenida Las Am\u00e9ricas\"}]},{\"@type\":\"WebSite\",\"@id\":\"https:\/\/pagina10.com\/web\/#website\",\"url\":\"https:\/\/pagina10.com\/web\/\",\"name\":\"P\u00e1gina10\",\"description\":\"Peri\u00f3dico Regional\",\"publisher\":{\"@id\":\"https:\/\/pagina10.com\/web\/#organization\"},\"alternateName\":\"P\u00e1gina10 Peri\u00f3dico Regional\",\"potentialAction\":[{\"@type\":\"SearchAction\",\"target\":{\"@type\":\"EntryPoint\",\"urlTemplate\":\"https:\/\/pagina10.com\/web\/?s={search_term_string}\"},\"query-input\":{\"@type\":\"PropertyValueSpecification\",\"valueRequired\":true,\"valueName\":\"search_term_string\"}}],\"inLanguage\":\"es\"},{\"@type\":\"Organization\",\"@id\":\"https:\/\/pagina10.com\/web\/#organization\",\"name\":\"P\u00e1gina10\",\"alternateName\":\"P\u00e1gina10 Peri\u00f3dico Regional\",\"url\":\"https:\/\/pagina10.com\/web\/\",\"logo\":{\"@type\":\"ImageObject\",\"inLanguage\":\"es\",\"@id\":\"https:\/\/pagina10.com\/web\/#\/schema\/logo\/image\/\",\"url\":\"https:\/\/pagina10.com\/web\/wp-content\/uploads\/2024\/01\/40-pagina-10-periodico-regional-pasto.jpg\",\"contentUrl\":\"https:\/\/pagina10.com\/web\/wp-content\/uploads\/2024\/01\/40-pagina-10-periodico-regional-pasto.jpg\",\"width\":1280,\"height\":720,\"caption\":\"P\u00e1gina10\"},\"image\":{\"@id\":\"https:\/\/pagina10.com\/web\/#\/schema\/logo\/image\/\"},\"sameAs\":[\"https:\/\/www.facebook.com\/pag10com\",\"https:\/\/x.com\/Pag10com\",\"https:\/\/www.instagram.com\/pagina10col\/\",\"https:\/\/youtube.com\/channel\/pag10\",\"https:\/\/www.tiktok.com\/@p10col\"]},{\"@type\":\"Person\",\"@id\":\"https:\/\/pagina10.com\/web\/#\/schema\/person\/2efc4a090d25b667d3bc796798a3a81b\",\"name\":\"P\u00e1gina 10\",\"description\":\"P\u00e1gina 10 es un peri\u00f3dico regional que nace en Colombia, en el departamento de Nari\u00f1o, con un enfoque global, fundamentado en cuatro pilares esenciales: la libertad, el pluralismo, la inclusi\u00f3n y la independencia. P\u00e1gina 10 hace referencia a Nari\u00f1o como el d\u00e9cimo departamento creado en Colombia, despu\u00e9s de un proceso pol\u00edtico liderado por actores y actrices regionales con el fin de obtener la independencia y autonom\u00eda de nuestros territorios. Con la creaci\u00f3n de P\u00e1gina 10 se pretende abrir un escenario para el dialogo, la reflexi\u00f3n y el debate que se extienda a otras geograf\u00edas de Am\u00e9rica Latina y del planeta, en una apuesta por transformar colectivamente los desaf\u00edos de un mundo contempor\u00e1neo, m\u00e1s all\u00e1 de las fronteras impuestas.\",\"url\":\"https:\/\/pagina10.com\/web\/author\/pdiezadmin\/\"}]}<\/script>\n<!-- \/ Yoast SEO plugin. -->","yoast_head_json":{"title":"Autoridades investigan crimen ocurrido en local de la Avenida Las Am\u00e9ricas | P\u00e1gina10","robots":{"index":"index","follow":"follow","max-snippet":"max-snippet:-1","max-image-preview":"max-image-preview:large","max-video-preview":"max-video-preview:-1"},"canonical":"https:\/\/pagina10.com\/web\/autoridades-investigan-crimen-ocurrido-en-local-de-la-avenida-las-americas\/","og_locale":"es_ES","og_type":"article","og_title":"Autoridades investigan crimen ocurrido en local de la Avenida Las Am\u00e9ricas | P\u00e1gina10","og_description":"A las 9:30 de la ma\u00f1ana, una persona armada arrib\u00f3 hasta un local ubicado en la carrera 19 n\u00famero 16- 26 avenida Las Am\u00e9ricas y all\u00ed tras identificar a su v\u00edctima, le dispar\u00f3 en varias ocasiones. Despu\u00e9s de unos minutos se confirm\u00f3 que a quien hab\u00edan atacado era a Diego Botina de 24 a\u00f1os, hijo [&hellip;]","og_url":"https:\/\/pagina10.com\/web\/autoridades-investigan-crimen-ocurrido-en-local-de-la-avenida-las-americas\/","og_site_name":"P\u00e1gina10","article_publisher":"https:\/\/www.facebook.com\/pag10com","article_published_time":"2022-09-17T02:18:42+00:00","og_image":[{"width":720,"height":485,"url":"https:\/\/pagina10.com\/web\/wp-content\/uploads\/2022\/09\/Screenshot_20220916-210815_Maps.jpg","type":"image\/jpeg"}],"author":"P\u00e1gina 10","twitter_card":"summary_large_image","twitter_creator":"@Pag10com","twitter_site":"@Pag10com","twitter_misc":{"Escrito por":"P\u00e1gina 10","Tiempo de lectura":"1 minuto"},"schema":{"@context":"https:\/\/schema.org","@graph":[{"@type":"Article","@id":"https:\/\/pagina10.com\/web\/autoridades-investigan-crimen-ocurrido-en-local-de-la-avenida-las-americas\/#article","isPartOf":{"@id":"https:\/\/pagina10.com\/web\/autoridades-investigan-crimen-ocurrido-en-local-de-la-avenida-las-americas\/"},"author":{"name":"P\u00e1gina 10","@id":"https:\/\/pagina10.com\/web\/#\/schema\/person\/2efc4a090d25b667d3bc796798a3a81b"},"headline":"Autoridades investigan crimen ocurrido en local de la Avenida Las Am\u00e9ricas","datePublished":"2022-09-17T02:18:42+00:00","mainEntityOfPage":{"@id":"https:\/\/pagina10.com\/web\/autoridades-investigan-crimen-ocurrido-en-local-de-la-avenida-las-americas\/"},"wordCount":204,"commentCount":0,"publisher":{"@id":"https:\/\/pagina10.com\/web\/#organization"},"image":{"@id":"https:\/\/pagina10.com\/web\/autoridades-investigan-crimen-ocurrido-en-local-de-la-avenida-las-americas\/#primaryimage"},"thumbnailUrl":"https:\/\/pagina10.com\/web\/wp-content\/uploads\/2022\/09\/Screenshot_20220916-210815_Maps.jpg","articleSection":["Judicial"],"inLanguage":"es","potentialAction":[{"@type":"CommentAction","name":"Comment","target":["https:\/\/pagina10.com\/web\/autoridades-investigan-crimen-ocurrido-en-local-de-la-avenida-las-americas\/#respond"]}]},{"@type":"WebPage","@id":"https:\/\/pagina10.com\/web\/autoridades-investigan-crimen-ocurrido-en-local-de-la-avenida-las-americas\/","url":"https:\/\/pagina10.com\/web\/autoridades-investigan-crimen-ocurrido-en-local-de-la-avenida-las-americas\/","name":"Autoridades investigan crimen ocurrido en local de la Avenida Las Am\u00e9ricas | P\u00e1gina10","isPartOf":{"@id":"https:\/\/pagina10.com\/web\/#website"},"primaryImageOfPage":{"@id":"https:\/\/pagina10.com\/web\/autoridades-investigan-crimen-ocurrido-en-local-de-la-avenida-las-americas\/#primaryimage"},"image":{"@id":"https:\/\/pagina10.com\/web\/autoridades-investigan-crimen-ocurrido-en-local-de-la-avenida-las-americas\/#primaryimage"},"thumbnailUrl":"https:\/\/pagina10.com\/web\/wp-content\/uploads\/2022\/09\/Screenshot_20220916-210815_Maps.jpg","datePublished":"2022-09-17T02:18:42+00:00","breadcrumb":{"@id":"https:\/\/pagina10.com\/web\/autoridades-investigan-crimen-ocurrido-en-local-de-la-avenida-las-americas\/#breadcrumb"},"inLanguage":"es","potentialAction":[{"@type":"ReadAction","target":["https:\/\/pagina10.com\/web\/autoridades-investigan-crimen-ocurrido-en-local-de-la-avenida-las-americas\/"]}]},{"@type":"ImageObject","inLanguage":"es","@id":"https:\/\/pagina10.com\/web\/autoridades-investigan-crimen-ocurrido-en-local-de-la-avenida-las-americas\/#primaryimage","url":"https:\/\/pagina10.com\/web\/wp-content\/uploads\/2022\/09\/Screenshot_20220916-210815_Maps.jpg","contentUrl":"https:\/\/pagina10.com\/web\/wp-content\/uploads\/2022\/09\/Screenshot_20220916-210815_Maps.jpg","width":720,"height":485},{"@type":"BreadcrumbList","@id":"https:\/\/pagina10.com\/web\/autoridades-investigan-crimen-ocurrido-en-local-de-la-avenida-las-americas\/#breadcrumb","itemListElement":[{"@type":"ListItem","position":1,"name":"Portada","item":"https:\/\/pagina10.com\/web\/"},{"@type":"ListItem","position":2,"name":"Autoridades investigan crimen ocurrido en local de la Avenida Las Am\u00e9ricas"}]},{"@type":"WebSite","@id":"https:\/\/pagina10.com\/web\/#website","url":"https:\/\/pagina10.com\/web\/","name":"P\u00e1gina10","description":"Peri\u00f3dico Regional","publisher":{"@id":"https:\/\/pagina10.com\/web\/#organization"},"alternateName":"P\u00e1gina10 Peri\u00f3dico Regional","potentialAction":[{"@type":"SearchAction","target":{"@type":"EntryPoint","urlTemplate":"https:\/\/pagina10.com\/web\/?s={search_term_string}"},"query-input":{"@type":"PropertyValueSpecification","valueRequired":true,"valueName":"search_term_string"}}],"inLanguage":"es"},{"@type":"Organization","@id":"https:\/\/pagina10.com\/web\/#organization","name":"P\u00e1gina10","alternateName":"P\u00e1gina10 Peri\u00f3dico Regional","url":"https:\/\/pagina10.com\/web\/","logo":{"@type":"ImageObject","inLanguage":"es","@id":"https:\/\/pagina10.com\/web\/#\/schema\/logo\/image\/","url":"https:\/\/pagina10.com\/web\/wp-content\/uploads\/2024\/01\/40-pagina-10-periodico-regional-pasto.jpg","contentUrl":"https:\/\/pagina10.com\/web\/wp-content\/uploads\/2024\/01\/40-pagina-10-periodico-regional-pasto.jpg","width":1280,"height":720,"caption":"P\u00e1gina10"},"image":{"@id":"https:\/\/pagina10.com\/web\/#\/schema\/logo\/image\/"},"sameAs":["https:\/\/www.facebook.com\/pag10com","https:\/\/x.com\/Pag10com","https:\/\/www.instagram.com\/pagina10col\/","https:\/\/youtube.com\/channel\/pag10","https:\/\/www.tiktok.com\/@p10col"]},{"@type":"Person","@id":"https:\/\/pagina10.com\/web\/#\/schema\/person\/2efc4a090d25b667d3bc796798a3a81b","name":"P\u00e1gina 10","description":"P\u00e1gina 10 es un peri\u00f3dico regional que nace en Colombia, en el departamento de Nari\u00f1o, con un enfoque global, fundamentado en cuatro pilares esenciales: la libertad, el pluralismo, la inclusi\u00f3n y la independencia. P\u00e1gina 10 hace referencia a Nari\u00f1o como el d\u00e9cimo departamento creado en Colombia, despu\u00e9s de un proceso pol\u00edtico liderado por actores y actrices regionales con el fin de obtener la independencia y autonom\u00eda de nuestros territorios. Con la creaci\u00f3n de P\u00e1gina 10 se pretende abrir un escenario para el dialogo, la reflexi\u00f3n y el debate que se extienda a otras geograf\u00edas de Am\u00e9rica Latina y del planeta, en una apuesta por transformar colectivamente los desaf\u00edos de un mundo contempor\u00e1neo, m\u00e1s all\u00e1 de las fronteras impuestas.","url":"https:\/\/pagina10.com\/web\/author\/pdiezadmin\/"}]}},"_links":{"self":[{"href":"https:\/\/pagina10.com\/web\/wp-json\/wp\/v2\/posts\/61702","targetHints":{"allow":["GET"]}}],"collection":[{"href":"https:\/\/pagina10.com\/web\/wp-json\/wp\/v2\/posts"}],"about":[{"href":"https:\/\/pagina10.com\/web\/wp-json\/wp\/v2\/types\/post"}],"author":[{"embeddable":true,"href":"https:\/\/pagina10.com\/web\/wp-json\/wp\/v2\/users\/1"}],"replies":[{"embeddable":true,"href":"https:\/\/pagina10.com\/web\/wp-json\/wp\/v2\/comments?post=61702"}],"version-history":[{"count":1,"href":"https:\/\/pagina10.com\/web\/wp-json\/wp\/v2\/posts\/61702\/revisions"}],"predecessor-version":[{"id":61704,"href":"https:\/\/pagina10.com\/web\/wp-json\/wp\/v2\/posts\/61702\/revisions\/61704"}],"wp:featuredmedia":[{"embeddable":true,"href":"https:\/\/pagina10.com\/web\/wp-json\/wp\/v2\/media\/61703"}],"wp:attachment":[{"href":"https:\/\/pagina10.com\/web\/wp-json\/wp\/v2\/media?parent=61702"}],"wp:term":[{"taxonomy":"category","embeddable":true,"href":"https:\/\/pagina10.com\/web\/wp-json\/wp\/v2\/categories?post=61702"},{"taxonomy":"post_tag","embeddable":true,"href":"https:\/\/pagina10.com\/web\/wp-json\/wp\/v2\/tags?post=61702"}],"curies":[{"name":"wp","href":"https:\/\/api.w.org\/{rel}","templated":true}]}}