{"id":61761,"date":"2022-09-20T22:49:27","date_gmt":"2022-09-21T03:49:27","guid":{"rendered":"https:\/\/pagina10.com\/web\/?p=61761"},"modified":"2022-09-20T22:49:27","modified_gmt":"2022-09-21T03:49:27","slug":"en-narino-estaria-el-narcotraficante-mas-poderoso-de-colombia","status":"publish","type":"post","link":"https:\/\/pagina10.com\/web\/en-narino-estaria-el-narcotraficante-mas-poderoso-de-colombia\/","title":{"rendered":"En Nari\u00f1o estar\u00eda el narcotraficante m\u00e1s poderoso de Colombia"},"content":{"rendered":"<p style=\"text-align: justify;\">Con 30 a\u00f1os y tras la captura de Dairo Antonio \u00dasuga \u2018Otoniel\u2019, alias Allende se convirti\u00f3 en el narcotraficante m\u00e1s poderoso del pa\u00eds. Desde cinco municipios de Nari\u00f1o controla toda la salida de coca\u00edna hacia el exterior, lo que le representa ganancias de alrededor 190 millones de d\u00f3lares.<\/p>\n<p style=\"text-align: justify;\">Allende Perilla como es identificado por las autoridades, comenz\u00f3 su vida delictiva a los 14 a\u00f1os cuando ingres\u00f3 a la extinta guerrilla de las Farc. Lo han distinguido como un hombre h\u00e1bil y no tan visible puesto que no confronta a las unidades militares ni de Polic\u00eda, s\u00f3lo a los grupos residuales rivales.<\/p>\n<p style=\"text-align: justify;\">Actualmente, tiene a su mando un grupo de 500 hombres fuertemente armados que impiden que otros grupos narcotraficantes entren a la regi\u00f3n. Adem\u00e1s, es cabecilla del frente disidente de las Farc \u2018Alfonso Cano\u2019 a trav\u00e9s del cual intimida a las comunidades para que le informen cualquier operativo o incursi\u00f3n militar.<\/p>\n<p style=\"text-align: justify;\">Ese grupo armado fue el primero en unirse a la Segunda Marquetalia de Iv\u00e1n M\u00e1rquez y hay informaciones que indican alianzas con narcotraficantes de M\u00e9xico y Ecuador. As\u00ed mismo, controla la extracci\u00f3n de oro en Nari\u00f1o y mantiene la red de extorsi\u00f3n con la cual aumenta su poder\u00edo.<\/p>\n","protected":false},"excerpt":{"rendered":"<p>Con 30 a\u00f1os y tras la captura de Dairo Antonio \u00dasuga \u2018Otoniel\u2019, alias Allende se convirti\u00f3 en el narcotraficante m\u00e1s poderoso del pa\u00eds. Desde cinco municipios de Nari\u00f1o controla toda la salida de coca\u00edna hacia el exterior, lo que le representa ganancias de alrededor 190 millones de d\u00f3lares. Allende Perilla como es identificado por las [&hellip;]<\/p>\n","protected":false},"author":1,"featured_media":61762,"comment_status":"open","ping_status":"open","sticky":false,"template":"","format":"standard","meta":{"footnotes":""},"categories":[61],"tags":[],"class_list":["post-61761","post","type-post","status-publish","format-standard","has-post-thumbnail","hentry","category-judicial"],"yoast_head":"<!-- This site is optimized with the Yoast SEO plugin v27.1.1 - https:\/\/yoast.com\/product\/yoast-seo-wordpress\/ -->\n<title>En Nari\u00f1o estar\u00eda el narcotraficante m\u00e1s poderoso de Colombia | P\u00e1gina10<\/title>\n<meta name=\"robots\" content=\"index, follow, max-snippet:-1, max-image-preview:large, max-video-preview:-1\" \/>\n<link rel=\"canonical\" href=\"https:\/\/pagina10.com\/web\/en-narino-estaria-el-narcotraficante-mas-poderoso-de-colombia\/\" \/>\n<meta property=\"og:locale\" content=\"es_ES\" \/>\n<meta property=\"og:type\" content=\"article\" \/>\n<meta property=\"og:title\" content=\"En Nari\u00f1o estar\u00eda el narcotraficante m\u00e1s poderoso de Colombia | P\u00e1gina10\" \/>\n<meta property=\"og:description\" content=\"Con 30 a\u00f1os y tras la captura de Dairo Antonio \u00dasuga \u2018Otoniel\u2019, alias Allende se convirti\u00f3 en el narcotraficante m\u00e1s poderoso del pa\u00eds. Desde cinco municipios de Nari\u00f1o controla toda la salida de coca\u00edna hacia el exterior, lo que le representa ganancias de alrededor 190 millones de d\u00f3lares. Allende Perilla como es identificado por las [&hellip;]\" \/>\n<meta property=\"og:url\" content=\"https:\/\/pagina10.com\/web\/en-narino-estaria-el-narcotraficante-mas-poderoso-de-colombia\/\" \/>\n<meta property=\"og:site_name\" content=\"P\u00e1gina10\" \/>\n<meta property=\"article:publisher\" content=\"https:\/\/www.facebook.com\/pag10com\" \/>\n<meta property=\"article:published_time\" content=\"2022-09-21T03:49:27+00:00\" \/>\n<meta property=\"og:image\" content=\"https:\/\/pagina10.com\/web\/wp-content\/uploads\/2022\/09\/El-narcotraficante-mas-poderoso-del-pais-tiene-30-anos.jpg\" \/>\n\t<meta property=\"og:image:width\" content=\"1200\" \/>\n\t<meta property=\"og:image:height\" content=\"675\" \/>\n\t<meta property=\"og:image:type\" content=\"image\/jpeg\" \/>\n<meta name=\"author\" content=\"P\u00e1gina 10\" \/>\n<meta name=\"twitter:card\" content=\"summary_large_image\" \/>\n<meta name=\"twitter:creator\" content=\"@Pag10com\" \/>\n<meta name=\"twitter:site\" content=\"@Pag10com\" \/>\n<meta name=\"twitter:label1\" content=\"Escrito por\" \/>\n\t<meta name=\"twitter:data1\" content=\"P\u00e1gina 10\" \/>\n\t<meta name=\"twitter:label2\" content=\"Tiempo de lectura\" \/>\n\t<meta name=\"twitter:data2\" content=\"1 minuto\" \/>\n<script type=\"application\/ld+json\" class=\"yoast-schema-graph\">{\"@context\":\"https:\/\/schema.org\",\"@graph\":[{\"@type\":\"Article\",\"@id\":\"https:\/\/pagina10.com\/web\/en-narino-estaria-el-narcotraficante-mas-poderoso-de-colombia\/#article\",\"isPartOf\":{\"@id\":\"https:\/\/pagina10.com\/web\/en-narino-estaria-el-narcotraficante-mas-poderoso-de-colombia\/\"},\"author\":{\"name\":\"P\u00e1gina 10\",\"@id\":\"https:\/\/pagina10.com\/web\/#\/schema\/person\/2efc4a090d25b667d3bc796798a3a81b\"},\"headline\":\"En Nari\u00f1o estar\u00eda el narcotraficante m\u00e1s poderoso de Colombia\",\"datePublished\":\"2022-09-21T03:49:27+00:00\",\"mainEntityOfPage\":{\"@id\":\"https:\/\/pagina10.com\/web\/en-narino-estaria-el-narcotraficante-mas-poderoso-de-colombia\/\"},\"wordCount\":228,\"commentCount\":0,\"publisher\":{\"@id\":\"https:\/\/pagina10.com\/web\/#organization\"},\"image\":{\"@id\":\"https:\/\/pagina10.com\/web\/en-narino-estaria-el-narcotraficante-mas-poderoso-de-colombia\/#primaryimage\"},\"thumbnailUrl\":\"https:\/\/pagina10.com\/web\/wp-content\/uploads\/2022\/09\/El-narcotraficante-mas-poderoso-del-pais-tiene-30-anos.jpg\",\"articleSection\":[\"Judicial\"],\"inLanguage\":\"es\",\"potentialAction\":[{\"@type\":\"CommentAction\",\"name\":\"Comment\",\"target\":[\"https:\/\/pagina10.com\/web\/en-narino-estaria-el-narcotraficante-mas-poderoso-de-colombia\/#respond\"]}]},{\"@type\":\"WebPage\",\"@id\":\"https:\/\/pagina10.com\/web\/en-narino-estaria-el-narcotraficante-mas-poderoso-de-colombia\/\",\"url\":\"https:\/\/pagina10.com\/web\/en-narino-estaria-el-narcotraficante-mas-poderoso-de-colombia\/\",\"name\":\"En Nari\u00f1o estar\u00eda el narcotraficante m\u00e1s poderoso de Colombia | P\u00e1gina10\",\"isPartOf\":{\"@id\":\"https:\/\/pagina10.com\/web\/#website\"},\"primaryImageOfPage\":{\"@id\":\"https:\/\/pagina10.com\/web\/en-narino-estaria-el-narcotraficante-mas-poderoso-de-colombia\/#primaryimage\"},\"image\":{\"@id\":\"https:\/\/pagina10.com\/web\/en-narino-estaria-el-narcotraficante-mas-poderoso-de-colombia\/#primaryimage\"},\"thumbnailUrl\":\"https:\/\/pagina10.com\/web\/wp-content\/uploads\/2022\/09\/El-narcotraficante-mas-poderoso-del-pais-tiene-30-anos.jpg\",\"datePublished\":\"2022-09-21T03:49:27+00:00\",\"breadcrumb\":{\"@id\":\"https:\/\/pagina10.com\/web\/en-narino-estaria-el-narcotraficante-mas-poderoso-de-colombia\/#breadcrumb\"},\"inLanguage\":\"es\",\"potentialAction\":[{\"@type\":\"ReadAction\",\"target\":[\"https:\/\/pagina10.com\/web\/en-narino-estaria-el-narcotraficante-mas-poderoso-de-colombia\/\"]}]},{\"@type\":\"ImageObject\",\"inLanguage\":\"es\",\"@id\":\"https:\/\/pagina10.com\/web\/en-narino-estaria-el-narcotraficante-mas-poderoso-de-colombia\/#primaryimage\",\"url\":\"https:\/\/pagina10.com\/web\/wp-content\/uploads\/2022\/09\/El-narcotraficante-mas-poderoso-del-pais-tiene-30-anos.jpg\",\"contentUrl\":\"https:\/\/pagina10.com\/web\/wp-content\/uploads\/2022\/09\/El-narcotraficante-mas-poderoso-del-pais-tiene-30-anos.jpg\",\"width\":1200,\"height\":675,\"caption\":\"Foto: Noticias RCN\"},{\"@type\":\"BreadcrumbList\",\"@id\":\"https:\/\/pagina10.com\/web\/en-narino-estaria-el-narcotraficante-mas-poderoso-de-colombia\/#breadcrumb\",\"itemListElement\":[{\"@type\":\"ListItem\",\"position\":1,\"name\":\"Portada\",\"item\":\"https:\/\/pagina10.com\/web\/\"},{\"@type\":\"ListItem\",\"position\":2,\"name\":\"En Nari\u00f1o estar\u00eda el narcotraficante m\u00e1s poderoso de Colombia\"}]},{\"@type\":\"WebSite\",\"@id\":\"https:\/\/pagina10.com\/web\/#website\",\"url\":\"https:\/\/pagina10.com\/web\/\",\"name\":\"P\u00e1gina10\",\"description\":\"Peri\u00f3dico Regional\",\"publisher\":{\"@id\":\"https:\/\/pagina10.com\/web\/#organization\"},\"alternateName\":\"P\u00e1gina10 Peri\u00f3dico Regional\",\"potentialAction\":[{\"@type\":\"SearchAction\",\"target\":{\"@type\":\"EntryPoint\",\"urlTemplate\":\"https:\/\/pagina10.com\/web\/?s={search_term_string}\"},\"query-input\":{\"@type\":\"PropertyValueSpecification\",\"valueRequired\":true,\"valueName\":\"search_term_string\"}}],\"inLanguage\":\"es\"},{\"@type\":\"Organization\",\"@id\":\"https:\/\/pagina10.com\/web\/#organization\",\"name\":\"P\u00e1gina10\",\"alternateName\":\"P\u00e1gina10 Peri\u00f3dico Regional\",\"url\":\"https:\/\/pagina10.com\/web\/\",\"logo\":{\"@type\":\"ImageObject\",\"inLanguage\":\"es\",\"@id\":\"https:\/\/pagina10.com\/web\/#\/schema\/logo\/image\/\",\"url\":\"https:\/\/pagina10.com\/web\/wp-content\/uploads\/2024\/01\/40-pagina-10-periodico-regional-pasto.jpg\",\"contentUrl\":\"https:\/\/pagina10.com\/web\/wp-content\/uploads\/2024\/01\/40-pagina-10-periodico-regional-pasto.jpg\",\"width\":1280,\"height\":720,\"caption\":\"P\u00e1gina10\"},\"image\":{\"@id\":\"https:\/\/pagina10.com\/web\/#\/schema\/logo\/image\/\"},\"sameAs\":[\"https:\/\/www.facebook.com\/pag10com\",\"https:\/\/x.com\/Pag10com\",\"https:\/\/www.instagram.com\/pagina10col\/\",\"https:\/\/youtube.com\/channel\/pag10\",\"https:\/\/www.tiktok.com\/@p10col\"]},{\"@type\":\"Person\",\"@id\":\"https:\/\/pagina10.com\/web\/#\/schema\/person\/2efc4a090d25b667d3bc796798a3a81b\",\"name\":\"P\u00e1gina 10\",\"description\":\"P\u00e1gina 10 es un peri\u00f3dico regional que nace en Colombia, en el departamento de Nari\u00f1o, con un enfoque global, fundamentado en cuatro pilares esenciales: la libertad, el pluralismo, la inclusi\u00f3n y la independencia. P\u00e1gina 10 hace referencia a Nari\u00f1o como el d\u00e9cimo departamento creado en Colombia, despu\u00e9s de un proceso pol\u00edtico liderado por actores y actrices regionales con el fin de obtener la independencia y autonom\u00eda de nuestros territorios. Con la creaci\u00f3n de P\u00e1gina 10 se pretende abrir un escenario para el dialogo, la reflexi\u00f3n y el debate que se extienda a otras geograf\u00edas de Am\u00e9rica Latina y del planeta, en una apuesta por transformar colectivamente los desaf\u00edos de un mundo contempor\u00e1neo, m\u00e1s all\u00e1 de las fronteras impuestas.\",\"url\":\"https:\/\/pagina10.com\/web\/author\/pdiezadmin\/\"}]}<\/script>\n<!-- \/ Yoast SEO plugin. -->","yoast_head_json":{"title":"En Nari\u00f1o estar\u00eda el narcotraficante m\u00e1s poderoso de Colombia | P\u00e1gina10","robots":{"index":"index","follow":"follow","max-snippet":"max-snippet:-1","max-image-preview":"max-image-preview:large","max-video-preview":"max-video-preview:-1"},"canonical":"https:\/\/pagina10.com\/web\/en-narino-estaria-el-narcotraficante-mas-poderoso-de-colombia\/","og_locale":"es_ES","og_type":"article","og_title":"En Nari\u00f1o estar\u00eda el narcotraficante m\u00e1s poderoso de Colombia | P\u00e1gina10","og_description":"Con 30 a\u00f1os y tras la captura de Dairo Antonio \u00dasuga \u2018Otoniel\u2019, alias Allende se convirti\u00f3 en el narcotraficante m\u00e1s poderoso del pa\u00eds. Desde cinco municipios de Nari\u00f1o controla toda la salida de coca\u00edna hacia el exterior, lo que le representa ganancias de alrededor 190 millones de d\u00f3lares. Allende Perilla como es identificado por las [&hellip;]","og_url":"https:\/\/pagina10.com\/web\/en-narino-estaria-el-narcotraficante-mas-poderoso-de-colombia\/","og_site_name":"P\u00e1gina10","article_publisher":"https:\/\/www.facebook.com\/pag10com","article_published_time":"2022-09-21T03:49:27+00:00","og_image":[{"width":1200,"height":675,"url":"https:\/\/pagina10.com\/web\/wp-content\/uploads\/2022\/09\/El-narcotraficante-mas-poderoso-del-pais-tiene-30-anos.jpg","type":"image\/jpeg"}],"author":"P\u00e1gina 10","twitter_card":"summary_large_image","twitter_creator":"@Pag10com","twitter_site":"@Pag10com","twitter_misc":{"Escrito por":"P\u00e1gina 10","Tiempo de lectura":"1 minuto"},"schema":{"@context":"https:\/\/schema.org","@graph":[{"@type":"Article","@id":"https:\/\/pagina10.com\/web\/en-narino-estaria-el-narcotraficante-mas-poderoso-de-colombia\/#article","isPartOf":{"@id":"https:\/\/pagina10.com\/web\/en-narino-estaria-el-narcotraficante-mas-poderoso-de-colombia\/"},"author":{"name":"P\u00e1gina 10","@id":"https:\/\/pagina10.com\/web\/#\/schema\/person\/2efc4a090d25b667d3bc796798a3a81b"},"headline":"En Nari\u00f1o estar\u00eda el narcotraficante m\u00e1s poderoso de Colombia","datePublished":"2022-09-21T03:49:27+00:00","mainEntityOfPage":{"@id":"https:\/\/pagina10.com\/web\/en-narino-estaria-el-narcotraficante-mas-poderoso-de-colombia\/"},"wordCount":228,"commentCount":0,"publisher":{"@id":"https:\/\/pagina10.com\/web\/#organization"},"image":{"@id":"https:\/\/pagina10.com\/web\/en-narino-estaria-el-narcotraficante-mas-poderoso-de-colombia\/#primaryimage"},"thumbnailUrl":"https:\/\/pagina10.com\/web\/wp-content\/uploads\/2022\/09\/El-narcotraficante-mas-poderoso-del-pais-tiene-30-anos.jpg","articleSection":["Judicial"],"inLanguage":"es","potentialAction":[{"@type":"CommentAction","name":"Comment","target":["https:\/\/pagina10.com\/web\/en-narino-estaria-el-narcotraficante-mas-poderoso-de-colombia\/#respond"]}]},{"@type":"WebPage","@id":"https:\/\/pagina10.com\/web\/en-narino-estaria-el-narcotraficante-mas-poderoso-de-colombia\/","url":"https:\/\/pagina10.com\/web\/en-narino-estaria-el-narcotraficante-mas-poderoso-de-colombia\/","name":"En Nari\u00f1o estar\u00eda el narcotraficante m\u00e1s poderoso de Colombia | P\u00e1gina10","isPartOf":{"@id":"https:\/\/pagina10.com\/web\/#website"},"primaryImageOfPage":{"@id":"https:\/\/pagina10.com\/web\/en-narino-estaria-el-narcotraficante-mas-poderoso-de-colombia\/#primaryimage"},"image":{"@id":"https:\/\/pagina10.com\/web\/en-narino-estaria-el-narcotraficante-mas-poderoso-de-colombia\/#primaryimage"},"thumbnailUrl":"https:\/\/pagina10.com\/web\/wp-content\/uploads\/2022\/09\/El-narcotraficante-mas-poderoso-del-pais-tiene-30-anos.jpg","datePublished":"2022-09-21T03:49:27+00:00","breadcrumb":{"@id":"https:\/\/pagina10.com\/web\/en-narino-estaria-el-narcotraficante-mas-poderoso-de-colombia\/#breadcrumb"},"inLanguage":"es","potentialAction":[{"@type":"ReadAction","target":["https:\/\/pagina10.com\/web\/en-narino-estaria-el-narcotraficante-mas-poderoso-de-colombia\/"]}]},{"@type":"ImageObject","inLanguage":"es","@id":"https:\/\/pagina10.com\/web\/en-narino-estaria-el-narcotraficante-mas-poderoso-de-colombia\/#primaryimage","url":"https:\/\/pagina10.com\/web\/wp-content\/uploads\/2022\/09\/El-narcotraficante-mas-poderoso-del-pais-tiene-30-anos.jpg","contentUrl":"https:\/\/pagina10.com\/web\/wp-content\/uploads\/2022\/09\/El-narcotraficante-mas-poderoso-del-pais-tiene-30-anos.jpg","width":1200,"height":675,"caption":"Foto: Noticias RCN"},{"@type":"BreadcrumbList","@id":"https:\/\/pagina10.com\/web\/en-narino-estaria-el-narcotraficante-mas-poderoso-de-colombia\/#breadcrumb","itemListElement":[{"@type":"ListItem","position":1,"name":"Portada","item":"https:\/\/pagina10.com\/web\/"},{"@type":"ListItem","position":2,"name":"En Nari\u00f1o estar\u00eda el narcotraficante m\u00e1s poderoso de Colombia"}]},{"@type":"WebSite","@id":"https:\/\/pagina10.com\/web\/#website","url":"https:\/\/pagina10.com\/web\/","name":"P\u00e1gina10","description":"Peri\u00f3dico Regional","publisher":{"@id":"https:\/\/pagina10.com\/web\/#organization"},"alternateName":"P\u00e1gina10 Peri\u00f3dico Regional","potentialAction":[{"@type":"SearchAction","target":{"@type":"EntryPoint","urlTemplate":"https:\/\/pagina10.com\/web\/?s={search_term_string}"},"query-input":{"@type":"PropertyValueSpecification","valueRequired":true,"valueName":"search_term_string"}}],"inLanguage":"es"},{"@type":"Organization","@id":"https:\/\/pagina10.com\/web\/#organization","name":"P\u00e1gina10","alternateName":"P\u00e1gina10 Peri\u00f3dico Regional","url":"https:\/\/pagina10.com\/web\/","logo":{"@type":"ImageObject","inLanguage":"es","@id":"https:\/\/pagina10.com\/web\/#\/schema\/logo\/image\/","url":"https:\/\/pagina10.com\/web\/wp-content\/uploads\/2024\/01\/40-pagina-10-periodico-regional-pasto.jpg","contentUrl":"https:\/\/pagina10.com\/web\/wp-content\/uploads\/2024\/01\/40-pagina-10-periodico-regional-pasto.jpg","width":1280,"height":720,"caption":"P\u00e1gina10"},"image":{"@id":"https:\/\/pagina10.com\/web\/#\/schema\/logo\/image\/"},"sameAs":["https:\/\/www.facebook.com\/pag10com","https:\/\/x.com\/Pag10com","https:\/\/www.instagram.com\/pagina10col\/","https:\/\/youtube.com\/channel\/pag10","https:\/\/www.tiktok.com\/@p10col"]},{"@type":"Person","@id":"https:\/\/pagina10.com\/web\/#\/schema\/person\/2efc4a090d25b667d3bc796798a3a81b","name":"P\u00e1gina 10","description":"P\u00e1gina 10 es un peri\u00f3dico regional que nace en Colombia, en el departamento de Nari\u00f1o, con un enfoque global, fundamentado en cuatro pilares esenciales: la libertad, el pluralismo, la inclusi\u00f3n y la independencia. P\u00e1gina 10 hace referencia a Nari\u00f1o como el d\u00e9cimo departamento creado en Colombia, despu\u00e9s de un proceso pol\u00edtico liderado por actores y actrices regionales con el fin de obtener la independencia y autonom\u00eda de nuestros territorios. Con la creaci\u00f3n de P\u00e1gina 10 se pretende abrir un escenario para el dialogo, la reflexi\u00f3n y el debate que se extienda a otras geograf\u00edas de Am\u00e9rica Latina y del planeta, en una apuesta por transformar colectivamente los desaf\u00edos de un mundo contempor\u00e1neo, m\u00e1s all\u00e1 de las fronteras impuestas.","url":"https:\/\/pagina10.com\/web\/author\/pdiezadmin\/"}]}},"_links":{"self":[{"href":"https:\/\/pagina10.com\/web\/wp-json\/wp\/v2\/posts\/61761","targetHints":{"allow":["GET"]}}],"collection":[{"href":"https:\/\/pagina10.com\/web\/wp-json\/wp\/v2\/posts"}],"about":[{"href":"https:\/\/pagina10.com\/web\/wp-json\/wp\/v2\/types\/post"}],"author":[{"embeddable":true,"href":"https:\/\/pagina10.com\/web\/wp-json\/wp\/v2\/users\/1"}],"replies":[{"embeddable":true,"href":"https:\/\/pagina10.com\/web\/wp-json\/wp\/v2\/comments?post=61761"}],"version-history":[{"count":1,"href":"https:\/\/pagina10.com\/web\/wp-json\/wp\/v2\/posts\/61761\/revisions"}],"predecessor-version":[{"id":61763,"href":"https:\/\/pagina10.com\/web\/wp-json\/wp\/v2\/posts\/61761\/revisions\/61763"}],"wp:featuredmedia":[{"embeddable":true,"href":"https:\/\/pagina10.com\/web\/wp-json\/wp\/v2\/media\/61762"}],"wp:attachment":[{"href":"https:\/\/pagina10.com\/web\/wp-json\/wp\/v2\/media?parent=61761"}],"wp:term":[{"taxonomy":"category","embeddable":true,"href":"https:\/\/pagina10.com\/web\/wp-json\/wp\/v2\/categories?post=61761"},{"taxonomy":"post_tag","embeddable":true,"href":"https:\/\/pagina10.com\/web\/wp-json\/wp\/v2\/tags?post=61761"}],"curies":[{"name":"wp","href":"https:\/\/api.w.org\/{rel}","templated":true}]}}