{"id":61770,"date":"2022-09-21T13:58:49","date_gmt":"2022-09-21T18:58:49","guid":{"rendered":"https:\/\/pagina10.com\/web\/?p=61770"},"modified":"2022-09-21T13:58:49","modified_gmt":"2022-09-21T18:58:49","slug":"excandidato-presidencial-rodolfo-hernandez-renuncio-al-senado","status":"publish","type":"post","link":"https:\/\/pagina10.com\/web\/excandidato-presidencial-rodolfo-hernandez-renuncio-al-senado\/","title":{"rendered":"Excandidato presidencial Rodolfo Hern\u00e1ndez renunci\u00f3 al Senado"},"content":{"rendered":"<p style=\"text-align: justify;\">El excandidato a la Presidencia de la Rep\u00fablica obtuvo su curul en el Senado luego de sumar m\u00e1s de 10 millones de votos en las pasadas elecciones donde compiti\u00f3 con el mandatario Gustavo Petro. Su decisi\u00f3n de renunciar al Congreso est\u00e1 relacionada con una aspiraci\u00f3n a la Gobernaci\u00f3n de Santander o a la Alcald\u00eda de Bucaramanga.<\/p>\n<p style=\"text-align: justify;\">\u201cCuando decid\u00ed ser candidato a la Presidencia de Colombia, lo hice convencido de que a cargo de nuestro pa\u00eds se requer\u00eda un gerente y no un pol\u00edtico. El pueblo colombiano eligi\u00f3 votar por la otra opci\u00f3n y en ejercicio del derecho de oposici\u00f3n, aceptamos la curul en el Congreso de la Rep\u00fablica.<\/p>\n<p style=\"text-align: justify;\">Mi formaci\u00f3n como ingeniero civil me ha permitido entender que lo m\u00e1s valioso son las acciones y no la habladur\u00eda. Con profundo respeto por la democracia, me siento como se sentir\u00eda \u201cMessi de portero\u201d sin poder brindar toda mi capacidad ejecutiva a los colombianos que demandan verdaderos cambios.<\/p>\n<p style=\"text-align: justify;\">He decidido renunciar a mi curul de Senador, enfocando mi trabajo por el pa\u00eds desde el Partido Liga de Gobernantes Anticorrupci\u00f3n. En los pr\u00f3ximos d\u00edas definir\u00e9 la fecha en la que formalmente presentar\u00e9 el documento ante el Congreso\u201d, escribi\u00f3 el ingeniero en un comunicado difundido a la opini\u00f3n p\u00fablica hace pocos minutos.<\/p>\n","protected":false},"excerpt":{"rendered":"<p>El excandidato a la Presidencia de la Rep\u00fablica obtuvo su curul en el Senado luego de sumar m\u00e1s de 10 millones de votos en las pasadas elecciones donde compiti\u00f3 con el mandatario Gustavo Petro. Su decisi\u00f3n de renunciar al Congreso est\u00e1 relacionada con una aspiraci\u00f3n a la Gobernaci\u00f3n de Santander o a la Alcald\u00eda de [&hellip;]<\/p>\n","protected":false},"author":1,"featured_media":61771,"comment_status":"open","ping_status":"open","sticky":false,"template":"","format":"standard","meta":{"footnotes":""},"categories":[94],"tags":[],"class_list":["post-61770","post","type-post","status-publish","format-standard","has-post-thumbnail","hentry","category-nacional-global-2"],"yoast_head":"<!-- This site is optimized with the Yoast SEO plugin v27.1.1 - https:\/\/yoast.com\/product\/yoast-seo-wordpress\/ -->\n<title>Excandidato presidencial Rodolfo Hern\u00e1ndez renunci\u00f3 al Senado | P\u00e1gina10<\/title>\n<meta name=\"robots\" content=\"index, follow, max-snippet:-1, max-image-preview:large, max-video-preview:-1\" \/>\n<link rel=\"canonical\" href=\"https:\/\/pagina10.com\/web\/excandidato-presidencial-rodolfo-hernandez-renuncio-al-senado\/\" \/>\n<meta property=\"og:locale\" content=\"es_ES\" \/>\n<meta property=\"og:type\" content=\"article\" \/>\n<meta property=\"og:title\" content=\"Excandidato presidencial Rodolfo Hern\u00e1ndez renunci\u00f3 al Senado | P\u00e1gina10\" \/>\n<meta property=\"og:description\" content=\"El excandidato a la Presidencia de la Rep\u00fablica obtuvo su curul en el Senado luego de sumar m\u00e1s de 10 millones de votos en las pasadas elecciones donde compiti\u00f3 con el mandatario Gustavo Petro. Su decisi\u00f3n de renunciar al Congreso est\u00e1 relacionada con una aspiraci\u00f3n a la Gobernaci\u00f3n de Santander o a la Alcald\u00eda de [&hellip;]\" \/>\n<meta property=\"og:url\" content=\"https:\/\/pagina10.com\/web\/excandidato-presidencial-rodolfo-hernandez-renuncio-al-senado\/\" \/>\n<meta property=\"og:site_name\" content=\"P\u00e1gina10\" \/>\n<meta property=\"article:publisher\" content=\"https:\/\/www.facebook.com\/pag10com\" \/>\n<meta property=\"article:published_time\" content=\"2022-09-21T18:58:49+00:00\" \/>\n<meta property=\"og:image\" content=\"https:\/\/pagina10.com\/web\/wp-content\/uploads\/2022\/09\/1653858863_020899_1653858863_noticia_normal.jpg\" \/>\n\t<meta property=\"og:image:width\" content=\"1080\" \/>\n\t<meta property=\"og:image:height\" content=\"625\" \/>\n\t<meta property=\"og:image:type\" content=\"image\/jpeg\" \/>\n<meta name=\"author\" content=\"P\u00e1gina 10\" \/>\n<meta name=\"twitter:card\" content=\"summary_large_image\" \/>\n<meta name=\"twitter:creator\" content=\"@Pag10com\" \/>\n<meta name=\"twitter:site\" content=\"@Pag10com\" \/>\n<meta name=\"twitter:label1\" content=\"Escrito por\" \/>\n\t<meta name=\"twitter:data1\" content=\"P\u00e1gina 10\" \/>\n\t<meta name=\"twitter:label2\" content=\"Tiempo de lectura\" \/>\n\t<meta name=\"twitter:data2\" content=\"1 minuto\" \/>\n<script type=\"application\/ld+json\" class=\"yoast-schema-graph\">{\"@context\":\"https:\/\/schema.org\",\"@graph\":[{\"@type\":\"Article\",\"@id\":\"https:\/\/pagina10.com\/web\/excandidato-presidencial-rodolfo-hernandez-renuncio-al-senado\/#article\",\"isPartOf\":{\"@id\":\"https:\/\/pagina10.com\/web\/excandidato-presidencial-rodolfo-hernandez-renuncio-al-senado\/\"},\"author\":{\"name\":\"P\u00e1gina 10\",\"@id\":\"https:\/\/pagina10.com\/web\/#\/schema\/person\/2efc4a090d25b667d3bc796798a3a81b\"},\"headline\":\"Excandidato presidencial Rodolfo Hern\u00e1ndez renunci\u00f3 al Senado\",\"datePublished\":\"2022-09-21T18:58:49+00:00\",\"mainEntityOfPage\":{\"@id\":\"https:\/\/pagina10.com\/web\/excandidato-presidencial-rodolfo-hernandez-renuncio-al-senado\/\"},\"wordCount\":237,\"commentCount\":0,\"publisher\":{\"@id\":\"https:\/\/pagina10.com\/web\/#organization\"},\"image\":{\"@id\":\"https:\/\/pagina10.com\/web\/excandidato-presidencial-rodolfo-hernandez-renuncio-al-senado\/#primaryimage\"},\"thumbnailUrl\":\"https:\/\/pagina10.com\/web\/wp-content\/uploads\/2022\/09\/1653858863_020899_1653858863_noticia_normal.jpg\",\"articleSection\":[\"Nacional\"],\"inLanguage\":\"es\",\"potentialAction\":[{\"@type\":\"CommentAction\",\"name\":\"Comment\",\"target\":[\"https:\/\/pagina10.com\/web\/excandidato-presidencial-rodolfo-hernandez-renuncio-al-senado\/#respond\"]}]},{\"@type\":\"WebPage\",\"@id\":\"https:\/\/pagina10.com\/web\/excandidato-presidencial-rodolfo-hernandez-renuncio-al-senado\/\",\"url\":\"https:\/\/pagina10.com\/web\/excandidato-presidencial-rodolfo-hernandez-renuncio-al-senado\/\",\"name\":\"Excandidato presidencial Rodolfo Hern\u00e1ndez renunci\u00f3 al Senado | P\u00e1gina10\",\"isPartOf\":{\"@id\":\"https:\/\/pagina10.com\/web\/#website\"},\"primaryImageOfPage\":{\"@id\":\"https:\/\/pagina10.com\/web\/excandidato-presidencial-rodolfo-hernandez-renuncio-al-senado\/#primaryimage\"},\"image\":{\"@id\":\"https:\/\/pagina10.com\/web\/excandidato-presidencial-rodolfo-hernandez-renuncio-al-senado\/#primaryimage\"},\"thumbnailUrl\":\"https:\/\/pagina10.com\/web\/wp-content\/uploads\/2022\/09\/1653858863_020899_1653858863_noticia_normal.jpg\",\"datePublished\":\"2022-09-21T18:58:49+00:00\",\"breadcrumb\":{\"@id\":\"https:\/\/pagina10.com\/web\/excandidato-presidencial-rodolfo-hernandez-renuncio-al-senado\/#breadcrumb\"},\"inLanguage\":\"es\",\"potentialAction\":[{\"@type\":\"ReadAction\",\"target\":[\"https:\/\/pagina10.com\/web\/excandidato-presidencial-rodolfo-hernandez-renuncio-al-senado\/\"]}]},{\"@type\":\"ImageObject\",\"inLanguage\":\"es\",\"@id\":\"https:\/\/pagina10.com\/web\/excandidato-presidencial-rodolfo-hernandez-renuncio-al-senado\/#primaryimage\",\"url\":\"https:\/\/pagina10.com\/web\/wp-content\/uploads\/2022\/09\/1653858863_020899_1653858863_noticia_normal.jpg\",\"contentUrl\":\"https:\/\/pagina10.com\/web\/wp-content\/uploads\/2022\/09\/1653858863_020899_1653858863_noticia_normal.jpg\",\"width\":1080,\"height\":625},{\"@type\":\"BreadcrumbList\",\"@id\":\"https:\/\/pagina10.com\/web\/excandidato-presidencial-rodolfo-hernandez-renuncio-al-senado\/#breadcrumb\",\"itemListElement\":[{\"@type\":\"ListItem\",\"position\":1,\"name\":\"Portada\",\"item\":\"https:\/\/pagina10.com\/web\/\"},{\"@type\":\"ListItem\",\"position\":2,\"name\":\"Excandidato presidencial Rodolfo Hern\u00e1ndez renunci\u00f3 al Senado\"}]},{\"@type\":\"WebSite\",\"@id\":\"https:\/\/pagina10.com\/web\/#website\",\"url\":\"https:\/\/pagina10.com\/web\/\",\"name\":\"P\u00e1gina10\",\"description\":\"Peri\u00f3dico Regional\",\"publisher\":{\"@id\":\"https:\/\/pagina10.com\/web\/#organization\"},\"alternateName\":\"P\u00e1gina10 Peri\u00f3dico Regional\",\"potentialAction\":[{\"@type\":\"SearchAction\",\"target\":{\"@type\":\"EntryPoint\",\"urlTemplate\":\"https:\/\/pagina10.com\/web\/?s={search_term_string}\"},\"query-input\":{\"@type\":\"PropertyValueSpecification\",\"valueRequired\":true,\"valueName\":\"search_term_string\"}}],\"inLanguage\":\"es\"},{\"@type\":\"Organization\",\"@id\":\"https:\/\/pagina10.com\/web\/#organization\",\"name\":\"P\u00e1gina10\",\"alternateName\":\"P\u00e1gina10 Peri\u00f3dico Regional\",\"url\":\"https:\/\/pagina10.com\/web\/\",\"logo\":{\"@type\":\"ImageObject\",\"inLanguage\":\"es\",\"@id\":\"https:\/\/pagina10.com\/web\/#\/schema\/logo\/image\/\",\"url\":\"https:\/\/pagina10.com\/web\/wp-content\/uploads\/2024\/01\/40-pagina-10-periodico-regional-pasto.jpg\",\"contentUrl\":\"https:\/\/pagina10.com\/web\/wp-content\/uploads\/2024\/01\/40-pagina-10-periodico-regional-pasto.jpg\",\"width\":1280,\"height\":720,\"caption\":\"P\u00e1gina10\"},\"image\":{\"@id\":\"https:\/\/pagina10.com\/web\/#\/schema\/logo\/image\/\"},\"sameAs\":[\"https:\/\/www.facebook.com\/pag10com\",\"https:\/\/x.com\/Pag10com\",\"https:\/\/www.instagram.com\/pagina10col\/\",\"https:\/\/youtube.com\/channel\/pag10\",\"https:\/\/www.tiktok.com\/@p10col\"]},{\"@type\":\"Person\",\"@id\":\"https:\/\/pagina10.com\/web\/#\/schema\/person\/2efc4a090d25b667d3bc796798a3a81b\",\"name\":\"P\u00e1gina 10\",\"description\":\"P\u00e1gina 10 es un peri\u00f3dico regional que nace en Colombia, en el departamento de Nari\u00f1o, con un enfoque global, fundamentado en cuatro pilares esenciales: la libertad, el pluralismo, la inclusi\u00f3n y la independencia. P\u00e1gina 10 hace referencia a Nari\u00f1o como el d\u00e9cimo departamento creado en Colombia, despu\u00e9s de un proceso pol\u00edtico liderado por actores y actrices regionales con el fin de obtener la independencia y autonom\u00eda de nuestros territorios. Con la creaci\u00f3n de P\u00e1gina 10 se pretende abrir un escenario para el dialogo, la reflexi\u00f3n y el debate que se extienda a otras geograf\u00edas de Am\u00e9rica Latina y del planeta, en una apuesta por transformar colectivamente los desaf\u00edos de un mundo contempor\u00e1neo, m\u00e1s all\u00e1 de las fronteras impuestas.\",\"url\":\"https:\/\/pagina10.com\/web\/author\/pdiezadmin\/\"}]}<\/script>\n<!-- \/ Yoast SEO plugin. -->","yoast_head_json":{"title":"Excandidato presidencial Rodolfo Hern\u00e1ndez renunci\u00f3 al Senado | P\u00e1gina10","robots":{"index":"index","follow":"follow","max-snippet":"max-snippet:-1","max-image-preview":"max-image-preview:large","max-video-preview":"max-video-preview:-1"},"canonical":"https:\/\/pagina10.com\/web\/excandidato-presidencial-rodolfo-hernandez-renuncio-al-senado\/","og_locale":"es_ES","og_type":"article","og_title":"Excandidato presidencial Rodolfo Hern\u00e1ndez renunci\u00f3 al Senado | P\u00e1gina10","og_description":"El excandidato a la Presidencia de la Rep\u00fablica obtuvo su curul en el Senado luego de sumar m\u00e1s de 10 millones de votos en las pasadas elecciones donde compiti\u00f3 con el mandatario Gustavo Petro. Su decisi\u00f3n de renunciar al Congreso est\u00e1 relacionada con una aspiraci\u00f3n a la Gobernaci\u00f3n de Santander o a la Alcald\u00eda de [&hellip;]","og_url":"https:\/\/pagina10.com\/web\/excandidato-presidencial-rodolfo-hernandez-renuncio-al-senado\/","og_site_name":"P\u00e1gina10","article_publisher":"https:\/\/www.facebook.com\/pag10com","article_published_time":"2022-09-21T18:58:49+00:00","og_image":[{"width":1080,"height":625,"url":"https:\/\/pagina10.com\/web\/wp-content\/uploads\/2022\/09\/1653858863_020899_1653858863_noticia_normal.jpg","type":"image\/jpeg"}],"author":"P\u00e1gina 10","twitter_card":"summary_large_image","twitter_creator":"@Pag10com","twitter_site":"@Pag10com","twitter_misc":{"Escrito por":"P\u00e1gina 10","Tiempo de lectura":"1 minuto"},"schema":{"@context":"https:\/\/schema.org","@graph":[{"@type":"Article","@id":"https:\/\/pagina10.com\/web\/excandidato-presidencial-rodolfo-hernandez-renuncio-al-senado\/#article","isPartOf":{"@id":"https:\/\/pagina10.com\/web\/excandidato-presidencial-rodolfo-hernandez-renuncio-al-senado\/"},"author":{"name":"P\u00e1gina 10","@id":"https:\/\/pagina10.com\/web\/#\/schema\/person\/2efc4a090d25b667d3bc796798a3a81b"},"headline":"Excandidato presidencial Rodolfo Hern\u00e1ndez renunci\u00f3 al Senado","datePublished":"2022-09-21T18:58:49+00:00","mainEntityOfPage":{"@id":"https:\/\/pagina10.com\/web\/excandidato-presidencial-rodolfo-hernandez-renuncio-al-senado\/"},"wordCount":237,"commentCount":0,"publisher":{"@id":"https:\/\/pagina10.com\/web\/#organization"},"image":{"@id":"https:\/\/pagina10.com\/web\/excandidato-presidencial-rodolfo-hernandez-renuncio-al-senado\/#primaryimage"},"thumbnailUrl":"https:\/\/pagina10.com\/web\/wp-content\/uploads\/2022\/09\/1653858863_020899_1653858863_noticia_normal.jpg","articleSection":["Nacional"],"inLanguage":"es","potentialAction":[{"@type":"CommentAction","name":"Comment","target":["https:\/\/pagina10.com\/web\/excandidato-presidencial-rodolfo-hernandez-renuncio-al-senado\/#respond"]}]},{"@type":"WebPage","@id":"https:\/\/pagina10.com\/web\/excandidato-presidencial-rodolfo-hernandez-renuncio-al-senado\/","url":"https:\/\/pagina10.com\/web\/excandidato-presidencial-rodolfo-hernandez-renuncio-al-senado\/","name":"Excandidato presidencial Rodolfo Hern\u00e1ndez renunci\u00f3 al Senado | P\u00e1gina10","isPartOf":{"@id":"https:\/\/pagina10.com\/web\/#website"},"primaryImageOfPage":{"@id":"https:\/\/pagina10.com\/web\/excandidato-presidencial-rodolfo-hernandez-renuncio-al-senado\/#primaryimage"},"image":{"@id":"https:\/\/pagina10.com\/web\/excandidato-presidencial-rodolfo-hernandez-renuncio-al-senado\/#primaryimage"},"thumbnailUrl":"https:\/\/pagina10.com\/web\/wp-content\/uploads\/2022\/09\/1653858863_020899_1653858863_noticia_normal.jpg","datePublished":"2022-09-21T18:58:49+00:00","breadcrumb":{"@id":"https:\/\/pagina10.com\/web\/excandidato-presidencial-rodolfo-hernandez-renuncio-al-senado\/#breadcrumb"},"inLanguage":"es","potentialAction":[{"@type":"ReadAction","target":["https:\/\/pagina10.com\/web\/excandidato-presidencial-rodolfo-hernandez-renuncio-al-senado\/"]}]},{"@type":"ImageObject","inLanguage":"es","@id":"https:\/\/pagina10.com\/web\/excandidato-presidencial-rodolfo-hernandez-renuncio-al-senado\/#primaryimage","url":"https:\/\/pagina10.com\/web\/wp-content\/uploads\/2022\/09\/1653858863_020899_1653858863_noticia_normal.jpg","contentUrl":"https:\/\/pagina10.com\/web\/wp-content\/uploads\/2022\/09\/1653858863_020899_1653858863_noticia_normal.jpg","width":1080,"height":625},{"@type":"BreadcrumbList","@id":"https:\/\/pagina10.com\/web\/excandidato-presidencial-rodolfo-hernandez-renuncio-al-senado\/#breadcrumb","itemListElement":[{"@type":"ListItem","position":1,"name":"Portada","item":"https:\/\/pagina10.com\/web\/"},{"@type":"ListItem","position":2,"name":"Excandidato presidencial Rodolfo Hern\u00e1ndez renunci\u00f3 al Senado"}]},{"@type":"WebSite","@id":"https:\/\/pagina10.com\/web\/#website","url":"https:\/\/pagina10.com\/web\/","name":"P\u00e1gina10","description":"Peri\u00f3dico Regional","publisher":{"@id":"https:\/\/pagina10.com\/web\/#organization"},"alternateName":"P\u00e1gina10 Peri\u00f3dico Regional","potentialAction":[{"@type":"SearchAction","target":{"@type":"EntryPoint","urlTemplate":"https:\/\/pagina10.com\/web\/?s={search_term_string}"},"query-input":{"@type":"PropertyValueSpecification","valueRequired":true,"valueName":"search_term_string"}}],"inLanguage":"es"},{"@type":"Organization","@id":"https:\/\/pagina10.com\/web\/#organization","name":"P\u00e1gina10","alternateName":"P\u00e1gina10 Peri\u00f3dico Regional","url":"https:\/\/pagina10.com\/web\/","logo":{"@type":"ImageObject","inLanguage":"es","@id":"https:\/\/pagina10.com\/web\/#\/schema\/logo\/image\/","url":"https:\/\/pagina10.com\/web\/wp-content\/uploads\/2024\/01\/40-pagina-10-periodico-regional-pasto.jpg","contentUrl":"https:\/\/pagina10.com\/web\/wp-content\/uploads\/2024\/01\/40-pagina-10-periodico-regional-pasto.jpg","width":1280,"height":720,"caption":"P\u00e1gina10"},"image":{"@id":"https:\/\/pagina10.com\/web\/#\/schema\/logo\/image\/"},"sameAs":["https:\/\/www.facebook.com\/pag10com","https:\/\/x.com\/Pag10com","https:\/\/www.instagram.com\/pagina10col\/","https:\/\/youtube.com\/channel\/pag10","https:\/\/www.tiktok.com\/@p10col"]},{"@type":"Person","@id":"https:\/\/pagina10.com\/web\/#\/schema\/person\/2efc4a090d25b667d3bc796798a3a81b","name":"P\u00e1gina 10","description":"P\u00e1gina 10 es un peri\u00f3dico regional que nace en Colombia, en el departamento de Nari\u00f1o, con un enfoque global, fundamentado en cuatro pilares esenciales: la libertad, el pluralismo, la inclusi\u00f3n y la independencia. P\u00e1gina 10 hace referencia a Nari\u00f1o como el d\u00e9cimo departamento creado en Colombia, despu\u00e9s de un proceso pol\u00edtico liderado por actores y actrices regionales con el fin de obtener la independencia y autonom\u00eda de nuestros territorios. Con la creaci\u00f3n de P\u00e1gina 10 se pretende abrir un escenario para el dialogo, la reflexi\u00f3n y el debate que se extienda a otras geograf\u00edas de Am\u00e9rica Latina y del planeta, en una apuesta por transformar colectivamente los desaf\u00edos de un mundo contempor\u00e1neo, m\u00e1s all\u00e1 de las fronteras impuestas.","url":"https:\/\/pagina10.com\/web\/author\/pdiezadmin\/"}]}},"_links":{"self":[{"href":"https:\/\/pagina10.com\/web\/wp-json\/wp\/v2\/posts\/61770","targetHints":{"allow":["GET"]}}],"collection":[{"href":"https:\/\/pagina10.com\/web\/wp-json\/wp\/v2\/posts"}],"about":[{"href":"https:\/\/pagina10.com\/web\/wp-json\/wp\/v2\/types\/post"}],"author":[{"embeddable":true,"href":"https:\/\/pagina10.com\/web\/wp-json\/wp\/v2\/users\/1"}],"replies":[{"embeddable":true,"href":"https:\/\/pagina10.com\/web\/wp-json\/wp\/v2\/comments?post=61770"}],"version-history":[{"count":1,"href":"https:\/\/pagina10.com\/web\/wp-json\/wp\/v2\/posts\/61770\/revisions"}],"predecessor-version":[{"id":61772,"href":"https:\/\/pagina10.com\/web\/wp-json\/wp\/v2\/posts\/61770\/revisions\/61772"}],"wp:featuredmedia":[{"embeddable":true,"href":"https:\/\/pagina10.com\/web\/wp-json\/wp\/v2\/media\/61771"}],"wp:attachment":[{"href":"https:\/\/pagina10.com\/web\/wp-json\/wp\/v2\/media?parent=61770"}],"wp:term":[{"taxonomy":"category","embeddable":true,"href":"https:\/\/pagina10.com\/web\/wp-json\/wp\/v2\/categories?post=61770"},{"taxonomy":"post_tag","embeddable":true,"href":"https:\/\/pagina10.com\/web\/wp-json\/wp\/v2\/tags?post=61770"}],"curies":[{"name":"wp","href":"https:\/\/api.w.org\/{rel}","templated":true}]}}