{"id":61787,"date":"2022-09-23T18:18:28","date_gmt":"2022-09-23T23:18:28","guid":{"rendered":"https:\/\/pagina10.com\/web\/?p=61787"},"modified":"2022-09-23T18:18:28","modified_gmt":"2022-09-23T23:18:28","slug":"no-cesan-las-amenazas-contra-politicos-narinenses-esta-vez-la-victima-fue-el-alcalde-de-puerres","status":"publish","type":"post","link":"https:\/\/pagina10.com\/web\/no-cesan-las-amenazas-contra-politicos-narinenses-esta-vez-la-victima-fue-el-alcalde-de-puerres\/","title":{"rendered":"No cesan las amenazas contra pol\u00edticos nari\u00f1enses, esta vez la v\u00edctima fue el alcalde de Puerres"},"content":{"rendered":"<p style=\"text-align: justify;\">Un comunicado difamatorio con logos del Pacto Hist\u00f3rico y de la Asociaci\u00f3n de Camioneros de Colombia difundido en redes sociales, adem\u00e1s de varios panfletos amenazantes, fue lo que intranquiliz\u00f3 al alcalde del municipio de Puerres Albeiro Ortiz, durante los \u00faltimos d\u00edas.<\/p>\n<p style=\"text-align: justify;\">Sobre lo ocurrido el mandatario expres\u00f3: \u201cDe manera inmediata y solidaria las directivas del Pacto Hist\u00f3rico Puerres se pronunciaron negando su participaci\u00f3n y rechazando estos actos delictivos, en igual sentido se manifestaron las directivas de la ACC del cual su presidente Andr\u00e9s Charfuelan se comunic\u00f3 v\u00eda telef\u00f3nica para brindar total respaldo y solidaridad ante estos hechos lamentables\u201d.<\/p>\n<p style=\"text-align: justify;\">As\u00ed mismo, Ortiz indic\u00f3 que present\u00f3 la correspondiente denuncia ante la Fiscal\u00eda que de inmediato \u201cha realizado las investigaciones que permitir\u00e1n identificar e individualizar a los presuntos responsables de la comisi\u00f3n de delitos por cuenta de estos hechos\u201d.<\/p>\n<p style=\"text-align: justify;\">Finalmente, el alcalde agradeci\u00f3 las manifestaciones de solidaridad de la comunidad y el apoyo de la Polic\u00eda y Militares; \u201clas autoridades competentes informar\u00e1n cuando se tengan resultados de las investigaciones, que dar\u00e1n cuenta de quienes son los que est\u00e1n detr\u00e1s de estos hechos cobardes de intimidaci\u00f3n\u201d, concluy\u00f3.<\/p>\n","protected":false},"excerpt":{"rendered":"<p>Un comunicado difamatorio con logos del Pacto Hist\u00f3rico y de la Asociaci\u00f3n de Camioneros de Colombia difundido en redes sociales, adem\u00e1s de varios panfletos amenazantes, fue lo que intranquiliz\u00f3 al alcalde del municipio de Puerres Albeiro Ortiz, durante los \u00faltimos d\u00edas. Sobre lo ocurrido el mandatario expres\u00f3: \u201cDe manera inmediata y solidaria las directivas del [&hellip;]<\/p>\n","protected":false},"author":1,"featured_media":61788,"comment_status":"open","ping_status":"open","sticky":false,"template":"","format":"standard","meta":{"footnotes":""},"categories":[61],"tags":[],"class_list":["post-61787","post","type-post","status-publish","format-standard","has-post-thumbnail","hentry","category-judicial"],"yoast_head":"<!-- This site is optimized with the Yoast SEO plugin v27.1.1 - https:\/\/yoast.com\/product\/yoast-seo-wordpress\/ -->\n<title>No cesan las amenazas contra pol\u00edticos nari\u00f1enses, esta vez la v\u00edctima fue el alcalde de Puerres | P\u00e1gina10<\/title>\n<meta name=\"robots\" content=\"index, follow, max-snippet:-1, max-image-preview:large, max-video-preview:-1\" \/>\n<link rel=\"canonical\" href=\"https:\/\/pagina10.com\/web\/no-cesan-las-amenazas-contra-politicos-narinenses-esta-vez-la-victima-fue-el-alcalde-de-puerres\/\" \/>\n<meta property=\"og:locale\" content=\"es_ES\" \/>\n<meta property=\"og:type\" content=\"article\" \/>\n<meta property=\"og:title\" content=\"No cesan las amenazas contra pol\u00edticos nari\u00f1enses, esta vez la v\u00edctima fue el alcalde de Puerres | P\u00e1gina10\" \/>\n<meta property=\"og:description\" content=\"Un comunicado difamatorio con logos del Pacto Hist\u00f3rico y de la Asociaci\u00f3n de Camioneros de Colombia difundido en redes sociales, adem\u00e1s de varios panfletos amenazantes, fue lo que intranquiliz\u00f3 al alcalde del municipio de Puerres Albeiro Ortiz, durante los \u00faltimos d\u00edas. Sobre lo ocurrido el mandatario expres\u00f3: \u201cDe manera inmediata y solidaria las directivas del [&hellip;]\" \/>\n<meta property=\"og:url\" content=\"https:\/\/pagina10.com\/web\/no-cesan-las-amenazas-contra-politicos-narinenses-esta-vez-la-victima-fue-el-alcalde-de-puerres\/\" \/>\n<meta property=\"og:site_name\" content=\"P\u00e1gina10\" \/>\n<meta property=\"article:publisher\" content=\"https:\/\/www.facebook.com\/pag10com\" \/>\n<meta property=\"article:published_time\" content=\"2022-09-23T23:18:28+00:00\" \/>\n<meta property=\"og:image\" content=\"https:\/\/pagina10.com\/web\/wp-content\/uploads\/2022\/09\/276045473_351181533688264_4824229058841282990_n-01-1.jpg\" \/>\n\t<meta property=\"og:image:width\" content=\"2278\" \/>\n\t<meta property=\"og:image:height\" content=\"1153\" \/>\n\t<meta property=\"og:image:type\" content=\"image\/jpeg\" \/>\n<meta name=\"author\" content=\"P\u00e1gina 10\" \/>\n<meta name=\"twitter:card\" content=\"summary_large_image\" \/>\n<meta name=\"twitter:creator\" content=\"@Pag10com\" \/>\n<meta name=\"twitter:site\" content=\"@Pag10com\" \/>\n<meta name=\"twitter:label1\" content=\"Escrito por\" \/>\n\t<meta name=\"twitter:data1\" content=\"P\u00e1gina 10\" \/>\n\t<meta name=\"twitter:label2\" content=\"Tiempo de lectura\" \/>\n\t<meta name=\"twitter:data2\" content=\"1 minuto\" \/>\n<script type=\"application\/ld+json\" class=\"yoast-schema-graph\">{\"@context\":\"https:\/\/schema.org\",\"@graph\":[{\"@type\":\"Article\",\"@id\":\"https:\/\/pagina10.com\/web\/no-cesan-las-amenazas-contra-politicos-narinenses-esta-vez-la-victima-fue-el-alcalde-de-puerres\/#article\",\"isPartOf\":{\"@id\":\"https:\/\/pagina10.com\/web\/no-cesan-las-amenazas-contra-politicos-narinenses-esta-vez-la-victima-fue-el-alcalde-de-puerres\/\"},\"author\":{\"name\":\"P\u00e1gina 10\",\"@id\":\"https:\/\/pagina10.com\/web\/#\/schema\/person\/2efc4a090d25b667d3bc796798a3a81b\"},\"headline\":\"No cesan las amenazas contra pol\u00edticos nari\u00f1enses, esta vez la v\u00edctima fue el alcalde de Puerres\",\"datePublished\":\"2022-09-23T23:18:28+00:00\",\"mainEntityOfPage\":{\"@id\":\"https:\/\/pagina10.com\/web\/no-cesan-las-amenazas-contra-politicos-narinenses-esta-vez-la-victima-fue-el-alcalde-de-puerres\/\"},\"wordCount\":220,\"commentCount\":0,\"publisher\":{\"@id\":\"https:\/\/pagina10.com\/web\/#organization\"},\"image\":{\"@id\":\"https:\/\/pagina10.com\/web\/no-cesan-las-amenazas-contra-politicos-narinenses-esta-vez-la-victima-fue-el-alcalde-de-puerres\/#primaryimage\"},\"thumbnailUrl\":\"https:\/\/pagina10.com\/web\/wp-content\/uploads\/2022\/09\/276045473_351181533688264_4824229058841282990_n-01-1.jpg\",\"articleSection\":[\"Judicial\"],\"inLanguage\":\"es\",\"potentialAction\":[{\"@type\":\"CommentAction\",\"name\":\"Comment\",\"target\":[\"https:\/\/pagina10.com\/web\/no-cesan-las-amenazas-contra-politicos-narinenses-esta-vez-la-victima-fue-el-alcalde-de-puerres\/#respond\"]}]},{\"@type\":\"WebPage\",\"@id\":\"https:\/\/pagina10.com\/web\/no-cesan-las-amenazas-contra-politicos-narinenses-esta-vez-la-victima-fue-el-alcalde-de-puerres\/\",\"url\":\"https:\/\/pagina10.com\/web\/no-cesan-las-amenazas-contra-politicos-narinenses-esta-vez-la-victima-fue-el-alcalde-de-puerres\/\",\"name\":\"No cesan las amenazas contra pol\u00edticos nari\u00f1enses, esta vez la v\u00edctima fue el alcalde de Puerres | P\u00e1gina10\",\"isPartOf\":{\"@id\":\"https:\/\/pagina10.com\/web\/#website\"},\"primaryImageOfPage\":{\"@id\":\"https:\/\/pagina10.com\/web\/no-cesan-las-amenazas-contra-politicos-narinenses-esta-vez-la-victima-fue-el-alcalde-de-puerres\/#primaryimage\"},\"image\":{\"@id\":\"https:\/\/pagina10.com\/web\/no-cesan-las-amenazas-contra-politicos-narinenses-esta-vez-la-victima-fue-el-alcalde-de-puerres\/#primaryimage\"},\"thumbnailUrl\":\"https:\/\/pagina10.com\/web\/wp-content\/uploads\/2022\/09\/276045473_351181533688264_4824229058841282990_n-01-1.jpg\",\"datePublished\":\"2022-09-23T23:18:28+00:00\",\"breadcrumb\":{\"@id\":\"https:\/\/pagina10.com\/web\/no-cesan-las-amenazas-contra-politicos-narinenses-esta-vez-la-victima-fue-el-alcalde-de-puerres\/#breadcrumb\"},\"inLanguage\":\"es\",\"potentialAction\":[{\"@type\":\"ReadAction\",\"target\":[\"https:\/\/pagina10.com\/web\/no-cesan-las-amenazas-contra-politicos-narinenses-esta-vez-la-victima-fue-el-alcalde-de-puerres\/\"]}]},{\"@type\":\"ImageObject\",\"inLanguage\":\"es\",\"@id\":\"https:\/\/pagina10.com\/web\/no-cesan-las-amenazas-contra-politicos-narinenses-esta-vez-la-victima-fue-el-alcalde-de-puerres\/#primaryimage\",\"url\":\"https:\/\/pagina10.com\/web\/wp-content\/uploads\/2022\/09\/276045473_351181533688264_4824229058841282990_n-01-1.jpg\",\"contentUrl\":\"https:\/\/pagina10.com\/web\/wp-content\/uploads\/2022\/09\/276045473_351181533688264_4824229058841282990_n-01-1.jpg\",\"width\":2278,\"height\":1153},{\"@type\":\"BreadcrumbList\",\"@id\":\"https:\/\/pagina10.com\/web\/no-cesan-las-amenazas-contra-politicos-narinenses-esta-vez-la-victima-fue-el-alcalde-de-puerres\/#breadcrumb\",\"itemListElement\":[{\"@type\":\"ListItem\",\"position\":1,\"name\":\"Portada\",\"item\":\"https:\/\/pagina10.com\/web\/\"},{\"@type\":\"ListItem\",\"position\":2,\"name\":\"No cesan las amenazas contra pol\u00edticos nari\u00f1enses, esta vez la v\u00edctima fue el alcalde de Puerres\"}]},{\"@type\":\"WebSite\",\"@id\":\"https:\/\/pagina10.com\/web\/#website\",\"url\":\"https:\/\/pagina10.com\/web\/\",\"name\":\"P\u00e1gina10\",\"description\":\"Peri\u00f3dico Regional\",\"publisher\":{\"@id\":\"https:\/\/pagina10.com\/web\/#organization\"},\"alternateName\":\"P\u00e1gina10 Peri\u00f3dico Regional\",\"potentialAction\":[{\"@type\":\"SearchAction\",\"target\":{\"@type\":\"EntryPoint\",\"urlTemplate\":\"https:\/\/pagina10.com\/web\/?s={search_term_string}\"},\"query-input\":{\"@type\":\"PropertyValueSpecification\",\"valueRequired\":true,\"valueName\":\"search_term_string\"}}],\"inLanguage\":\"es\"},{\"@type\":\"Organization\",\"@id\":\"https:\/\/pagina10.com\/web\/#organization\",\"name\":\"P\u00e1gina10\",\"alternateName\":\"P\u00e1gina10 Peri\u00f3dico Regional\",\"url\":\"https:\/\/pagina10.com\/web\/\",\"logo\":{\"@type\":\"ImageObject\",\"inLanguage\":\"es\",\"@id\":\"https:\/\/pagina10.com\/web\/#\/schema\/logo\/image\/\",\"url\":\"https:\/\/pagina10.com\/web\/wp-content\/uploads\/2024\/01\/40-pagina-10-periodico-regional-pasto.jpg\",\"contentUrl\":\"https:\/\/pagina10.com\/web\/wp-content\/uploads\/2024\/01\/40-pagina-10-periodico-regional-pasto.jpg\",\"width\":1280,\"height\":720,\"caption\":\"P\u00e1gina10\"},\"image\":{\"@id\":\"https:\/\/pagina10.com\/web\/#\/schema\/logo\/image\/\"},\"sameAs\":[\"https:\/\/www.facebook.com\/pag10com\",\"https:\/\/x.com\/Pag10com\",\"https:\/\/www.instagram.com\/pagina10col\/\",\"https:\/\/youtube.com\/channel\/pag10\",\"https:\/\/www.tiktok.com\/@p10col\"]},{\"@type\":\"Person\",\"@id\":\"https:\/\/pagina10.com\/web\/#\/schema\/person\/2efc4a090d25b667d3bc796798a3a81b\",\"name\":\"P\u00e1gina 10\",\"description\":\"P\u00e1gina 10 es un peri\u00f3dico regional que nace en Colombia, en el departamento de Nari\u00f1o, con un enfoque global, fundamentado en cuatro pilares esenciales: la libertad, el pluralismo, la inclusi\u00f3n y la independencia. P\u00e1gina 10 hace referencia a Nari\u00f1o como el d\u00e9cimo departamento creado en Colombia, despu\u00e9s de un proceso pol\u00edtico liderado por actores y actrices regionales con el fin de obtener la independencia y autonom\u00eda de nuestros territorios. Con la creaci\u00f3n de P\u00e1gina 10 se pretende abrir un escenario para el dialogo, la reflexi\u00f3n y el debate que se extienda a otras geograf\u00edas de Am\u00e9rica Latina y del planeta, en una apuesta por transformar colectivamente los desaf\u00edos de un mundo contempor\u00e1neo, m\u00e1s all\u00e1 de las fronteras impuestas.\",\"url\":\"https:\/\/pagina10.com\/web\/author\/pdiezadmin\/\"}]}<\/script>\n<!-- \/ Yoast SEO plugin. -->","yoast_head_json":{"title":"No cesan las amenazas contra pol\u00edticos nari\u00f1enses, esta vez la v\u00edctima fue el alcalde de Puerres | P\u00e1gina10","robots":{"index":"index","follow":"follow","max-snippet":"max-snippet:-1","max-image-preview":"max-image-preview:large","max-video-preview":"max-video-preview:-1"},"canonical":"https:\/\/pagina10.com\/web\/no-cesan-las-amenazas-contra-politicos-narinenses-esta-vez-la-victima-fue-el-alcalde-de-puerres\/","og_locale":"es_ES","og_type":"article","og_title":"No cesan las amenazas contra pol\u00edticos nari\u00f1enses, esta vez la v\u00edctima fue el alcalde de Puerres | P\u00e1gina10","og_description":"Un comunicado difamatorio con logos del Pacto Hist\u00f3rico y de la Asociaci\u00f3n de Camioneros de Colombia difundido en redes sociales, adem\u00e1s de varios panfletos amenazantes, fue lo que intranquiliz\u00f3 al alcalde del municipio de Puerres Albeiro Ortiz, durante los \u00faltimos d\u00edas. Sobre lo ocurrido el mandatario expres\u00f3: \u201cDe manera inmediata y solidaria las directivas del [&hellip;]","og_url":"https:\/\/pagina10.com\/web\/no-cesan-las-amenazas-contra-politicos-narinenses-esta-vez-la-victima-fue-el-alcalde-de-puerres\/","og_site_name":"P\u00e1gina10","article_publisher":"https:\/\/www.facebook.com\/pag10com","article_published_time":"2022-09-23T23:18:28+00:00","og_image":[{"width":2278,"height":1153,"url":"https:\/\/pagina10.com\/web\/wp-content\/uploads\/2022\/09\/276045473_351181533688264_4824229058841282990_n-01-1.jpg","type":"image\/jpeg"}],"author":"P\u00e1gina 10","twitter_card":"summary_large_image","twitter_creator":"@Pag10com","twitter_site":"@Pag10com","twitter_misc":{"Escrito por":"P\u00e1gina 10","Tiempo de lectura":"1 minuto"},"schema":{"@context":"https:\/\/schema.org","@graph":[{"@type":"Article","@id":"https:\/\/pagina10.com\/web\/no-cesan-las-amenazas-contra-politicos-narinenses-esta-vez-la-victima-fue-el-alcalde-de-puerres\/#article","isPartOf":{"@id":"https:\/\/pagina10.com\/web\/no-cesan-las-amenazas-contra-politicos-narinenses-esta-vez-la-victima-fue-el-alcalde-de-puerres\/"},"author":{"name":"P\u00e1gina 10","@id":"https:\/\/pagina10.com\/web\/#\/schema\/person\/2efc4a090d25b667d3bc796798a3a81b"},"headline":"No cesan las amenazas contra pol\u00edticos nari\u00f1enses, esta vez la v\u00edctima fue el alcalde de Puerres","datePublished":"2022-09-23T23:18:28+00:00","mainEntityOfPage":{"@id":"https:\/\/pagina10.com\/web\/no-cesan-las-amenazas-contra-politicos-narinenses-esta-vez-la-victima-fue-el-alcalde-de-puerres\/"},"wordCount":220,"commentCount":0,"publisher":{"@id":"https:\/\/pagina10.com\/web\/#organization"},"image":{"@id":"https:\/\/pagina10.com\/web\/no-cesan-las-amenazas-contra-politicos-narinenses-esta-vez-la-victima-fue-el-alcalde-de-puerres\/#primaryimage"},"thumbnailUrl":"https:\/\/pagina10.com\/web\/wp-content\/uploads\/2022\/09\/276045473_351181533688264_4824229058841282990_n-01-1.jpg","articleSection":["Judicial"],"inLanguage":"es","potentialAction":[{"@type":"CommentAction","name":"Comment","target":["https:\/\/pagina10.com\/web\/no-cesan-las-amenazas-contra-politicos-narinenses-esta-vez-la-victima-fue-el-alcalde-de-puerres\/#respond"]}]},{"@type":"WebPage","@id":"https:\/\/pagina10.com\/web\/no-cesan-las-amenazas-contra-politicos-narinenses-esta-vez-la-victima-fue-el-alcalde-de-puerres\/","url":"https:\/\/pagina10.com\/web\/no-cesan-las-amenazas-contra-politicos-narinenses-esta-vez-la-victima-fue-el-alcalde-de-puerres\/","name":"No cesan las amenazas contra pol\u00edticos nari\u00f1enses, esta vez la v\u00edctima fue el alcalde de Puerres | P\u00e1gina10","isPartOf":{"@id":"https:\/\/pagina10.com\/web\/#website"},"primaryImageOfPage":{"@id":"https:\/\/pagina10.com\/web\/no-cesan-las-amenazas-contra-politicos-narinenses-esta-vez-la-victima-fue-el-alcalde-de-puerres\/#primaryimage"},"image":{"@id":"https:\/\/pagina10.com\/web\/no-cesan-las-amenazas-contra-politicos-narinenses-esta-vez-la-victima-fue-el-alcalde-de-puerres\/#primaryimage"},"thumbnailUrl":"https:\/\/pagina10.com\/web\/wp-content\/uploads\/2022\/09\/276045473_351181533688264_4824229058841282990_n-01-1.jpg","datePublished":"2022-09-23T23:18:28+00:00","breadcrumb":{"@id":"https:\/\/pagina10.com\/web\/no-cesan-las-amenazas-contra-politicos-narinenses-esta-vez-la-victima-fue-el-alcalde-de-puerres\/#breadcrumb"},"inLanguage":"es","potentialAction":[{"@type":"ReadAction","target":["https:\/\/pagina10.com\/web\/no-cesan-las-amenazas-contra-politicos-narinenses-esta-vez-la-victima-fue-el-alcalde-de-puerres\/"]}]},{"@type":"ImageObject","inLanguage":"es","@id":"https:\/\/pagina10.com\/web\/no-cesan-las-amenazas-contra-politicos-narinenses-esta-vez-la-victima-fue-el-alcalde-de-puerres\/#primaryimage","url":"https:\/\/pagina10.com\/web\/wp-content\/uploads\/2022\/09\/276045473_351181533688264_4824229058841282990_n-01-1.jpg","contentUrl":"https:\/\/pagina10.com\/web\/wp-content\/uploads\/2022\/09\/276045473_351181533688264_4824229058841282990_n-01-1.jpg","width":2278,"height":1153},{"@type":"BreadcrumbList","@id":"https:\/\/pagina10.com\/web\/no-cesan-las-amenazas-contra-politicos-narinenses-esta-vez-la-victima-fue-el-alcalde-de-puerres\/#breadcrumb","itemListElement":[{"@type":"ListItem","position":1,"name":"Portada","item":"https:\/\/pagina10.com\/web\/"},{"@type":"ListItem","position":2,"name":"No cesan las amenazas contra pol\u00edticos nari\u00f1enses, esta vez la v\u00edctima fue el alcalde de Puerres"}]},{"@type":"WebSite","@id":"https:\/\/pagina10.com\/web\/#website","url":"https:\/\/pagina10.com\/web\/","name":"P\u00e1gina10","description":"Peri\u00f3dico Regional","publisher":{"@id":"https:\/\/pagina10.com\/web\/#organization"},"alternateName":"P\u00e1gina10 Peri\u00f3dico Regional","potentialAction":[{"@type":"SearchAction","target":{"@type":"EntryPoint","urlTemplate":"https:\/\/pagina10.com\/web\/?s={search_term_string}"},"query-input":{"@type":"PropertyValueSpecification","valueRequired":true,"valueName":"search_term_string"}}],"inLanguage":"es"},{"@type":"Organization","@id":"https:\/\/pagina10.com\/web\/#organization","name":"P\u00e1gina10","alternateName":"P\u00e1gina10 Peri\u00f3dico Regional","url":"https:\/\/pagina10.com\/web\/","logo":{"@type":"ImageObject","inLanguage":"es","@id":"https:\/\/pagina10.com\/web\/#\/schema\/logo\/image\/","url":"https:\/\/pagina10.com\/web\/wp-content\/uploads\/2024\/01\/40-pagina-10-periodico-regional-pasto.jpg","contentUrl":"https:\/\/pagina10.com\/web\/wp-content\/uploads\/2024\/01\/40-pagina-10-periodico-regional-pasto.jpg","width":1280,"height":720,"caption":"P\u00e1gina10"},"image":{"@id":"https:\/\/pagina10.com\/web\/#\/schema\/logo\/image\/"},"sameAs":["https:\/\/www.facebook.com\/pag10com","https:\/\/x.com\/Pag10com","https:\/\/www.instagram.com\/pagina10col\/","https:\/\/youtube.com\/channel\/pag10","https:\/\/www.tiktok.com\/@p10col"]},{"@type":"Person","@id":"https:\/\/pagina10.com\/web\/#\/schema\/person\/2efc4a090d25b667d3bc796798a3a81b","name":"P\u00e1gina 10","description":"P\u00e1gina 10 es un peri\u00f3dico regional que nace en Colombia, en el departamento de Nari\u00f1o, con un enfoque global, fundamentado en cuatro pilares esenciales: la libertad, el pluralismo, la inclusi\u00f3n y la independencia. P\u00e1gina 10 hace referencia a Nari\u00f1o como el d\u00e9cimo departamento creado en Colombia, despu\u00e9s de un proceso pol\u00edtico liderado por actores y actrices regionales con el fin de obtener la independencia y autonom\u00eda de nuestros territorios. Con la creaci\u00f3n de P\u00e1gina 10 se pretende abrir un escenario para el dialogo, la reflexi\u00f3n y el debate que se extienda a otras geograf\u00edas de Am\u00e9rica Latina y del planeta, en una apuesta por transformar colectivamente los desaf\u00edos de un mundo contempor\u00e1neo, m\u00e1s all\u00e1 de las fronteras impuestas.","url":"https:\/\/pagina10.com\/web\/author\/pdiezadmin\/"}]}},"_links":{"self":[{"href":"https:\/\/pagina10.com\/web\/wp-json\/wp\/v2\/posts\/61787","targetHints":{"allow":["GET"]}}],"collection":[{"href":"https:\/\/pagina10.com\/web\/wp-json\/wp\/v2\/posts"}],"about":[{"href":"https:\/\/pagina10.com\/web\/wp-json\/wp\/v2\/types\/post"}],"author":[{"embeddable":true,"href":"https:\/\/pagina10.com\/web\/wp-json\/wp\/v2\/users\/1"}],"replies":[{"embeddable":true,"href":"https:\/\/pagina10.com\/web\/wp-json\/wp\/v2\/comments?post=61787"}],"version-history":[{"count":1,"href":"https:\/\/pagina10.com\/web\/wp-json\/wp\/v2\/posts\/61787\/revisions"}],"predecessor-version":[{"id":61789,"href":"https:\/\/pagina10.com\/web\/wp-json\/wp\/v2\/posts\/61787\/revisions\/61789"}],"wp:featuredmedia":[{"embeddable":true,"href":"https:\/\/pagina10.com\/web\/wp-json\/wp\/v2\/media\/61788"}],"wp:attachment":[{"href":"https:\/\/pagina10.com\/web\/wp-json\/wp\/v2\/media?parent=61787"}],"wp:term":[{"taxonomy":"category","embeddable":true,"href":"https:\/\/pagina10.com\/web\/wp-json\/wp\/v2\/categories?post=61787"},{"taxonomy":"post_tag","embeddable":true,"href":"https:\/\/pagina10.com\/web\/wp-json\/wp\/v2\/tags?post=61787"}],"curies":[{"name":"wp","href":"https:\/\/api.w.org\/{rel}","templated":true}]}}