{"id":61794,"date":"2022-09-23T19:32:18","date_gmt":"2022-09-24T00:32:18","guid":{"rendered":"https:\/\/pagina10.com\/web\/?p=61794"},"modified":"2022-09-23T21:45:12","modified_gmt":"2022-09-24T02:45:12","slug":"un-muerto-y-tres-heridos-tras-derrumbe-ocurrido-en-cumbal","status":"publish","type":"post","link":"https:\/\/pagina10.com\/web\/un-muerto-y-tres-heridos-tras-derrumbe-ocurrido-en-cumbal\/","title":{"rendered":"Un muerto y tres heridos tras derrumbe ocurrido en Cumbal"},"content":{"rendered":"<p style=\"text-align: justify;\">Como Alirio Puerres de aproximadamente 35 a\u00f1os, fue identificado el hombre que perdi\u00f3 la vida luego de ser sepultado por un talud mientras adelantaba obras de apertura de una v\u00eda en zona rural del municipio de Cumbal en el sur de Nari\u00f1o.<\/p>\n<p style=\"text-align: justify;\">Seg\u00fan lo reportado por las autoridades, el hecho se registr\u00f3 alrededor de las 10:00 de la ma\u00f1ana en la vereda San Mart\u00edn Miraflores en el sector Mulas del Resguardo Ind\u00edgena de Cumbal. En el sitio, la v\u00edctima y otras dos personas identificadas como \u00d3scar Chir\u00e1n y Hermes Pastas, (operario de la maquina), quedaron atrapadas por gran cantidad de tierra.<\/p>\n<p style=\"text-align: justify;\">El rescate de los obreros se dificult\u00f3 debido a que en la zona no existe se\u00f1al de telefon\u00eda y el desplazamiento hacia el casco urbano dura casi cuatro horas en moto. En este sentido, los mismos ciudadanos fueron los encargados de realizar el rescate de los heridos. Lastimosamente, Puerres fue hallado sin vida mientras que Chir\u00e1n y Pastas sufrieron lesiones de gravedad por lo que contin\u00fan reclu\u00eddos en un hospital recibiendo asistencia.<\/p>\n<p style=\"text-align: justify;\">Por otra parte, se confirm\u00f3 que la maquinaria con la que se adelantaba la obra a\u00fan permanece atrapada en medio de la tierra debido a las dif\u00edciles condiciones de acceso a la zona.<\/p>\n","protected":false},"excerpt":{"rendered":"<p>Como Alirio Puerres de aproximadamente 35 a\u00f1os, fue identificado el hombre que perdi\u00f3 la vida luego de ser sepultado por un talud mientras adelantaba obras de apertura de una v\u00eda en zona rural del municipio de Cumbal en el sur de Nari\u00f1o. Seg\u00fan lo reportado por las autoridades, el hecho se registr\u00f3 alrededor de las [&hellip;]<\/p>\n","protected":false},"author":1,"featured_media":61795,"comment_status":"open","ping_status":"open","sticky":false,"template":"","format":"standard","meta":{"footnotes":""},"categories":[61],"tags":[],"class_list":["post-61794","post","type-post","status-publish","format-standard","has-post-thumbnail","hentry","category-judicial"],"yoast_head":"<!-- This site is optimized with the Yoast SEO plugin v27.1.1 - https:\/\/yoast.com\/product\/yoast-seo-wordpress\/ -->\n<title>Un muerto y tres heridos tras derrumbe ocurrido en Cumbal | P\u00e1gina10<\/title>\n<meta name=\"robots\" content=\"index, follow, max-snippet:-1, max-image-preview:large, max-video-preview:-1\" \/>\n<link rel=\"canonical\" href=\"https:\/\/pagina10.com\/web\/un-muerto-y-tres-heridos-tras-derrumbe-ocurrido-en-cumbal\/\" \/>\n<meta property=\"og:locale\" content=\"es_ES\" \/>\n<meta property=\"og:type\" content=\"article\" \/>\n<meta property=\"og:title\" content=\"Un muerto y tres heridos tras derrumbe ocurrido en Cumbal | P\u00e1gina10\" \/>\n<meta property=\"og:description\" content=\"Como Alirio Puerres de aproximadamente 35 a\u00f1os, fue identificado el hombre que perdi\u00f3 la vida luego de ser sepultado por un talud mientras adelantaba obras de apertura de una v\u00eda en zona rural del municipio de Cumbal en el sur de Nari\u00f1o. Seg\u00fan lo reportado por las autoridades, el hecho se registr\u00f3 alrededor de las [&hellip;]\" \/>\n<meta property=\"og:url\" content=\"https:\/\/pagina10.com\/web\/un-muerto-y-tres-heridos-tras-derrumbe-ocurrido-en-cumbal\/\" \/>\n<meta property=\"og:site_name\" content=\"P\u00e1gina10\" \/>\n<meta property=\"article:publisher\" content=\"https:\/\/www.facebook.com\/pag10com\" \/>\n<meta property=\"article:published_time\" content=\"2022-09-24T00:32:18+00:00\" \/>\n<meta property=\"article:modified_time\" content=\"2022-09-24T02:45:12+00:00\" \/>\n<meta property=\"og:image\" content=\"https:\/\/pagina10.com\/web\/wp-content\/uploads\/2022\/09\/276045473_351181533688264_4824229058841282990_n-01-2.jpg\" \/>\n\t<meta property=\"og:image:width\" content=\"2278\" \/>\n\t<meta property=\"og:image:height\" content=\"1153\" \/>\n\t<meta property=\"og:image:type\" content=\"image\/jpeg\" \/>\n<meta name=\"author\" content=\"P\u00e1gina 10\" \/>\n<meta name=\"twitter:card\" content=\"summary_large_image\" \/>\n<meta name=\"twitter:creator\" content=\"@Pag10com\" \/>\n<meta name=\"twitter:site\" content=\"@Pag10com\" \/>\n<meta name=\"twitter:label1\" content=\"Escrito por\" \/>\n\t<meta name=\"twitter:data1\" content=\"P\u00e1gina 10\" \/>\n\t<meta name=\"twitter:label2\" content=\"Tiempo de lectura\" \/>\n\t<meta name=\"twitter:data2\" content=\"1 minuto\" \/>\n<script type=\"application\/ld+json\" class=\"yoast-schema-graph\">{\"@context\":\"https:\/\/schema.org\",\"@graph\":[{\"@type\":\"Article\",\"@id\":\"https:\/\/pagina10.com\/web\/un-muerto-y-tres-heridos-tras-derrumbe-ocurrido-en-cumbal\/#article\",\"isPartOf\":{\"@id\":\"https:\/\/pagina10.com\/web\/un-muerto-y-tres-heridos-tras-derrumbe-ocurrido-en-cumbal\/\"},\"author\":{\"name\":\"P\u00e1gina 10\",\"@id\":\"https:\/\/pagina10.com\/web\/#\/schema\/person\/2efc4a090d25b667d3bc796798a3a81b\"},\"headline\":\"Un muerto y tres heridos tras derrumbe ocurrido en Cumbal\",\"datePublished\":\"2022-09-24T00:32:18+00:00\",\"dateModified\":\"2022-09-24T02:45:12+00:00\",\"mainEntityOfPage\":{\"@id\":\"https:\/\/pagina10.com\/web\/un-muerto-y-tres-heridos-tras-derrumbe-ocurrido-en-cumbal\/\"},\"wordCount\":230,\"commentCount\":0,\"publisher\":{\"@id\":\"https:\/\/pagina10.com\/web\/#organization\"},\"image\":{\"@id\":\"https:\/\/pagina10.com\/web\/un-muerto-y-tres-heridos-tras-derrumbe-ocurrido-en-cumbal\/#primaryimage\"},\"thumbnailUrl\":\"https:\/\/pagina10.com\/web\/wp-content\/uploads\/2022\/09\/276045473_351181533688264_4824229058841282990_n-01-2.jpg\",\"articleSection\":[\"Judicial\"],\"inLanguage\":\"es\",\"potentialAction\":[{\"@type\":\"CommentAction\",\"name\":\"Comment\",\"target\":[\"https:\/\/pagina10.com\/web\/un-muerto-y-tres-heridos-tras-derrumbe-ocurrido-en-cumbal\/#respond\"]}]},{\"@type\":\"WebPage\",\"@id\":\"https:\/\/pagina10.com\/web\/un-muerto-y-tres-heridos-tras-derrumbe-ocurrido-en-cumbal\/\",\"url\":\"https:\/\/pagina10.com\/web\/un-muerto-y-tres-heridos-tras-derrumbe-ocurrido-en-cumbal\/\",\"name\":\"Un muerto y tres heridos tras derrumbe ocurrido en Cumbal | P\u00e1gina10\",\"isPartOf\":{\"@id\":\"https:\/\/pagina10.com\/web\/#website\"},\"primaryImageOfPage\":{\"@id\":\"https:\/\/pagina10.com\/web\/un-muerto-y-tres-heridos-tras-derrumbe-ocurrido-en-cumbal\/#primaryimage\"},\"image\":{\"@id\":\"https:\/\/pagina10.com\/web\/un-muerto-y-tres-heridos-tras-derrumbe-ocurrido-en-cumbal\/#primaryimage\"},\"thumbnailUrl\":\"https:\/\/pagina10.com\/web\/wp-content\/uploads\/2022\/09\/276045473_351181533688264_4824229058841282990_n-01-2.jpg\",\"datePublished\":\"2022-09-24T00:32:18+00:00\",\"dateModified\":\"2022-09-24T02:45:12+00:00\",\"breadcrumb\":{\"@id\":\"https:\/\/pagina10.com\/web\/un-muerto-y-tres-heridos-tras-derrumbe-ocurrido-en-cumbal\/#breadcrumb\"},\"inLanguage\":\"es\",\"potentialAction\":[{\"@type\":\"ReadAction\",\"target\":[\"https:\/\/pagina10.com\/web\/un-muerto-y-tres-heridos-tras-derrumbe-ocurrido-en-cumbal\/\"]}]},{\"@type\":\"ImageObject\",\"inLanguage\":\"es\",\"@id\":\"https:\/\/pagina10.com\/web\/un-muerto-y-tres-heridos-tras-derrumbe-ocurrido-en-cumbal\/#primaryimage\",\"url\":\"https:\/\/pagina10.com\/web\/wp-content\/uploads\/2022\/09\/276045473_351181533688264_4824229058841282990_n-01-2.jpg\",\"contentUrl\":\"https:\/\/pagina10.com\/web\/wp-content\/uploads\/2022\/09\/276045473_351181533688264_4824229058841282990_n-01-2.jpg\",\"width\":2278,\"height\":1153},{\"@type\":\"BreadcrumbList\",\"@id\":\"https:\/\/pagina10.com\/web\/un-muerto-y-tres-heridos-tras-derrumbe-ocurrido-en-cumbal\/#breadcrumb\",\"itemListElement\":[{\"@type\":\"ListItem\",\"position\":1,\"name\":\"Portada\",\"item\":\"https:\/\/pagina10.com\/web\/\"},{\"@type\":\"ListItem\",\"position\":2,\"name\":\"Un muerto y tres heridos tras derrumbe ocurrido en Cumbal\"}]},{\"@type\":\"WebSite\",\"@id\":\"https:\/\/pagina10.com\/web\/#website\",\"url\":\"https:\/\/pagina10.com\/web\/\",\"name\":\"P\u00e1gina10\",\"description\":\"Peri\u00f3dico Regional\",\"publisher\":{\"@id\":\"https:\/\/pagina10.com\/web\/#organization\"},\"alternateName\":\"P\u00e1gina10 Peri\u00f3dico Regional\",\"potentialAction\":[{\"@type\":\"SearchAction\",\"target\":{\"@type\":\"EntryPoint\",\"urlTemplate\":\"https:\/\/pagina10.com\/web\/?s={search_term_string}\"},\"query-input\":{\"@type\":\"PropertyValueSpecification\",\"valueRequired\":true,\"valueName\":\"search_term_string\"}}],\"inLanguage\":\"es\"},{\"@type\":\"Organization\",\"@id\":\"https:\/\/pagina10.com\/web\/#organization\",\"name\":\"P\u00e1gina10\",\"alternateName\":\"P\u00e1gina10 Peri\u00f3dico Regional\",\"url\":\"https:\/\/pagina10.com\/web\/\",\"logo\":{\"@type\":\"ImageObject\",\"inLanguage\":\"es\",\"@id\":\"https:\/\/pagina10.com\/web\/#\/schema\/logo\/image\/\",\"url\":\"https:\/\/pagina10.com\/web\/wp-content\/uploads\/2024\/01\/40-pagina-10-periodico-regional-pasto.jpg\",\"contentUrl\":\"https:\/\/pagina10.com\/web\/wp-content\/uploads\/2024\/01\/40-pagina-10-periodico-regional-pasto.jpg\",\"width\":1280,\"height\":720,\"caption\":\"P\u00e1gina10\"},\"image\":{\"@id\":\"https:\/\/pagina10.com\/web\/#\/schema\/logo\/image\/\"},\"sameAs\":[\"https:\/\/www.facebook.com\/pag10com\",\"https:\/\/x.com\/Pag10com\",\"https:\/\/www.instagram.com\/pagina10col\/\",\"https:\/\/youtube.com\/channel\/pag10\",\"https:\/\/www.tiktok.com\/@p10col\"]},{\"@type\":\"Person\",\"@id\":\"https:\/\/pagina10.com\/web\/#\/schema\/person\/2efc4a090d25b667d3bc796798a3a81b\",\"name\":\"P\u00e1gina 10\",\"description\":\"P\u00e1gina 10 es un peri\u00f3dico regional que nace en Colombia, en el departamento de Nari\u00f1o, con un enfoque global, fundamentado en cuatro pilares esenciales: la libertad, el pluralismo, la inclusi\u00f3n y la independencia. P\u00e1gina 10 hace referencia a Nari\u00f1o como el d\u00e9cimo departamento creado en Colombia, despu\u00e9s de un proceso pol\u00edtico liderado por actores y actrices regionales con el fin de obtener la independencia y autonom\u00eda de nuestros territorios. Con la creaci\u00f3n de P\u00e1gina 10 se pretende abrir un escenario para el dialogo, la reflexi\u00f3n y el debate que se extienda a otras geograf\u00edas de Am\u00e9rica Latina y del planeta, en una apuesta por transformar colectivamente los desaf\u00edos de un mundo contempor\u00e1neo, m\u00e1s all\u00e1 de las fronteras impuestas.\",\"url\":\"https:\/\/pagina10.com\/web\/author\/pdiezadmin\/\"}]}<\/script>\n<!-- \/ Yoast SEO plugin. -->","yoast_head_json":{"title":"Un muerto y tres heridos tras derrumbe ocurrido en Cumbal | P\u00e1gina10","robots":{"index":"index","follow":"follow","max-snippet":"max-snippet:-1","max-image-preview":"max-image-preview:large","max-video-preview":"max-video-preview:-1"},"canonical":"https:\/\/pagina10.com\/web\/un-muerto-y-tres-heridos-tras-derrumbe-ocurrido-en-cumbal\/","og_locale":"es_ES","og_type":"article","og_title":"Un muerto y tres heridos tras derrumbe ocurrido en Cumbal | P\u00e1gina10","og_description":"Como Alirio Puerres de aproximadamente 35 a\u00f1os, fue identificado el hombre que perdi\u00f3 la vida luego de ser sepultado por un talud mientras adelantaba obras de apertura de una v\u00eda en zona rural del municipio de Cumbal en el sur de Nari\u00f1o. Seg\u00fan lo reportado por las autoridades, el hecho se registr\u00f3 alrededor de las [&hellip;]","og_url":"https:\/\/pagina10.com\/web\/un-muerto-y-tres-heridos-tras-derrumbe-ocurrido-en-cumbal\/","og_site_name":"P\u00e1gina10","article_publisher":"https:\/\/www.facebook.com\/pag10com","article_published_time":"2022-09-24T00:32:18+00:00","article_modified_time":"2022-09-24T02:45:12+00:00","og_image":[{"width":2278,"height":1153,"url":"https:\/\/pagina10.com\/web\/wp-content\/uploads\/2022\/09\/276045473_351181533688264_4824229058841282990_n-01-2.jpg","type":"image\/jpeg"}],"author":"P\u00e1gina 10","twitter_card":"summary_large_image","twitter_creator":"@Pag10com","twitter_site":"@Pag10com","twitter_misc":{"Escrito por":"P\u00e1gina 10","Tiempo de lectura":"1 minuto"},"schema":{"@context":"https:\/\/schema.org","@graph":[{"@type":"Article","@id":"https:\/\/pagina10.com\/web\/un-muerto-y-tres-heridos-tras-derrumbe-ocurrido-en-cumbal\/#article","isPartOf":{"@id":"https:\/\/pagina10.com\/web\/un-muerto-y-tres-heridos-tras-derrumbe-ocurrido-en-cumbal\/"},"author":{"name":"P\u00e1gina 10","@id":"https:\/\/pagina10.com\/web\/#\/schema\/person\/2efc4a090d25b667d3bc796798a3a81b"},"headline":"Un muerto y tres heridos tras derrumbe ocurrido en Cumbal","datePublished":"2022-09-24T00:32:18+00:00","dateModified":"2022-09-24T02:45:12+00:00","mainEntityOfPage":{"@id":"https:\/\/pagina10.com\/web\/un-muerto-y-tres-heridos-tras-derrumbe-ocurrido-en-cumbal\/"},"wordCount":230,"commentCount":0,"publisher":{"@id":"https:\/\/pagina10.com\/web\/#organization"},"image":{"@id":"https:\/\/pagina10.com\/web\/un-muerto-y-tres-heridos-tras-derrumbe-ocurrido-en-cumbal\/#primaryimage"},"thumbnailUrl":"https:\/\/pagina10.com\/web\/wp-content\/uploads\/2022\/09\/276045473_351181533688264_4824229058841282990_n-01-2.jpg","articleSection":["Judicial"],"inLanguage":"es","potentialAction":[{"@type":"CommentAction","name":"Comment","target":["https:\/\/pagina10.com\/web\/un-muerto-y-tres-heridos-tras-derrumbe-ocurrido-en-cumbal\/#respond"]}]},{"@type":"WebPage","@id":"https:\/\/pagina10.com\/web\/un-muerto-y-tres-heridos-tras-derrumbe-ocurrido-en-cumbal\/","url":"https:\/\/pagina10.com\/web\/un-muerto-y-tres-heridos-tras-derrumbe-ocurrido-en-cumbal\/","name":"Un muerto y tres heridos tras derrumbe ocurrido en Cumbal | P\u00e1gina10","isPartOf":{"@id":"https:\/\/pagina10.com\/web\/#website"},"primaryImageOfPage":{"@id":"https:\/\/pagina10.com\/web\/un-muerto-y-tres-heridos-tras-derrumbe-ocurrido-en-cumbal\/#primaryimage"},"image":{"@id":"https:\/\/pagina10.com\/web\/un-muerto-y-tres-heridos-tras-derrumbe-ocurrido-en-cumbal\/#primaryimage"},"thumbnailUrl":"https:\/\/pagina10.com\/web\/wp-content\/uploads\/2022\/09\/276045473_351181533688264_4824229058841282990_n-01-2.jpg","datePublished":"2022-09-24T00:32:18+00:00","dateModified":"2022-09-24T02:45:12+00:00","breadcrumb":{"@id":"https:\/\/pagina10.com\/web\/un-muerto-y-tres-heridos-tras-derrumbe-ocurrido-en-cumbal\/#breadcrumb"},"inLanguage":"es","potentialAction":[{"@type":"ReadAction","target":["https:\/\/pagina10.com\/web\/un-muerto-y-tres-heridos-tras-derrumbe-ocurrido-en-cumbal\/"]}]},{"@type":"ImageObject","inLanguage":"es","@id":"https:\/\/pagina10.com\/web\/un-muerto-y-tres-heridos-tras-derrumbe-ocurrido-en-cumbal\/#primaryimage","url":"https:\/\/pagina10.com\/web\/wp-content\/uploads\/2022\/09\/276045473_351181533688264_4824229058841282990_n-01-2.jpg","contentUrl":"https:\/\/pagina10.com\/web\/wp-content\/uploads\/2022\/09\/276045473_351181533688264_4824229058841282990_n-01-2.jpg","width":2278,"height":1153},{"@type":"BreadcrumbList","@id":"https:\/\/pagina10.com\/web\/un-muerto-y-tres-heridos-tras-derrumbe-ocurrido-en-cumbal\/#breadcrumb","itemListElement":[{"@type":"ListItem","position":1,"name":"Portada","item":"https:\/\/pagina10.com\/web\/"},{"@type":"ListItem","position":2,"name":"Un muerto y tres heridos tras derrumbe ocurrido en Cumbal"}]},{"@type":"WebSite","@id":"https:\/\/pagina10.com\/web\/#website","url":"https:\/\/pagina10.com\/web\/","name":"P\u00e1gina10","description":"Peri\u00f3dico Regional","publisher":{"@id":"https:\/\/pagina10.com\/web\/#organization"},"alternateName":"P\u00e1gina10 Peri\u00f3dico Regional","potentialAction":[{"@type":"SearchAction","target":{"@type":"EntryPoint","urlTemplate":"https:\/\/pagina10.com\/web\/?s={search_term_string}"},"query-input":{"@type":"PropertyValueSpecification","valueRequired":true,"valueName":"search_term_string"}}],"inLanguage":"es"},{"@type":"Organization","@id":"https:\/\/pagina10.com\/web\/#organization","name":"P\u00e1gina10","alternateName":"P\u00e1gina10 Peri\u00f3dico Regional","url":"https:\/\/pagina10.com\/web\/","logo":{"@type":"ImageObject","inLanguage":"es","@id":"https:\/\/pagina10.com\/web\/#\/schema\/logo\/image\/","url":"https:\/\/pagina10.com\/web\/wp-content\/uploads\/2024\/01\/40-pagina-10-periodico-regional-pasto.jpg","contentUrl":"https:\/\/pagina10.com\/web\/wp-content\/uploads\/2024\/01\/40-pagina-10-periodico-regional-pasto.jpg","width":1280,"height":720,"caption":"P\u00e1gina10"},"image":{"@id":"https:\/\/pagina10.com\/web\/#\/schema\/logo\/image\/"},"sameAs":["https:\/\/www.facebook.com\/pag10com","https:\/\/x.com\/Pag10com","https:\/\/www.instagram.com\/pagina10col\/","https:\/\/youtube.com\/channel\/pag10","https:\/\/www.tiktok.com\/@p10col"]},{"@type":"Person","@id":"https:\/\/pagina10.com\/web\/#\/schema\/person\/2efc4a090d25b667d3bc796798a3a81b","name":"P\u00e1gina 10","description":"P\u00e1gina 10 es un peri\u00f3dico regional que nace en Colombia, en el departamento de Nari\u00f1o, con un enfoque global, fundamentado en cuatro pilares esenciales: la libertad, el pluralismo, la inclusi\u00f3n y la independencia. P\u00e1gina 10 hace referencia a Nari\u00f1o como el d\u00e9cimo departamento creado en Colombia, despu\u00e9s de un proceso pol\u00edtico liderado por actores y actrices regionales con el fin de obtener la independencia y autonom\u00eda de nuestros territorios. Con la creaci\u00f3n de P\u00e1gina 10 se pretende abrir un escenario para el dialogo, la reflexi\u00f3n y el debate que se extienda a otras geograf\u00edas de Am\u00e9rica Latina y del planeta, en una apuesta por transformar colectivamente los desaf\u00edos de un mundo contempor\u00e1neo, m\u00e1s all\u00e1 de las fronteras impuestas.","url":"https:\/\/pagina10.com\/web\/author\/pdiezadmin\/"}]}},"_links":{"self":[{"href":"https:\/\/pagina10.com\/web\/wp-json\/wp\/v2\/posts\/61794","targetHints":{"allow":["GET"]}}],"collection":[{"href":"https:\/\/pagina10.com\/web\/wp-json\/wp\/v2\/posts"}],"about":[{"href":"https:\/\/pagina10.com\/web\/wp-json\/wp\/v2\/types\/post"}],"author":[{"embeddable":true,"href":"https:\/\/pagina10.com\/web\/wp-json\/wp\/v2\/users\/1"}],"replies":[{"embeddable":true,"href":"https:\/\/pagina10.com\/web\/wp-json\/wp\/v2\/comments?post=61794"}],"version-history":[{"count":3,"href":"https:\/\/pagina10.com\/web\/wp-json\/wp\/v2\/posts\/61794\/revisions"}],"predecessor-version":[{"id":61798,"href":"https:\/\/pagina10.com\/web\/wp-json\/wp\/v2\/posts\/61794\/revisions\/61798"}],"wp:featuredmedia":[{"embeddable":true,"href":"https:\/\/pagina10.com\/web\/wp-json\/wp\/v2\/media\/61795"}],"wp:attachment":[{"href":"https:\/\/pagina10.com\/web\/wp-json\/wp\/v2\/media?parent=61794"}],"wp:term":[{"taxonomy":"category","embeddable":true,"href":"https:\/\/pagina10.com\/web\/wp-json\/wp\/v2\/categories?post=61794"},{"taxonomy":"post_tag","embeddable":true,"href":"https:\/\/pagina10.com\/web\/wp-json\/wp\/v2\/tags?post=61794"}],"curies":[{"name":"wp","href":"https:\/\/api.w.org\/{rel}","templated":true}]}}