{"id":61799,"date":"2022-09-23T21:53:37","date_gmt":"2022-09-24T02:53:37","guid":{"rendered":"https:\/\/pagina10.com\/web\/?p=61799"},"modified":"2022-09-23T21:53:37","modified_gmt":"2022-09-24T02:53:37","slug":"a-prision-patrulleros-de-la-policia-que-cobraron-dinero-por-recuperar-un-vehiculo-hurtado-en-ipiales","status":"publish","type":"post","link":"https:\/\/pagina10.com\/web\/a-prision-patrulleros-de-la-policia-que-cobraron-dinero-por-recuperar-un-vehiculo-hurtado-en-ipiales\/","title":{"rendered":"A prisi\u00f3n patrulleros de la polic\u00eda que cobraron dinero por recuperar un vehiculo hurtado en Ipiales"},"content":{"rendered":"<p style=\"text-align: justify;\">Por el delito de concusi\u00f3n un fiscal seccional de Ipiales imput\u00f3 cargos a los patrulleros de la Polic\u00eda Nacional, Armando Segura Klinger y Alexander Cadena Villota, quienes fueron cobijados con medida de aseguramiento en establecimiento carcelario.<\/p>\n<p style=\"text-align: justify;\">Los hechos ocurrieron el 24 de febrero de 2022 en este municipio, cuando los uniformados presuntamente le exigieron a un ciudadano ecuatoriano el pago de un dinero para ayudarle a recuperar un veh\u00edculo hurtado.<\/p>\n<p style=\"text-align: justify;\">El 26 de febrero el patrullero Segura Klinger, al parecer, recibi\u00f3 de manos de la v\u00edctima $3.000.000, presuntamente bajo la vigilancia y pleno conocimiento de su compa\u00f1ero de instituci\u00f3n Cadena Villota, quien tambi\u00e9n habr\u00eda recibido parte de esa suma.<\/p>\n<p style=\"text-align: justify;\">El veh\u00edculo nunca fue recuperado por lo que el ciudadano extranjero decidi\u00f3 instaurar una denuncia contra los agentes. Los uniformados, quienes se encontraban suspendidos del servicio, fueron capturados por servidores del Cuerpo T\u00e9cnico de Investigaci\u00f3n junto con unidades del Gaula Militar y presentados ante un juez penal de control de garant\u00edas.<\/p>\n","protected":false},"excerpt":{"rendered":"<p>Por el delito de concusi\u00f3n un fiscal seccional de Ipiales imput\u00f3 cargos a los patrulleros de la Polic\u00eda Nacional, Armando Segura Klinger y Alexander Cadena Villota, quienes fueron cobijados con medida de aseguramiento en establecimiento carcelario. Los hechos ocurrieron el 24 de febrero de 2022 en este municipio, cuando los uniformados presuntamente le exigieron a [&hellip;]<\/p>\n","protected":false},"author":1,"featured_media":61800,"comment_status":"open","ping_status":"open","sticky":false,"template":"","format":"standard","meta":{"footnotes":""},"categories":[61],"tags":[],"class_list":["post-61799","post","type-post","status-publish","format-standard","has-post-thumbnail","hentry","category-judicial"],"yoast_head":"<!-- This site is optimized with the Yoast SEO plugin v27.1.1 - https:\/\/yoast.com\/product\/yoast-seo-wordpress\/ -->\n<title>A prisi\u00f3n patrulleros de la polic\u00eda que cobraron dinero por recuperar un vehiculo hurtado en Ipiales | P\u00e1gina10<\/title>\n<meta name=\"robots\" content=\"index, follow, max-snippet:-1, max-image-preview:large, max-video-preview:-1\" \/>\n<link rel=\"canonical\" href=\"https:\/\/pagina10.com\/web\/a-prision-patrulleros-de-la-policia-que-cobraron-dinero-por-recuperar-un-vehiculo-hurtado-en-ipiales\/\" \/>\n<meta property=\"og:locale\" content=\"es_ES\" \/>\n<meta property=\"og:type\" content=\"article\" \/>\n<meta property=\"og:title\" content=\"A prisi\u00f3n patrulleros de la polic\u00eda que cobraron dinero por recuperar un vehiculo hurtado en Ipiales | P\u00e1gina10\" \/>\n<meta property=\"og:description\" content=\"Por el delito de concusi\u00f3n un fiscal seccional de Ipiales imput\u00f3 cargos a los patrulleros de la Polic\u00eda Nacional, Armando Segura Klinger y Alexander Cadena Villota, quienes fueron cobijados con medida de aseguramiento en establecimiento carcelario. Los hechos ocurrieron el 24 de febrero de 2022 en este municipio, cuando los uniformados presuntamente le exigieron a [&hellip;]\" \/>\n<meta property=\"og:url\" content=\"https:\/\/pagina10.com\/web\/a-prision-patrulleros-de-la-policia-que-cobraron-dinero-por-recuperar-un-vehiculo-hurtado-en-ipiales\/\" \/>\n<meta property=\"og:site_name\" content=\"P\u00e1gina10\" \/>\n<meta property=\"article:publisher\" content=\"https:\/\/www.facebook.com\/pag10com\" \/>\n<meta property=\"article:published_time\" content=\"2022-09-24T02:53:37+00:00\" \/>\n<meta property=\"og:image\" content=\"https:\/\/pagina10.com\/web\/wp-content\/uploads\/2022\/09\/276045473_351181533688264_4824229058841282990_n-01-3.jpg\" \/>\n\t<meta property=\"og:image:width\" content=\"2278\" \/>\n\t<meta property=\"og:image:height\" content=\"1153\" \/>\n\t<meta property=\"og:image:type\" content=\"image\/jpeg\" \/>\n<meta name=\"author\" content=\"P\u00e1gina 10\" \/>\n<meta name=\"twitter:card\" content=\"summary_large_image\" \/>\n<meta name=\"twitter:creator\" content=\"@Pag10com\" \/>\n<meta name=\"twitter:site\" content=\"@Pag10com\" \/>\n<meta name=\"twitter:label1\" content=\"Escrito por\" \/>\n\t<meta name=\"twitter:data1\" content=\"P\u00e1gina 10\" \/>\n\t<meta name=\"twitter:label2\" content=\"Tiempo de lectura\" \/>\n\t<meta name=\"twitter:data2\" content=\"1 minuto\" \/>\n<script type=\"application\/ld+json\" class=\"yoast-schema-graph\">{\"@context\":\"https:\/\/schema.org\",\"@graph\":[{\"@type\":\"Article\",\"@id\":\"https:\/\/pagina10.com\/web\/a-prision-patrulleros-de-la-policia-que-cobraron-dinero-por-recuperar-un-vehiculo-hurtado-en-ipiales\/#article\",\"isPartOf\":{\"@id\":\"https:\/\/pagina10.com\/web\/a-prision-patrulleros-de-la-policia-que-cobraron-dinero-por-recuperar-un-vehiculo-hurtado-en-ipiales\/\"},\"author\":{\"name\":\"P\u00e1gina 10\",\"@id\":\"https:\/\/pagina10.com\/web\/#\/schema\/person\/2efc4a090d25b667d3bc796798a3a81b\"},\"headline\":\"A prisi\u00f3n patrulleros de la polic\u00eda que cobraron dinero por recuperar un vehiculo hurtado en Ipiales\",\"datePublished\":\"2022-09-24T02:53:37+00:00\",\"mainEntityOfPage\":{\"@id\":\"https:\/\/pagina10.com\/web\/a-prision-patrulleros-de-la-policia-que-cobraron-dinero-por-recuperar-un-vehiculo-hurtado-en-ipiales\/\"},\"wordCount\":186,\"commentCount\":0,\"publisher\":{\"@id\":\"https:\/\/pagina10.com\/web\/#organization\"},\"image\":{\"@id\":\"https:\/\/pagina10.com\/web\/a-prision-patrulleros-de-la-policia-que-cobraron-dinero-por-recuperar-un-vehiculo-hurtado-en-ipiales\/#primaryimage\"},\"thumbnailUrl\":\"https:\/\/pagina10.com\/web\/wp-content\/uploads\/2022\/09\/276045473_351181533688264_4824229058841282990_n-01-3.jpg\",\"articleSection\":[\"Judicial\"],\"inLanguage\":\"es\",\"potentialAction\":[{\"@type\":\"CommentAction\",\"name\":\"Comment\",\"target\":[\"https:\/\/pagina10.com\/web\/a-prision-patrulleros-de-la-policia-que-cobraron-dinero-por-recuperar-un-vehiculo-hurtado-en-ipiales\/#respond\"]}]},{\"@type\":\"WebPage\",\"@id\":\"https:\/\/pagina10.com\/web\/a-prision-patrulleros-de-la-policia-que-cobraron-dinero-por-recuperar-un-vehiculo-hurtado-en-ipiales\/\",\"url\":\"https:\/\/pagina10.com\/web\/a-prision-patrulleros-de-la-policia-que-cobraron-dinero-por-recuperar-un-vehiculo-hurtado-en-ipiales\/\",\"name\":\"A prisi\u00f3n patrulleros de la polic\u00eda que cobraron dinero por recuperar un vehiculo hurtado en Ipiales | P\u00e1gina10\",\"isPartOf\":{\"@id\":\"https:\/\/pagina10.com\/web\/#website\"},\"primaryImageOfPage\":{\"@id\":\"https:\/\/pagina10.com\/web\/a-prision-patrulleros-de-la-policia-que-cobraron-dinero-por-recuperar-un-vehiculo-hurtado-en-ipiales\/#primaryimage\"},\"image\":{\"@id\":\"https:\/\/pagina10.com\/web\/a-prision-patrulleros-de-la-policia-que-cobraron-dinero-por-recuperar-un-vehiculo-hurtado-en-ipiales\/#primaryimage\"},\"thumbnailUrl\":\"https:\/\/pagina10.com\/web\/wp-content\/uploads\/2022\/09\/276045473_351181533688264_4824229058841282990_n-01-3.jpg\",\"datePublished\":\"2022-09-24T02:53:37+00:00\",\"breadcrumb\":{\"@id\":\"https:\/\/pagina10.com\/web\/a-prision-patrulleros-de-la-policia-que-cobraron-dinero-por-recuperar-un-vehiculo-hurtado-en-ipiales\/#breadcrumb\"},\"inLanguage\":\"es\",\"potentialAction\":[{\"@type\":\"ReadAction\",\"target\":[\"https:\/\/pagina10.com\/web\/a-prision-patrulleros-de-la-policia-que-cobraron-dinero-por-recuperar-un-vehiculo-hurtado-en-ipiales\/\"]}]},{\"@type\":\"ImageObject\",\"inLanguage\":\"es\",\"@id\":\"https:\/\/pagina10.com\/web\/a-prision-patrulleros-de-la-policia-que-cobraron-dinero-por-recuperar-un-vehiculo-hurtado-en-ipiales\/#primaryimage\",\"url\":\"https:\/\/pagina10.com\/web\/wp-content\/uploads\/2022\/09\/276045473_351181533688264_4824229058841282990_n-01-3.jpg\",\"contentUrl\":\"https:\/\/pagina10.com\/web\/wp-content\/uploads\/2022\/09\/276045473_351181533688264_4824229058841282990_n-01-3.jpg\",\"width\":2278,\"height\":1153},{\"@type\":\"BreadcrumbList\",\"@id\":\"https:\/\/pagina10.com\/web\/a-prision-patrulleros-de-la-policia-que-cobraron-dinero-por-recuperar-un-vehiculo-hurtado-en-ipiales\/#breadcrumb\",\"itemListElement\":[{\"@type\":\"ListItem\",\"position\":1,\"name\":\"Portada\",\"item\":\"https:\/\/pagina10.com\/web\/\"},{\"@type\":\"ListItem\",\"position\":2,\"name\":\"A prisi\u00f3n patrulleros de la polic\u00eda que cobraron dinero por recuperar un vehiculo hurtado en Ipiales\"}]},{\"@type\":\"WebSite\",\"@id\":\"https:\/\/pagina10.com\/web\/#website\",\"url\":\"https:\/\/pagina10.com\/web\/\",\"name\":\"P\u00e1gina10\",\"description\":\"Peri\u00f3dico Regional\",\"publisher\":{\"@id\":\"https:\/\/pagina10.com\/web\/#organization\"},\"alternateName\":\"P\u00e1gina10 Peri\u00f3dico Regional\",\"potentialAction\":[{\"@type\":\"SearchAction\",\"target\":{\"@type\":\"EntryPoint\",\"urlTemplate\":\"https:\/\/pagina10.com\/web\/?s={search_term_string}\"},\"query-input\":{\"@type\":\"PropertyValueSpecification\",\"valueRequired\":true,\"valueName\":\"search_term_string\"}}],\"inLanguage\":\"es\"},{\"@type\":\"Organization\",\"@id\":\"https:\/\/pagina10.com\/web\/#organization\",\"name\":\"P\u00e1gina10\",\"alternateName\":\"P\u00e1gina10 Peri\u00f3dico Regional\",\"url\":\"https:\/\/pagina10.com\/web\/\",\"logo\":{\"@type\":\"ImageObject\",\"inLanguage\":\"es\",\"@id\":\"https:\/\/pagina10.com\/web\/#\/schema\/logo\/image\/\",\"url\":\"https:\/\/pagina10.com\/web\/wp-content\/uploads\/2024\/01\/40-pagina-10-periodico-regional-pasto.jpg\",\"contentUrl\":\"https:\/\/pagina10.com\/web\/wp-content\/uploads\/2024\/01\/40-pagina-10-periodico-regional-pasto.jpg\",\"width\":1280,\"height\":720,\"caption\":\"P\u00e1gina10\"},\"image\":{\"@id\":\"https:\/\/pagina10.com\/web\/#\/schema\/logo\/image\/\"},\"sameAs\":[\"https:\/\/www.facebook.com\/pag10com\",\"https:\/\/x.com\/Pag10com\",\"https:\/\/www.instagram.com\/pagina10col\/\",\"https:\/\/youtube.com\/channel\/pag10\",\"https:\/\/www.tiktok.com\/@p10col\"]},{\"@type\":\"Person\",\"@id\":\"https:\/\/pagina10.com\/web\/#\/schema\/person\/2efc4a090d25b667d3bc796798a3a81b\",\"name\":\"P\u00e1gina 10\",\"description\":\"P\u00e1gina 10 es un peri\u00f3dico regional que nace en Colombia, en el departamento de Nari\u00f1o, con un enfoque global, fundamentado en cuatro pilares esenciales: la libertad, el pluralismo, la inclusi\u00f3n y la independencia. P\u00e1gina 10 hace referencia a Nari\u00f1o como el d\u00e9cimo departamento creado en Colombia, despu\u00e9s de un proceso pol\u00edtico liderado por actores y actrices regionales con el fin de obtener la independencia y autonom\u00eda de nuestros territorios. Con la creaci\u00f3n de P\u00e1gina 10 se pretende abrir un escenario para el dialogo, la reflexi\u00f3n y el debate que se extienda a otras geograf\u00edas de Am\u00e9rica Latina y del planeta, en una apuesta por transformar colectivamente los desaf\u00edos de un mundo contempor\u00e1neo, m\u00e1s all\u00e1 de las fronteras impuestas.\",\"url\":\"https:\/\/pagina10.com\/web\/author\/pdiezadmin\/\"}]}<\/script>\n<!-- \/ Yoast SEO plugin. -->","yoast_head_json":{"title":"A prisi\u00f3n patrulleros de la polic\u00eda que cobraron dinero por recuperar un vehiculo hurtado en Ipiales | P\u00e1gina10","robots":{"index":"index","follow":"follow","max-snippet":"max-snippet:-1","max-image-preview":"max-image-preview:large","max-video-preview":"max-video-preview:-1"},"canonical":"https:\/\/pagina10.com\/web\/a-prision-patrulleros-de-la-policia-que-cobraron-dinero-por-recuperar-un-vehiculo-hurtado-en-ipiales\/","og_locale":"es_ES","og_type":"article","og_title":"A prisi\u00f3n patrulleros de la polic\u00eda que cobraron dinero por recuperar un vehiculo hurtado en Ipiales | P\u00e1gina10","og_description":"Por el delito de concusi\u00f3n un fiscal seccional de Ipiales imput\u00f3 cargos a los patrulleros de la Polic\u00eda Nacional, Armando Segura Klinger y Alexander Cadena Villota, quienes fueron cobijados con medida de aseguramiento en establecimiento carcelario. Los hechos ocurrieron el 24 de febrero de 2022 en este municipio, cuando los uniformados presuntamente le exigieron a [&hellip;]","og_url":"https:\/\/pagina10.com\/web\/a-prision-patrulleros-de-la-policia-que-cobraron-dinero-por-recuperar-un-vehiculo-hurtado-en-ipiales\/","og_site_name":"P\u00e1gina10","article_publisher":"https:\/\/www.facebook.com\/pag10com","article_published_time":"2022-09-24T02:53:37+00:00","og_image":[{"width":2278,"height":1153,"url":"https:\/\/pagina10.com\/web\/wp-content\/uploads\/2022\/09\/276045473_351181533688264_4824229058841282990_n-01-3.jpg","type":"image\/jpeg"}],"author":"P\u00e1gina 10","twitter_card":"summary_large_image","twitter_creator":"@Pag10com","twitter_site":"@Pag10com","twitter_misc":{"Escrito por":"P\u00e1gina 10","Tiempo de lectura":"1 minuto"},"schema":{"@context":"https:\/\/schema.org","@graph":[{"@type":"Article","@id":"https:\/\/pagina10.com\/web\/a-prision-patrulleros-de-la-policia-que-cobraron-dinero-por-recuperar-un-vehiculo-hurtado-en-ipiales\/#article","isPartOf":{"@id":"https:\/\/pagina10.com\/web\/a-prision-patrulleros-de-la-policia-que-cobraron-dinero-por-recuperar-un-vehiculo-hurtado-en-ipiales\/"},"author":{"name":"P\u00e1gina 10","@id":"https:\/\/pagina10.com\/web\/#\/schema\/person\/2efc4a090d25b667d3bc796798a3a81b"},"headline":"A prisi\u00f3n patrulleros de la polic\u00eda que cobraron dinero por recuperar un vehiculo hurtado en Ipiales","datePublished":"2022-09-24T02:53:37+00:00","mainEntityOfPage":{"@id":"https:\/\/pagina10.com\/web\/a-prision-patrulleros-de-la-policia-que-cobraron-dinero-por-recuperar-un-vehiculo-hurtado-en-ipiales\/"},"wordCount":186,"commentCount":0,"publisher":{"@id":"https:\/\/pagina10.com\/web\/#organization"},"image":{"@id":"https:\/\/pagina10.com\/web\/a-prision-patrulleros-de-la-policia-que-cobraron-dinero-por-recuperar-un-vehiculo-hurtado-en-ipiales\/#primaryimage"},"thumbnailUrl":"https:\/\/pagina10.com\/web\/wp-content\/uploads\/2022\/09\/276045473_351181533688264_4824229058841282990_n-01-3.jpg","articleSection":["Judicial"],"inLanguage":"es","potentialAction":[{"@type":"CommentAction","name":"Comment","target":["https:\/\/pagina10.com\/web\/a-prision-patrulleros-de-la-policia-que-cobraron-dinero-por-recuperar-un-vehiculo-hurtado-en-ipiales\/#respond"]}]},{"@type":"WebPage","@id":"https:\/\/pagina10.com\/web\/a-prision-patrulleros-de-la-policia-que-cobraron-dinero-por-recuperar-un-vehiculo-hurtado-en-ipiales\/","url":"https:\/\/pagina10.com\/web\/a-prision-patrulleros-de-la-policia-que-cobraron-dinero-por-recuperar-un-vehiculo-hurtado-en-ipiales\/","name":"A prisi\u00f3n patrulleros de la polic\u00eda que cobraron dinero por recuperar un vehiculo hurtado en Ipiales | P\u00e1gina10","isPartOf":{"@id":"https:\/\/pagina10.com\/web\/#website"},"primaryImageOfPage":{"@id":"https:\/\/pagina10.com\/web\/a-prision-patrulleros-de-la-policia-que-cobraron-dinero-por-recuperar-un-vehiculo-hurtado-en-ipiales\/#primaryimage"},"image":{"@id":"https:\/\/pagina10.com\/web\/a-prision-patrulleros-de-la-policia-que-cobraron-dinero-por-recuperar-un-vehiculo-hurtado-en-ipiales\/#primaryimage"},"thumbnailUrl":"https:\/\/pagina10.com\/web\/wp-content\/uploads\/2022\/09\/276045473_351181533688264_4824229058841282990_n-01-3.jpg","datePublished":"2022-09-24T02:53:37+00:00","breadcrumb":{"@id":"https:\/\/pagina10.com\/web\/a-prision-patrulleros-de-la-policia-que-cobraron-dinero-por-recuperar-un-vehiculo-hurtado-en-ipiales\/#breadcrumb"},"inLanguage":"es","potentialAction":[{"@type":"ReadAction","target":["https:\/\/pagina10.com\/web\/a-prision-patrulleros-de-la-policia-que-cobraron-dinero-por-recuperar-un-vehiculo-hurtado-en-ipiales\/"]}]},{"@type":"ImageObject","inLanguage":"es","@id":"https:\/\/pagina10.com\/web\/a-prision-patrulleros-de-la-policia-que-cobraron-dinero-por-recuperar-un-vehiculo-hurtado-en-ipiales\/#primaryimage","url":"https:\/\/pagina10.com\/web\/wp-content\/uploads\/2022\/09\/276045473_351181533688264_4824229058841282990_n-01-3.jpg","contentUrl":"https:\/\/pagina10.com\/web\/wp-content\/uploads\/2022\/09\/276045473_351181533688264_4824229058841282990_n-01-3.jpg","width":2278,"height":1153},{"@type":"BreadcrumbList","@id":"https:\/\/pagina10.com\/web\/a-prision-patrulleros-de-la-policia-que-cobraron-dinero-por-recuperar-un-vehiculo-hurtado-en-ipiales\/#breadcrumb","itemListElement":[{"@type":"ListItem","position":1,"name":"Portada","item":"https:\/\/pagina10.com\/web\/"},{"@type":"ListItem","position":2,"name":"A prisi\u00f3n patrulleros de la polic\u00eda que cobraron dinero por recuperar un vehiculo hurtado en Ipiales"}]},{"@type":"WebSite","@id":"https:\/\/pagina10.com\/web\/#website","url":"https:\/\/pagina10.com\/web\/","name":"P\u00e1gina10","description":"Peri\u00f3dico Regional","publisher":{"@id":"https:\/\/pagina10.com\/web\/#organization"},"alternateName":"P\u00e1gina10 Peri\u00f3dico Regional","potentialAction":[{"@type":"SearchAction","target":{"@type":"EntryPoint","urlTemplate":"https:\/\/pagina10.com\/web\/?s={search_term_string}"},"query-input":{"@type":"PropertyValueSpecification","valueRequired":true,"valueName":"search_term_string"}}],"inLanguage":"es"},{"@type":"Organization","@id":"https:\/\/pagina10.com\/web\/#organization","name":"P\u00e1gina10","alternateName":"P\u00e1gina10 Peri\u00f3dico Regional","url":"https:\/\/pagina10.com\/web\/","logo":{"@type":"ImageObject","inLanguage":"es","@id":"https:\/\/pagina10.com\/web\/#\/schema\/logo\/image\/","url":"https:\/\/pagina10.com\/web\/wp-content\/uploads\/2024\/01\/40-pagina-10-periodico-regional-pasto.jpg","contentUrl":"https:\/\/pagina10.com\/web\/wp-content\/uploads\/2024\/01\/40-pagina-10-periodico-regional-pasto.jpg","width":1280,"height":720,"caption":"P\u00e1gina10"},"image":{"@id":"https:\/\/pagina10.com\/web\/#\/schema\/logo\/image\/"},"sameAs":["https:\/\/www.facebook.com\/pag10com","https:\/\/x.com\/Pag10com","https:\/\/www.instagram.com\/pagina10col\/","https:\/\/youtube.com\/channel\/pag10","https:\/\/www.tiktok.com\/@p10col"]},{"@type":"Person","@id":"https:\/\/pagina10.com\/web\/#\/schema\/person\/2efc4a090d25b667d3bc796798a3a81b","name":"P\u00e1gina 10","description":"P\u00e1gina 10 es un peri\u00f3dico regional que nace en Colombia, en el departamento de Nari\u00f1o, con un enfoque global, fundamentado en cuatro pilares esenciales: la libertad, el pluralismo, la inclusi\u00f3n y la independencia. P\u00e1gina 10 hace referencia a Nari\u00f1o como el d\u00e9cimo departamento creado en Colombia, despu\u00e9s de un proceso pol\u00edtico liderado por actores y actrices regionales con el fin de obtener la independencia y autonom\u00eda de nuestros territorios. Con la creaci\u00f3n de P\u00e1gina 10 se pretende abrir un escenario para el dialogo, la reflexi\u00f3n y el debate que se extienda a otras geograf\u00edas de Am\u00e9rica Latina y del planeta, en una apuesta por transformar colectivamente los desaf\u00edos de un mundo contempor\u00e1neo, m\u00e1s all\u00e1 de las fronteras impuestas.","url":"https:\/\/pagina10.com\/web\/author\/pdiezadmin\/"}]}},"_links":{"self":[{"href":"https:\/\/pagina10.com\/web\/wp-json\/wp\/v2\/posts\/61799","targetHints":{"allow":["GET"]}}],"collection":[{"href":"https:\/\/pagina10.com\/web\/wp-json\/wp\/v2\/posts"}],"about":[{"href":"https:\/\/pagina10.com\/web\/wp-json\/wp\/v2\/types\/post"}],"author":[{"embeddable":true,"href":"https:\/\/pagina10.com\/web\/wp-json\/wp\/v2\/users\/1"}],"replies":[{"embeddable":true,"href":"https:\/\/pagina10.com\/web\/wp-json\/wp\/v2\/comments?post=61799"}],"version-history":[{"count":1,"href":"https:\/\/pagina10.com\/web\/wp-json\/wp\/v2\/posts\/61799\/revisions"}],"predecessor-version":[{"id":61801,"href":"https:\/\/pagina10.com\/web\/wp-json\/wp\/v2\/posts\/61799\/revisions\/61801"}],"wp:featuredmedia":[{"embeddable":true,"href":"https:\/\/pagina10.com\/web\/wp-json\/wp\/v2\/media\/61800"}],"wp:attachment":[{"href":"https:\/\/pagina10.com\/web\/wp-json\/wp\/v2\/media?parent=61799"}],"wp:term":[{"taxonomy":"category","embeddable":true,"href":"https:\/\/pagina10.com\/web\/wp-json\/wp\/v2\/categories?post=61799"},{"taxonomy":"post_tag","embeddable":true,"href":"https:\/\/pagina10.com\/web\/wp-json\/wp\/v2\/tags?post=61799"}],"curies":[{"name":"wp","href":"https:\/\/api.w.org\/{rel}","templated":true}]}}