{"id":61805,"date":"2022-09-24T15:34:54","date_gmt":"2022-09-24T20:34:54","guid":{"rendered":"https:\/\/pagina10.com\/web\/?p=61805"},"modified":"2022-09-24T15:34:54","modified_gmt":"2022-09-24T20:34:54","slug":"autoridades-ecuatorianas-sospechan-que-presunto-asesino-de-abogada-habria-ingresado-a-colombia-por-la-frontera-con-narino","status":"publish","type":"post","link":"https:\/\/pagina10.com\/web\/autoridades-ecuatorianas-sospechan-que-presunto-asesino-de-abogada-habria-ingresado-a-colombia-por-la-frontera-con-narino\/","title":{"rendered":"Autoridades ecuatorianas sospechan que presunto asesino de abogada habr\u00eda ingresado a Colombia por la frontera con Nari\u00f1o"},"content":{"rendered":"<p style=\"text-align: justify;\">Tras conocerse la tr\u00e1gica muerte de la abogada ecuatoriana Mar\u00eda Bel\u00e9n Bernal, quien presuntamente fue asesinada por su esposo Germ\u00e1n C\u00e1ceres, oficial de la Polic\u00eda de ese pa\u00eds, las autoridades vecinas presumen que el hombre habr\u00eda ingresado al pa\u00eds por la frontera con Nari\u00f1o para evitar ser capturado.<\/p>\n<p style=\"text-align: justify;\">En este sentido, revelaron un cartel en el que se muestra una fotograf\u00eda de C\u00e1ceres como principal sospechoso del crimen y otra de la motocicleta color plomo marca BMW de placa JD 431P de Ecuador en la que, al parecer, entr\u00f3 a Colombia. Por su paradero, las autoridades ofrecen una alta suma de dinero a quien suministre informaci\u00f3n a la l\u00ednea 123.<\/p>\n<p style=\"text-align: justify;\">Cabe mencionar que la abogada fue vista por \u00faltima vez el 11 de septiembre en la Escuela Superior de Polic\u00eda ubicada en Quito, donde se dirigi\u00f3 para visitar a su compa\u00f1ero sentimental con quien se cas\u00f3 hace cinco a\u00f1os. Su cuerpo fue hallado diez d\u00edas despu\u00e9s cerca de la mencionada instituci\u00f3n.<\/p>\n<p style=\"text-align: justify;\">Sobre este caso, el presidente de Ecuador Guillermo Lasso emiti\u00f3 el siguiente pronunciamiento: \u201c&#8221;Con profundo dolor e indignaci\u00f3n lamento informar que Mar\u00eda Bel\u00e9n fue encontrada. Su femicidio no quedar\u00e1 impune y todos los responsables ser\u00e1n sometidos a la ley. Mi solidaridad con su madre Elizabeth y su peque\u00f1o hijo\u201d.<\/p>\n","protected":false},"excerpt":{"rendered":"<p>Tras conocerse la tr\u00e1gica muerte de la abogada ecuatoriana Mar\u00eda Bel\u00e9n Bernal, quien presuntamente fue asesinada por su esposo Germ\u00e1n C\u00e1ceres, oficial de la Polic\u00eda de ese pa\u00eds, las autoridades vecinas presumen que el hombre habr\u00eda ingresado al pa\u00eds por la frontera con Nari\u00f1o para evitar ser capturado. En este sentido, revelaron un cartel en [&hellip;]<\/p>\n","protected":false},"author":1,"featured_media":61806,"comment_status":"open","ping_status":"open","sticky":false,"template":"","format":"standard","meta":{"footnotes":""},"categories":[61],"tags":[],"class_list":["post-61805","post","type-post","status-publish","format-standard","has-post-thumbnail","hentry","category-judicial"],"yoast_head":"<!-- This site is optimized with the Yoast SEO plugin v27.1.1 - https:\/\/yoast.com\/product\/yoast-seo-wordpress\/ -->\n<title>Autoridades ecuatorianas sospechan que presunto asesino de abogada habr\u00eda ingresado a Colombia por la frontera con Nari\u00f1o | P\u00e1gina10<\/title>\n<meta name=\"robots\" content=\"index, follow, max-snippet:-1, max-image-preview:large, max-video-preview:-1\" \/>\n<link rel=\"canonical\" href=\"https:\/\/pagina10.com\/web\/autoridades-ecuatorianas-sospechan-que-presunto-asesino-de-abogada-habria-ingresado-a-colombia-por-la-frontera-con-narino\/\" \/>\n<meta property=\"og:locale\" content=\"es_ES\" \/>\n<meta property=\"og:type\" content=\"article\" \/>\n<meta property=\"og:title\" content=\"Autoridades ecuatorianas sospechan que presunto asesino de abogada habr\u00eda ingresado a Colombia por la frontera con Nari\u00f1o | P\u00e1gina10\" \/>\n<meta property=\"og:description\" content=\"Tras conocerse la tr\u00e1gica muerte de la abogada ecuatoriana Mar\u00eda Bel\u00e9n Bernal, quien presuntamente fue asesinada por su esposo Germ\u00e1n C\u00e1ceres, oficial de la Polic\u00eda de ese pa\u00eds, las autoridades vecinas presumen que el hombre habr\u00eda ingresado al pa\u00eds por la frontera con Nari\u00f1o para evitar ser capturado. En este sentido, revelaron un cartel en [&hellip;]\" \/>\n<meta property=\"og:url\" content=\"https:\/\/pagina10.com\/web\/autoridades-ecuatorianas-sospechan-que-presunto-asesino-de-abogada-habria-ingresado-a-colombia-por-la-frontera-con-narino\/\" \/>\n<meta property=\"og:site_name\" content=\"P\u00e1gina10\" \/>\n<meta property=\"article:publisher\" content=\"https:\/\/www.facebook.com\/pag10com\" \/>\n<meta property=\"article:published_time\" content=\"2022-09-24T20:34:54+00:00\" \/>\n<meta property=\"og:image\" content=\"https:\/\/pagina10.com\/web\/wp-content\/uploads\/2022\/09\/WhatsApp-Image-2022-09-24-at-2.27.56-PM-01.jpg\" \/>\n\t<meta property=\"og:image:width\" content=\"2303\" \/>\n\t<meta property=\"og:image:height\" content=\"1146\" \/>\n\t<meta property=\"og:image:type\" content=\"image\/jpeg\" \/>\n<meta name=\"author\" content=\"P\u00e1gina 10\" \/>\n<meta name=\"twitter:card\" content=\"summary_large_image\" \/>\n<meta name=\"twitter:creator\" content=\"@Pag10com\" \/>\n<meta name=\"twitter:site\" content=\"@Pag10com\" \/>\n<meta name=\"twitter:label1\" content=\"Escrito por\" \/>\n\t<meta name=\"twitter:data1\" content=\"P\u00e1gina 10\" \/>\n\t<meta name=\"twitter:label2\" content=\"Tiempo de lectura\" \/>\n\t<meta name=\"twitter:data2\" content=\"1 minuto\" \/>\n<script type=\"application\/ld+json\" class=\"yoast-schema-graph\">{\"@context\":\"https:\/\/schema.org\",\"@graph\":[{\"@type\":\"Article\",\"@id\":\"https:\/\/pagina10.com\/web\/autoridades-ecuatorianas-sospechan-que-presunto-asesino-de-abogada-habria-ingresado-a-colombia-por-la-frontera-con-narino\/#article\",\"isPartOf\":{\"@id\":\"https:\/\/pagina10.com\/web\/autoridades-ecuatorianas-sospechan-que-presunto-asesino-de-abogada-habria-ingresado-a-colombia-por-la-frontera-con-narino\/\"},\"author\":{\"name\":\"P\u00e1gina 10\",\"@id\":\"https:\/\/pagina10.com\/web\/#\/schema\/person\/2efc4a090d25b667d3bc796798a3a81b\"},\"headline\":\"Autoridades ecuatorianas sospechan que presunto asesino de abogada habr\u00eda ingresado a Colombia por la frontera con Nari\u00f1o\",\"datePublished\":\"2022-09-24T20:34:54+00:00\",\"mainEntityOfPage\":{\"@id\":\"https:\/\/pagina10.com\/web\/autoridades-ecuatorianas-sospechan-que-presunto-asesino-de-abogada-habria-ingresado-a-colombia-por-la-frontera-con-narino\/\"},\"wordCount\":252,\"commentCount\":0,\"publisher\":{\"@id\":\"https:\/\/pagina10.com\/web\/#organization\"},\"image\":{\"@id\":\"https:\/\/pagina10.com\/web\/autoridades-ecuatorianas-sospechan-que-presunto-asesino-de-abogada-habria-ingresado-a-colombia-por-la-frontera-con-narino\/#primaryimage\"},\"thumbnailUrl\":\"https:\/\/pagina10.com\/web\/wp-content\/uploads\/2022\/09\/WhatsApp-Image-2022-09-24-at-2.27.56-PM-01.jpg\",\"articleSection\":[\"Judicial\"],\"inLanguage\":\"es\",\"potentialAction\":[{\"@type\":\"CommentAction\",\"name\":\"Comment\",\"target\":[\"https:\/\/pagina10.com\/web\/autoridades-ecuatorianas-sospechan-que-presunto-asesino-de-abogada-habria-ingresado-a-colombia-por-la-frontera-con-narino\/#respond\"]}]},{\"@type\":\"WebPage\",\"@id\":\"https:\/\/pagina10.com\/web\/autoridades-ecuatorianas-sospechan-que-presunto-asesino-de-abogada-habria-ingresado-a-colombia-por-la-frontera-con-narino\/\",\"url\":\"https:\/\/pagina10.com\/web\/autoridades-ecuatorianas-sospechan-que-presunto-asesino-de-abogada-habria-ingresado-a-colombia-por-la-frontera-con-narino\/\",\"name\":\"Autoridades ecuatorianas sospechan que presunto asesino de abogada habr\u00eda ingresado a Colombia por la frontera con Nari\u00f1o | P\u00e1gina10\",\"isPartOf\":{\"@id\":\"https:\/\/pagina10.com\/web\/#website\"},\"primaryImageOfPage\":{\"@id\":\"https:\/\/pagina10.com\/web\/autoridades-ecuatorianas-sospechan-que-presunto-asesino-de-abogada-habria-ingresado-a-colombia-por-la-frontera-con-narino\/#primaryimage\"},\"image\":{\"@id\":\"https:\/\/pagina10.com\/web\/autoridades-ecuatorianas-sospechan-que-presunto-asesino-de-abogada-habria-ingresado-a-colombia-por-la-frontera-con-narino\/#primaryimage\"},\"thumbnailUrl\":\"https:\/\/pagina10.com\/web\/wp-content\/uploads\/2022\/09\/WhatsApp-Image-2022-09-24-at-2.27.56-PM-01.jpg\",\"datePublished\":\"2022-09-24T20:34:54+00:00\",\"breadcrumb\":{\"@id\":\"https:\/\/pagina10.com\/web\/autoridades-ecuatorianas-sospechan-que-presunto-asesino-de-abogada-habria-ingresado-a-colombia-por-la-frontera-con-narino\/#breadcrumb\"},\"inLanguage\":\"es\",\"potentialAction\":[{\"@type\":\"ReadAction\",\"target\":[\"https:\/\/pagina10.com\/web\/autoridades-ecuatorianas-sospechan-que-presunto-asesino-de-abogada-habria-ingresado-a-colombia-por-la-frontera-con-narino\/\"]}]},{\"@type\":\"ImageObject\",\"inLanguage\":\"es\",\"@id\":\"https:\/\/pagina10.com\/web\/autoridades-ecuatorianas-sospechan-que-presunto-asesino-de-abogada-habria-ingresado-a-colombia-por-la-frontera-con-narino\/#primaryimage\",\"url\":\"https:\/\/pagina10.com\/web\/wp-content\/uploads\/2022\/09\/WhatsApp-Image-2022-09-24-at-2.27.56-PM-01.jpg\",\"contentUrl\":\"https:\/\/pagina10.com\/web\/wp-content\/uploads\/2022\/09\/WhatsApp-Image-2022-09-24-at-2.27.56-PM-01.jpg\",\"width\":2303,\"height\":1146},{\"@type\":\"BreadcrumbList\",\"@id\":\"https:\/\/pagina10.com\/web\/autoridades-ecuatorianas-sospechan-que-presunto-asesino-de-abogada-habria-ingresado-a-colombia-por-la-frontera-con-narino\/#breadcrumb\",\"itemListElement\":[{\"@type\":\"ListItem\",\"position\":1,\"name\":\"Portada\",\"item\":\"https:\/\/pagina10.com\/web\/\"},{\"@type\":\"ListItem\",\"position\":2,\"name\":\"Autoridades ecuatorianas sospechan que presunto asesino de abogada habr\u00eda ingresado a Colombia por la frontera con Nari\u00f1o\"}]},{\"@type\":\"WebSite\",\"@id\":\"https:\/\/pagina10.com\/web\/#website\",\"url\":\"https:\/\/pagina10.com\/web\/\",\"name\":\"P\u00e1gina10\",\"description\":\"Peri\u00f3dico Regional\",\"publisher\":{\"@id\":\"https:\/\/pagina10.com\/web\/#organization\"},\"alternateName\":\"P\u00e1gina10 Peri\u00f3dico Regional\",\"potentialAction\":[{\"@type\":\"SearchAction\",\"target\":{\"@type\":\"EntryPoint\",\"urlTemplate\":\"https:\/\/pagina10.com\/web\/?s={search_term_string}\"},\"query-input\":{\"@type\":\"PropertyValueSpecification\",\"valueRequired\":true,\"valueName\":\"search_term_string\"}}],\"inLanguage\":\"es\"},{\"@type\":\"Organization\",\"@id\":\"https:\/\/pagina10.com\/web\/#organization\",\"name\":\"P\u00e1gina10\",\"alternateName\":\"P\u00e1gina10 Peri\u00f3dico Regional\",\"url\":\"https:\/\/pagina10.com\/web\/\",\"logo\":{\"@type\":\"ImageObject\",\"inLanguage\":\"es\",\"@id\":\"https:\/\/pagina10.com\/web\/#\/schema\/logo\/image\/\",\"url\":\"https:\/\/pagina10.com\/web\/wp-content\/uploads\/2024\/01\/40-pagina-10-periodico-regional-pasto.jpg\",\"contentUrl\":\"https:\/\/pagina10.com\/web\/wp-content\/uploads\/2024\/01\/40-pagina-10-periodico-regional-pasto.jpg\",\"width\":1280,\"height\":720,\"caption\":\"P\u00e1gina10\"},\"image\":{\"@id\":\"https:\/\/pagina10.com\/web\/#\/schema\/logo\/image\/\"},\"sameAs\":[\"https:\/\/www.facebook.com\/pag10com\",\"https:\/\/x.com\/Pag10com\",\"https:\/\/www.instagram.com\/pagina10col\/\",\"https:\/\/youtube.com\/channel\/pag10\",\"https:\/\/www.tiktok.com\/@p10col\"]},{\"@type\":\"Person\",\"@id\":\"https:\/\/pagina10.com\/web\/#\/schema\/person\/2efc4a090d25b667d3bc796798a3a81b\",\"name\":\"P\u00e1gina 10\",\"description\":\"P\u00e1gina 10 es un peri\u00f3dico regional que nace en Colombia, en el departamento de Nari\u00f1o, con un enfoque global, fundamentado en cuatro pilares esenciales: la libertad, el pluralismo, la inclusi\u00f3n y la independencia. P\u00e1gina 10 hace referencia a Nari\u00f1o como el d\u00e9cimo departamento creado en Colombia, despu\u00e9s de un proceso pol\u00edtico liderado por actores y actrices regionales con el fin de obtener la independencia y autonom\u00eda de nuestros territorios. Con la creaci\u00f3n de P\u00e1gina 10 se pretende abrir un escenario para el dialogo, la reflexi\u00f3n y el debate que se extienda a otras geograf\u00edas de Am\u00e9rica Latina y del planeta, en una apuesta por transformar colectivamente los desaf\u00edos de un mundo contempor\u00e1neo, m\u00e1s all\u00e1 de las fronteras impuestas.\",\"url\":\"https:\/\/pagina10.com\/web\/author\/pdiezadmin\/\"}]}<\/script>\n<!-- \/ Yoast SEO plugin. -->","yoast_head_json":{"title":"Autoridades ecuatorianas sospechan que presunto asesino de abogada habr\u00eda ingresado a Colombia por la frontera con Nari\u00f1o | P\u00e1gina10","robots":{"index":"index","follow":"follow","max-snippet":"max-snippet:-1","max-image-preview":"max-image-preview:large","max-video-preview":"max-video-preview:-1"},"canonical":"https:\/\/pagina10.com\/web\/autoridades-ecuatorianas-sospechan-que-presunto-asesino-de-abogada-habria-ingresado-a-colombia-por-la-frontera-con-narino\/","og_locale":"es_ES","og_type":"article","og_title":"Autoridades ecuatorianas sospechan que presunto asesino de abogada habr\u00eda ingresado a Colombia por la frontera con Nari\u00f1o | P\u00e1gina10","og_description":"Tras conocerse la tr\u00e1gica muerte de la abogada ecuatoriana Mar\u00eda Bel\u00e9n Bernal, quien presuntamente fue asesinada por su esposo Germ\u00e1n C\u00e1ceres, oficial de la Polic\u00eda de ese pa\u00eds, las autoridades vecinas presumen que el hombre habr\u00eda ingresado al pa\u00eds por la frontera con Nari\u00f1o para evitar ser capturado. En este sentido, revelaron un cartel en [&hellip;]","og_url":"https:\/\/pagina10.com\/web\/autoridades-ecuatorianas-sospechan-que-presunto-asesino-de-abogada-habria-ingresado-a-colombia-por-la-frontera-con-narino\/","og_site_name":"P\u00e1gina10","article_publisher":"https:\/\/www.facebook.com\/pag10com","article_published_time":"2022-09-24T20:34:54+00:00","og_image":[{"width":2303,"height":1146,"url":"https:\/\/pagina10.com\/web\/wp-content\/uploads\/2022\/09\/WhatsApp-Image-2022-09-24-at-2.27.56-PM-01.jpg","type":"image\/jpeg"}],"author":"P\u00e1gina 10","twitter_card":"summary_large_image","twitter_creator":"@Pag10com","twitter_site":"@Pag10com","twitter_misc":{"Escrito por":"P\u00e1gina 10","Tiempo de lectura":"1 minuto"},"schema":{"@context":"https:\/\/schema.org","@graph":[{"@type":"Article","@id":"https:\/\/pagina10.com\/web\/autoridades-ecuatorianas-sospechan-que-presunto-asesino-de-abogada-habria-ingresado-a-colombia-por-la-frontera-con-narino\/#article","isPartOf":{"@id":"https:\/\/pagina10.com\/web\/autoridades-ecuatorianas-sospechan-que-presunto-asesino-de-abogada-habria-ingresado-a-colombia-por-la-frontera-con-narino\/"},"author":{"name":"P\u00e1gina 10","@id":"https:\/\/pagina10.com\/web\/#\/schema\/person\/2efc4a090d25b667d3bc796798a3a81b"},"headline":"Autoridades ecuatorianas sospechan que presunto asesino de abogada habr\u00eda ingresado a Colombia por la frontera con Nari\u00f1o","datePublished":"2022-09-24T20:34:54+00:00","mainEntityOfPage":{"@id":"https:\/\/pagina10.com\/web\/autoridades-ecuatorianas-sospechan-que-presunto-asesino-de-abogada-habria-ingresado-a-colombia-por-la-frontera-con-narino\/"},"wordCount":252,"commentCount":0,"publisher":{"@id":"https:\/\/pagina10.com\/web\/#organization"},"image":{"@id":"https:\/\/pagina10.com\/web\/autoridades-ecuatorianas-sospechan-que-presunto-asesino-de-abogada-habria-ingresado-a-colombia-por-la-frontera-con-narino\/#primaryimage"},"thumbnailUrl":"https:\/\/pagina10.com\/web\/wp-content\/uploads\/2022\/09\/WhatsApp-Image-2022-09-24-at-2.27.56-PM-01.jpg","articleSection":["Judicial"],"inLanguage":"es","potentialAction":[{"@type":"CommentAction","name":"Comment","target":["https:\/\/pagina10.com\/web\/autoridades-ecuatorianas-sospechan-que-presunto-asesino-de-abogada-habria-ingresado-a-colombia-por-la-frontera-con-narino\/#respond"]}]},{"@type":"WebPage","@id":"https:\/\/pagina10.com\/web\/autoridades-ecuatorianas-sospechan-que-presunto-asesino-de-abogada-habria-ingresado-a-colombia-por-la-frontera-con-narino\/","url":"https:\/\/pagina10.com\/web\/autoridades-ecuatorianas-sospechan-que-presunto-asesino-de-abogada-habria-ingresado-a-colombia-por-la-frontera-con-narino\/","name":"Autoridades ecuatorianas sospechan que presunto asesino de abogada habr\u00eda ingresado a Colombia por la frontera con Nari\u00f1o | P\u00e1gina10","isPartOf":{"@id":"https:\/\/pagina10.com\/web\/#website"},"primaryImageOfPage":{"@id":"https:\/\/pagina10.com\/web\/autoridades-ecuatorianas-sospechan-que-presunto-asesino-de-abogada-habria-ingresado-a-colombia-por-la-frontera-con-narino\/#primaryimage"},"image":{"@id":"https:\/\/pagina10.com\/web\/autoridades-ecuatorianas-sospechan-que-presunto-asesino-de-abogada-habria-ingresado-a-colombia-por-la-frontera-con-narino\/#primaryimage"},"thumbnailUrl":"https:\/\/pagina10.com\/web\/wp-content\/uploads\/2022\/09\/WhatsApp-Image-2022-09-24-at-2.27.56-PM-01.jpg","datePublished":"2022-09-24T20:34:54+00:00","breadcrumb":{"@id":"https:\/\/pagina10.com\/web\/autoridades-ecuatorianas-sospechan-que-presunto-asesino-de-abogada-habria-ingresado-a-colombia-por-la-frontera-con-narino\/#breadcrumb"},"inLanguage":"es","potentialAction":[{"@type":"ReadAction","target":["https:\/\/pagina10.com\/web\/autoridades-ecuatorianas-sospechan-que-presunto-asesino-de-abogada-habria-ingresado-a-colombia-por-la-frontera-con-narino\/"]}]},{"@type":"ImageObject","inLanguage":"es","@id":"https:\/\/pagina10.com\/web\/autoridades-ecuatorianas-sospechan-que-presunto-asesino-de-abogada-habria-ingresado-a-colombia-por-la-frontera-con-narino\/#primaryimage","url":"https:\/\/pagina10.com\/web\/wp-content\/uploads\/2022\/09\/WhatsApp-Image-2022-09-24-at-2.27.56-PM-01.jpg","contentUrl":"https:\/\/pagina10.com\/web\/wp-content\/uploads\/2022\/09\/WhatsApp-Image-2022-09-24-at-2.27.56-PM-01.jpg","width":2303,"height":1146},{"@type":"BreadcrumbList","@id":"https:\/\/pagina10.com\/web\/autoridades-ecuatorianas-sospechan-que-presunto-asesino-de-abogada-habria-ingresado-a-colombia-por-la-frontera-con-narino\/#breadcrumb","itemListElement":[{"@type":"ListItem","position":1,"name":"Portada","item":"https:\/\/pagina10.com\/web\/"},{"@type":"ListItem","position":2,"name":"Autoridades ecuatorianas sospechan que presunto asesino de abogada habr\u00eda ingresado a Colombia por la frontera con Nari\u00f1o"}]},{"@type":"WebSite","@id":"https:\/\/pagina10.com\/web\/#website","url":"https:\/\/pagina10.com\/web\/","name":"P\u00e1gina10","description":"Peri\u00f3dico Regional","publisher":{"@id":"https:\/\/pagina10.com\/web\/#organization"},"alternateName":"P\u00e1gina10 Peri\u00f3dico Regional","potentialAction":[{"@type":"SearchAction","target":{"@type":"EntryPoint","urlTemplate":"https:\/\/pagina10.com\/web\/?s={search_term_string}"},"query-input":{"@type":"PropertyValueSpecification","valueRequired":true,"valueName":"search_term_string"}}],"inLanguage":"es"},{"@type":"Organization","@id":"https:\/\/pagina10.com\/web\/#organization","name":"P\u00e1gina10","alternateName":"P\u00e1gina10 Peri\u00f3dico Regional","url":"https:\/\/pagina10.com\/web\/","logo":{"@type":"ImageObject","inLanguage":"es","@id":"https:\/\/pagina10.com\/web\/#\/schema\/logo\/image\/","url":"https:\/\/pagina10.com\/web\/wp-content\/uploads\/2024\/01\/40-pagina-10-periodico-regional-pasto.jpg","contentUrl":"https:\/\/pagina10.com\/web\/wp-content\/uploads\/2024\/01\/40-pagina-10-periodico-regional-pasto.jpg","width":1280,"height":720,"caption":"P\u00e1gina10"},"image":{"@id":"https:\/\/pagina10.com\/web\/#\/schema\/logo\/image\/"},"sameAs":["https:\/\/www.facebook.com\/pag10com","https:\/\/x.com\/Pag10com","https:\/\/www.instagram.com\/pagina10col\/","https:\/\/youtube.com\/channel\/pag10","https:\/\/www.tiktok.com\/@p10col"]},{"@type":"Person","@id":"https:\/\/pagina10.com\/web\/#\/schema\/person\/2efc4a090d25b667d3bc796798a3a81b","name":"P\u00e1gina 10","description":"P\u00e1gina 10 es un peri\u00f3dico regional que nace en Colombia, en el departamento de Nari\u00f1o, con un enfoque global, fundamentado en cuatro pilares esenciales: la libertad, el pluralismo, la inclusi\u00f3n y la independencia. P\u00e1gina 10 hace referencia a Nari\u00f1o como el d\u00e9cimo departamento creado en Colombia, despu\u00e9s de un proceso pol\u00edtico liderado por actores y actrices regionales con el fin de obtener la independencia y autonom\u00eda de nuestros territorios. Con la creaci\u00f3n de P\u00e1gina 10 se pretende abrir un escenario para el dialogo, la reflexi\u00f3n y el debate que se extienda a otras geograf\u00edas de Am\u00e9rica Latina y del planeta, en una apuesta por transformar colectivamente los desaf\u00edos de un mundo contempor\u00e1neo, m\u00e1s all\u00e1 de las fronteras impuestas.","url":"https:\/\/pagina10.com\/web\/author\/pdiezadmin\/"}]}},"_links":{"self":[{"href":"https:\/\/pagina10.com\/web\/wp-json\/wp\/v2\/posts\/61805","targetHints":{"allow":["GET"]}}],"collection":[{"href":"https:\/\/pagina10.com\/web\/wp-json\/wp\/v2\/posts"}],"about":[{"href":"https:\/\/pagina10.com\/web\/wp-json\/wp\/v2\/types\/post"}],"author":[{"embeddable":true,"href":"https:\/\/pagina10.com\/web\/wp-json\/wp\/v2\/users\/1"}],"replies":[{"embeddable":true,"href":"https:\/\/pagina10.com\/web\/wp-json\/wp\/v2\/comments?post=61805"}],"version-history":[{"count":1,"href":"https:\/\/pagina10.com\/web\/wp-json\/wp\/v2\/posts\/61805\/revisions"}],"predecessor-version":[{"id":61807,"href":"https:\/\/pagina10.com\/web\/wp-json\/wp\/v2\/posts\/61805\/revisions\/61807"}],"wp:featuredmedia":[{"embeddable":true,"href":"https:\/\/pagina10.com\/web\/wp-json\/wp\/v2\/media\/61806"}],"wp:attachment":[{"href":"https:\/\/pagina10.com\/web\/wp-json\/wp\/v2\/media?parent=61805"}],"wp:term":[{"taxonomy":"category","embeddable":true,"href":"https:\/\/pagina10.com\/web\/wp-json\/wp\/v2\/categories?post=61805"},{"taxonomy":"post_tag","embeddable":true,"href":"https:\/\/pagina10.com\/web\/wp-json\/wp\/v2\/tags?post=61805"}],"curies":[{"name":"wp","href":"https:\/\/api.w.org\/{rel}","templated":true}]}}