{"id":61837,"date":"2022-09-25T18:25:48","date_gmt":"2022-09-25T23:25:48","guid":{"rendered":"https:\/\/pagina10.com\/web\/?p=61837"},"modified":"2022-09-25T18:25:48","modified_gmt":"2022-09-25T23:25:48","slug":"2-800-personas-asistieron-a-la-apertura-la-mejor-taza-de-mi-narino-2022","status":"publish","type":"post","link":"https:\/\/pagina10.com\/web\/2-800-personas-asistieron-a-la-apertura-la-mejor-taza-de-mi-narino-2022\/","title":{"rendered":"2.800 personas asistieron a la apertura \u2018La Mejor Taza de Mi Nari\u00f1o 2022\u2019"},"content":{"rendered":"<p style=\"text-align: justify;\">En la Casona de Taminango de Pasto, se dio la apertura a la feria m\u00e1s grande de caf\u00e9 del sur occidente colombiano. Con reto de tosti\u00f3n, concurso de caf\u00e9 en olleta, masterclass de chocolater\u00eda, muestra comercial de caf\u00e9, cacao, turismo y mucho m\u00e1s, recibimos a las 2.800 personas que asistieron al primer d\u00eda de \u0301La Mejor Taza de Mi Nari\u00f1o 2022\u2019.<\/p>\n<p style=\"text-align: justify;\">La Mejor Taza de Mi Nari\u00f1o 2022 contar\u00e1 durante los tres d\u00edas de Feria con 96 stands, una muestra experiencial y comercial de 93 metros cuadrados y agenda de experiencia y academia. \u201cEn esta feria hay cosas muy importantes para estos sectores, una de estas las conferencias, que me parece particularmente que<br \/>\nes uno de los temas m\u00e1s importantes porque van a estar personajes con gran experiencia en este sector, quienes manejan temas a nivel internacional en<br \/>\ncuanto al mercado de caf\u00e9\u201d, indic\u00f3 la Gestora Social de Nari\u00f1o, Maritza Moncayo Hermosa.<br \/>\nAs\u00ed mismo, la Gestora Social indic\u00f3 que este espacio ser\u00e1 una gran oportunidad para que los productores generen acuerdos comerciales e invit\u00f3 a toda la comunidad a consumir los productos de las familias productoras nari\u00f1enses.<\/p>\n<p style=\"text-align: justify;\">\u201cEl cacao nos evoca felicidad, desde la forma de cultivarlo hasta el consumidor final, porque todo es alegr\u00eda, toda esa energ\u00eda que se transmite buscamos que haga feliz a mucha gente. Invitamos a todos los nari\u00f1enses para que apoyen esta iniciativa que permiten mostrar todos estos emprendimientos y visibilizar las acciones que se hacen desde los territorios apartados y para que compartamos una taza de caf\u00e9, una barra de chocolate que nos permita generar alegr\u00eda en nuestra familia\u201d, afirm\u00f3 Gustavo G\u00f3ngora, Cacaotero del municipio de Tumaco.<\/p>\n<p style=\"text-align: justify;\">En esta Feria participan diferentes dependencias de la Gobernaci\u00f3n de Nari\u00f1o, Instituciones y empresas que le aportan a la cadena de valor de los tres sectores que se encuentran en ella. Por parte de la Secretar\u00eda de Planeaci\u00f3n Departamental en alianza con Universidad Cooperativa, se desarrolla la Agenda de Experiencias y Academia; para esta segunda versi\u00f3n, estar\u00e1 enfocada en temas de econom\u00eda digital, innovaci\u00f3n y sostenibilidad. Para ello, se contar\u00e1 con la presencia e intervenci\u00f3n de conferencistas con alta reputaci\u00f3n.<\/p>\n","protected":false},"excerpt":{"rendered":"<p>En la Casona de Taminango de Pasto, se dio la apertura a la feria m\u00e1s grande de caf\u00e9 del sur occidente colombiano. Con reto de tosti\u00f3n, concurso de caf\u00e9 en olleta, masterclass de chocolater\u00eda, muestra comercial de caf\u00e9, cacao, turismo y mucho m\u00e1s, recibimos a las 2.800 personas que asistieron al primer d\u00eda de \u0301La [&hellip;]<\/p>\n","protected":false},"author":1,"featured_media":61838,"comment_status":"open","ping_status":"open","sticky":false,"template":"","format":"standard","meta":{"footnotes":""},"categories":[13],"tags":[],"class_list":["post-61837","post","type-post","status-publish","format-standard","has-post-thumbnail","hentry","category-economia"],"yoast_head":"<!-- This site is optimized with the Yoast SEO plugin v27.1.1 - https:\/\/yoast.com\/product\/yoast-seo-wordpress\/ -->\n<title>2.800 personas asistieron a la apertura \u2018La Mejor Taza de Mi Nari\u00f1o 2022\u2019 | P\u00e1gina10<\/title>\n<meta name=\"robots\" content=\"index, follow, max-snippet:-1, max-image-preview:large, max-video-preview:-1\" \/>\n<link rel=\"canonical\" href=\"https:\/\/pagina10.com\/web\/2-800-personas-asistieron-a-la-apertura-la-mejor-taza-de-mi-narino-2022\/\" \/>\n<meta property=\"og:locale\" content=\"es_ES\" \/>\n<meta property=\"og:type\" content=\"article\" \/>\n<meta property=\"og:title\" content=\"2.800 personas asistieron a la apertura \u2018La Mejor Taza de Mi Nari\u00f1o 2022\u2019 | P\u00e1gina10\" \/>\n<meta property=\"og:description\" content=\"En la Casona de Taminango de Pasto, se dio la apertura a la feria m\u00e1s grande de caf\u00e9 del sur occidente colombiano. Con reto de tosti\u00f3n, concurso de caf\u00e9 en olleta, masterclass de chocolater\u00eda, muestra comercial de caf\u00e9, cacao, turismo y mucho m\u00e1s, recibimos a las 2.800 personas que asistieron al primer d\u00eda de \u0301La [&hellip;]\" \/>\n<meta property=\"og:url\" content=\"https:\/\/pagina10.com\/web\/2-800-personas-asistieron-a-la-apertura-la-mejor-taza-de-mi-narino-2022\/\" \/>\n<meta property=\"og:site_name\" content=\"P\u00e1gina10\" \/>\n<meta property=\"article:publisher\" content=\"https:\/\/www.facebook.com\/pag10com\" \/>\n<meta property=\"article:published_time\" content=\"2022-09-25T23:25:48+00:00\" \/>\n<meta property=\"og:image\" content=\"https:\/\/pagina10.com\/web\/wp-content\/uploads\/2022\/09\/307206817_461152456056562_4230936988830085914_n.jpg\" \/>\n\t<meta property=\"og:image:width\" content=\"1280\" \/>\n\t<meta property=\"og:image:height\" content=\"853\" \/>\n\t<meta property=\"og:image:type\" content=\"image\/jpeg\" \/>\n<meta name=\"author\" content=\"P\u00e1gina 10\" \/>\n<meta name=\"twitter:card\" content=\"summary_large_image\" \/>\n<meta name=\"twitter:creator\" content=\"@Pag10com\" \/>\n<meta name=\"twitter:site\" content=\"@Pag10com\" \/>\n<meta name=\"twitter:label1\" content=\"Escrito por\" \/>\n\t<meta name=\"twitter:data1\" content=\"P\u00e1gina 10\" \/>\n\t<meta name=\"twitter:label2\" content=\"Tiempo de lectura\" \/>\n\t<meta name=\"twitter:data2\" content=\"2 minutos\" \/>\n<script type=\"application\/ld+json\" class=\"yoast-schema-graph\">{\"@context\":\"https:\/\/schema.org\",\"@graph\":[{\"@type\":\"Article\",\"@id\":\"https:\/\/pagina10.com\/web\/2-800-personas-asistieron-a-la-apertura-la-mejor-taza-de-mi-narino-2022\/#article\",\"isPartOf\":{\"@id\":\"https:\/\/pagina10.com\/web\/2-800-personas-asistieron-a-la-apertura-la-mejor-taza-de-mi-narino-2022\/\"},\"author\":{\"name\":\"P\u00e1gina 10\",\"@id\":\"https:\/\/pagina10.com\/web\/#\/schema\/person\/2efc4a090d25b667d3bc796798a3a81b\"},\"headline\":\"2.800 personas asistieron a la apertura \u2018La Mejor Taza de Mi Nari\u00f1o 2022\u2019\",\"datePublished\":\"2022-09-25T23:25:48+00:00\",\"mainEntityOfPage\":{\"@id\":\"https:\/\/pagina10.com\/web\/2-800-personas-asistieron-a-la-apertura-la-mejor-taza-de-mi-narino-2022\/\"},\"wordCount\":385,\"commentCount\":0,\"publisher\":{\"@id\":\"https:\/\/pagina10.com\/web\/#organization\"},\"image\":{\"@id\":\"https:\/\/pagina10.com\/web\/2-800-personas-asistieron-a-la-apertura-la-mejor-taza-de-mi-narino-2022\/#primaryimage\"},\"thumbnailUrl\":\"https:\/\/pagina10.com\/web\/wp-content\/uploads\/2022\/09\/307206817_461152456056562_4230936988830085914_n.jpg\",\"articleSection\":[\"Econom\u00eda\"],\"inLanguage\":\"es\",\"potentialAction\":[{\"@type\":\"CommentAction\",\"name\":\"Comment\",\"target\":[\"https:\/\/pagina10.com\/web\/2-800-personas-asistieron-a-la-apertura-la-mejor-taza-de-mi-narino-2022\/#respond\"]}]},{\"@type\":\"WebPage\",\"@id\":\"https:\/\/pagina10.com\/web\/2-800-personas-asistieron-a-la-apertura-la-mejor-taza-de-mi-narino-2022\/\",\"url\":\"https:\/\/pagina10.com\/web\/2-800-personas-asistieron-a-la-apertura-la-mejor-taza-de-mi-narino-2022\/\",\"name\":\"2.800 personas asistieron a la apertura \u2018La Mejor Taza de Mi Nari\u00f1o 2022\u2019 | P\u00e1gina10\",\"isPartOf\":{\"@id\":\"https:\/\/pagina10.com\/web\/#website\"},\"primaryImageOfPage\":{\"@id\":\"https:\/\/pagina10.com\/web\/2-800-personas-asistieron-a-la-apertura-la-mejor-taza-de-mi-narino-2022\/#primaryimage\"},\"image\":{\"@id\":\"https:\/\/pagina10.com\/web\/2-800-personas-asistieron-a-la-apertura-la-mejor-taza-de-mi-narino-2022\/#primaryimage\"},\"thumbnailUrl\":\"https:\/\/pagina10.com\/web\/wp-content\/uploads\/2022\/09\/307206817_461152456056562_4230936988830085914_n.jpg\",\"datePublished\":\"2022-09-25T23:25:48+00:00\",\"breadcrumb\":{\"@id\":\"https:\/\/pagina10.com\/web\/2-800-personas-asistieron-a-la-apertura-la-mejor-taza-de-mi-narino-2022\/#breadcrumb\"},\"inLanguage\":\"es\",\"potentialAction\":[{\"@type\":\"ReadAction\",\"target\":[\"https:\/\/pagina10.com\/web\/2-800-personas-asistieron-a-la-apertura-la-mejor-taza-de-mi-narino-2022\/\"]}]},{\"@type\":\"ImageObject\",\"inLanguage\":\"es\",\"@id\":\"https:\/\/pagina10.com\/web\/2-800-personas-asistieron-a-la-apertura-la-mejor-taza-de-mi-narino-2022\/#primaryimage\",\"url\":\"https:\/\/pagina10.com\/web\/wp-content\/uploads\/2022\/09\/307206817_461152456056562_4230936988830085914_n.jpg\",\"contentUrl\":\"https:\/\/pagina10.com\/web\/wp-content\/uploads\/2022\/09\/307206817_461152456056562_4230936988830085914_n.jpg\",\"width\":1280,\"height\":853},{\"@type\":\"BreadcrumbList\",\"@id\":\"https:\/\/pagina10.com\/web\/2-800-personas-asistieron-a-la-apertura-la-mejor-taza-de-mi-narino-2022\/#breadcrumb\",\"itemListElement\":[{\"@type\":\"ListItem\",\"position\":1,\"name\":\"Portada\",\"item\":\"https:\/\/pagina10.com\/web\/\"},{\"@type\":\"ListItem\",\"position\":2,\"name\":\"2.800 personas asistieron a la apertura \u2018La Mejor Taza de Mi Nari\u00f1o 2022\u2019\"}]},{\"@type\":\"WebSite\",\"@id\":\"https:\/\/pagina10.com\/web\/#website\",\"url\":\"https:\/\/pagina10.com\/web\/\",\"name\":\"P\u00e1gina10\",\"description\":\"Peri\u00f3dico Regional\",\"publisher\":{\"@id\":\"https:\/\/pagina10.com\/web\/#organization\"},\"alternateName\":\"P\u00e1gina10 Peri\u00f3dico Regional\",\"potentialAction\":[{\"@type\":\"SearchAction\",\"target\":{\"@type\":\"EntryPoint\",\"urlTemplate\":\"https:\/\/pagina10.com\/web\/?s={search_term_string}\"},\"query-input\":{\"@type\":\"PropertyValueSpecification\",\"valueRequired\":true,\"valueName\":\"search_term_string\"}}],\"inLanguage\":\"es\"},{\"@type\":\"Organization\",\"@id\":\"https:\/\/pagina10.com\/web\/#organization\",\"name\":\"P\u00e1gina10\",\"alternateName\":\"P\u00e1gina10 Peri\u00f3dico Regional\",\"url\":\"https:\/\/pagina10.com\/web\/\",\"logo\":{\"@type\":\"ImageObject\",\"inLanguage\":\"es\",\"@id\":\"https:\/\/pagina10.com\/web\/#\/schema\/logo\/image\/\",\"url\":\"https:\/\/pagina10.com\/web\/wp-content\/uploads\/2024\/01\/40-pagina-10-periodico-regional-pasto.jpg\",\"contentUrl\":\"https:\/\/pagina10.com\/web\/wp-content\/uploads\/2024\/01\/40-pagina-10-periodico-regional-pasto.jpg\",\"width\":1280,\"height\":720,\"caption\":\"P\u00e1gina10\"},\"image\":{\"@id\":\"https:\/\/pagina10.com\/web\/#\/schema\/logo\/image\/\"},\"sameAs\":[\"https:\/\/www.facebook.com\/pag10com\",\"https:\/\/x.com\/Pag10com\",\"https:\/\/www.instagram.com\/pagina10col\/\",\"https:\/\/youtube.com\/channel\/pag10\",\"https:\/\/www.tiktok.com\/@p10col\"]},{\"@type\":\"Person\",\"@id\":\"https:\/\/pagina10.com\/web\/#\/schema\/person\/2efc4a090d25b667d3bc796798a3a81b\",\"name\":\"P\u00e1gina 10\",\"description\":\"P\u00e1gina 10 es un peri\u00f3dico regional que nace en Colombia, en el departamento de Nari\u00f1o, con un enfoque global, fundamentado en cuatro pilares esenciales: la libertad, el pluralismo, la inclusi\u00f3n y la independencia. P\u00e1gina 10 hace referencia a Nari\u00f1o como el d\u00e9cimo departamento creado en Colombia, despu\u00e9s de un proceso pol\u00edtico liderado por actores y actrices regionales con el fin de obtener la independencia y autonom\u00eda de nuestros territorios. Con la creaci\u00f3n de P\u00e1gina 10 se pretende abrir un escenario para el dialogo, la reflexi\u00f3n y el debate que se extienda a otras geograf\u00edas de Am\u00e9rica Latina y del planeta, en una apuesta por transformar colectivamente los desaf\u00edos de un mundo contempor\u00e1neo, m\u00e1s all\u00e1 de las fronteras impuestas.\",\"url\":\"https:\/\/pagina10.com\/web\/author\/pdiezadmin\/\"}]}<\/script>\n<!-- \/ Yoast SEO plugin. -->","yoast_head_json":{"title":"2.800 personas asistieron a la apertura \u2018La Mejor Taza de Mi Nari\u00f1o 2022\u2019 | P\u00e1gina10","robots":{"index":"index","follow":"follow","max-snippet":"max-snippet:-1","max-image-preview":"max-image-preview:large","max-video-preview":"max-video-preview:-1"},"canonical":"https:\/\/pagina10.com\/web\/2-800-personas-asistieron-a-la-apertura-la-mejor-taza-de-mi-narino-2022\/","og_locale":"es_ES","og_type":"article","og_title":"2.800 personas asistieron a la apertura \u2018La Mejor Taza de Mi Nari\u00f1o 2022\u2019 | P\u00e1gina10","og_description":"En la Casona de Taminango de Pasto, se dio la apertura a la feria m\u00e1s grande de caf\u00e9 del sur occidente colombiano. Con reto de tosti\u00f3n, concurso de caf\u00e9 en olleta, masterclass de chocolater\u00eda, muestra comercial de caf\u00e9, cacao, turismo y mucho m\u00e1s, recibimos a las 2.800 personas que asistieron al primer d\u00eda de \u0301La [&hellip;]","og_url":"https:\/\/pagina10.com\/web\/2-800-personas-asistieron-a-la-apertura-la-mejor-taza-de-mi-narino-2022\/","og_site_name":"P\u00e1gina10","article_publisher":"https:\/\/www.facebook.com\/pag10com","article_published_time":"2022-09-25T23:25:48+00:00","og_image":[{"width":1280,"height":853,"url":"https:\/\/pagina10.com\/web\/wp-content\/uploads\/2022\/09\/307206817_461152456056562_4230936988830085914_n.jpg","type":"image\/jpeg"}],"author":"P\u00e1gina 10","twitter_card":"summary_large_image","twitter_creator":"@Pag10com","twitter_site":"@Pag10com","twitter_misc":{"Escrito por":"P\u00e1gina 10","Tiempo de lectura":"2 minutos"},"schema":{"@context":"https:\/\/schema.org","@graph":[{"@type":"Article","@id":"https:\/\/pagina10.com\/web\/2-800-personas-asistieron-a-la-apertura-la-mejor-taza-de-mi-narino-2022\/#article","isPartOf":{"@id":"https:\/\/pagina10.com\/web\/2-800-personas-asistieron-a-la-apertura-la-mejor-taza-de-mi-narino-2022\/"},"author":{"name":"P\u00e1gina 10","@id":"https:\/\/pagina10.com\/web\/#\/schema\/person\/2efc4a090d25b667d3bc796798a3a81b"},"headline":"2.800 personas asistieron a la apertura \u2018La Mejor Taza de Mi Nari\u00f1o 2022\u2019","datePublished":"2022-09-25T23:25:48+00:00","mainEntityOfPage":{"@id":"https:\/\/pagina10.com\/web\/2-800-personas-asistieron-a-la-apertura-la-mejor-taza-de-mi-narino-2022\/"},"wordCount":385,"commentCount":0,"publisher":{"@id":"https:\/\/pagina10.com\/web\/#organization"},"image":{"@id":"https:\/\/pagina10.com\/web\/2-800-personas-asistieron-a-la-apertura-la-mejor-taza-de-mi-narino-2022\/#primaryimage"},"thumbnailUrl":"https:\/\/pagina10.com\/web\/wp-content\/uploads\/2022\/09\/307206817_461152456056562_4230936988830085914_n.jpg","articleSection":["Econom\u00eda"],"inLanguage":"es","potentialAction":[{"@type":"CommentAction","name":"Comment","target":["https:\/\/pagina10.com\/web\/2-800-personas-asistieron-a-la-apertura-la-mejor-taza-de-mi-narino-2022\/#respond"]}]},{"@type":"WebPage","@id":"https:\/\/pagina10.com\/web\/2-800-personas-asistieron-a-la-apertura-la-mejor-taza-de-mi-narino-2022\/","url":"https:\/\/pagina10.com\/web\/2-800-personas-asistieron-a-la-apertura-la-mejor-taza-de-mi-narino-2022\/","name":"2.800 personas asistieron a la apertura \u2018La Mejor Taza de Mi Nari\u00f1o 2022\u2019 | P\u00e1gina10","isPartOf":{"@id":"https:\/\/pagina10.com\/web\/#website"},"primaryImageOfPage":{"@id":"https:\/\/pagina10.com\/web\/2-800-personas-asistieron-a-la-apertura-la-mejor-taza-de-mi-narino-2022\/#primaryimage"},"image":{"@id":"https:\/\/pagina10.com\/web\/2-800-personas-asistieron-a-la-apertura-la-mejor-taza-de-mi-narino-2022\/#primaryimage"},"thumbnailUrl":"https:\/\/pagina10.com\/web\/wp-content\/uploads\/2022\/09\/307206817_461152456056562_4230936988830085914_n.jpg","datePublished":"2022-09-25T23:25:48+00:00","breadcrumb":{"@id":"https:\/\/pagina10.com\/web\/2-800-personas-asistieron-a-la-apertura-la-mejor-taza-de-mi-narino-2022\/#breadcrumb"},"inLanguage":"es","potentialAction":[{"@type":"ReadAction","target":["https:\/\/pagina10.com\/web\/2-800-personas-asistieron-a-la-apertura-la-mejor-taza-de-mi-narino-2022\/"]}]},{"@type":"ImageObject","inLanguage":"es","@id":"https:\/\/pagina10.com\/web\/2-800-personas-asistieron-a-la-apertura-la-mejor-taza-de-mi-narino-2022\/#primaryimage","url":"https:\/\/pagina10.com\/web\/wp-content\/uploads\/2022\/09\/307206817_461152456056562_4230936988830085914_n.jpg","contentUrl":"https:\/\/pagina10.com\/web\/wp-content\/uploads\/2022\/09\/307206817_461152456056562_4230936988830085914_n.jpg","width":1280,"height":853},{"@type":"BreadcrumbList","@id":"https:\/\/pagina10.com\/web\/2-800-personas-asistieron-a-la-apertura-la-mejor-taza-de-mi-narino-2022\/#breadcrumb","itemListElement":[{"@type":"ListItem","position":1,"name":"Portada","item":"https:\/\/pagina10.com\/web\/"},{"@type":"ListItem","position":2,"name":"2.800 personas asistieron a la apertura \u2018La Mejor Taza de Mi Nari\u00f1o 2022\u2019"}]},{"@type":"WebSite","@id":"https:\/\/pagina10.com\/web\/#website","url":"https:\/\/pagina10.com\/web\/","name":"P\u00e1gina10","description":"Peri\u00f3dico Regional","publisher":{"@id":"https:\/\/pagina10.com\/web\/#organization"},"alternateName":"P\u00e1gina10 Peri\u00f3dico Regional","potentialAction":[{"@type":"SearchAction","target":{"@type":"EntryPoint","urlTemplate":"https:\/\/pagina10.com\/web\/?s={search_term_string}"},"query-input":{"@type":"PropertyValueSpecification","valueRequired":true,"valueName":"search_term_string"}}],"inLanguage":"es"},{"@type":"Organization","@id":"https:\/\/pagina10.com\/web\/#organization","name":"P\u00e1gina10","alternateName":"P\u00e1gina10 Peri\u00f3dico Regional","url":"https:\/\/pagina10.com\/web\/","logo":{"@type":"ImageObject","inLanguage":"es","@id":"https:\/\/pagina10.com\/web\/#\/schema\/logo\/image\/","url":"https:\/\/pagina10.com\/web\/wp-content\/uploads\/2024\/01\/40-pagina-10-periodico-regional-pasto.jpg","contentUrl":"https:\/\/pagina10.com\/web\/wp-content\/uploads\/2024\/01\/40-pagina-10-periodico-regional-pasto.jpg","width":1280,"height":720,"caption":"P\u00e1gina10"},"image":{"@id":"https:\/\/pagina10.com\/web\/#\/schema\/logo\/image\/"},"sameAs":["https:\/\/www.facebook.com\/pag10com","https:\/\/x.com\/Pag10com","https:\/\/www.instagram.com\/pagina10col\/","https:\/\/youtube.com\/channel\/pag10","https:\/\/www.tiktok.com\/@p10col"]},{"@type":"Person","@id":"https:\/\/pagina10.com\/web\/#\/schema\/person\/2efc4a090d25b667d3bc796798a3a81b","name":"P\u00e1gina 10","description":"P\u00e1gina 10 es un peri\u00f3dico regional que nace en Colombia, en el departamento de Nari\u00f1o, con un enfoque global, fundamentado en cuatro pilares esenciales: la libertad, el pluralismo, la inclusi\u00f3n y la independencia. P\u00e1gina 10 hace referencia a Nari\u00f1o como el d\u00e9cimo departamento creado en Colombia, despu\u00e9s de un proceso pol\u00edtico liderado por actores y actrices regionales con el fin de obtener la independencia y autonom\u00eda de nuestros territorios. Con la creaci\u00f3n de P\u00e1gina 10 se pretende abrir un escenario para el dialogo, la reflexi\u00f3n y el debate que se extienda a otras geograf\u00edas de Am\u00e9rica Latina y del planeta, en una apuesta por transformar colectivamente los desaf\u00edos de un mundo contempor\u00e1neo, m\u00e1s all\u00e1 de las fronteras impuestas.","url":"https:\/\/pagina10.com\/web\/author\/pdiezadmin\/"}]}},"_links":{"self":[{"href":"https:\/\/pagina10.com\/web\/wp-json\/wp\/v2\/posts\/61837","targetHints":{"allow":["GET"]}}],"collection":[{"href":"https:\/\/pagina10.com\/web\/wp-json\/wp\/v2\/posts"}],"about":[{"href":"https:\/\/pagina10.com\/web\/wp-json\/wp\/v2\/types\/post"}],"author":[{"embeddable":true,"href":"https:\/\/pagina10.com\/web\/wp-json\/wp\/v2\/users\/1"}],"replies":[{"embeddable":true,"href":"https:\/\/pagina10.com\/web\/wp-json\/wp\/v2\/comments?post=61837"}],"version-history":[{"count":1,"href":"https:\/\/pagina10.com\/web\/wp-json\/wp\/v2\/posts\/61837\/revisions"}],"predecessor-version":[{"id":61839,"href":"https:\/\/pagina10.com\/web\/wp-json\/wp\/v2\/posts\/61837\/revisions\/61839"}],"wp:featuredmedia":[{"embeddable":true,"href":"https:\/\/pagina10.com\/web\/wp-json\/wp\/v2\/media\/61838"}],"wp:attachment":[{"href":"https:\/\/pagina10.com\/web\/wp-json\/wp\/v2\/media?parent=61837"}],"wp:term":[{"taxonomy":"category","embeddable":true,"href":"https:\/\/pagina10.com\/web\/wp-json\/wp\/v2\/categories?post=61837"},{"taxonomy":"post_tag","embeddable":true,"href":"https:\/\/pagina10.com\/web\/wp-json\/wp\/v2\/tags?post=61837"}],"curies":[{"name":"wp","href":"https:\/\/api.w.org\/{rel}","templated":true}]}}