{"id":61852,"date":"2022-09-25T19:14:52","date_gmt":"2022-09-26T00:14:52","guid":{"rendered":"https:\/\/pagina10.com\/web\/?p=61852"},"modified":"2022-09-25T19:14:52","modified_gmt":"2022-09-26T00:14:52","slug":"en-pasto-se-celebra-la-semana-de-habitos-y-estilos-de-vida-saludable","status":"publish","type":"post","link":"https:\/\/pagina10.com\/web\/en-pasto-se-celebra-la-semana-de-habitos-y-estilos-de-vida-saludable\/","title":{"rendered":"En Pasto, se celebra la semana de h\u00e1bitos y estilos de vida saludable"},"content":{"rendered":"<p style=\"text-align: justify;\">En el marco de la Semana de H\u00e1bitos y Estilos de Vida Saludable, la Secretar\u00eda de Salud a trav\u00e9s del Plan de Intervenciones Colectivas realiz\u00f3 \u201cel sendero saludable\u201d, una oferta de productos saludables en el parque Rumipamba.<\/p>\n<p style=\"text-align: justify;\">La actividad cont\u00f3 con la participaci\u00f3n de Pasto Salud E.S.E., la Universidad Mariana, el Banco de Leche del Hospital Universitario Departamental de Nari\u00f1o, grupos de m\u00fasica y teatro.<\/p>\n<p style=\"text-align: justify;\">El referente de la dimensi\u00f3n Vida Saludable y Condiciones No Transmisibles del Plan de Intervenciones Colectivas, Alex Mart\u00edn Bastidas, coment\u00f3 que los asistentes a la jornada encontraron stands informativos donde se reforzaron los conceptos de h\u00e1bitos y estilos de vida saludable, pr\u00e1ctica de actividad f\u00edsica, espacios libres de humo de cigarrillo y consumo responsable de alcohol y promoci\u00f3n de la salud oral, con actividades l\u00fadicas para incentivar el consumo de frutas, verduras y alimentos cultivados en la regi\u00f3n.<\/p>\n<p style=\"text-align: justify;\">La subsecretaria de Salud P\u00fablica, Marta Cecilia D\u00e1vila Figueroa, destac\u00f3: \u201cEs importante recordarle a la comunidad que los h\u00e1bitos saludables mejoran nuestra salud. La Secretar\u00eda de Salud trabaja el tema desde la normatividad y desarrollamos diferentes actividades encaminadas a llegarle a la ciudadan\u00eda a trav\u00e9s de capacitaciones y eventos que propendan por los HEVS\u201d.<\/p>\n<p style=\"text-align: justify;\">Al respecto, la docente de Enfermer\u00eda de la Universidad Mariana, Janeth Torres, invit\u00f3 a la poblaci\u00f3n a mantener los estilos de vida saludable, una alimentaci\u00f3n rica en frutas y verduras, consumir 4 vasos de agua al d\u00eda, controlar el estr\u00e9s y, en caso de ser hipertenso, diab\u00e9tico o presentar una enfermedad renal, asistir al control m\u00e9dico peri\u00f3dico y tomar los medicamentos formulados.<\/p>\n<p style=\"text-align: justify;\">Finalmente, la coordinadora del Plan de Intervenciones Colectivas de Pasto Salud E.S.E., Rosa Pab\u00f3n, dijo que durante la actividad \u2018El Sendero Saludable\u2019 se articularon varias instituciones con el objetivo de informar y promover en los asistentes los h\u00e1bitos y estilos de vida sanos con \u00e9nfasis en una adecuada alimentaci\u00f3n, pr\u00e1ctica deportiva y tiempo de calidad.<\/p>\n<p style=\"text-align: justify;\">Los h\u00e1bitos saludables son importantes porque mejoran la salud, ayudan a prevenir enfermedades y prolongan la expectativa de vida.<\/p>\n","protected":false},"excerpt":{"rendered":"<p>En el marco de la Semana de H\u00e1bitos y Estilos de Vida Saludable, la Secretar\u00eda de Salud a trav\u00e9s del Plan de Intervenciones Colectivas realiz\u00f3 \u201cel sendero saludable\u201d, una oferta de productos saludables en el parque Rumipamba. La actividad cont\u00f3 con la participaci\u00f3n de Pasto Salud E.S.E., la Universidad Mariana, el Banco de Leche del [&hellip;]<\/p>\n","protected":false},"author":1,"featured_media":61853,"comment_status":"open","ping_status":"open","sticky":false,"template":"","format":"standard","meta":{"footnotes":""},"categories":[82],"tags":[],"class_list":["post-61852","post","type-post","status-publish","format-standard","has-post-thumbnail","hentry","category-ciudad-2"],"yoast_head":"<!-- This site is optimized with the Yoast SEO plugin v27.1.1 - https:\/\/yoast.com\/product\/yoast-seo-wordpress\/ -->\n<title>En Pasto, se celebra la semana de h\u00e1bitos y estilos de vida saludable | P\u00e1gina10<\/title>\n<meta name=\"robots\" content=\"index, follow, max-snippet:-1, max-image-preview:large, max-video-preview:-1\" \/>\n<link rel=\"canonical\" href=\"https:\/\/pagina10.com\/web\/en-pasto-se-celebra-la-semana-de-habitos-y-estilos-de-vida-saludable\/\" \/>\n<meta property=\"og:locale\" content=\"es_ES\" \/>\n<meta property=\"og:type\" content=\"article\" \/>\n<meta property=\"og:title\" content=\"En Pasto, se celebra la semana de h\u00e1bitos y estilos de vida saludable | P\u00e1gina10\" \/>\n<meta property=\"og:description\" content=\"En el marco de la Semana de H\u00e1bitos y Estilos de Vida Saludable, la Secretar\u00eda de Salud a trav\u00e9s del Plan de Intervenciones Colectivas realiz\u00f3 \u201cel sendero saludable\u201d, una oferta de productos saludables en el parque Rumipamba. La actividad cont\u00f3 con la participaci\u00f3n de Pasto Salud E.S.E., la Universidad Mariana, el Banco de Leche del [&hellip;]\" \/>\n<meta property=\"og:url\" content=\"https:\/\/pagina10.com\/web\/en-pasto-se-celebra-la-semana-de-habitos-y-estilos-de-vida-saludable\/\" \/>\n<meta property=\"og:site_name\" content=\"P\u00e1gina10\" \/>\n<meta property=\"article:publisher\" content=\"https:\/\/www.facebook.com\/pag10com\" \/>\n<meta property=\"article:published_time\" content=\"2022-09-26T00:14:52+00:00\" \/>\n<meta property=\"og:image\" content=\"https:\/\/pagina10.com\/web\/wp-content\/uploads\/2022\/09\/WhatsApp-Image-2022-09-23-at-12.09.08-PM.jpeg\" \/>\n\t<meta property=\"og:image:width\" content=\"1280\" \/>\n\t<meta property=\"og:image:height\" content=\"720\" \/>\n\t<meta property=\"og:image:type\" content=\"image\/jpeg\" \/>\n<meta name=\"author\" content=\"P\u00e1gina 10\" \/>\n<meta name=\"twitter:card\" content=\"summary_large_image\" \/>\n<meta name=\"twitter:creator\" content=\"@Pag10com\" \/>\n<meta name=\"twitter:site\" content=\"@Pag10com\" \/>\n<meta name=\"twitter:label1\" content=\"Escrito por\" \/>\n\t<meta name=\"twitter:data1\" content=\"P\u00e1gina 10\" \/>\n\t<meta name=\"twitter:label2\" content=\"Tiempo de lectura\" \/>\n\t<meta name=\"twitter:data2\" content=\"2 minutos\" \/>\n<script type=\"application\/ld+json\" class=\"yoast-schema-graph\">{\"@context\":\"https:\/\/schema.org\",\"@graph\":[{\"@type\":\"Article\",\"@id\":\"https:\/\/pagina10.com\/web\/en-pasto-se-celebra-la-semana-de-habitos-y-estilos-de-vida-saludable\/#article\",\"isPartOf\":{\"@id\":\"https:\/\/pagina10.com\/web\/en-pasto-se-celebra-la-semana-de-habitos-y-estilos-de-vida-saludable\/\"},\"author\":{\"name\":\"P\u00e1gina 10\",\"@id\":\"https:\/\/pagina10.com\/web\/#\/schema\/person\/2efc4a090d25b667d3bc796798a3a81b\"},\"headline\":\"En Pasto, se celebra la semana de h\u00e1bitos y estilos de vida saludable\",\"datePublished\":\"2022-09-26T00:14:52+00:00\",\"mainEntityOfPage\":{\"@id\":\"https:\/\/pagina10.com\/web\/en-pasto-se-celebra-la-semana-de-habitos-y-estilos-de-vida-saludable\/\"},\"wordCount\":383,\"commentCount\":0,\"publisher\":{\"@id\":\"https:\/\/pagina10.com\/web\/#organization\"},\"image\":{\"@id\":\"https:\/\/pagina10.com\/web\/en-pasto-se-celebra-la-semana-de-habitos-y-estilos-de-vida-saludable\/#primaryimage\"},\"thumbnailUrl\":\"https:\/\/pagina10.com\/web\/wp-content\/uploads\/2022\/09\/WhatsApp-Image-2022-09-23-at-12.09.08-PM.jpeg\",\"articleSection\":[\"Ciudad\"],\"inLanguage\":\"es\",\"potentialAction\":[{\"@type\":\"CommentAction\",\"name\":\"Comment\",\"target\":[\"https:\/\/pagina10.com\/web\/en-pasto-se-celebra-la-semana-de-habitos-y-estilos-de-vida-saludable\/#respond\"]}]},{\"@type\":\"WebPage\",\"@id\":\"https:\/\/pagina10.com\/web\/en-pasto-se-celebra-la-semana-de-habitos-y-estilos-de-vida-saludable\/\",\"url\":\"https:\/\/pagina10.com\/web\/en-pasto-se-celebra-la-semana-de-habitos-y-estilos-de-vida-saludable\/\",\"name\":\"En Pasto, se celebra la semana de h\u00e1bitos y estilos de vida saludable | P\u00e1gina10\",\"isPartOf\":{\"@id\":\"https:\/\/pagina10.com\/web\/#website\"},\"primaryImageOfPage\":{\"@id\":\"https:\/\/pagina10.com\/web\/en-pasto-se-celebra-la-semana-de-habitos-y-estilos-de-vida-saludable\/#primaryimage\"},\"image\":{\"@id\":\"https:\/\/pagina10.com\/web\/en-pasto-se-celebra-la-semana-de-habitos-y-estilos-de-vida-saludable\/#primaryimage\"},\"thumbnailUrl\":\"https:\/\/pagina10.com\/web\/wp-content\/uploads\/2022\/09\/WhatsApp-Image-2022-09-23-at-12.09.08-PM.jpeg\",\"datePublished\":\"2022-09-26T00:14:52+00:00\",\"breadcrumb\":{\"@id\":\"https:\/\/pagina10.com\/web\/en-pasto-se-celebra-la-semana-de-habitos-y-estilos-de-vida-saludable\/#breadcrumb\"},\"inLanguage\":\"es\",\"potentialAction\":[{\"@type\":\"ReadAction\",\"target\":[\"https:\/\/pagina10.com\/web\/en-pasto-se-celebra-la-semana-de-habitos-y-estilos-de-vida-saludable\/\"]}]},{\"@type\":\"ImageObject\",\"inLanguage\":\"es\",\"@id\":\"https:\/\/pagina10.com\/web\/en-pasto-se-celebra-la-semana-de-habitos-y-estilos-de-vida-saludable\/#primaryimage\",\"url\":\"https:\/\/pagina10.com\/web\/wp-content\/uploads\/2022\/09\/WhatsApp-Image-2022-09-23-at-12.09.08-PM.jpeg\",\"contentUrl\":\"https:\/\/pagina10.com\/web\/wp-content\/uploads\/2022\/09\/WhatsApp-Image-2022-09-23-at-12.09.08-PM.jpeg\",\"width\":1280,\"height\":720},{\"@type\":\"BreadcrumbList\",\"@id\":\"https:\/\/pagina10.com\/web\/en-pasto-se-celebra-la-semana-de-habitos-y-estilos-de-vida-saludable\/#breadcrumb\",\"itemListElement\":[{\"@type\":\"ListItem\",\"position\":1,\"name\":\"Portada\",\"item\":\"https:\/\/pagina10.com\/web\/\"},{\"@type\":\"ListItem\",\"position\":2,\"name\":\"En Pasto, se celebra la semana de h\u00e1bitos y estilos de vida saludable\"}]},{\"@type\":\"WebSite\",\"@id\":\"https:\/\/pagina10.com\/web\/#website\",\"url\":\"https:\/\/pagina10.com\/web\/\",\"name\":\"P\u00e1gina10\",\"description\":\"Peri\u00f3dico Regional\",\"publisher\":{\"@id\":\"https:\/\/pagina10.com\/web\/#organization\"},\"alternateName\":\"P\u00e1gina10 Peri\u00f3dico Regional\",\"potentialAction\":[{\"@type\":\"SearchAction\",\"target\":{\"@type\":\"EntryPoint\",\"urlTemplate\":\"https:\/\/pagina10.com\/web\/?s={search_term_string}\"},\"query-input\":{\"@type\":\"PropertyValueSpecification\",\"valueRequired\":true,\"valueName\":\"search_term_string\"}}],\"inLanguage\":\"es\"},{\"@type\":\"Organization\",\"@id\":\"https:\/\/pagina10.com\/web\/#organization\",\"name\":\"P\u00e1gina10\",\"alternateName\":\"P\u00e1gina10 Peri\u00f3dico Regional\",\"url\":\"https:\/\/pagina10.com\/web\/\",\"logo\":{\"@type\":\"ImageObject\",\"inLanguage\":\"es\",\"@id\":\"https:\/\/pagina10.com\/web\/#\/schema\/logo\/image\/\",\"url\":\"https:\/\/pagina10.com\/web\/wp-content\/uploads\/2024\/01\/40-pagina-10-periodico-regional-pasto.jpg\",\"contentUrl\":\"https:\/\/pagina10.com\/web\/wp-content\/uploads\/2024\/01\/40-pagina-10-periodico-regional-pasto.jpg\",\"width\":1280,\"height\":720,\"caption\":\"P\u00e1gina10\"},\"image\":{\"@id\":\"https:\/\/pagina10.com\/web\/#\/schema\/logo\/image\/\"},\"sameAs\":[\"https:\/\/www.facebook.com\/pag10com\",\"https:\/\/x.com\/Pag10com\",\"https:\/\/www.instagram.com\/pagina10col\/\",\"https:\/\/youtube.com\/channel\/pag10\",\"https:\/\/www.tiktok.com\/@p10col\"]},{\"@type\":\"Person\",\"@id\":\"https:\/\/pagina10.com\/web\/#\/schema\/person\/2efc4a090d25b667d3bc796798a3a81b\",\"name\":\"P\u00e1gina 10\",\"description\":\"P\u00e1gina 10 es un peri\u00f3dico regional que nace en Colombia, en el departamento de Nari\u00f1o, con un enfoque global, fundamentado en cuatro pilares esenciales: la libertad, el pluralismo, la inclusi\u00f3n y la independencia. P\u00e1gina 10 hace referencia a Nari\u00f1o como el d\u00e9cimo departamento creado en Colombia, despu\u00e9s de un proceso pol\u00edtico liderado por actores y actrices regionales con el fin de obtener la independencia y autonom\u00eda de nuestros territorios. Con la creaci\u00f3n de P\u00e1gina 10 se pretende abrir un escenario para el dialogo, la reflexi\u00f3n y el debate que se extienda a otras geograf\u00edas de Am\u00e9rica Latina y del planeta, en una apuesta por transformar colectivamente los desaf\u00edos de un mundo contempor\u00e1neo, m\u00e1s all\u00e1 de las fronteras impuestas.\",\"url\":\"https:\/\/pagina10.com\/web\/author\/pdiezadmin\/\"}]}<\/script>\n<!-- \/ Yoast SEO plugin. -->","yoast_head_json":{"title":"En Pasto, se celebra la semana de h\u00e1bitos y estilos de vida saludable | P\u00e1gina10","robots":{"index":"index","follow":"follow","max-snippet":"max-snippet:-1","max-image-preview":"max-image-preview:large","max-video-preview":"max-video-preview:-1"},"canonical":"https:\/\/pagina10.com\/web\/en-pasto-se-celebra-la-semana-de-habitos-y-estilos-de-vida-saludable\/","og_locale":"es_ES","og_type":"article","og_title":"En Pasto, se celebra la semana de h\u00e1bitos y estilos de vida saludable | P\u00e1gina10","og_description":"En el marco de la Semana de H\u00e1bitos y Estilos de Vida Saludable, la Secretar\u00eda de Salud a trav\u00e9s del Plan de Intervenciones Colectivas realiz\u00f3 \u201cel sendero saludable\u201d, una oferta de productos saludables en el parque Rumipamba. La actividad cont\u00f3 con la participaci\u00f3n de Pasto Salud E.S.E., la Universidad Mariana, el Banco de Leche del [&hellip;]","og_url":"https:\/\/pagina10.com\/web\/en-pasto-se-celebra-la-semana-de-habitos-y-estilos-de-vida-saludable\/","og_site_name":"P\u00e1gina10","article_publisher":"https:\/\/www.facebook.com\/pag10com","article_published_time":"2022-09-26T00:14:52+00:00","og_image":[{"width":1280,"height":720,"url":"https:\/\/pagina10.com\/web\/wp-content\/uploads\/2022\/09\/WhatsApp-Image-2022-09-23-at-12.09.08-PM.jpeg","type":"image\/jpeg"}],"author":"P\u00e1gina 10","twitter_card":"summary_large_image","twitter_creator":"@Pag10com","twitter_site":"@Pag10com","twitter_misc":{"Escrito por":"P\u00e1gina 10","Tiempo de lectura":"2 minutos"},"schema":{"@context":"https:\/\/schema.org","@graph":[{"@type":"Article","@id":"https:\/\/pagina10.com\/web\/en-pasto-se-celebra-la-semana-de-habitos-y-estilos-de-vida-saludable\/#article","isPartOf":{"@id":"https:\/\/pagina10.com\/web\/en-pasto-se-celebra-la-semana-de-habitos-y-estilos-de-vida-saludable\/"},"author":{"name":"P\u00e1gina 10","@id":"https:\/\/pagina10.com\/web\/#\/schema\/person\/2efc4a090d25b667d3bc796798a3a81b"},"headline":"En Pasto, se celebra la semana de h\u00e1bitos y estilos de vida saludable","datePublished":"2022-09-26T00:14:52+00:00","mainEntityOfPage":{"@id":"https:\/\/pagina10.com\/web\/en-pasto-se-celebra-la-semana-de-habitos-y-estilos-de-vida-saludable\/"},"wordCount":383,"commentCount":0,"publisher":{"@id":"https:\/\/pagina10.com\/web\/#organization"},"image":{"@id":"https:\/\/pagina10.com\/web\/en-pasto-se-celebra-la-semana-de-habitos-y-estilos-de-vida-saludable\/#primaryimage"},"thumbnailUrl":"https:\/\/pagina10.com\/web\/wp-content\/uploads\/2022\/09\/WhatsApp-Image-2022-09-23-at-12.09.08-PM.jpeg","articleSection":["Ciudad"],"inLanguage":"es","potentialAction":[{"@type":"CommentAction","name":"Comment","target":["https:\/\/pagina10.com\/web\/en-pasto-se-celebra-la-semana-de-habitos-y-estilos-de-vida-saludable\/#respond"]}]},{"@type":"WebPage","@id":"https:\/\/pagina10.com\/web\/en-pasto-se-celebra-la-semana-de-habitos-y-estilos-de-vida-saludable\/","url":"https:\/\/pagina10.com\/web\/en-pasto-se-celebra-la-semana-de-habitos-y-estilos-de-vida-saludable\/","name":"En Pasto, se celebra la semana de h\u00e1bitos y estilos de vida saludable | P\u00e1gina10","isPartOf":{"@id":"https:\/\/pagina10.com\/web\/#website"},"primaryImageOfPage":{"@id":"https:\/\/pagina10.com\/web\/en-pasto-se-celebra-la-semana-de-habitos-y-estilos-de-vida-saludable\/#primaryimage"},"image":{"@id":"https:\/\/pagina10.com\/web\/en-pasto-se-celebra-la-semana-de-habitos-y-estilos-de-vida-saludable\/#primaryimage"},"thumbnailUrl":"https:\/\/pagina10.com\/web\/wp-content\/uploads\/2022\/09\/WhatsApp-Image-2022-09-23-at-12.09.08-PM.jpeg","datePublished":"2022-09-26T00:14:52+00:00","breadcrumb":{"@id":"https:\/\/pagina10.com\/web\/en-pasto-se-celebra-la-semana-de-habitos-y-estilos-de-vida-saludable\/#breadcrumb"},"inLanguage":"es","potentialAction":[{"@type":"ReadAction","target":["https:\/\/pagina10.com\/web\/en-pasto-se-celebra-la-semana-de-habitos-y-estilos-de-vida-saludable\/"]}]},{"@type":"ImageObject","inLanguage":"es","@id":"https:\/\/pagina10.com\/web\/en-pasto-se-celebra-la-semana-de-habitos-y-estilos-de-vida-saludable\/#primaryimage","url":"https:\/\/pagina10.com\/web\/wp-content\/uploads\/2022\/09\/WhatsApp-Image-2022-09-23-at-12.09.08-PM.jpeg","contentUrl":"https:\/\/pagina10.com\/web\/wp-content\/uploads\/2022\/09\/WhatsApp-Image-2022-09-23-at-12.09.08-PM.jpeg","width":1280,"height":720},{"@type":"BreadcrumbList","@id":"https:\/\/pagina10.com\/web\/en-pasto-se-celebra-la-semana-de-habitos-y-estilos-de-vida-saludable\/#breadcrumb","itemListElement":[{"@type":"ListItem","position":1,"name":"Portada","item":"https:\/\/pagina10.com\/web\/"},{"@type":"ListItem","position":2,"name":"En Pasto, se celebra la semana de h\u00e1bitos y estilos de vida saludable"}]},{"@type":"WebSite","@id":"https:\/\/pagina10.com\/web\/#website","url":"https:\/\/pagina10.com\/web\/","name":"P\u00e1gina10","description":"Peri\u00f3dico Regional","publisher":{"@id":"https:\/\/pagina10.com\/web\/#organization"},"alternateName":"P\u00e1gina10 Peri\u00f3dico Regional","potentialAction":[{"@type":"SearchAction","target":{"@type":"EntryPoint","urlTemplate":"https:\/\/pagina10.com\/web\/?s={search_term_string}"},"query-input":{"@type":"PropertyValueSpecification","valueRequired":true,"valueName":"search_term_string"}}],"inLanguage":"es"},{"@type":"Organization","@id":"https:\/\/pagina10.com\/web\/#organization","name":"P\u00e1gina10","alternateName":"P\u00e1gina10 Peri\u00f3dico Regional","url":"https:\/\/pagina10.com\/web\/","logo":{"@type":"ImageObject","inLanguage":"es","@id":"https:\/\/pagina10.com\/web\/#\/schema\/logo\/image\/","url":"https:\/\/pagina10.com\/web\/wp-content\/uploads\/2024\/01\/40-pagina-10-periodico-regional-pasto.jpg","contentUrl":"https:\/\/pagina10.com\/web\/wp-content\/uploads\/2024\/01\/40-pagina-10-periodico-regional-pasto.jpg","width":1280,"height":720,"caption":"P\u00e1gina10"},"image":{"@id":"https:\/\/pagina10.com\/web\/#\/schema\/logo\/image\/"},"sameAs":["https:\/\/www.facebook.com\/pag10com","https:\/\/x.com\/Pag10com","https:\/\/www.instagram.com\/pagina10col\/","https:\/\/youtube.com\/channel\/pag10","https:\/\/www.tiktok.com\/@p10col"]},{"@type":"Person","@id":"https:\/\/pagina10.com\/web\/#\/schema\/person\/2efc4a090d25b667d3bc796798a3a81b","name":"P\u00e1gina 10","description":"P\u00e1gina 10 es un peri\u00f3dico regional que nace en Colombia, en el departamento de Nari\u00f1o, con un enfoque global, fundamentado en cuatro pilares esenciales: la libertad, el pluralismo, la inclusi\u00f3n y la independencia. P\u00e1gina 10 hace referencia a Nari\u00f1o como el d\u00e9cimo departamento creado en Colombia, despu\u00e9s de un proceso pol\u00edtico liderado por actores y actrices regionales con el fin de obtener la independencia y autonom\u00eda de nuestros territorios. Con la creaci\u00f3n de P\u00e1gina 10 se pretende abrir un escenario para el dialogo, la reflexi\u00f3n y el debate que se extienda a otras geograf\u00edas de Am\u00e9rica Latina y del planeta, en una apuesta por transformar colectivamente los desaf\u00edos de un mundo contempor\u00e1neo, m\u00e1s all\u00e1 de las fronteras impuestas.","url":"https:\/\/pagina10.com\/web\/author\/pdiezadmin\/"}]}},"_links":{"self":[{"href":"https:\/\/pagina10.com\/web\/wp-json\/wp\/v2\/posts\/61852","targetHints":{"allow":["GET"]}}],"collection":[{"href":"https:\/\/pagina10.com\/web\/wp-json\/wp\/v2\/posts"}],"about":[{"href":"https:\/\/pagina10.com\/web\/wp-json\/wp\/v2\/types\/post"}],"author":[{"embeddable":true,"href":"https:\/\/pagina10.com\/web\/wp-json\/wp\/v2\/users\/1"}],"replies":[{"embeddable":true,"href":"https:\/\/pagina10.com\/web\/wp-json\/wp\/v2\/comments?post=61852"}],"version-history":[{"count":1,"href":"https:\/\/pagina10.com\/web\/wp-json\/wp\/v2\/posts\/61852\/revisions"}],"predecessor-version":[{"id":61854,"href":"https:\/\/pagina10.com\/web\/wp-json\/wp\/v2\/posts\/61852\/revisions\/61854"}],"wp:featuredmedia":[{"embeddable":true,"href":"https:\/\/pagina10.com\/web\/wp-json\/wp\/v2\/media\/61853"}],"wp:attachment":[{"href":"https:\/\/pagina10.com\/web\/wp-json\/wp\/v2\/media?parent=61852"}],"wp:term":[{"taxonomy":"category","embeddable":true,"href":"https:\/\/pagina10.com\/web\/wp-json\/wp\/v2\/categories?post=61852"},{"taxonomy":"post_tag","embeddable":true,"href":"https:\/\/pagina10.com\/web\/wp-json\/wp\/v2\/tags?post=61852"}],"curies":[{"name":"wp","href":"https:\/\/api.w.org\/{rel}","templated":true}]}}