{"id":61858,"date":"2022-09-25T19:20:49","date_gmt":"2022-09-26T00:20:49","guid":{"rendered":"https:\/\/pagina10.com\/web\/?p=61858"},"modified":"2022-09-25T19:20:49","modified_gmt":"2022-09-26T00:20:49","slug":"se-fortalecen-juntas-directivas-de-16-asociaciones-productoras-del-corregimiento-de-catambuco-en-temas-de-asociatividad","status":"publish","type":"post","link":"https:\/\/pagina10.com\/web\/se-fortalecen-juntas-directivas-de-16-asociaciones-productoras-del-corregimiento-de-catambuco-en-temas-de-asociatividad\/","title":{"rendered":"Se fortalecen  juntas directivas de 16 asociaciones productoras del corregimiento de Catambuco en temas de asociatividad"},"content":{"rendered":"<p style=\"text-align: justify;\">La Alcald\u00eda de Pasto, a trav\u00e9s de la Secretar\u00eda de Agricultura, se articul\u00f3 con 16 Juntas Directivas de las asociaciones productivas del corregimiento de Catambuco que hacen parte del proyecto de construcci\u00f3n del Centro de Acopio para la comercializaci\u00f3n de papa y hortalizas, con el objetivo de brindar herramientas que les permitan fortalecer el trabajo conjunto, enfocado al mejoramiento de la producci\u00f3n y comercializaci\u00f3n de productos de alta calidad<\/p>\n<p style=\"text-align: justify;\">El presidente de la Asociaci\u00f3n AgroCampanero, Rom\u00e1n Linares, afirm\u00f3: \u201cEl Centro de Acopio est\u00e1 constituido por 16 asociaciones e involucra 765 afiliados dentro del proyecto, por eso, se solicit\u00f3 a la Alcald\u00eda el acompa\u00f1amiento t\u00e9cnico de profesionales como el equipo socio-empresarial que comprende psic\u00f3logo, trabajador social, contador p\u00fablico, administrador de empresas, economista e ingeniero agroindustrial, para fortalecer el trabajo de las asociaciones y constituir empresas productivas con nuestros agricultores\u201d<\/p>\n<p style=\"text-align: justify;\">Este proceso de articulaci\u00f3n permiti\u00f3 realizar la socializaci\u00f3n del plan de trabajo de la Federaci\u00f3n de Sembradores de Progreso y Paz- FEDESEMPAZ, que concentra a todos los asociados adscritos al proyecto del Centro de Acopio de Catambuco y pretende hacer una transformaci\u00f3n de productos en una l\u00ednea de cuarta gama, que consiste en llevar los productos a la planta, lavarlos, seleccionarlos, picarlos y empacarlos al vac\u00edo, para comercializarlos en grandes superficies comerciales<\/p>\n<p style=\"text-align: justify;\">El integrante de la Asociaci\u00f3n Piquisiqui, Jaime \u00d1a\u00f1ez, de la vereda Cubij\u00e1n Alto, manifest\u00f3: \u201cLas capacitaciones de la Secretar\u00eda de Agricultura son muy importantes para fortalecer los conocimientos de todos los asociados, por eso, agradezco al Alcalde Germ\u00e1n Chamorro de la Rosa por toda su gesti\u00f3n\u201d.<\/p>\n<p style=\"text-align: justify;\">El trabajo de articulaci\u00f3n con FEDESEMPAZ permiti\u00f3 establecer un cronograma de acompa\u00f1amiento de los profesionales de la Secretar\u00eda de Agricultura en tem\u00e1ticas como trabajo en equipo, liderazgo, autoestima, transformaci\u00f3n de alimentos, comercializaci\u00f3n y responsabilidades tributarias, para fortalecer el tejido social, desempe\u00f1o y consolidaci\u00f3n de la federaci\u00f3n, adem\u00e1s del trabajo de los productores<\/p>\n<p style=\"text-align: justify;\">La Administraci\u00f3n Municipal continuar\u00e1 promoviendo la reactivaci\u00f3n econ\u00f3mica, potenciando las capacidades socio empresariales de los productores de papa y hortalizas.<\/p>\n","protected":false},"excerpt":{"rendered":"<p>La Alcald\u00eda de Pasto, a trav\u00e9s de la Secretar\u00eda de Agricultura, se articul\u00f3 con 16 Juntas Directivas de las asociaciones productivas del corregimiento de Catambuco que hacen parte del proyecto de construcci\u00f3n del Centro de Acopio para la comercializaci\u00f3n de papa y hortalizas, con el objetivo de brindar herramientas que les permitan fortalecer el trabajo [&hellip;]<\/p>\n","protected":false},"author":1,"featured_media":61859,"comment_status":"open","ping_status":"open","sticky":false,"template":"","format":"standard","meta":{"footnotes":""},"categories":[82],"tags":[],"class_list":["post-61858","post","type-post","status-publish","format-standard","has-post-thumbnail","hentry","category-ciudad-2"],"yoast_head":"<!-- This site is optimized with the Yoast SEO plugin v27.1.1 - https:\/\/yoast.com\/product\/yoast-seo-wordpress\/ -->\n<title>Se fortalecen juntas directivas de 16 asociaciones productoras del corregimiento de Catambuco en temas de asociatividad | P\u00e1gina10<\/title>\n<meta name=\"robots\" content=\"index, follow, max-snippet:-1, max-image-preview:large, max-video-preview:-1\" \/>\n<link rel=\"canonical\" href=\"https:\/\/pagina10.com\/web\/se-fortalecen-juntas-directivas-de-16-asociaciones-productoras-del-corregimiento-de-catambuco-en-temas-de-asociatividad\/\" \/>\n<meta property=\"og:locale\" content=\"es_ES\" \/>\n<meta property=\"og:type\" content=\"article\" \/>\n<meta property=\"og:title\" content=\"Se fortalecen juntas directivas de 16 asociaciones productoras del corregimiento de Catambuco en temas de asociatividad | P\u00e1gina10\" \/>\n<meta property=\"og:description\" content=\"La Alcald\u00eda de Pasto, a trav\u00e9s de la Secretar\u00eda de Agricultura, se articul\u00f3 con 16 Juntas Directivas de las asociaciones productivas del corregimiento de Catambuco que hacen parte del proyecto de construcci\u00f3n del Centro de Acopio para la comercializaci\u00f3n de papa y hortalizas, con el objetivo de brindar herramientas que les permitan fortalecer el trabajo [&hellip;]\" \/>\n<meta property=\"og:url\" content=\"https:\/\/pagina10.com\/web\/se-fortalecen-juntas-directivas-de-16-asociaciones-productoras-del-corregimiento-de-catambuco-en-temas-de-asociatividad\/\" \/>\n<meta property=\"og:site_name\" content=\"P\u00e1gina10\" \/>\n<meta property=\"article:publisher\" content=\"https:\/\/www.facebook.com\/pag10com\" \/>\n<meta property=\"article:published_time\" content=\"2022-09-26T00:20:49+00:00\" \/>\n<meta property=\"og:image\" content=\"https:\/\/pagina10.com\/web\/wp-content\/uploads\/2022\/09\/WhatsApp-Image-2022-09-21-at-11.18.11-PM.jpeg\" \/>\n\t<meta property=\"og:image:width\" content=\"1280\" \/>\n\t<meta property=\"og:image:height\" content=\"960\" \/>\n\t<meta property=\"og:image:type\" content=\"image\/jpeg\" \/>\n<meta name=\"author\" content=\"P\u00e1gina 10\" \/>\n<meta name=\"twitter:card\" content=\"summary_large_image\" \/>\n<meta name=\"twitter:creator\" content=\"@Pag10com\" \/>\n<meta name=\"twitter:site\" content=\"@Pag10com\" \/>\n<meta name=\"twitter:label1\" content=\"Escrito por\" \/>\n\t<meta name=\"twitter:data1\" content=\"P\u00e1gina 10\" \/>\n\t<meta name=\"twitter:label2\" content=\"Tiempo de lectura\" \/>\n\t<meta name=\"twitter:data2\" content=\"2 minutos\" \/>\n<script type=\"application\/ld+json\" class=\"yoast-schema-graph\">{\"@context\":\"https:\/\/schema.org\",\"@graph\":[{\"@type\":\"Article\",\"@id\":\"https:\/\/pagina10.com\/web\/se-fortalecen-juntas-directivas-de-16-asociaciones-productoras-del-corregimiento-de-catambuco-en-temas-de-asociatividad\/#article\",\"isPartOf\":{\"@id\":\"https:\/\/pagina10.com\/web\/se-fortalecen-juntas-directivas-de-16-asociaciones-productoras-del-corregimiento-de-catambuco-en-temas-de-asociatividad\/\"},\"author\":{\"name\":\"P\u00e1gina 10\",\"@id\":\"https:\/\/pagina10.com\/web\/#\/schema\/person\/2efc4a090d25b667d3bc796798a3a81b\"},\"headline\":\"Se fortalecen juntas directivas de 16 asociaciones productoras del corregimiento de Catambuco en temas de asociatividad\",\"datePublished\":\"2022-09-26T00:20:49+00:00\",\"mainEntityOfPage\":{\"@id\":\"https:\/\/pagina10.com\/web\/se-fortalecen-juntas-directivas-de-16-asociaciones-productoras-del-corregimiento-de-catambuco-en-temas-de-asociatividad\/\"},\"wordCount\":379,\"commentCount\":0,\"publisher\":{\"@id\":\"https:\/\/pagina10.com\/web\/#organization\"},\"image\":{\"@id\":\"https:\/\/pagina10.com\/web\/se-fortalecen-juntas-directivas-de-16-asociaciones-productoras-del-corregimiento-de-catambuco-en-temas-de-asociatividad\/#primaryimage\"},\"thumbnailUrl\":\"https:\/\/pagina10.com\/web\/wp-content\/uploads\/2022\/09\/WhatsApp-Image-2022-09-21-at-11.18.11-PM.jpeg\",\"articleSection\":[\"Ciudad\"],\"inLanguage\":\"es\",\"potentialAction\":[{\"@type\":\"CommentAction\",\"name\":\"Comment\",\"target\":[\"https:\/\/pagina10.com\/web\/se-fortalecen-juntas-directivas-de-16-asociaciones-productoras-del-corregimiento-de-catambuco-en-temas-de-asociatividad\/#respond\"]}]},{\"@type\":\"WebPage\",\"@id\":\"https:\/\/pagina10.com\/web\/se-fortalecen-juntas-directivas-de-16-asociaciones-productoras-del-corregimiento-de-catambuco-en-temas-de-asociatividad\/\",\"url\":\"https:\/\/pagina10.com\/web\/se-fortalecen-juntas-directivas-de-16-asociaciones-productoras-del-corregimiento-de-catambuco-en-temas-de-asociatividad\/\",\"name\":\"Se fortalecen juntas directivas de 16 asociaciones productoras del corregimiento de Catambuco en temas de asociatividad | P\u00e1gina10\",\"isPartOf\":{\"@id\":\"https:\/\/pagina10.com\/web\/#website\"},\"primaryImageOfPage\":{\"@id\":\"https:\/\/pagina10.com\/web\/se-fortalecen-juntas-directivas-de-16-asociaciones-productoras-del-corregimiento-de-catambuco-en-temas-de-asociatividad\/#primaryimage\"},\"image\":{\"@id\":\"https:\/\/pagina10.com\/web\/se-fortalecen-juntas-directivas-de-16-asociaciones-productoras-del-corregimiento-de-catambuco-en-temas-de-asociatividad\/#primaryimage\"},\"thumbnailUrl\":\"https:\/\/pagina10.com\/web\/wp-content\/uploads\/2022\/09\/WhatsApp-Image-2022-09-21-at-11.18.11-PM.jpeg\",\"datePublished\":\"2022-09-26T00:20:49+00:00\",\"breadcrumb\":{\"@id\":\"https:\/\/pagina10.com\/web\/se-fortalecen-juntas-directivas-de-16-asociaciones-productoras-del-corregimiento-de-catambuco-en-temas-de-asociatividad\/#breadcrumb\"},\"inLanguage\":\"es\",\"potentialAction\":[{\"@type\":\"ReadAction\",\"target\":[\"https:\/\/pagina10.com\/web\/se-fortalecen-juntas-directivas-de-16-asociaciones-productoras-del-corregimiento-de-catambuco-en-temas-de-asociatividad\/\"]}]},{\"@type\":\"ImageObject\",\"inLanguage\":\"es\",\"@id\":\"https:\/\/pagina10.com\/web\/se-fortalecen-juntas-directivas-de-16-asociaciones-productoras-del-corregimiento-de-catambuco-en-temas-de-asociatividad\/#primaryimage\",\"url\":\"https:\/\/pagina10.com\/web\/wp-content\/uploads\/2022\/09\/WhatsApp-Image-2022-09-21-at-11.18.11-PM.jpeg\",\"contentUrl\":\"https:\/\/pagina10.com\/web\/wp-content\/uploads\/2022\/09\/WhatsApp-Image-2022-09-21-at-11.18.11-PM.jpeg\",\"width\":1280,\"height\":960},{\"@type\":\"BreadcrumbList\",\"@id\":\"https:\/\/pagina10.com\/web\/se-fortalecen-juntas-directivas-de-16-asociaciones-productoras-del-corregimiento-de-catambuco-en-temas-de-asociatividad\/#breadcrumb\",\"itemListElement\":[{\"@type\":\"ListItem\",\"position\":1,\"name\":\"Portada\",\"item\":\"https:\/\/pagina10.com\/web\/\"},{\"@type\":\"ListItem\",\"position\":2,\"name\":\"Se fortalecen juntas directivas de 16 asociaciones productoras del corregimiento de Catambuco en temas de asociatividad\"}]},{\"@type\":\"WebSite\",\"@id\":\"https:\/\/pagina10.com\/web\/#website\",\"url\":\"https:\/\/pagina10.com\/web\/\",\"name\":\"P\u00e1gina10\",\"description\":\"Peri\u00f3dico Regional\",\"publisher\":{\"@id\":\"https:\/\/pagina10.com\/web\/#organization\"},\"alternateName\":\"P\u00e1gina10 Peri\u00f3dico Regional\",\"potentialAction\":[{\"@type\":\"SearchAction\",\"target\":{\"@type\":\"EntryPoint\",\"urlTemplate\":\"https:\/\/pagina10.com\/web\/?s={search_term_string}\"},\"query-input\":{\"@type\":\"PropertyValueSpecification\",\"valueRequired\":true,\"valueName\":\"search_term_string\"}}],\"inLanguage\":\"es\"},{\"@type\":\"Organization\",\"@id\":\"https:\/\/pagina10.com\/web\/#organization\",\"name\":\"P\u00e1gina10\",\"alternateName\":\"P\u00e1gina10 Peri\u00f3dico Regional\",\"url\":\"https:\/\/pagina10.com\/web\/\",\"logo\":{\"@type\":\"ImageObject\",\"inLanguage\":\"es\",\"@id\":\"https:\/\/pagina10.com\/web\/#\/schema\/logo\/image\/\",\"url\":\"https:\/\/pagina10.com\/web\/wp-content\/uploads\/2024\/01\/40-pagina-10-periodico-regional-pasto.jpg\",\"contentUrl\":\"https:\/\/pagina10.com\/web\/wp-content\/uploads\/2024\/01\/40-pagina-10-periodico-regional-pasto.jpg\",\"width\":1280,\"height\":720,\"caption\":\"P\u00e1gina10\"},\"image\":{\"@id\":\"https:\/\/pagina10.com\/web\/#\/schema\/logo\/image\/\"},\"sameAs\":[\"https:\/\/www.facebook.com\/pag10com\",\"https:\/\/x.com\/Pag10com\",\"https:\/\/www.instagram.com\/pagina10col\/\",\"https:\/\/youtube.com\/channel\/pag10\",\"https:\/\/www.tiktok.com\/@p10col\"]},{\"@type\":\"Person\",\"@id\":\"https:\/\/pagina10.com\/web\/#\/schema\/person\/2efc4a090d25b667d3bc796798a3a81b\",\"name\":\"P\u00e1gina 10\",\"description\":\"P\u00e1gina 10 es un peri\u00f3dico regional que nace en Colombia, en el departamento de Nari\u00f1o, con un enfoque global, fundamentado en cuatro pilares esenciales: la libertad, el pluralismo, la inclusi\u00f3n y la independencia. P\u00e1gina 10 hace referencia a Nari\u00f1o como el d\u00e9cimo departamento creado en Colombia, despu\u00e9s de un proceso pol\u00edtico liderado por actores y actrices regionales con el fin de obtener la independencia y autonom\u00eda de nuestros territorios. Con la creaci\u00f3n de P\u00e1gina 10 se pretende abrir un escenario para el dialogo, la reflexi\u00f3n y el debate que se extienda a otras geograf\u00edas de Am\u00e9rica Latina y del planeta, en una apuesta por transformar colectivamente los desaf\u00edos de un mundo contempor\u00e1neo, m\u00e1s all\u00e1 de las fronteras impuestas.\",\"url\":\"https:\/\/pagina10.com\/web\/author\/pdiezadmin\/\"}]}<\/script>\n<!-- \/ Yoast SEO plugin. -->","yoast_head_json":{"title":"Se fortalecen juntas directivas de 16 asociaciones productoras del corregimiento de Catambuco en temas de asociatividad | P\u00e1gina10","robots":{"index":"index","follow":"follow","max-snippet":"max-snippet:-1","max-image-preview":"max-image-preview:large","max-video-preview":"max-video-preview:-1"},"canonical":"https:\/\/pagina10.com\/web\/se-fortalecen-juntas-directivas-de-16-asociaciones-productoras-del-corregimiento-de-catambuco-en-temas-de-asociatividad\/","og_locale":"es_ES","og_type":"article","og_title":"Se fortalecen juntas directivas de 16 asociaciones productoras del corregimiento de Catambuco en temas de asociatividad | P\u00e1gina10","og_description":"La Alcald\u00eda de Pasto, a trav\u00e9s de la Secretar\u00eda de Agricultura, se articul\u00f3 con 16 Juntas Directivas de las asociaciones productivas del corregimiento de Catambuco que hacen parte del proyecto de construcci\u00f3n del Centro de Acopio para la comercializaci\u00f3n de papa y hortalizas, con el objetivo de brindar herramientas que les permitan fortalecer el trabajo [&hellip;]","og_url":"https:\/\/pagina10.com\/web\/se-fortalecen-juntas-directivas-de-16-asociaciones-productoras-del-corregimiento-de-catambuco-en-temas-de-asociatividad\/","og_site_name":"P\u00e1gina10","article_publisher":"https:\/\/www.facebook.com\/pag10com","article_published_time":"2022-09-26T00:20:49+00:00","og_image":[{"width":1280,"height":960,"url":"https:\/\/pagina10.com\/web\/wp-content\/uploads\/2022\/09\/WhatsApp-Image-2022-09-21-at-11.18.11-PM.jpeg","type":"image\/jpeg"}],"author":"P\u00e1gina 10","twitter_card":"summary_large_image","twitter_creator":"@Pag10com","twitter_site":"@Pag10com","twitter_misc":{"Escrito por":"P\u00e1gina 10","Tiempo de lectura":"2 minutos"},"schema":{"@context":"https:\/\/schema.org","@graph":[{"@type":"Article","@id":"https:\/\/pagina10.com\/web\/se-fortalecen-juntas-directivas-de-16-asociaciones-productoras-del-corregimiento-de-catambuco-en-temas-de-asociatividad\/#article","isPartOf":{"@id":"https:\/\/pagina10.com\/web\/se-fortalecen-juntas-directivas-de-16-asociaciones-productoras-del-corregimiento-de-catambuco-en-temas-de-asociatividad\/"},"author":{"name":"P\u00e1gina 10","@id":"https:\/\/pagina10.com\/web\/#\/schema\/person\/2efc4a090d25b667d3bc796798a3a81b"},"headline":"Se fortalecen juntas directivas de 16 asociaciones productoras del corregimiento de Catambuco en temas de asociatividad","datePublished":"2022-09-26T00:20:49+00:00","mainEntityOfPage":{"@id":"https:\/\/pagina10.com\/web\/se-fortalecen-juntas-directivas-de-16-asociaciones-productoras-del-corregimiento-de-catambuco-en-temas-de-asociatividad\/"},"wordCount":379,"commentCount":0,"publisher":{"@id":"https:\/\/pagina10.com\/web\/#organization"},"image":{"@id":"https:\/\/pagina10.com\/web\/se-fortalecen-juntas-directivas-de-16-asociaciones-productoras-del-corregimiento-de-catambuco-en-temas-de-asociatividad\/#primaryimage"},"thumbnailUrl":"https:\/\/pagina10.com\/web\/wp-content\/uploads\/2022\/09\/WhatsApp-Image-2022-09-21-at-11.18.11-PM.jpeg","articleSection":["Ciudad"],"inLanguage":"es","potentialAction":[{"@type":"CommentAction","name":"Comment","target":["https:\/\/pagina10.com\/web\/se-fortalecen-juntas-directivas-de-16-asociaciones-productoras-del-corregimiento-de-catambuco-en-temas-de-asociatividad\/#respond"]}]},{"@type":"WebPage","@id":"https:\/\/pagina10.com\/web\/se-fortalecen-juntas-directivas-de-16-asociaciones-productoras-del-corregimiento-de-catambuco-en-temas-de-asociatividad\/","url":"https:\/\/pagina10.com\/web\/se-fortalecen-juntas-directivas-de-16-asociaciones-productoras-del-corregimiento-de-catambuco-en-temas-de-asociatividad\/","name":"Se fortalecen juntas directivas de 16 asociaciones productoras del corregimiento de Catambuco en temas de asociatividad | P\u00e1gina10","isPartOf":{"@id":"https:\/\/pagina10.com\/web\/#website"},"primaryImageOfPage":{"@id":"https:\/\/pagina10.com\/web\/se-fortalecen-juntas-directivas-de-16-asociaciones-productoras-del-corregimiento-de-catambuco-en-temas-de-asociatividad\/#primaryimage"},"image":{"@id":"https:\/\/pagina10.com\/web\/se-fortalecen-juntas-directivas-de-16-asociaciones-productoras-del-corregimiento-de-catambuco-en-temas-de-asociatividad\/#primaryimage"},"thumbnailUrl":"https:\/\/pagina10.com\/web\/wp-content\/uploads\/2022\/09\/WhatsApp-Image-2022-09-21-at-11.18.11-PM.jpeg","datePublished":"2022-09-26T00:20:49+00:00","breadcrumb":{"@id":"https:\/\/pagina10.com\/web\/se-fortalecen-juntas-directivas-de-16-asociaciones-productoras-del-corregimiento-de-catambuco-en-temas-de-asociatividad\/#breadcrumb"},"inLanguage":"es","potentialAction":[{"@type":"ReadAction","target":["https:\/\/pagina10.com\/web\/se-fortalecen-juntas-directivas-de-16-asociaciones-productoras-del-corregimiento-de-catambuco-en-temas-de-asociatividad\/"]}]},{"@type":"ImageObject","inLanguage":"es","@id":"https:\/\/pagina10.com\/web\/se-fortalecen-juntas-directivas-de-16-asociaciones-productoras-del-corregimiento-de-catambuco-en-temas-de-asociatividad\/#primaryimage","url":"https:\/\/pagina10.com\/web\/wp-content\/uploads\/2022\/09\/WhatsApp-Image-2022-09-21-at-11.18.11-PM.jpeg","contentUrl":"https:\/\/pagina10.com\/web\/wp-content\/uploads\/2022\/09\/WhatsApp-Image-2022-09-21-at-11.18.11-PM.jpeg","width":1280,"height":960},{"@type":"BreadcrumbList","@id":"https:\/\/pagina10.com\/web\/se-fortalecen-juntas-directivas-de-16-asociaciones-productoras-del-corregimiento-de-catambuco-en-temas-de-asociatividad\/#breadcrumb","itemListElement":[{"@type":"ListItem","position":1,"name":"Portada","item":"https:\/\/pagina10.com\/web\/"},{"@type":"ListItem","position":2,"name":"Se fortalecen juntas directivas de 16 asociaciones productoras del corregimiento de Catambuco en temas de asociatividad"}]},{"@type":"WebSite","@id":"https:\/\/pagina10.com\/web\/#website","url":"https:\/\/pagina10.com\/web\/","name":"P\u00e1gina10","description":"Peri\u00f3dico Regional","publisher":{"@id":"https:\/\/pagina10.com\/web\/#organization"},"alternateName":"P\u00e1gina10 Peri\u00f3dico Regional","potentialAction":[{"@type":"SearchAction","target":{"@type":"EntryPoint","urlTemplate":"https:\/\/pagina10.com\/web\/?s={search_term_string}"},"query-input":{"@type":"PropertyValueSpecification","valueRequired":true,"valueName":"search_term_string"}}],"inLanguage":"es"},{"@type":"Organization","@id":"https:\/\/pagina10.com\/web\/#organization","name":"P\u00e1gina10","alternateName":"P\u00e1gina10 Peri\u00f3dico Regional","url":"https:\/\/pagina10.com\/web\/","logo":{"@type":"ImageObject","inLanguage":"es","@id":"https:\/\/pagina10.com\/web\/#\/schema\/logo\/image\/","url":"https:\/\/pagina10.com\/web\/wp-content\/uploads\/2024\/01\/40-pagina-10-periodico-regional-pasto.jpg","contentUrl":"https:\/\/pagina10.com\/web\/wp-content\/uploads\/2024\/01\/40-pagina-10-periodico-regional-pasto.jpg","width":1280,"height":720,"caption":"P\u00e1gina10"},"image":{"@id":"https:\/\/pagina10.com\/web\/#\/schema\/logo\/image\/"},"sameAs":["https:\/\/www.facebook.com\/pag10com","https:\/\/x.com\/Pag10com","https:\/\/www.instagram.com\/pagina10col\/","https:\/\/youtube.com\/channel\/pag10","https:\/\/www.tiktok.com\/@p10col"]},{"@type":"Person","@id":"https:\/\/pagina10.com\/web\/#\/schema\/person\/2efc4a090d25b667d3bc796798a3a81b","name":"P\u00e1gina 10","description":"P\u00e1gina 10 es un peri\u00f3dico regional que nace en Colombia, en el departamento de Nari\u00f1o, con un enfoque global, fundamentado en cuatro pilares esenciales: la libertad, el pluralismo, la inclusi\u00f3n y la independencia. P\u00e1gina 10 hace referencia a Nari\u00f1o como el d\u00e9cimo departamento creado en Colombia, despu\u00e9s de un proceso pol\u00edtico liderado por actores y actrices regionales con el fin de obtener la independencia y autonom\u00eda de nuestros territorios. Con la creaci\u00f3n de P\u00e1gina 10 se pretende abrir un escenario para el dialogo, la reflexi\u00f3n y el debate que se extienda a otras geograf\u00edas de Am\u00e9rica Latina y del planeta, en una apuesta por transformar colectivamente los desaf\u00edos de un mundo contempor\u00e1neo, m\u00e1s all\u00e1 de las fronteras impuestas.","url":"https:\/\/pagina10.com\/web\/author\/pdiezadmin\/"}]}},"_links":{"self":[{"href":"https:\/\/pagina10.com\/web\/wp-json\/wp\/v2\/posts\/61858","targetHints":{"allow":["GET"]}}],"collection":[{"href":"https:\/\/pagina10.com\/web\/wp-json\/wp\/v2\/posts"}],"about":[{"href":"https:\/\/pagina10.com\/web\/wp-json\/wp\/v2\/types\/post"}],"author":[{"embeddable":true,"href":"https:\/\/pagina10.com\/web\/wp-json\/wp\/v2\/users\/1"}],"replies":[{"embeddable":true,"href":"https:\/\/pagina10.com\/web\/wp-json\/wp\/v2\/comments?post=61858"}],"version-history":[{"count":1,"href":"https:\/\/pagina10.com\/web\/wp-json\/wp\/v2\/posts\/61858\/revisions"}],"predecessor-version":[{"id":61860,"href":"https:\/\/pagina10.com\/web\/wp-json\/wp\/v2\/posts\/61858\/revisions\/61860"}],"wp:featuredmedia":[{"embeddable":true,"href":"https:\/\/pagina10.com\/web\/wp-json\/wp\/v2\/media\/61859"}],"wp:attachment":[{"href":"https:\/\/pagina10.com\/web\/wp-json\/wp\/v2\/media?parent=61858"}],"wp:term":[{"taxonomy":"category","embeddable":true,"href":"https:\/\/pagina10.com\/web\/wp-json\/wp\/v2\/categories?post=61858"},{"taxonomy":"post_tag","embeddable":true,"href":"https:\/\/pagina10.com\/web\/wp-json\/wp\/v2\/tags?post=61858"}],"curies":[{"name":"wp","href":"https:\/\/api.w.org\/{rel}","templated":true}]}}