{"id":6186,"date":"2014-01-11T23:16:38","date_gmt":"2014-01-11T23:16:38","guid":{"rendered":"https:\/\/pagina10.com\/web\/este-sabado-presidente-santos-asistira-a-instalacion-de-policia-metropolitana-de-pasto\/"},"modified":"2014-01-11T23:16:38","modified_gmt":"2014-01-11T23:16:38","slug":"este-sabado-presidente-santos-asistira-a-instalacion-de-policia-metropolitana-de-pasto","status":"publish","type":"post","link":"https:\/\/pagina10.com\/web\/este-sabado-presidente-santos-asistira-a-instalacion-de-policia-metropolitana-de-pasto\/","title":{"rendered":"Este s\u00e1bado Presidente Santos asistir\u00e1 a instalaci\u00f3n de polic\u00eda metropolitana de Pasto"},"content":{"rendered":"<p><img fetchpriority=\"high\" decoding=\"async\" class=\" size-full wp-image-6185\" src=\"https:\/\/pagina10.com\/web\/wp-content\/uploads\/2014\/01\/c3978527e7a4fbbd1d56d17eea8dccce.jpg\" alt=\"\" width=\"418\" height=\"281\" srcset=\"https:\/\/pagina10.com\/web\/wp-content\/uploads\/2014\/01\/c3978527e7a4fbbd1d56d17eea8dccce.jpg 418w, https:\/\/pagina10.com\/web\/wp-content\/uploads\/2014\/01\/c3978527e7a4fbbd1d56d17eea8dccce-300x202.jpg 300w\" sizes=\"(max-width: 418px) 100vw, 418px\" \/><\/p>\n<p style=\"text-align: justify;\">Con la presencia del Presidente de la Rep\u00fablica, Juan Manuel Santos Calder\u00f3n, el Ministro de Defensa Nacional, Juan Carlos Pinz\u00f3n Bueno; el Director de la Polic\u00eda Nacional General Rodolfo Palomimo; el comandante de la Polic\u00eda Metropolitana Coronel Jos\u00e9 Javier P\u00e9rez Watts y el alcalde de Pasto, Harold Guerrero L\u00f3pez, se llevar\u00e1 a cabo este s\u00e1bado 18 de enero a las 9:00 de la ma\u00f1ana en la Plaza de Nari\u00f1o, la instalaci\u00f3n de la Polic\u00eda Metropolitana. Durante el acto, los 500 nuevos miembros de la instituci\u00f3n estar\u00e1n formados para presentarse ante el Jefe de Estado.<\/p>\n<p>Posteriormente a las 11:00 de la ma\u00f1ana en compa\u00f1\u00eda del comandante de la entidad, coronel Javier Jos\u00e9 P\u00e9rez Watts, se efectuar\u00e1 un recorrido por las instalaciones de la sede de la Polic\u00eda Metropolitano en el sector de Torobajo y se mostrar\u00e1 al mandatario de los colombianos, el trabajo que hasta la fecha han efectuado los uniformados.<\/p>\n<p style=\"text-align: justify;\">&nbsp;<\/p>\n<p style=\"text-align: justify;\"><strong>Restricciones<\/strong><\/p>\n<p style=\"text-align: justify;\">Con motivo de la visita del Se\u00f1or Presidente de la Rep\u00fablica de Colombia, Juan Manuel Santos Calder\u00f3n, la Alcald\u00eda de Pasto decreta medidas especiales con el fin de garantizar la seguridad vial, movilidad y orden ciudadano.<\/p>\n<p style=\"text-align: justify;\">&nbsp;<\/p>\n<p style=\"text-align: justify;\"><strong>1. Prohibici\u00f3n desde las 6:00 de la ma\u00f1ana hasta las 6:00 de la tarde del s\u00e1bado 18 de enero<\/strong><\/p>\n<p style=\"text-align: justify;\"><strong><\/strong>&#8211; Toda movilizaci\u00f3n y transporte de escombros y materiales de construcci\u00f3n<\/p>\n<p style=\"text-align: justify;\">&#8211; Movilizaci\u00f3n y transporte de trasteos en el casco urbano de la ciudad de Pasto<\/p>\n<p style=\"text-align: justify;\">&#8211; Movilizaci\u00f3n de parrillero<\/p>\n<p style=\"text-align: justify;\">&#8211; Porte de armas de fuego<\/p>\n<p style=\"text-align: justify;\">&#8211; Manifestaciones p\u00fablicas.&nbsp;<\/p>\n<p style=\"text-align: justify;\">&#8211; Movilizaci\u00f3n y transporte de gas domiciliario, desde las 6:00 de la ma\u00f1ana hasta las 6:00 de la tarde del s\u00e1bado 18 de enero dentro del \u00e1rea de influencia (cuatro cuadras a la redonda) de los sitios en los que se desarrollen actividades con presencia del Se\u00f1or Presidente de la Rep\u00fablica.<\/p>\n<p style=\"text-align: justify;\">&nbsp;<\/p>\n<p>&nbsp;<\/p>\n","protected":false},"excerpt":{"rendered":"<p>Con la presencia del Presidente de la Rep\u00fablica, Juan Manuel Santos Calder\u00f3n, el Ministro de Defensa Nacional, Juan Carlos Pinz\u00f3n Bueno; el Director de la Polic\u00eda Nacional General Rodolfo Palomimo; el comandante de la Polic\u00eda Metropolitana Coronel Jos\u00e9 Javier P\u00e9rez Watts y el alcalde de Pasto, Harold Guerrero L\u00f3pez, se llevar\u00e1 a cabo este s\u00e1bado [&hellip;]<\/p>\n","protected":false},"author":29,"featured_media":6185,"comment_status":"open","ping_status":"open","sticky":false,"template":"","format":"standard","meta":{"footnotes":""},"categories":[82],"tags":[],"class_list":["post-6186","post","type-post","status-publish","format-standard","has-post-thumbnail","hentry","category-ciudad-2"],"yoast_head":"<!-- This site is optimized with the Yoast SEO plugin v27.1.1 - https:\/\/yoast.com\/product\/yoast-seo-wordpress\/ -->\n<title>Este s\u00e1bado Presidente Santos asistir\u00e1 a instalaci\u00f3n de polic\u00eda metropolitana de Pasto | P\u00e1gina10<\/title>\n<meta name=\"robots\" content=\"index, follow, max-snippet:-1, max-image-preview:large, max-video-preview:-1\" \/>\n<link rel=\"canonical\" href=\"https:\/\/pagina10.com\/web\/este-sabado-presidente-santos-asistira-a-instalacion-de-policia-metropolitana-de-pasto\/\" \/>\n<meta property=\"og:locale\" content=\"es_ES\" \/>\n<meta property=\"og:type\" content=\"article\" \/>\n<meta property=\"og:title\" content=\"Este s\u00e1bado Presidente Santos asistir\u00e1 a instalaci\u00f3n de polic\u00eda metropolitana de Pasto | P\u00e1gina10\" \/>\n<meta property=\"og:description\" content=\"Con la presencia del Presidente de la Rep\u00fablica, Juan Manuel Santos Calder\u00f3n, el Ministro de Defensa Nacional, Juan Carlos Pinz\u00f3n Bueno; el Director de la Polic\u00eda Nacional General Rodolfo Palomimo; el comandante de la Polic\u00eda Metropolitana Coronel Jos\u00e9 Javier P\u00e9rez Watts y el alcalde de Pasto, Harold Guerrero L\u00f3pez, se llevar\u00e1 a cabo este s\u00e1bado [&hellip;]\" \/>\n<meta property=\"og:url\" content=\"https:\/\/pagina10.com\/web\/este-sabado-presidente-santos-asistira-a-instalacion-de-policia-metropolitana-de-pasto\/\" \/>\n<meta property=\"og:site_name\" content=\"P\u00e1gina10\" \/>\n<meta property=\"article:publisher\" content=\"https:\/\/www.facebook.com\/pag10com\" \/>\n<meta property=\"article:published_time\" content=\"2014-01-11T23:16:38+00:00\" \/>\n<meta property=\"og:image\" content=\"https:\/\/pagina10.com\/web\/wp-content\/uploads\/2014\/01\/c3978527e7a4fbbd1d56d17eea8dccce.jpg\" \/>\n\t<meta property=\"og:image:width\" content=\"418\" \/>\n\t<meta property=\"og:image:height\" content=\"281\" \/>\n\t<meta property=\"og:image:type\" content=\"image\/jpeg\" \/>\n<meta name=\"author\" content=\"P\u00e1gina 10\" \/>\n<meta name=\"twitter:card\" content=\"summary_large_image\" \/>\n<meta name=\"twitter:creator\" content=\"@Pag10com\" \/>\n<meta name=\"twitter:site\" content=\"@Pag10com\" \/>\n<meta name=\"twitter:label1\" content=\"Escrito por\" \/>\n\t<meta name=\"twitter:data1\" content=\"P\u00e1gina 10\" \/>\n\t<meta name=\"twitter:label2\" content=\"Tiempo de lectura\" \/>\n\t<meta name=\"twitter:data2\" content=\"2 minutos\" \/>\n<script type=\"application\/ld+json\" class=\"yoast-schema-graph\">{\"@context\":\"https:\/\/schema.org\",\"@graph\":[{\"@type\":\"Article\",\"@id\":\"https:\/\/pagina10.com\/web\/este-sabado-presidente-santos-asistira-a-instalacion-de-policia-metropolitana-de-pasto\/#article\",\"isPartOf\":{\"@id\":\"https:\/\/pagina10.com\/web\/este-sabado-presidente-santos-asistira-a-instalacion-de-policia-metropolitana-de-pasto\/\"},\"author\":{\"name\":\"P\u00e1gina 10\",\"@id\":\"https:\/\/pagina10.com\/web\/#\/schema\/person\/a7a5d38f0629dfc107f619fbae4f6cc3\"},\"headline\":\"Este s\u00e1bado Presidente Santos asistir\u00e1 a instalaci\u00f3n de polic\u00eda metropolitana de Pasto\",\"datePublished\":\"2014-01-11T23:16:38+00:00\",\"mainEntityOfPage\":{\"@id\":\"https:\/\/pagina10.com\/web\/este-sabado-presidente-santos-asistira-a-instalacion-de-policia-metropolitana-de-pasto\/\"},\"wordCount\":340,\"commentCount\":0,\"publisher\":{\"@id\":\"https:\/\/pagina10.com\/web\/#organization\"},\"image\":{\"@id\":\"https:\/\/pagina10.com\/web\/este-sabado-presidente-santos-asistira-a-instalacion-de-policia-metropolitana-de-pasto\/#primaryimage\"},\"thumbnailUrl\":\"https:\/\/pagina10.com\/web\/wp-content\/uploads\/2014\/01\/c3978527e7a4fbbd1d56d17eea8dccce.jpg\",\"articleSection\":[\"Ciudad\"],\"inLanguage\":\"es\",\"potentialAction\":[{\"@type\":\"CommentAction\",\"name\":\"Comment\",\"target\":[\"https:\/\/pagina10.com\/web\/este-sabado-presidente-santos-asistira-a-instalacion-de-policia-metropolitana-de-pasto\/#respond\"]}]},{\"@type\":\"WebPage\",\"@id\":\"https:\/\/pagina10.com\/web\/este-sabado-presidente-santos-asistira-a-instalacion-de-policia-metropolitana-de-pasto\/\",\"url\":\"https:\/\/pagina10.com\/web\/este-sabado-presidente-santos-asistira-a-instalacion-de-policia-metropolitana-de-pasto\/\",\"name\":\"Este s\u00e1bado Presidente Santos asistir\u00e1 a instalaci\u00f3n de polic\u00eda metropolitana de Pasto | P\u00e1gina10\",\"isPartOf\":{\"@id\":\"https:\/\/pagina10.com\/web\/#website\"},\"primaryImageOfPage\":{\"@id\":\"https:\/\/pagina10.com\/web\/este-sabado-presidente-santos-asistira-a-instalacion-de-policia-metropolitana-de-pasto\/#primaryimage\"},\"image\":{\"@id\":\"https:\/\/pagina10.com\/web\/este-sabado-presidente-santos-asistira-a-instalacion-de-policia-metropolitana-de-pasto\/#primaryimage\"},\"thumbnailUrl\":\"https:\/\/pagina10.com\/web\/wp-content\/uploads\/2014\/01\/c3978527e7a4fbbd1d56d17eea8dccce.jpg\",\"datePublished\":\"2014-01-11T23:16:38+00:00\",\"breadcrumb\":{\"@id\":\"https:\/\/pagina10.com\/web\/este-sabado-presidente-santos-asistira-a-instalacion-de-policia-metropolitana-de-pasto\/#breadcrumb\"},\"inLanguage\":\"es\",\"potentialAction\":[{\"@type\":\"ReadAction\",\"target\":[\"https:\/\/pagina10.com\/web\/este-sabado-presidente-santos-asistira-a-instalacion-de-policia-metropolitana-de-pasto\/\"]}]},{\"@type\":\"ImageObject\",\"inLanguage\":\"es\",\"@id\":\"https:\/\/pagina10.com\/web\/este-sabado-presidente-santos-asistira-a-instalacion-de-policia-metropolitana-de-pasto\/#primaryimage\",\"url\":\"https:\/\/pagina10.com\/web\/wp-content\/uploads\/2014\/01\/c3978527e7a4fbbd1d56d17eea8dccce.jpg\",\"contentUrl\":\"https:\/\/pagina10.com\/web\/wp-content\/uploads\/2014\/01\/c3978527e7a4fbbd1d56d17eea8dccce.jpg\",\"width\":418,\"height\":281},{\"@type\":\"BreadcrumbList\",\"@id\":\"https:\/\/pagina10.com\/web\/este-sabado-presidente-santos-asistira-a-instalacion-de-policia-metropolitana-de-pasto\/#breadcrumb\",\"itemListElement\":[{\"@type\":\"ListItem\",\"position\":1,\"name\":\"Portada\",\"item\":\"https:\/\/pagina10.com\/web\/\"},{\"@type\":\"ListItem\",\"position\":2,\"name\":\"Este s\u00e1bado Presidente Santos asistir\u00e1 a instalaci\u00f3n de polic\u00eda metropolitana de Pasto\"}]},{\"@type\":\"WebSite\",\"@id\":\"https:\/\/pagina10.com\/web\/#website\",\"url\":\"https:\/\/pagina10.com\/web\/\",\"name\":\"P\u00e1gina10\",\"description\":\"Peri\u00f3dico Regional\",\"publisher\":{\"@id\":\"https:\/\/pagina10.com\/web\/#organization\"},\"alternateName\":\"P\u00e1gina10 Peri\u00f3dico Regional\",\"potentialAction\":[{\"@type\":\"SearchAction\",\"target\":{\"@type\":\"EntryPoint\",\"urlTemplate\":\"https:\/\/pagina10.com\/web\/?s={search_term_string}\"},\"query-input\":{\"@type\":\"PropertyValueSpecification\",\"valueRequired\":true,\"valueName\":\"search_term_string\"}}],\"inLanguage\":\"es\"},{\"@type\":\"Organization\",\"@id\":\"https:\/\/pagina10.com\/web\/#organization\",\"name\":\"P\u00e1gina10\",\"alternateName\":\"P\u00e1gina10 Peri\u00f3dico Regional\",\"url\":\"https:\/\/pagina10.com\/web\/\",\"logo\":{\"@type\":\"ImageObject\",\"inLanguage\":\"es\",\"@id\":\"https:\/\/pagina10.com\/web\/#\/schema\/logo\/image\/\",\"url\":\"https:\/\/pagina10.com\/web\/wp-content\/uploads\/2024\/01\/40-pagina-10-periodico-regional-pasto.jpg\",\"contentUrl\":\"https:\/\/pagina10.com\/web\/wp-content\/uploads\/2024\/01\/40-pagina-10-periodico-regional-pasto.jpg\",\"width\":1280,\"height\":720,\"caption\":\"P\u00e1gina10\"},\"image\":{\"@id\":\"https:\/\/pagina10.com\/web\/#\/schema\/logo\/image\/\"},\"sameAs\":[\"https:\/\/www.facebook.com\/pag10com\",\"https:\/\/x.com\/Pag10com\",\"https:\/\/www.instagram.com\/pagina10col\/\",\"https:\/\/youtube.com\/channel\/pag10\",\"https:\/\/www.tiktok.com\/@p10col\"]},{\"@type\":\"Person\",\"@id\":\"https:\/\/pagina10.com\/web\/#\/schema\/person\/a7a5d38f0629dfc107f619fbae4f6cc3\",\"name\":\"P\u00e1gina 10\",\"description\":\"P\u00e1gina10.com es un peri\u00f3dico digital que nace en Colombia, en el departamento de Nari\u00f1o, con un enfoque global, fundamentado en cuatro pilares esenciales: la libertad, el pluralismo, la inclusi\u00f3n y la independencia. P\u00e1gina10.com hace referencia a Nari\u00f1o como el d\u00e9cimo departamento creado en Colombia, despu\u00e9s de un proceso pol\u00edtico liderado por actores y actrices regionales con el fin de obtener la independencia y autonom\u00eda de nuestros territorios. Con la creaci\u00f3n de P\u00e1gina10.com se pretende abrir un escenario para el dialogo, la reflexi\u00f3n y el debate que se extienda a otras geograf\u00edas de Am\u00e9rica Latina y del planeta, en una apuesta por transformar colectivamente los desaf\u00edos de un mundo contempor\u00e1neo, m\u00e1s all\u00e1 de las fronteras impuestas.\",\"url\":\"https:\/\/pagina10.com\/web\/author\/mcepeda\/\"}]}<\/script>\n<!-- \/ Yoast SEO plugin. -->","yoast_head_json":{"title":"Este s\u00e1bado Presidente Santos asistir\u00e1 a instalaci\u00f3n de polic\u00eda metropolitana de Pasto | P\u00e1gina10","robots":{"index":"index","follow":"follow","max-snippet":"max-snippet:-1","max-image-preview":"max-image-preview:large","max-video-preview":"max-video-preview:-1"},"canonical":"https:\/\/pagina10.com\/web\/este-sabado-presidente-santos-asistira-a-instalacion-de-policia-metropolitana-de-pasto\/","og_locale":"es_ES","og_type":"article","og_title":"Este s\u00e1bado Presidente Santos asistir\u00e1 a instalaci\u00f3n de polic\u00eda metropolitana de Pasto | P\u00e1gina10","og_description":"Con la presencia del Presidente de la Rep\u00fablica, Juan Manuel Santos Calder\u00f3n, el Ministro de Defensa Nacional, Juan Carlos Pinz\u00f3n Bueno; el Director de la Polic\u00eda Nacional General Rodolfo Palomimo; el comandante de la Polic\u00eda Metropolitana Coronel Jos\u00e9 Javier P\u00e9rez Watts y el alcalde de Pasto, Harold Guerrero L\u00f3pez, se llevar\u00e1 a cabo este s\u00e1bado [&hellip;]","og_url":"https:\/\/pagina10.com\/web\/este-sabado-presidente-santos-asistira-a-instalacion-de-policia-metropolitana-de-pasto\/","og_site_name":"P\u00e1gina10","article_publisher":"https:\/\/www.facebook.com\/pag10com","article_published_time":"2014-01-11T23:16:38+00:00","og_image":[{"width":418,"height":281,"url":"https:\/\/pagina10.com\/web\/wp-content\/uploads\/2014\/01\/c3978527e7a4fbbd1d56d17eea8dccce.jpg","type":"image\/jpeg"}],"author":"P\u00e1gina 10","twitter_card":"summary_large_image","twitter_creator":"@Pag10com","twitter_site":"@Pag10com","twitter_misc":{"Escrito por":"P\u00e1gina 10","Tiempo de lectura":"2 minutos"},"schema":{"@context":"https:\/\/schema.org","@graph":[{"@type":"Article","@id":"https:\/\/pagina10.com\/web\/este-sabado-presidente-santos-asistira-a-instalacion-de-policia-metropolitana-de-pasto\/#article","isPartOf":{"@id":"https:\/\/pagina10.com\/web\/este-sabado-presidente-santos-asistira-a-instalacion-de-policia-metropolitana-de-pasto\/"},"author":{"name":"P\u00e1gina 10","@id":"https:\/\/pagina10.com\/web\/#\/schema\/person\/a7a5d38f0629dfc107f619fbae4f6cc3"},"headline":"Este s\u00e1bado Presidente Santos asistir\u00e1 a instalaci\u00f3n de polic\u00eda metropolitana de Pasto","datePublished":"2014-01-11T23:16:38+00:00","mainEntityOfPage":{"@id":"https:\/\/pagina10.com\/web\/este-sabado-presidente-santos-asistira-a-instalacion-de-policia-metropolitana-de-pasto\/"},"wordCount":340,"commentCount":0,"publisher":{"@id":"https:\/\/pagina10.com\/web\/#organization"},"image":{"@id":"https:\/\/pagina10.com\/web\/este-sabado-presidente-santos-asistira-a-instalacion-de-policia-metropolitana-de-pasto\/#primaryimage"},"thumbnailUrl":"https:\/\/pagina10.com\/web\/wp-content\/uploads\/2014\/01\/c3978527e7a4fbbd1d56d17eea8dccce.jpg","articleSection":["Ciudad"],"inLanguage":"es","potentialAction":[{"@type":"CommentAction","name":"Comment","target":["https:\/\/pagina10.com\/web\/este-sabado-presidente-santos-asistira-a-instalacion-de-policia-metropolitana-de-pasto\/#respond"]}]},{"@type":"WebPage","@id":"https:\/\/pagina10.com\/web\/este-sabado-presidente-santos-asistira-a-instalacion-de-policia-metropolitana-de-pasto\/","url":"https:\/\/pagina10.com\/web\/este-sabado-presidente-santos-asistira-a-instalacion-de-policia-metropolitana-de-pasto\/","name":"Este s\u00e1bado Presidente Santos asistir\u00e1 a instalaci\u00f3n de polic\u00eda metropolitana de Pasto | P\u00e1gina10","isPartOf":{"@id":"https:\/\/pagina10.com\/web\/#website"},"primaryImageOfPage":{"@id":"https:\/\/pagina10.com\/web\/este-sabado-presidente-santos-asistira-a-instalacion-de-policia-metropolitana-de-pasto\/#primaryimage"},"image":{"@id":"https:\/\/pagina10.com\/web\/este-sabado-presidente-santos-asistira-a-instalacion-de-policia-metropolitana-de-pasto\/#primaryimage"},"thumbnailUrl":"https:\/\/pagina10.com\/web\/wp-content\/uploads\/2014\/01\/c3978527e7a4fbbd1d56d17eea8dccce.jpg","datePublished":"2014-01-11T23:16:38+00:00","breadcrumb":{"@id":"https:\/\/pagina10.com\/web\/este-sabado-presidente-santos-asistira-a-instalacion-de-policia-metropolitana-de-pasto\/#breadcrumb"},"inLanguage":"es","potentialAction":[{"@type":"ReadAction","target":["https:\/\/pagina10.com\/web\/este-sabado-presidente-santos-asistira-a-instalacion-de-policia-metropolitana-de-pasto\/"]}]},{"@type":"ImageObject","inLanguage":"es","@id":"https:\/\/pagina10.com\/web\/este-sabado-presidente-santos-asistira-a-instalacion-de-policia-metropolitana-de-pasto\/#primaryimage","url":"https:\/\/pagina10.com\/web\/wp-content\/uploads\/2014\/01\/c3978527e7a4fbbd1d56d17eea8dccce.jpg","contentUrl":"https:\/\/pagina10.com\/web\/wp-content\/uploads\/2014\/01\/c3978527e7a4fbbd1d56d17eea8dccce.jpg","width":418,"height":281},{"@type":"BreadcrumbList","@id":"https:\/\/pagina10.com\/web\/este-sabado-presidente-santos-asistira-a-instalacion-de-policia-metropolitana-de-pasto\/#breadcrumb","itemListElement":[{"@type":"ListItem","position":1,"name":"Portada","item":"https:\/\/pagina10.com\/web\/"},{"@type":"ListItem","position":2,"name":"Este s\u00e1bado Presidente Santos asistir\u00e1 a instalaci\u00f3n de polic\u00eda metropolitana de Pasto"}]},{"@type":"WebSite","@id":"https:\/\/pagina10.com\/web\/#website","url":"https:\/\/pagina10.com\/web\/","name":"P\u00e1gina10","description":"Peri\u00f3dico Regional","publisher":{"@id":"https:\/\/pagina10.com\/web\/#organization"},"alternateName":"P\u00e1gina10 Peri\u00f3dico Regional","potentialAction":[{"@type":"SearchAction","target":{"@type":"EntryPoint","urlTemplate":"https:\/\/pagina10.com\/web\/?s={search_term_string}"},"query-input":{"@type":"PropertyValueSpecification","valueRequired":true,"valueName":"search_term_string"}}],"inLanguage":"es"},{"@type":"Organization","@id":"https:\/\/pagina10.com\/web\/#organization","name":"P\u00e1gina10","alternateName":"P\u00e1gina10 Peri\u00f3dico Regional","url":"https:\/\/pagina10.com\/web\/","logo":{"@type":"ImageObject","inLanguage":"es","@id":"https:\/\/pagina10.com\/web\/#\/schema\/logo\/image\/","url":"https:\/\/pagina10.com\/web\/wp-content\/uploads\/2024\/01\/40-pagina-10-periodico-regional-pasto.jpg","contentUrl":"https:\/\/pagina10.com\/web\/wp-content\/uploads\/2024\/01\/40-pagina-10-periodico-regional-pasto.jpg","width":1280,"height":720,"caption":"P\u00e1gina10"},"image":{"@id":"https:\/\/pagina10.com\/web\/#\/schema\/logo\/image\/"},"sameAs":["https:\/\/www.facebook.com\/pag10com","https:\/\/x.com\/Pag10com","https:\/\/www.instagram.com\/pagina10col\/","https:\/\/youtube.com\/channel\/pag10","https:\/\/www.tiktok.com\/@p10col"]},{"@type":"Person","@id":"https:\/\/pagina10.com\/web\/#\/schema\/person\/a7a5d38f0629dfc107f619fbae4f6cc3","name":"P\u00e1gina 10","description":"P\u00e1gina10.com es un peri\u00f3dico digital que nace en Colombia, en el departamento de Nari\u00f1o, con un enfoque global, fundamentado en cuatro pilares esenciales: la libertad, el pluralismo, la inclusi\u00f3n y la independencia. P\u00e1gina10.com hace referencia a Nari\u00f1o como el d\u00e9cimo departamento creado en Colombia, despu\u00e9s de un proceso pol\u00edtico liderado por actores y actrices regionales con el fin de obtener la independencia y autonom\u00eda de nuestros territorios. Con la creaci\u00f3n de P\u00e1gina10.com se pretende abrir un escenario para el dialogo, la reflexi\u00f3n y el debate que se extienda a otras geograf\u00edas de Am\u00e9rica Latina y del planeta, en una apuesta por transformar colectivamente los desaf\u00edos de un mundo contempor\u00e1neo, m\u00e1s all\u00e1 de las fronteras impuestas.","url":"https:\/\/pagina10.com\/web\/author\/mcepeda\/"}]}},"_links":{"self":[{"href":"https:\/\/pagina10.com\/web\/wp-json\/wp\/v2\/posts\/6186","targetHints":{"allow":["GET"]}}],"collection":[{"href":"https:\/\/pagina10.com\/web\/wp-json\/wp\/v2\/posts"}],"about":[{"href":"https:\/\/pagina10.com\/web\/wp-json\/wp\/v2\/types\/post"}],"author":[{"embeddable":true,"href":"https:\/\/pagina10.com\/web\/wp-json\/wp\/v2\/users\/29"}],"replies":[{"embeddable":true,"href":"https:\/\/pagina10.com\/web\/wp-json\/wp\/v2\/comments?post=6186"}],"version-history":[{"count":0,"href":"https:\/\/pagina10.com\/web\/wp-json\/wp\/v2\/posts\/6186\/revisions"}],"wp:featuredmedia":[{"embeddable":true,"href":"https:\/\/pagina10.com\/web\/wp-json\/wp\/v2\/media\/6185"}],"wp:attachment":[{"href":"https:\/\/pagina10.com\/web\/wp-json\/wp\/v2\/media?parent=6186"}],"wp:term":[{"taxonomy":"category","embeddable":true,"href":"https:\/\/pagina10.com\/web\/wp-json\/wp\/v2\/categories?post=6186"},{"taxonomy":"post_tag","embeddable":true,"href":"https:\/\/pagina10.com\/web\/wp-json\/wp\/v2\/tags?post=6186"}],"curies":[{"name":"wp","href":"https:\/\/api.w.org\/{rel}","templated":true}]}}