{"id":61878,"date":"2022-09-26T21:10:26","date_gmt":"2022-09-27T02:10:26","guid":{"rendered":"https:\/\/pagina10.com\/web\/?p=61878"},"modified":"2022-09-26T21:10:26","modified_gmt":"2022-09-27T02:10:26","slug":"en-pasto-lamentan-muerte-de-estudiante-del-cesmag","status":"publish","type":"post","link":"https:\/\/pagina10.com\/web\/en-pasto-lamentan-muerte-de-estudiante-del-cesmag\/","title":{"rendered":"En Pasto lamentan muerte de estudiante del Cesmag"},"content":{"rendered":"<p style=\"text-align: justify;\">\u201cDesde nuestra Universidad compartimos con gran dolor la noticia del fallecimiento de nuestro estudiante Kevin Sebasti\u00e1n Jojoa Rosero. Expresamos las m\u00e1s sentidas condolencias y acompa\u00f1amos a su familia, amigos y compa\u00f1eros de Universidad en este duro momento, que el Dios de la vida sea fortaleza en estos momentos de dolor\u201d, con este mensaje las directivas de la Fundaci\u00f3n Universitaria Cesmag lamentaron el deceso del joven motociclista.<\/p>\n<p style=\"text-align: justify;\">Seg\u00fan el reporte de las autoridades, la ma\u00f1ana del domingo Jojoa Rosero de 18 a\u00f1os conduc\u00eda su motocicleta Pulsar de placa CER-81F por jurisdicci\u00f3n del municipio de Taminango. Cuando se aproximaba al corregimiento de El Remolino, en una curva habr\u00eda perdido el control del veh\u00edculo sali\u00e9ndose de la v\u00eda.<\/p>\n<p style=\"text-align: justify;\">Tras el choque fue auxiliado por algunas personas y posteriormente fue trasladado al centro asistencial San Juan Bautista de la localidad mencionada. Desde all\u00ed fue conducido a un hospital en Pasto, sin embargo antes de llegar a la capital nari\u00f1ense falleci\u00f3 en el camino.<\/p>\n","protected":false},"excerpt":{"rendered":"<p>\u201cDesde nuestra Universidad compartimos con gran dolor la noticia del fallecimiento de nuestro estudiante Kevin Sebasti\u00e1n Jojoa Rosero. Expresamos las m\u00e1s sentidas condolencias y acompa\u00f1amos a su familia, amigos y compa\u00f1eros de Universidad en este duro momento, que el Dios de la vida sea fortaleza en estos momentos de dolor\u201d, con este mensaje las directivas [&hellip;]<\/p>\n","protected":false},"author":1,"featured_media":61879,"comment_status":"open","ping_status":"open","sticky":false,"template":"","format":"standard","meta":{"footnotes":""},"categories":[61],"tags":[],"class_list":["post-61878","post","type-post","status-publish","format-standard","has-post-thumbnail","hentry","category-judicial"],"yoast_head":"<!-- This site is optimized with the Yoast SEO plugin v27.1.1 - https:\/\/yoast.com\/product\/yoast-seo-wordpress\/ -->\n<title>En Pasto lamentan muerte de estudiante del Cesmag | P\u00e1gina10<\/title>\n<meta name=\"robots\" content=\"index, follow, max-snippet:-1, max-image-preview:large, max-video-preview:-1\" \/>\n<link rel=\"canonical\" href=\"https:\/\/pagina10.com\/web\/en-pasto-lamentan-muerte-de-estudiante-del-cesmag\/\" \/>\n<meta property=\"og:locale\" content=\"es_ES\" \/>\n<meta property=\"og:type\" content=\"article\" \/>\n<meta property=\"og:title\" content=\"En Pasto lamentan muerte de estudiante del Cesmag | P\u00e1gina10\" \/>\n<meta property=\"og:description\" content=\"\u201cDesde nuestra Universidad compartimos con gran dolor la noticia del fallecimiento de nuestro estudiante Kevin Sebasti\u00e1n Jojoa Rosero. Expresamos las m\u00e1s sentidas condolencias y acompa\u00f1amos a su familia, amigos y compa\u00f1eros de Universidad en este duro momento, que el Dios de la vida sea fortaleza en estos momentos de dolor\u201d, con este mensaje las directivas [&hellip;]\" \/>\n<meta property=\"og:url\" content=\"https:\/\/pagina10.com\/web\/en-pasto-lamentan-muerte-de-estudiante-del-cesmag\/\" \/>\n<meta property=\"og:site_name\" content=\"P\u00e1gina10\" \/>\n<meta property=\"article:publisher\" content=\"https:\/\/www.facebook.com\/pag10com\" \/>\n<meta property=\"article:published_time\" content=\"2022-09-27T02:10:26+00:00\" \/>\n<meta property=\"og:image\" content=\"https:\/\/pagina10.com\/web\/wp-content\/uploads\/2022\/09\/303025064_139049532181146_5259692943290942848_n-01.jpg\" \/>\n\t<meta property=\"og:image:width\" content=\"1738\" \/>\n\t<meta property=\"og:image:height\" content=\"1052\" \/>\n\t<meta property=\"og:image:type\" content=\"image\/jpeg\" \/>\n<meta name=\"author\" content=\"P\u00e1gina 10\" \/>\n<meta name=\"twitter:card\" content=\"summary_large_image\" \/>\n<meta name=\"twitter:creator\" content=\"@Pag10com\" \/>\n<meta name=\"twitter:site\" content=\"@Pag10com\" \/>\n<meta name=\"twitter:label1\" content=\"Escrito por\" \/>\n\t<meta name=\"twitter:data1\" content=\"P\u00e1gina 10\" \/>\n\t<meta name=\"twitter:label2\" content=\"Tiempo de lectura\" \/>\n\t<meta name=\"twitter:data2\" content=\"1 minuto\" \/>\n<script type=\"application\/ld+json\" class=\"yoast-schema-graph\">{\"@context\":\"https:\/\/schema.org\",\"@graph\":[{\"@type\":\"Article\",\"@id\":\"https:\/\/pagina10.com\/web\/en-pasto-lamentan-muerte-de-estudiante-del-cesmag\/#article\",\"isPartOf\":{\"@id\":\"https:\/\/pagina10.com\/web\/en-pasto-lamentan-muerte-de-estudiante-del-cesmag\/\"},\"author\":{\"name\":\"P\u00e1gina 10\",\"@id\":\"https:\/\/pagina10.com\/web\/#\/schema\/person\/2efc4a090d25b667d3bc796798a3a81b\"},\"headline\":\"En Pasto lamentan muerte de estudiante del Cesmag\",\"datePublished\":\"2022-09-27T02:10:26+00:00\",\"mainEntityOfPage\":{\"@id\":\"https:\/\/pagina10.com\/web\/en-pasto-lamentan-muerte-de-estudiante-del-cesmag\/\"},\"wordCount\":182,\"commentCount\":0,\"publisher\":{\"@id\":\"https:\/\/pagina10.com\/web\/#organization\"},\"image\":{\"@id\":\"https:\/\/pagina10.com\/web\/en-pasto-lamentan-muerte-de-estudiante-del-cesmag\/#primaryimage\"},\"thumbnailUrl\":\"https:\/\/pagina10.com\/web\/wp-content\/uploads\/2022\/09\/303025064_139049532181146_5259692943290942848_n-01.jpg\",\"articleSection\":[\"Judicial\"],\"inLanguage\":\"es\",\"potentialAction\":[{\"@type\":\"CommentAction\",\"name\":\"Comment\",\"target\":[\"https:\/\/pagina10.com\/web\/en-pasto-lamentan-muerte-de-estudiante-del-cesmag\/#respond\"]}]},{\"@type\":\"WebPage\",\"@id\":\"https:\/\/pagina10.com\/web\/en-pasto-lamentan-muerte-de-estudiante-del-cesmag\/\",\"url\":\"https:\/\/pagina10.com\/web\/en-pasto-lamentan-muerte-de-estudiante-del-cesmag\/\",\"name\":\"En Pasto lamentan muerte de estudiante del Cesmag | P\u00e1gina10\",\"isPartOf\":{\"@id\":\"https:\/\/pagina10.com\/web\/#website\"},\"primaryImageOfPage\":{\"@id\":\"https:\/\/pagina10.com\/web\/en-pasto-lamentan-muerte-de-estudiante-del-cesmag\/#primaryimage\"},\"image\":{\"@id\":\"https:\/\/pagina10.com\/web\/en-pasto-lamentan-muerte-de-estudiante-del-cesmag\/#primaryimage\"},\"thumbnailUrl\":\"https:\/\/pagina10.com\/web\/wp-content\/uploads\/2022\/09\/303025064_139049532181146_5259692943290942848_n-01.jpg\",\"datePublished\":\"2022-09-27T02:10:26+00:00\",\"breadcrumb\":{\"@id\":\"https:\/\/pagina10.com\/web\/en-pasto-lamentan-muerte-de-estudiante-del-cesmag\/#breadcrumb\"},\"inLanguage\":\"es\",\"potentialAction\":[{\"@type\":\"ReadAction\",\"target\":[\"https:\/\/pagina10.com\/web\/en-pasto-lamentan-muerte-de-estudiante-del-cesmag\/\"]}]},{\"@type\":\"ImageObject\",\"inLanguage\":\"es\",\"@id\":\"https:\/\/pagina10.com\/web\/en-pasto-lamentan-muerte-de-estudiante-del-cesmag\/#primaryimage\",\"url\":\"https:\/\/pagina10.com\/web\/wp-content\/uploads\/2022\/09\/303025064_139049532181146_5259692943290942848_n-01.jpg\",\"contentUrl\":\"https:\/\/pagina10.com\/web\/wp-content\/uploads\/2022\/09\/303025064_139049532181146_5259692943290942848_n-01.jpg\",\"width\":1738,\"height\":1052},{\"@type\":\"BreadcrumbList\",\"@id\":\"https:\/\/pagina10.com\/web\/en-pasto-lamentan-muerte-de-estudiante-del-cesmag\/#breadcrumb\",\"itemListElement\":[{\"@type\":\"ListItem\",\"position\":1,\"name\":\"Portada\",\"item\":\"https:\/\/pagina10.com\/web\/\"},{\"@type\":\"ListItem\",\"position\":2,\"name\":\"En Pasto lamentan muerte de estudiante del Cesmag\"}]},{\"@type\":\"WebSite\",\"@id\":\"https:\/\/pagina10.com\/web\/#website\",\"url\":\"https:\/\/pagina10.com\/web\/\",\"name\":\"P\u00e1gina10\",\"description\":\"Peri\u00f3dico Regional\",\"publisher\":{\"@id\":\"https:\/\/pagina10.com\/web\/#organization\"},\"alternateName\":\"P\u00e1gina10 Peri\u00f3dico Regional\",\"potentialAction\":[{\"@type\":\"SearchAction\",\"target\":{\"@type\":\"EntryPoint\",\"urlTemplate\":\"https:\/\/pagina10.com\/web\/?s={search_term_string}\"},\"query-input\":{\"@type\":\"PropertyValueSpecification\",\"valueRequired\":true,\"valueName\":\"search_term_string\"}}],\"inLanguage\":\"es\"},{\"@type\":\"Organization\",\"@id\":\"https:\/\/pagina10.com\/web\/#organization\",\"name\":\"P\u00e1gina10\",\"alternateName\":\"P\u00e1gina10 Peri\u00f3dico Regional\",\"url\":\"https:\/\/pagina10.com\/web\/\",\"logo\":{\"@type\":\"ImageObject\",\"inLanguage\":\"es\",\"@id\":\"https:\/\/pagina10.com\/web\/#\/schema\/logo\/image\/\",\"url\":\"https:\/\/pagina10.com\/web\/wp-content\/uploads\/2024\/01\/40-pagina-10-periodico-regional-pasto.jpg\",\"contentUrl\":\"https:\/\/pagina10.com\/web\/wp-content\/uploads\/2024\/01\/40-pagina-10-periodico-regional-pasto.jpg\",\"width\":1280,\"height\":720,\"caption\":\"P\u00e1gina10\"},\"image\":{\"@id\":\"https:\/\/pagina10.com\/web\/#\/schema\/logo\/image\/\"},\"sameAs\":[\"https:\/\/www.facebook.com\/pag10com\",\"https:\/\/x.com\/Pag10com\",\"https:\/\/www.instagram.com\/pagina10col\/\",\"https:\/\/youtube.com\/channel\/pag10\",\"https:\/\/www.tiktok.com\/@p10col\"]},{\"@type\":\"Person\",\"@id\":\"https:\/\/pagina10.com\/web\/#\/schema\/person\/2efc4a090d25b667d3bc796798a3a81b\",\"name\":\"P\u00e1gina 10\",\"description\":\"P\u00e1gina 10 es un peri\u00f3dico regional que nace en Colombia, en el departamento de Nari\u00f1o, con un enfoque global, fundamentado en cuatro pilares esenciales: la libertad, el pluralismo, la inclusi\u00f3n y la independencia. P\u00e1gina 10 hace referencia a Nari\u00f1o como el d\u00e9cimo departamento creado en Colombia, despu\u00e9s de un proceso pol\u00edtico liderado por actores y actrices regionales con el fin de obtener la independencia y autonom\u00eda de nuestros territorios. Con la creaci\u00f3n de P\u00e1gina 10 se pretende abrir un escenario para el dialogo, la reflexi\u00f3n y el debate que se extienda a otras geograf\u00edas de Am\u00e9rica Latina y del planeta, en una apuesta por transformar colectivamente los desaf\u00edos de un mundo contempor\u00e1neo, m\u00e1s all\u00e1 de las fronteras impuestas.\",\"url\":\"https:\/\/pagina10.com\/web\/author\/pdiezadmin\/\"}]}<\/script>\n<!-- \/ Yoast SEO plugin. -->","yoast_head_json":{"title":"En Pasto lamentan muerte de estudiante del Cesmag | P\u00e1gina10","robots":{"index":"index","follow":"follow","max-snippet":"max-snippet:-1","max-image-preview":"max-image-preview:large","max-video-preview":"max-video-preview:-1"},"canonical":"https:\/\/pagina10.com\/web\/en-pasto-lamentan-muerte-de-estudiante-del-cesmag\/","og_locale":"es_ES","og_type":"article","og_title":"En Pasto lamentan muerte de estudiante del Cesmag | P\u00e1gina10","og_description":"\u201cDesde nuestra Universidad compartimos con gran dolor la noticia del fallecimiento de nuestro estudiante Kevin Sebasti\u00e1n Jojoa Rosero. Expresamos las m\u00e1s sentidas condolencias y acompa\u00f1amos a su familia, amigos y compa\u00f1eros de Universidad en este duro momento, que el Dios de la vida sea fortaleza en estos momentos de dolor\u201d, con este mensaje las directivas [&hellip;]","og_url":"https:\/\/pagina10.com\/web\/en-pasto-lamentan-muerte-de-estudiante-del-cesmag\/","og_site_name":"P\u00e1gina10","article_publisher":"https:\/\/www.facebook.com\/pag10com","article_published_time":"2022-09-27T02:10:26+00:00","og_image":[{"width":1738,"height":1052,"url":"https:\/\/pagina10.com\/web\/wp-content\/uploads\/2022\/09\/303025064_139049532181146_5259692943290942848_n-01.jpg","type":"image\/jpeg"}],"author":"P\u00e1gina 10","twitter_card":"summary_large_image","twitter_creator":"@Pag10com","twitter_site":"@Pag10com","twitter_misc":{"Escrito por":"P\u00e1gina 10","Tiempo de lectura":"1 minuto"},"schema":{"@context":"https:\/\/schema.org","@graph":[{"@type":"Article","@id":"https:\/\/pagina10.com\/web\/en-pasto-lamentan-muerte-de-estudiante-del-cesmag\/#article","isPartOf":{"@id":"https:\/\/pagina10.com\/web\/en-pasto-lamentan-muerte-de-estudiante-del-cesmag\/"},"author":{"name":"P\u00e1gina 10","@id":"https:\/\/pagina10.com\/web\/#\/schema\/person\/2efc4a090d25b667d3bc796798a3a81b"},"headline":"En Pasto lamentan muerte de estudiante del Cesmag","datePublished":"2022-09-27T02:10:26+00:00","mainEntityOfPage":{"@id":"https:\/\/pagina10.com\/web\/en-pasto-lamentan-muerte-de-estudiante-del-cesmag\/"},"wordCount":182,"commentCount":0,"publisher":{"@id":"https:\/\/pagina10.com\/web\/#organization"},"image":{"@id":"https:\/\/pagina10.com\/web\/en-pasto-lamentan-muerte-de-estudiante-del-cesmag\/#primaryimage"},"thumbnailUrl":"https:\/\/pagina10.com\/web\/wp-content\/uploads\/2022\/09\/303025064_139049532181146_5259692943290942848_n-01.jpg","articleSection":["Judicial"],"inLanguage":"es","potentialAction":[{"@type":"CommentAction","name":"Comment","target":["https:\/\/pagina10.com\/web\/en-pasto-lamentan-muerte-de-estudiante-del-cesmag\/#respond"]}]},{"@type":"WebPage","@id":"https:\/\/pagina10.com\/web\/en-pasto-lamentan-muerte-de-estudiante-del-cesmag\/","url":"https:\/\/pagina10.com\/web\/en-pasto-lamentan-muerte-de-estudiante-del-cesmag\/","name":"En Pasto lamentan muerte de estudiante del Cesmag | P\u00e1gina10","isPartOf":{"@id":"https:\/\/pagina10.com\/web\/#website"},"primaryImageOfPage":{"@id":"https:\/\/pagina10.com\/web\/en-pasto-lamentan-muerte-de-estudiante-del-cesmag\/#primaryimage"},"image":{"@id":"https:\/\/pagina10.com\/web\/en-pasto-lamentan-muerte-de-estudiante-del-cesmag\/#primaryimage"},"thumbnailUrl":"https:\/\/pagina10.com\/web\/wp-content\/uploads\/2022\/09\/303025064_139049532181146_5259692943290942848_n-01.jpg","datePublished":"2022-09-27T02:10:26+00:00","breadcrumb":{"@id":"https:\/\/pagina10.com\/web\/en-pasto-lamentan-muerte-de-estudiante-del-cesmag\/#breadcrumb"},"inLanguage":"es","potentialAction":[{"@type":"ReadAction","target":["https:\/\/pagina10.com\/web\/en-pasto-lamentan-muerte-de-estudiante-del-cesmag\/"]}]},{"@type":"ImageObject","inLanguage":"es","@id":"https:\/\/pagina10.com\/web\/en-pasto-lamentan-muerte-de-estudiante-del-cesmag\/#primaryimage","url":"https:\/\/pagina10.com\/web\/wp-content\/uploads\/2022\/09\/303025064_139049532181146_5259692943290942848_n-01.jpg","contentUrl":"https:\/\/pagina10.com\/web\/wp-content\/uploads\/2022\/09\/303025064_139049532181146_5259692943290942848_n-01.jpg","width":1738,"height":1052},{"@type":"BreadcrumbList","@id":"https:\/\/pagina10.com\/web\/en-pasto-lamentan-muerte-de-estudiante-del-cesmag\/#breadcrumb","itemListElement":[{"@type":"ListItem","position":1,"name":"Portada","item":"https:\/\/pagina10.com\/web\/"},{"@type":"ListItem","position":2,"name":"En Pasto lamentan muerte de estudiante del Cesmag"}]},{"@type":"WebSite","@id":"https:\/\/pagina10.com\/web\/#website","url":"https:\/\/pagina10.com\/web\/","name":"P\u00e1gina10","description":"Peri\u00f3dico Regional","publisher":{"@id":"https:\/\/pagina10.com\/web\/#organization"},"alternateName":"P\u00e1gina10 Peri\u00f3dico Regional","potentialAction":[{"@type":"SearchAction","target":{"@type":"EntryPoint","urlTemplate":"https:\/\/pagina10.com\/web\/?s={search_term_string}"},"query-input":{"@type":"PropertyValueSpecification","valueRequired":true,"valueName":"search_term_string"}}],"inLanguage":"es"},{"@type":"Organization","@id":"https:\/\/pagina10.com\/web\/#organization","name":"P\u00e1gina10","alternateName":"P\u00e1gina10 Peri\u00f3dico Regional","url":"https:\/\/pagina10.com\/web\/","logo":{"@type":"ImageObject","inLanguage":"es","@id":"https:\/\/pagina10.com\/web\/#\/schema\/logo\/image\/","url":"https:\/\/pagina10.com\/web\/wp-content\/uploads\/2024\/01\/40-pagina-10-periodico-regional-pasto.jpg","contentUrl":"https:\/\/pagina10.com\/web\/wp-content\/uploads\/2024\/01\/40-pagina-10-periodico-regional-pasto.jpg","width":1280,"height":720,"caption":"P\u00e1gina10"},"image":{"@id":"https:\/\/pagina10.com\/web\/#\/schema\/logo\/image\/"},"sameAs":["https:\/\/www.facebook.com\/pag10com","https:\/\/x.com\/Pag10com","https:\/\/www.instagram.com\/pagina10col\/","https:\/\/youtube.com\/channel\/pag10","https:\/\/www.tiktok.com\/@p10col"]},{"@type":"Person","@id":"https:\/\/pagina10.com\/web\/#\/schema\/person\/2efc4a090d25b667d3bc796798a3a81b","name":"P\u00e1gina 10","description":"P\u00e1gina 10 es un peri\u00f3dico regional que nace en Colombia, en el departamento de Nari\u00f1o, con un enfoque global, fundamentado en cuatro pilares esenciales: la libertad, el pluralismo, la inclusi\u00f3n y la independencia. P\u00e1gina 10 hace referencia a Nari\u00f1o como el d\u00e9cimo departamento creado en Colombia, despu\u00e9s de un proceso pol\u00edtico liderado por actores y actrices regionales con el fin de obtener la independencia y autonom\u00eda de nuestros territorios. Con la creaci\u00f3n de P\u00e1gina 10 se pretende abrir un escenario para el dialogo, la reflexi\u00f3n y el debate que se extienda a otras geograf\u00edas de Am\u00e9rica Latina y del planeta, en una apuesta por transformar colectivamente los desaf\u00edos de un mundo contempor\u00e1neo, m\u00e1s all\u00e1 de las fronteras impuestas.","url":"https:\/\/pagina10.com\/web\/author\/pdiezadmin\/"}]}},"_links":{"self":[{"href":"https:\/\/pagina10.com\/web\/wp-json\/wp\/v2\/posts\/61878","targetHints":{"allow":["GET"]}}],"collection":[{"href":"https:\/\/pagina10.com\/web\/wp-json\/wp\/v2\/posts"}],"about":[{"href":"https:\/\/pagina10.com\/web\/wp-json\/wp\/v2\/types\/post"}],"author":[{"embeddable":true,"href":"https:\/\/pagina10.com\/web\/wp-json\/wp\/v2\/users\/1"}],"replies":[{"embeddable":true,"href":"https:\/\/pagina10.com\/web\/wp-json\/wp\/v2\/comments?post=61878"}],"version-history":[{"count":1,"href":"https:\/\/pagina10.com\/web\/wp-json\/wp\/v2\/posts\/61878\/revisions"}],"predecessor-version":[{"id":61880,"href":"https:\/\/pagina10.com\/web\/wp-json\/wp\/v2\/posts\/61878\/revisions\/61880"}],"wp:featuredmedia":[{"embeddable":true,"href":"https:\/\/pagina10.com\/web\/wp-json\/wp\/v2\/media\/61879"}],"wp:attachment":[{"href":"https:\/\/pagina10.com\/web\/wp-json\/wp\/v2\/media?parent=61878"}],"wp:term":[{"taxonomy":"category","embeddable":true,"href":"https:\/\/pagina10.com\/web\/wp-json\/wp\/v2\/categories?post=61878"},{"taxonomy":"post_tag","embeddable":true,"href":"https:\/\/pagina10.com\/web\/wp-json\/wp\/v2\/tags?post=61878"}],"curies":[{"name":"wp","href":"https:\/\/api.w.org\/{rel}","templated":true}]}}