{"id":61903,"date":"2022-09-27T22:26:02","date_gmt":"2022-09-28T03:26:02","guid":{"rendered":"https:\/\/pagina10.com\/web\/?p=61903"},"modified":"2022-09-27T22:26:02","modified_gmt":"2022-09-28T03:26:02","slug":"dia-mundial-del-turismo-el-renglon-de-la-economia-que-mas-crecimiento-ha-experimentado","status":"publish","type":"post","link":"https:\/\/pagina10.com\/web\/dia-mundial-del-turismo-el-renglon-de-la-economia-que-mas-crecimiento-ha-experimentado\/","title":{"rendered":"D\u00eda mundial del turismo: el rengl\u00f3n de la econom\u00eda que m\u00e1s crecimiento ha experimentado"},"content":{"rendered":"<p style=\"text-align: justify;\">\n<p style=\"text-align: justify;\">El turismo es un rengl\u00f3n de la econom\u00eda que viene creciendo en importancia. Con los tratados de libre comercio, sectores importantes de la econom\u00eda como la agricultura, se han visto menguados. Lo mismo ocurre con la llegada de productos manufacturados en los pa\u00edses asi\u00e1ticos con una mano de obra de bajo costo que no pueden competir con la industria nacional.<\/p>\n<p style=\"text-align: justify;\">La alternativa para nuestras naciones es explotar sus recursos naturales para deleite de los visitantes locales y for\u00e1neos. La cultura del turismo ha crecido ostensiblemente en los \u00faltimos 30 a\u00f1os; en este lapso de tiempo los vuelos intercontinentales se multiplicaron por trescientos. Este hecho hace que la fluidez de turistas internacionales en una localidad que antes pasaba desapercibida, ahora es de gran atractivo.<\/p>\n<p style=\"text-align: justify;\">Igual ocurre con la vida citadina de algunas personas, quienes llevan a sus hijos a conocer animales dom\u00e9sticos c\u00f3mo si fuesen ex\u00f3ticos; cuando antes ver el orde\u00f1o de una vaca era algo corriente. Ahora por mirar la misma labor de orde\u00f1o hay que pagar una boleta y recorrer muchas distancias. Asimismo, ocurre con los que son aficionados a visitar cascadas, sitios considerados de buenas energ\u00edas.<\/p>\n<p style=\"text-align: justify;\">Un aporte muy grande al turismo lo hacen quienes se dedican al ciclismo. Estos deportistas recorren largas distancias buscando aventura, sintiendo adrenalina y el viento en el rostro. Los ciclistas, al ser numerosos, hacen un gran aporte al consumo de alimentos y aportan al comercio de m\u00faltiples accesorios para sus m\u00e1quinas de bielas y ropa deportiva.<\/p>\n<p style=\"text-align: justify;\">Viajes en todo tipo de medios contribuyen a aportar al desarrollo del turismo en las regiones. Pero el turismo no solo es la explotaci\u00f3n de un recurso que existe, sino que hay que crearlo, mediante eventos deportivos, acad\u00e9micos y feriales. En este prop\u00f3sito deber\u00edan fincarse los planes de desarrollo de alcald\u00edas y gobernaciones.<\/p>\n<p style=\"text-align: justify;\">El turismo, para algunas naciones, est\u00e1 superando al negocio del petr\u00f3leo y los autom\u00f3viles. Bienvenido el fomento del turismo en el territorio. El 27 de septiembre es consagrado como el D\u00eda Mundial del Turismo con el objeto de que entes privados encargados de la promoci\u00f3n tur\u00edstica celebren con una copa de vino sus \u00e9xitos y le participen a la comunidad sus nuevos proyectos. Mientras que se espera mayor compromiso y empat\u00eda de parte de los actores gubernamentales.<\/p>\n<p style=\"text-align: justify;\">\n","protected":false},"excerpt":{"rendered":"<p>El turismo es un rengl\u00f3n de la econom\u00eda que viene creciendo en importancia. Con los tratados de libre comercio, sectores importantes de la econom\u00eda como la agricultura, se han visto menguados. Lo mismo ocurre con la llegada de productos manufacturados en los pa\u00edses asi\u00e1ticos con una mano de obra de bajo costo que no pueden [&hellip;]<\/p>\n","protected":false},"author":65,"featured_media":61904,"comment_status":"open","ping_status":"open","sticky":false,"template":"","format":"standard","meta":{"footnotes":""},"categories":[13],"tags":[],"class_list":["post-61903","post","type-post","status-publish","format-standard","has-post-thumbnail","hentry","category-economia"],"yoast_head":"<!-- This site is optimized with the Yoast SEO plugin v27.1.1 - https:\/\/yoast.com\/product\/yoast-seo-wordpress\/ -->\n<title>D\u00eda mundial del turismo: el rengl\u00f3n de la econom\u00eda que m\u00e1s crecimiento ha experimentado | P\u00e1gina10<\/title>\n<meta name=\"robots\" content=\"index, follow, max-snippet:-1, max-image-preview:large, max-video-preview:-1\" \/>\n<link rel=\"canonical\" href=\"https:\/\/pagina10.com\/web\/dia-mundial-del-turismo-el-renglon-de-la-economia-que-mas-crecimiento-ha-experimentado\/\" \/>\n<meta property=\"og:locale\" content=\"es_ES\" \/>\n<meta property=\"og:type\" content=\"article\" \/>\n<meta property=\"og:title\" content=\"D\u00eda mundial del turismo: el rengl\u00f3n de la econom\u00eda que m\u00e1s crecimiento ha experimentado | P\u00e1gina10\" \/>\n<meta property=\"og:description\" content=\"El turismo es un rengl\u00f3n de la econom\u00eda que viene creciendo en importancia. Con los tratados de libre comercio, sectores importantes de la econom\u00eda como la agricultura, se han visto menguados. Lo mismo ocurre con la llegada de productos manufacturados en los pa\u00edses asi\u00e1ticos con una mano de obra de bajo costo que no pueden [&hellip;]\" \/>\n<meta property=\"og:url\" content=\"https:\/\/pagina10.com\/web\/dia-mundial-del-turismo-el-renglon-de-la-economia-que-mas-crecimiento-ha-experimentado\/\" \/>\n<meta property=\"og:site_name\" content=\"P\u00e1gina10\" \/>\n<meta property=\"article:publisher\" content=\"https:\/\/www.facebook.com\/pag10com\" \/>\n<meta property=\"article:published_time\" content=\"2022-09-28T03:26:02+00:00\" \/>\n<meta property=\"og:image\" content=\"https:\/\/pagina10.com\/web\/wp-content\/uploads\/2022\/09\/WhatsApp-Image-2022-09-27-at-9.06.17-PM.jpeg\" \/>\n\t<meta property=\"og:image:width\" content=\"1080\" \/>\n\t<meta property=\"og:image:height\" content=\"1075\" \/>\n\t<meta property=\"og:image:type\" content=\"image\/jpeg\" \/>\n<meta name=\"author\" content=\"Anibal Ar\u00e9valo Rosero\" \/>\n<meta name=\"twitter:card\" content=\"summary_large_image\" \/>\n<meta name=\"twitter:creator\" content=\"@Pag10com\" \/>\n<meta name=\"twitter:site\" content=\"@Pag10com\" \/>\n<meta name=\"twitter:label1\" content=\"Escrito por\" \/>\n\t<meta name=\"twitter:data1\" content=\"Anibal Ar\u00e9valo Rosero\" \/>\n\t<meta name=\"twitter:label2\" content=\"Tiempo de lectura\" \/>\n\t<meta name=\"twitter:data2\" content=\"2 minutos\" \/>\n<script type=\"application\/ld+json\" class=\"yoast-schema-graph\">{\"@context\":\"https:\/\/schema.org\",\"@graph\":[{\"@type\":\"Article\",\"@id\":\"https:\/\/pagina10.com\/web\/dia-mundial-del-turismo-el-renglon-de-la-economia-que-mas-crecimiento-ha-experimentado\/#article\",\"isPartOf\":{\"@id\":\"https:\/\/pagina10.com\/web\/dia-mundial-del-turismo-el-renglon-de-la-economia-que-mas-crecimiento-ha-experimentado\/\"},\"author\":{\"name\":\"Anibal Ar\u00e9valo Rosero\",\"@id\":\"https:\/\/pagina10.com\/web\/#\/schema\/person\/9ec3e2b432363a195d2d01bf820c66fe\"},\"headline\":\"D\u00eda mundial del turismo: el rengl\u00f3n de la econom\u00eda que m\u00e1s crecimiento ha experimentado\",\"datePublished\":\"2022-09-28T03:26:02+00:00\",\"mainEntityOfPage\":{\"@id\":\"https:\/\/pagina10.com\/web\/dia-mundial-del-turismo-el-renglon-de-la-economia-que-mas-crecimiento-ha-experimentado\/\"},\"wordCount\":416,\"commentCount\":0,\"publisher\":{\"@id\":\"https:\/\/pagina10.com\/web\/#organization\"},\"image\":{\"@id\":\"https:\/\/pagina10.com\/web\/dia-mundial-del-turismo-el-renglon-de-la-economia-que-mas-crecimiento-ha-experimentado\/#primaryimage\"},\"thumbnailUrl\":\"https:\/\/pagina10.com\/web\/wp-content\/uploads\/2022\/09\/WhatsApp-Image-2022-09-27-at-9.06.17-PM.jpeg\",\"articleSection\":[\"Econom\u00eda\"],\"inLanguage\":\"es\",\"potentialAction\":[{\"@type\":\"CommentAction\",\"name\":\"Comment\",\"target\":[\"https:\/\/pagina10.com\/web\/dia-mundial-del-turismo-el-renglon-de-la-economia-que-mas-crecimiento-ha-experimentado\/#respond\"]}]},{\"@type\":\"WebPage\",\"@id\":\"https:\/\/pagina10.com\/web\/dia-mundial-del-turismo-el-renglon-de-la-economia-que-mas-crecimiento-ha-experimentado\/\",\"url\":\"https:\/\/pagina10.com\/web\/dia-mundial-del-turismo-el-renglon-de-la-economia-que-mas-crecimiento-ha-experimentado\/\",\"name\":\"D\u00eda mundial del turismo: el rengl\u00f3n de la econom\u00eda que m\u00e1s crecimiento ha experimentado | P\u00e1gina10\",\"isPartOf\":{\"@id\":\"https:\/\/pagina10.com\/web\/#website\"},\"primaryImageOfPage\":{\"@id\":\"https:\/\/pagina10.com\/web\/dia-mundial-del-turismo-el-renglon-de-la-economia-que-mas-crecimiento-ha-experimentado\/#primaryimage\"},\"image\":{\"@id\":\"https:\/\/pagina10.com\/web\/dia-mundial-del-turismo-el-renglon-de-la-economia-que-mas-crecimiento-ha-experimentado\/#primaryimage\"},\"thumbnailUrl\":\"https:\/\/pagina10.com\/web\/wp-content\/uploads\/2022\/09\/WhatsApp-Image-2022-09-27-at-9.06.17-PM.jpeg\",\"datePublished\":\"2022-09-28T03:26:02+00:00\",\"breadcrumb\":{\"@id\":\"https:\/\/pagina10.com\/web\/dia-mundial-del-turismo-el-renglon-de-la-economia-que-mas-crecimiento-ha-experimentado\/#breadcrumb\"},\"inLanguage\":\"es\",\"potentialAction\":[{\"@type\":\"ReadAction\",\"target\":[\"https:\/\/pagina10.com\/web\/dia-mundial-del-turismo-el-renglon-de-la-economia-que-mas-crecimiento-ha-experimentado\/\"]}]},{\"@type\":\"ImageObject\",\"inLanguage\":\"es\",\"@id\":\"https:\/\/pagina10.com\/web\/dia-mundial-del-turismo-el-renglon-de-la-economia-que-mas-crecimiento-ha-experimentado\/#primaryimage\",\"url\":\"https:\/\/pagina10.com\/web\/wp-content\/uploads\/2022\/09\/WhatsApp-Image-2022-09-27-at-9.06.17-PM.jpeg\",\"contentUrl\":\"https:\/\/pagina10.com\/web\/wp-content\/uploads\/2022\/09\/WhatsApp-Image-2022-09-27-at-9.06.17-PM.jpeg\",\"width\":1080,\"height\":1075},{\"@type\":\"BreadcrumbList\",\"@id\":\"https:\/\/pagina10.com\/web\/dia-mundial-del-turismo-el-renglon-de-la-economia-que-mas-crecimiento-ha-experimentado\/#breadcrumb\",\"itemListElement\":[{\"@type\":\"ListItem\",\"position\":1,\"name\":\"Portada\",\"item\":\"https:\/\/pagina10.com\/web\/\"},{\"@type\":\"ListItem\",\"position\":2,\"name\":\"D\u00eda mundial del turismo: el rengl\u00f3n de la econom\u00eda que m\u00e1s crecimiento ha experimentado\"}]},{\"@type\":\"WebSite\",\"@id\":\"https:\/\/pagina10.com\/web\/#website\",\"url\":\"https:\/\/pagina10.com\/web\/\",\"name\":\"P\u00e1gina10\",\"description\":\"Peri\u00f3dico Regional\",\"publisher\":{\"@id\":\"https:\/\/pagina10.com\/web\/#organization\"},\"alternateName\":\"P\u00e1gina10 Peri\u00f3dico Regional\",\"potentialAction\":[{\"@type\":\"SearchAction\",\"target\":{\"@type\":\"EntryPoint\",\"urlTemplate\":\"https:\/\/pagina10.com\/web\/?s={search_term_string}\"},\"query-input\":{\"@type\":\"PropertyValueSpecification\",\"valueRequired\":true,\"valueName\":\"search_term_string\"}}],\"inLanguage\":\"es\"},{\"@type\":\"Organization\",\"@id\":\"https:\/\/pagina10.com\/web\/#organization\",\"name\":\"P\u00e1gina10\",\"alternateName\":\"P\u00e1gina10 Peri\u00f3dico Regional\",\"url\":\"https:\/\/pagina10.com\/web\/\",\"logo\":{\"@type\":\"ImageObject\",\"inLanguage\":\"es\",\"@id\":\"https:\/\/pagina10.com\/web\/#\/schema\/logo\/image\/\",\"url\":\"https:\/\/pagina10.com\/web\/wp-content\/uploads\/2024\/01\/40-pagina-10-periodico-regional-pasto.jpg\",\"contentUrl\":\"https:\/\/pagina10.com\/web\/wp-content\/uploads\/2024\/01\/40-pagina-10-periodico-regional-pasto.jpg\",\"width\":1280,\"height\":720,\"caption\":\"P\u00e1gina10\"},\"image\":{\"@id\":\"https:\/\/pagina10.com\/web\/#\/schema\/logo\/image\/\"},\"sameAs\":[\"https:\/\/www.facebook.com\/pag10com\",\"https:\/\/x.com\/Pag10com\",\"https:\/\/www.instagram.com\/pagina10col\/\",\"https:\/\/youtube.com\/channel\/pag10\",\"https:\/\/www.tiktok.com\/@p10col\"]},{\"@type\":\"Person\",\"@id\":\"https:\/\/pagina10.com\/web\/#\/schema\/person\/9ec3e2b432363a195d2d01bf820c66fe\",\"name\":\"Anibal Ar\u00e9valo Rosero\",\"description\":\"An\u00edbal Ar\u00e9valo Rosero a trav\u00e9s de su vida ha realizado diversas actividades tendientes a reivindicar al ser humano en su conciencia plena. Durante su vida ha hecho teatro, a escrito poes\u00eda y en sus tiempos de universitario realiz\u00f3 varias publicaciones entre las que se recuerda la revista Quinde. Junto con otros compa\u00f1eros fund\u00f3 el Taller Cultural El Cueche, equipo con el que se hicieron varias publicaciones. De este mismo grupo hay que resaltar que se hizo un trabajo pionero en la difusi\u00f3n de la m\u00fasica andina, latinoamericana y del caribe. Despu\u00e9s de terminar sus estudios de biolog\u00eda en la Universidad de Nari\u00f1o entr\u00f3 a laborar en emisoras de la ciudad de Pasto como en RCN, donde se desempe\u00f1aba como locutor de planta. Dirigi\u00f3 programas en la extinta Ondas del Mayo, en varias oportunidades; tambi\u00e9n en Ecos de Pasto. Fue colaborador de el Noticias RCN y dirigi\u00f3 el programa Simana al D\u00eda, del Sindicato del Magisterio de Nari\u00f1o, en dos \u00e9pocas. En el a\u00f1o de 1992 funda el Comit\u00e9 de Solidaridad con Cuba Jos\u00e9 Mart\u00ed, cuyo objetivo era divulgar la realidad cubana y expresar apoyo moral, pol\u00edtico y material al pa\u00eds caribe\u00f1o. Ante la mala interpretaci\u00f3n que la gente le daba a este tipo de acciones, se decide promover viajes de solidad a Cuba para participar en la Brigada Latinoamericana de Trabajo Voluntario, en el Festival Cuba Vive y, de manera especia,l en el 14 Festival Mundial de la Juventud y los Estudiantes, que se desarroll\u00f3 en la isla en el a\u00f1o de 1997. Con esta experiencia impulsa el turismo al pa\u00eds caribe\u00f1o con el resultado de que miles de personas han participado de las excursiones organizadas por Ar\u00e9valo Rosero. Asimismo ha venido impulsando las Brigadas de Salud en Cuba, tendiente a llevar pacientes de c\u00e1ncer a ese destino con el fin de que reciban atenci\u00f3n m\u00e9dica, teniendo en cuenta que la experiencia cubana en el tema ha sido bastante favorable. Veinte a\u00f1os despu\u00e9s de estas nutritivas experiencias, le permiten impulsar excursiones adem\u00e1s a M\u00e9xico, Machu Picchu, Argentina, Ecuador, Panam\u00e1 y Tierra Santa. En cuanto al desempe\u00f1o period\u00edstico, adem\u00e1s de los medios radiales y de televisi\u00f3n, en los canales de la universidades de Nari\u00f1o y Mariana, se ha desempe\u00f1ado como columnista en Diario del Sur durante 6 a\u00f1os y en algunos medios virtuales. Tambi\u00e9n es colaborador de el Diario del Cauca. Considera que la pr\u00e1ctica de la lectura es beber de la fuente nutricia que permite apropiarse de manera consciente del ejercicio de la democracia; y la posibilidad de escribir y ser le\u00eddo, acceder al poder, por que considera la palabra como el mayor instrumento de acci\u00f3n cuando est\u00e1 bien encamina al leg\u00edtimo servicio social. En la actualidad adem\u00e1s de so\u00f1ar con viajar por el mundo se desempe\u00f1a como docente del departamento de ciencias de Inem Luis Delf\u00edn Insuasty de Pasto. Correo: Esta direcci\u00f3n de correo electr\u00f3nico est\u00e1 protegida contra spambots. Usted necesita tener Javascript activado para poder verla.\\\" target=\\\"_blank\\\" style=\\\"color: #1155cc; text-align: justify; font-family: arial, sans-serif; font-size: 13px; line-height: normal;\\\"&gt;fundacionecosofia@gmail.com\",\"url\":\"https:\/\/pagina10.com\/web\/author\/anibal\/\"}]}<\/script>\n<!-- \/ Yoast SEO plugin. -->","yoast_head_json":{"title":"D\u00eda mundial del turismo: el rengl\u00f3n de la econom\u00eda que m\u00e1s crecimiento ha experimentado | P\u00e1gina10","robots":{"index":"index","follow":"follow","max-snippet":"max-snippet:-1","max-image-preview":"max-image-preview:large","max-video-preview":"max-video-preview:-1"},"canonical":"https:\/\/pagina10.com\/web\/dia-mundial-del-turismo-el-renglon-de-la-economia-que-mas-crecimiento-ha-experimentado\/","og_locale":"es_ES","og_type":"article","og_title":"D\u00eda mundial del turismo: el rengl\u00f3n de la econom\u00eda que m\u00e1s crecimiento ha experimentado | P\u00e1gina10","og_description":"El turismo es un rengl\u00f3n de la econom\u00eda que viene creciendo en importancia. Con los tratados de libre comercio, sectores importantes de la econom\u00eda como la agricultura, se han visto menguados. Lo mismo ocurre con la llegada de productos manufacturados en los pa\u00edses asi\u00e1ticos con una mano de obra de bajo costo que no pueden [&hellip;]","og_url":"https:\/\/pagina10.com\/web\/dia-mundial-del-turismo-el-renglon-de-la-economia-que-mas-crecimiento-ha-experimentado\/","og_site_name":"P\u00e1gina10","article_publisher":"https:\/\/www.facebook.com\/pag10com","article_published_time":"2022-09-28T03:26:02+00:00","og_image":[{"width":1080,"height":1075,"url":"https:\/\/pagina10.com\/web\/wp-content\/uploads\/2022\/09\/WhatsApp-Image-2022-09-27-at-9.06.17-PM.jpeg","type":"image\/jpeg"}],"author":"Anibal Ar\u00e9valo Rosero","twitter_card":"summary_large_image","twitter_creator":"@Pag10com","twitter_site":"@Pag10com","twitter_misc":{"Escrito por":"Anibal Ar\u00e9valo Rosero","Tiempo de lectura":"2 minutos"},"schema":{"@context":"https:\/\/schema.org","@graph":[{"@type":"Article","@id":"https:\/\/pagina10.com\/web\/dia-mundial-del-turismo-el-renglon-de-la-economia-que-mas-crecimiento-ha-experimentado\/#article","isPartOf":{"@id":"https:\/\/pagina10.com\/web\/dia-mundial-del-turismo-el-renglon-de-la-economia-que-mas-crecimiento-ha-experimentado\/"},"author":{"name":"Anibal Ar\u00e9valo Rosero","@id":"https:\/\/pagina10.com\/web\/#\/schema\/person\/9ec3e2b432363a195d2d01bf820c66fe"},"headline":"D\u00eda mundial del turismo: el rengl\u00f3n de la econom\u00eda que m\u00e1s crecimiento ha experimentado","datePublished":"2022-09-28T03:26:02+00:00","mainEntityOfPage":{"@id":"https:\/\/pagina10.com\/web\/dia-mundial-del-turismo-el-renglon-de-la-economia-que-mas-crecimiento-ha-experimentado\/"},"wordCount":416,"commentCount":0,"publisher":{"@id":"https:\/\/pagina10.com\/web\/#organization"},"image":{"@id":"https:\/\/pagina10.com\/web\/dia-mundial-del-turismo-el-renglon-de-la-economia-que-mas-crecimiento-ha-experimentado\/#primaryimage"},"thumbnailUrl":"https:\/\/pagina10.com\/web\/wp-content\/uploads\/2022\/09\/WhatsApp-Image-2022-09-27-at-9.06.17-PM.jpeg","articleSection":["Econom\u00eda"],"inLanguage":"es","potentialAction":[{"@type":"CommentAction","name":"Comment","target":["https:\/\/pagina10.com\/web\/dia-mundial-del-turismo-el-renglon-de-la-economia-que-mas-crecimiento-ha-experimentado\/#respond"]}]},{"@type":"WebPage","@id":"https:\/\/pagina10.com\/web\/dia-mundial-del-turismo-el-renglon-de-la-economia-que-mas-crecimiento-ha-experimentado\/","url":"https:\/\/pagina10.com\/web\/dia-mundial-del-turismo-el-renglon-de-la-economia-que-mas-crecimiento-ha-experimentado\/","name":"D\u00eda mundial del turismo: el rengl\u00f3n de la econom\u00eda que m\u00e1s crecimiento ha experimentado | P\u00e1gina10","isPartOf":{"@id":"https:\/\/pagina10.com\/web\/#website"},"primaryImageOfPage":{"@id":"https:\/\/pagina10.com\/web\/dia-mundial-del-turismo-el-renglon-de-la-economia-que-mas-crecimiento-ha-experimentado\/#primaryimage"},"image":{"@id":"https:\/\/pagina10.com\/web\/dia-mundial-del-turismo-el-renglon-de-la-economia-que-mas-crecimiento-ha-experimentado\/#primaryimage"},"thumbnailUrl":"https:\/\/pagina10.com\/web\/wp-content\/uploads\/2022\/09\/WhatsApp-Image-2022-09-27-at-9.06.17-PM.jpeg","datePublished":"2022-09-28T03:26:02+00:00","breadcrumb":{"@id":"https:\/\/pagina10.com\/web\/dia-mundial-del-turismo-el-renglon-de-la-economia-que-mas-crecimiento-ha-experimentado\/#breadcrumb"},"inLanguage":"es","potentialAction":[{"@type":"ReadAction","target":["https:\/\/pagina10.com\/web\/dia-mundial-del-turismo-el-renglon-de-la-economia-que-mas-crecimiento-ha-experimentado\/"]}]},{"@type":"ImageObject","inLanguage":"es","@id":"https:\/\/pagina10.com\/web\/dia-mundial-del-turismo-el-renglon-de-la-economia-que-mas-crecimiento-ha-experimentado\/#primaryimage","url":"https:\/\/pagina10.com\/web\/wp-content\/uploads\/2022\/09\/WhatsApp-Image-2022-09-27-at-9.06.17-PM.jpeg","contentUrl":"https:\/\/pagina10.com\/web\/wp-content\/uploads\/2022\/09\/WhatsApp-Image-2022-09-27-at-9.06.17-PM.jpeg","width":1080,"height":1075},{"@type":"BreadcrumbList","@id":"https:\/\/pagina10.com\/web\/dia-mundial-del-turismo-el-renglon-de-la-economia-que-mas-crecimiento-ha-experimentado\/#breadcrumb","itemListElement":[{"@type":"ListItem","position":1,"name":"Portada","item":"https:\/\/pagina10.com\/web\/"},{"@type":"ListItem","position":2,"name":"D\u00eda mundial del turismo: el rengl\u00f3n de la econom\u00eda que m\u00e1s crecimiento ha experimentado"}]},{"@type":"WebSite","@id":"https:\/\/pagina10.com\/web\/#website","url":"https:\/\/pagina10.com\/web\/","name":"P\u00e1gina10","description":"Peri\u00f3dico Regional","publisher":{"@id":"https:\/\/pagina10.com\/web\/#organization"},"alternateName":"P\u00e1gina10 Peri\u00f3dico Regional","potentialAction":[{"@type":"SearchAction","target":{"@type":"EntryPoint","urlTemplate":"https:\/\/pagina10.com\/web\/?s={search_term_string}"},"query-input":{"@type":"PropertyValueSpecification","valueRequired":true,"valueName":"search_term_string"}}],"inLanguage":"es"},{"@type":"Organization","@id":"https:\/\/pagina10.com\/web\/#organization","name":"P\u00e1gina10","alternateName":"P\u00e1gina10 Peri\u00f3dico Regional","url":"https:\/\/pagina10.com\/web\/","logo":{"@type":"ImageObject","inLanguage":"es","@id":"https:\/\/pagina10.com\/web\/#\/schema\/logo\/image\/","url":"https:\/\/pagina10.com\/web\/wp-content\/uploads\/2024\/01\/40-pagina-10-periodico-regional-pasto.jpg","contentUrl":"https:\/\/pagina10.com\/web\/wp-content\/uploads\/2024\/01\/40-pagina-10-periodico-regional-pasto.jpg","width":1280,"height":720,"caption":"P\u00e1gina10"},"image":{"@id":"https:\/\/pagina10.com\/web\/#\/schema\/logo\/image\/"},"sameAs":["https:\/\/www.facebook.com\/pag10com","https:\/\/x.com\/Pag10com","https:\/\/www.instagram.com\/pagina10col\/","https:\/\/youtube.com\/channel\/pag10","https:\/\/www.tiktok.com\/@p10col"]},{"@type":"Person","@id":"https:\/\/pagina10.com\/web\/#\/schema\/person\/9ec3e2b432363a195d2d01bf820c66fe","name":"Anibal Ar\u00e9valo Rosero","description":"An\u00edbal Ar\u00e9valo Rosero a trav\u00e9s de su vida ha realizado diversas actividades tendientes a reivindicar al ser humano en su conciencia plena. Durante su vida ha hecho teatro, a escrito poes\u00eda y en sus tiempos de universitario realiz\u00f3 varias publicaciones entre las que se recuerda la revista Quinde. Junto con otros compa\u00f1eros fund\u00f3 el Taller Cultural El Cueche, equipo con el que se hicieron varias publicaciones. De este mismo grupo hay que resaltar que se hizo un trabajo pionero en la difusi\u00f3n de la m\u00fasica andina, latinoamericana y del caribe. Despu\u00e9s de terminar sus estudios de biolog\u00eda en la Universidad de Nari\u00f1o entr\u00f3 a laborar en emisoras de la ciudad de Pasto como en RCN, donde se desempe\u00f1aba como locutor de planta. Dirigi\u00f3 programas en la extinta Ondas del Mayo, en varias oportunidades; tambi\u00e9n en Ecos de Pasto. Fue colaborador de el Noticias RCN y dirigi\u00f3 el programa Simana al D\u00eda, del Sindicato del Magisterio de Nari\u00f1o, en dos \u00e9pocas. En el a\u00f1o de 1992 funda el Comit\u00e9 de Solidaridad con Cuba Jos\u00e9 Mart\u00ed, cuyo objetivo era divulgar la realidad cubana y expresar apoyo moral, pol\u00edtico y material al pa\u00eds caribe\u00f1o. Ante la mala interpretaci\u00f3n que la gente le daba a este tipo de acciones, se decide promover viajes de solidad a Cuba para participar en la Brigada Latinoamericana de Trabajo Voluntario, en el Festival Cuba Vive y, de manera especia,l en el 14 Festival Mundial de la Juventud y los Estudiantes, que se desarroll\u00f3 en la isla en el a\u00f1o de 1997. Con esta experiencia impulsa el turismo al pa\u00eds caribe\u00f1o con el resultado de que miles de personas han participado de las excursiones organizadas por Ar\u00e9valo Rosero. Asimismo ha venido impulsando las Brigadas de Salud en Cuba, tendiente a llevar pacientes de c\u00e1ncer a ese destino con el fin de que reciban atenci\u00f3n m\u00e9dica, teniendo en cuenta que la experiencia cubana en el tema ha sido bastante favorable. Veinte a\u00f1os despu\u00e9s de estas nutritivas experiencias, le permiten impulsar excursiones adem\u00e1s a M\u00e9xico, Machu Picchu, Argentina, Ecuador, Panam\u00e1 y Tierra Santa. En cuanto al desempe\u00f1o period\u00edstico, adem\u00e1s de los medios radiales y de televisi\u00f3n, en los canales de la universidades de Nari\u00f1o y Mariana, se ha desempe\u00f1ado como columnista en Diario del Sur durante 6 a\u00f1os y en algunos medios virtuales. Tambi\u00e9n es colaborador de el Diario del Cauca. Considera que la pr\u00e1ctica de la lectura es beber de la fuente nutricia que permite apropiarse de manera consciente del ejercicio de la democracia; y la posibilidad de escribir y ser le\u00eddo, acceder al poder, por que considera la palabra como el mayor instrumento de acci\u00f3n cuando est\u00e1 bien encamina al leg\u00edtimo servicio social. En la actualidad adem\u00e1s de so\u00f1ar con viajar por el mundo se desempe\u00f1a como docente del departamento de ciencias de Inem Luis Delf\u00edn Insuasty de Pasto. Correo: Esta direcci\u00f3n de correo electr\u00f3nico est\u00e1 protegida contra spambots. Usted necesita tener Javascript activado para poder verla.\" target=\"_blank\" style=\"color: #1155cc; text-align: justify; font-family: arial, sans-serif; font-size: 13px; line-height: normal;\"&gt;fundacionecosofia@gmail.com","url":"https:\/\/pagina10.com\/web\/author\/anibal\/"}]}},"_links":{"self":[{"href":"https:\/\/pagina10.com\/web\/wp-json\/wp\/v2\/posts\/61903","targetHints":{"allow":["GET"]}}],"collection":[{"href":"https:\/\/pagina10.com\/web\/wp-json\/wp\/v2\/posts"}],"about":[{"href":"https:\/\/pagina10.com\/web\/wp-json\/wp\/v2\/types\/post"}],"author":[{"embeddable":true,"href":"https:\/\/pagina10.com\/web\/wp-json\/wp\/v2\/users\/65"}],"replies":[{"embeddable":true,"href":"https:\/\/pagina10.com\/web\/wp-json\/wp\/v2\/comments?post=61903"}],"version-history":[{"count":1,"href":"https:\/\/pagina10.com\/web\/wp-json\/wp\/v2\/posts\/61903\/revisions"}],"predecessor-version":[{"id":61905,"href":"https:\/\/pagina10.com\/web\/wp-json\/wp\/v2\/posts\/61903\/revisions\/61905"}],"wp:featuredmedia":[{"embeddable":true,"href":"https:\/\/pagina10.com\/web\/wp-json\/wp\/v2\/media\/61904"}],"wp:attachment":[{"href":"https:\/\/pagina10.com\/web\/wp-json\/wp\/v2\/media?parent=61903"}],"wp:term":[{"taxonomy":"category","embeddable":true,"href":"https:\/\/pagina10.com\/web\/wp-json\/wp\/v2\/categories?post=61903"},{"taxonomy":"post_tag","embeddable":true,"href":"https:\/\/pagina10.com\/web\/wp-json\/wp\/v2\/tags?post=61903"}],"curies":[{"name":"wp","href":"https:\/\/api.w.org\/{rel}","templated":true}]}}