{"id":61918,"date":"2022-09-28T14:16:12","date_gmt":"2022-09-28T19:16:12","guid":{"rendered":"https:\/\/pagina10.com\/web\/?p=61918"},"modified":"2022-09-28T14:16:12","modified_gmt":"2022-09-28T19:16:12","slug":"senador-y-viceministro-narinenses-celebran-aprobacion-en-primer-debate-de-proyecto-que-reconoce-al-campesinado-como-sujeto-especial-de-derechos","status":"publish","type":"post","link":"https:\/\/pagina10.com\/web\/senador-y-viceministro-narinenses-celebran-aprobacion-en-primer-debate-de-proyecto-que-reconoce-al-campesinado-como-sujeto-especial-de-derechos\/","title":{"rendered":"Senador y viceministro nari\u00f1enses celebran aprobaci\u00f3n en primer debate de proyecto que reconoce al campesinado como sujeto especial de derechos"},"content":{"rendered":"<p style=\"text-align: justify;\">El senador nari\u00f1ense Robert Daza celebr\u00f3 la aprobaci\u00f3n en primer debate del proyecto que reconoce al campesinado como sujeto especial de derechos en el pa\u00eds y como sujeto de especial protecci\u00f3n constitucional. El debate se llev\u00f3 a cabo en sesi\u00f3n de la Comisi\u00f3n Primera.<\/p>\n<p style=\"text-align: justify;\">\u201cComo vocero y como senador campesino, quiero agradecer al senador Alexander L\u00f3pez que como ponente ha asumido todo este compromiso por la defensa de este acto legislativo. Pero, tambi\u00e9n agradecer al exsenador Alberto castilla, que durante siete meses radic\u00f3 este proyecto de acto legislativo. Hoy tenemos la esperanza que se vuelva una realidad\u201d, precis\u00f3 Daza.<\/p>\n<p style=\"text-align: justify;\">Por su parte, el ponente y senador Alexander L\u00f3pez Maya expuso que, \u201ccon esta iniciativa se busca que el campesinado colombiano sea sujeto de derechos, un objetivo reclamado no solo por organizaciones de Derechos Humanos, sino tambi\u00e9n por el movimiento social campesino del pa\u00eds; esta ponencia fue construida con un grueso aporte de esta poblaci\u00f3n que busca su reivindicaci\u00f3n\u201d.<\/p>\n<p style=\"text-align: justify;\">Finalmente, el viceministro del Interior, Gustavo Garc\u00eda, asegur\u00f3 que esta iniciativa, adem\u00e1s de cumplir las finalidades del Acuerdo de Paz, tambi\u00e9n busca saldar una deuda hist\u00f3rica con el campesinado y enfatiz\u00f3 que este proyecto hacer parte del eje fundamental del plan de Gobierno. \u201cSi avanzamos en la reivindicaci\u00f3n de los derechos de los campesinos seguramente avanzaremos hacia la paz total, justicia social y justicia ambiental\u201d, expres\u00f3 el nari\u00f1ense.<\/p>\n","protected":false},"excerpt":{"rendered":"<p>El senador nari\u00f1ense Robert Daza celebr\u00f3 la aprobaci\u00f3n en primer debate del proyecto que reconoce al campesinado como sujeto especial de derechos en el pa\u00eds y como sujeto de especial protecci\u00f3n constitucional. El debate se llev\u00f3 a cabo en sesi\u00f3n de la Comisi\u00f3n Primera. \u201cComo vocero y como senador campesino, quiero agradecer al senador Alexander [&hellip;]<\/p>\n","protected":false},"author":1,"featured_media":61919,"comment_status":"open","ping_status":"open","sticky":false,"template":"","format":"standard","meta":{"footnotes":""},"categories":[94],"tags":[],"class_list":["post-61918","post","type-post","status-publish","format-standard","has-post-thumbnail","hentry","category-nacional-global-2"],"yoast_head":"<!-- This site is optimized with the Yoast SEO plugin v27.1.1 - https:\/\/yoast.com\/product\/yoast-seo-wordpress\/ -->\n<title>Senador y viceministro nari\u00f1enses celebran aprobaci\u00f3n en primer debate de proyecto que reconoce al campesinado como sujeto especial de derechos | P\u00e1gina10<\/title>\n<meta name=\"robots\" content=\"index, follow, max-snippet:-1, max-image-preview:large, max-video-preview:-1\" \/>\n<link rel=\"canonical\" href=\"https:\/\/pagina10.com\/web\/senador-y-viceministro-narinenses-celebran-aprobacion-en-primer-debate-de-proyecto-que-reconoce-al-campesinado-como-sujeto-especial-de-derechos\/\" \/>\n<meta property=\"og:locale\" content=\"es_ES\" \/>\n<meta property=\"og:type\" content=\"article\" \/>\n<meta property=\"og:title\" content=\"Senador y viceministro nari\u00f1enses celebran aprobaci\u00f3n en primer debate de proyecto que reconoce al campesinado como sujeto especial de derechos | P\u00e1gina10\" \/>\n<meta property=\"og:description\" content=\"El senador nari\u00f1ense Robert Daza celebr\u00f3 la aprobaci\u00f3n en primer debate del proyecto que reconoce al campesinado como sujeto especial de derechos en el pa\u00eds y como sujeto de especial protecci\u00f3n constitucional. El debate se llev\u00f3 a cabo en sesi\u00f3n de la Comisi\u00f3n Primera. \u201cComo vocero y como senador campesino, quiero agradecer al senador Alexander [&hellip;]\" \/>\n<meta property=\"og:url\" content=\"https:\/\/pagina10.com\/web\/senador-y-viceministro-narinenses-celebran-aprobacion-en-primer-debate-de-proyecto-que-reconoce-al-campesinado-como-sujeto-especial-de-derechos\/\" \/>\n<meta property=\"og:site_name\" content=\"P\u00e1gina10\" \/>\n<meta property=\"article:publisher\" content=\"https:\/\/www.facebook.com\/pag10com\" \/>\n<meta property=\"article:published_time\" content=\"2022-09-28T19:16:12+00:00\" \/>\n<meta property=\"og:image\" content=\"https:\/\/pagina10.com\/web\/wp-content\/uploads\/2022\/09\/Alexander-Lopez-Maya-01.jpg\" \/>\n\t<meta property=\"og:image:width\" content=\"1448\" \/>\n\t<meta property=\"og:image:height\" content=\"864\" \/>\n\t<meta property=\"og:image:type\" content=\"image\/jpeg\" \/>\n<meta name=\"author\" content=\"P\u00e1gina 10\" \/>\n<meta name=\"twitter:card\" content=\"summary_large_image\" \/>\n<meta name=\"twitter:creator\" content=\"@Pag10com\" \/>\n<meta name=\"twitter:site\" content=\"@Pag10com\" \/>\n<meta name=\"twitter:label1\" content=\"Escrito por\" \/>\n\t<meta name=\"twitter:data1\" content=\"P\u00e1gina 10\" \/>\n\t<meta name=\"twitter:label2\" content=\"Tiempo de lectura\" \/>\n\t<meta name=\"twitter:data2\" content=\"1 minuto\" \/>\n<script type=\"application\/ld+json\" class=\"yoast-schema-graph\">{\"@context\":\"https:\/\/schema.org\",\"@graph\":[{\"@type\":\"Article\",\"@id\":\"https:\/\/pagina10.com\/web\/senador-y-viceministro-narinenses-celebran-aprobacion-en-primer-debate-de-proyecto-que-reconoce-al-campesinado-como-sujeto-especial-de-derechos\/#article\",\"isPartOf\":{\"@id\":\"https:\/\/pagina10.com\/web\/senador-y-viceministro-narinenses-celebran-aprobacion-en-primer-debate-de-proyecto-que-reconoce-al-campesinado-como-sujeto-especial-de-derechos\/\"},\"author\":{\"name\":\"P\u00e1gina 10\",\"@id\":\"https:\/\/pagina10.com\/web\/#\/schema\/person\/2efc4a090d25b667d3bc796798a3a81b\"},\"headline\":\"Senador y viceministro nari\u00f1enses celebran aprobaci\u00f3n en primer debate de proyecto que reconoce al campesinado como sujeto especial de derechos\",\"datePublished\":\"2022-09-28T19:16:12+00:00\",\"mainEntityOfPage\":{\"@id\":\"https:\/\/pagina10.com\/web\/senador-y-viceministro-narinenses-celebran-aprobacion-en-primer-debate-de-proyecto-que-reconoce-al-campesinado-como-sujeto-especial-de-derechos\/\"},\"wordCount\":267,\"commentCount\":0,\"publisher\":{\"@id\":\"https:\/\/pagina10.com\/web\/#organization\"},\"image\":{\"@id\":\"https:\/\/pagina10.com\/web\/senador-y-viceministro-narinenses-celebran-aprobacion-en-primer-debate-de-proyecto-que-reconoce-al-campesinado-como-sujeto-especial-de-derechos\/#primaryimage\"},\"thumbnailUrl\":\"https:\/\/pagina10.com\/web\/wp-content\/uploads\/2022\/09\/Alexander-Lopez-Maya-01.jpg\",\"articleSection\":[\"Nacional\"],\"inLanguage\":\"es\",\"potentialAction\":[{\"@type\":\"CommentAction\",\"name\":\"Comment\",\"target\":[\"https:\/\/pagina10.com\/web\/senador-y-viceministro-narinenses-celebran-aprobacion-en-primer-debate-de-proyecto-que-reconoce-al-campesinado-como-sujeto-especial-de-derechos\/#respond\"]}]},{\"@type\":\"WebPage\",\"@id\":\"https:\/\/pagina10.com\/web\/senador-y-viceministro-narinenses-celebran-aprobacion-en-primer-debate-de-proyecto-que-reconoce-al-campesinado-como-sujeto-especial-de-derechos\/\",\"url\":\"https:\/\/pagina10.com\/web\/senador-y-viceministro-narinenses-celebran-aprobacion-en-primer-debate-de-proyecto-que-reconoce-al-campesinado-como-sujeto-especial-de-derechos\/\",\"name\":\"Senador y viceministro nari\u00f1enses celebran aprobaci\u00f3n en primer debate de proyecto que reconoce al campesinado como sujeto especial de derechos | P\u00e1gina10\",\"isPartOf\":{\"@id\":\"https:\/\/pagina10.com\/web\/#website\"},\"primaryImageOfPage\":{\"@id\":\"https:\/\/pagina10.com\/web\/senador-y-viceministro-narinenses-celebran-aprobacion-en-primer-debate-de-proyecto-que-reconoce-al-campesinado-como-sujeto-especial-de-derechos\/#primaryimage\"},\"image\":{\"@id\":\"https:\/\/pagina10.com\/web\/senador-y-viceministro-narinenses-celebran-aprobacion-en-primer-debate-de-proyecto-que-reconoce-al-campesinado-como-sujeto-especial-de-derechos\/#primaryimage\"},\"thumbnailUrl\":\"https:\/\/pagina10.com\/web\/wp-content\/uploads\/2022\/09\/Alexander-Lopez-Maya-01.jpg\",\"datePublished\":\"2022-09-28T19:16:12+00:00\",\"breadcrumb\":{\"@id\":\"https:\/\/pagina10.com\/web\/senador-y-viceministro-narinenses-celebran-aprobacion-en-primer-debate-de-proyecto-que-reconoce-al-campesinado-como-sujeto-especial-de-derechos\/#breadcrumb\"},\"inLanguage\":\"es\",\"potentialAction\":[{\"@type\":\"ReadAction\",\"target\":[\"https:\/\/pagina10.com\/web\/senador-y-viceministro-narinenses-celebran-aprobacion-en-primer-debate-de-proyecto-que-reconoce-al-campesinado-como-sujeto-especial-de-derechos\/\"]}]},{\"@type\":\"ImageObject\",\"inLanguage\":\"es\",\"@id\":\"https:\/\/pagina10.com\/web\/senador-y-viceministro-narinenses-celebran-aprobacion-en-primer-debate-de-proyecto-que-reconoce-al-campesinado-como-sujeto-especial-de-derechos\/#primaryimage\",\"url\":\"https:\/\/pagina10.com\/web\/wp-content\/uploads\/2022\/09\/Alexander-Lopez-Maya-01.jpg\",\"contentUrl\":\"https:\/\/pagina10.com\/web\/wp-content\/uploads\/2022\/09\/Alexander-Lopez-Maya-01.jpg\",\"width\":1448,\"height\":864},{\"@type\":\"BreadcrumbList\",\"@id\":\"https:\/\/pagina10.com\/web\/senador-y-viceministro-narinenses-celebran-aprobacion-en-primer-debate-de-proyecto-que-reconoce-al-campesinado-como-sujeto-especial-de-derechos\/#breadcrumb\",\"itemListElement\":[{\"@type\":\"ListItem\",\"position\":1,\"name\":\"Portada\",\"item\":\"https:\/\/pagina10.com\/web\/\"},{\"@type\":\"ListItem\",\"position\":2,\"name\":\"Senador y viceministro nari\u00f1enses celebran aprobaci\u00f3n en primer debate de proyecto que reconoce al campesinado como sujeto especial de derechos\"}]},{\"@type\":\"WebSite\",\"@id\":\"https:\/\/pagina10.com\/web\/#website\",\"url\":\"https:\/\/pagina10.com\/web\/\",\"name\":\"P\u00e1gina10\",\"description\":\"Peri\u00f3dico Regional\",\"publisher\":{\"@id\":\"https:\/\/pagina10.com\/web\/#organization\"},\"alternateName\":\"P\u00e1gina10 Peri\u00f3dico Regional\",\"potentialAction\":[{\"@type\":\"SearchAction\",\"target\":{\"@type\":\"EntryPoint\",\"urlTemplate\":\"https:\/\/pagina10.com\/web\/?s={search_term_string}\"},\"query-input\":{\"@type\":\"PropertyValueSpecification\",\"valueRequired\":true,\"valueName\":\"search_term_string\"}}],\"inLanguage\":\"es\"},{\"@type\":\"Organization\",\"@id\":\"https:\/\/pagina10.com\/web\/#organization\",\"name\":\"P\u00e1gina10\",\"alternateName\":\"P\u00e1gina10 Peri\u00f3dico Regional\",\"url\":\"https:\/\/pagina10.com\/web\/\",\"logo\":{\"@type\":\"ImageObject\",\"inLanguage\":\"es\",\"@id\":\"https:\/\/pagina10.com\/web\/#\/schema\/logo\/image\/\",\"url\":\"https:\/\/pagina10.com\/web\/wp-content\/uploads\/2024\/01\/40-pagina-10-periodico-regional-pasto.jpg\",\"contentUrl\":\"https:\/\/pagina10.com\/web\/wp-content\/uploads\/2024\/01\/40-pagina-10-periodico-regional-pasto.jpg\",\"width\":1280,\"height\":720,\"caption\":\"P\u00e1gina10\"},\"image\":{\"@id\":\"https:\/\/pagina10.com\/web\/#\/schema\/logo\/image\/\"},\"sameAs\":[\"https:\/\/www.facebook.com\/pag10com\",\"https:\/\/x.com\/Pag10com\",\"https:\/\/www.instagram.com\/pagina10col\/\",\"https:\/\/youtube.com\/channel\/pag10\",\"https:\/\/www.tiktok.com\/@p10col\"]},{\"@type\":\"Person\",\"@id\":\"https:\/\/pagina10.com\/web\/#\/schema\/person\/2efc4a090d25b667d3bc796798a3a81b\",\"name\":\"P\u00e1gina 10\",\"description\":\"P\u00e1gina 10 es un peri\u00f3dico regional que nace en Colombia, en el departamento de Nari\u00f1o, con un enfoque global, fundamentado en cuatro pilares esenciales: la libertad, el pluralismo, la inclusi\u00f3n y la independencia. P\u00e1gina 10 hace referencia a Nari\u00f1o como el d\u00e9cimo departamento creado en Colombia, despu\u00e9s de un proceso pol\u00edtico liderado por actores y actrices regionales con el fin de obtener la independencia y autonom\u00eda de nuestros territorios. Con la creaci\u00f3n de P\u00e1gina 10 se pretende abrir un escenario para el dialogo, la reflexi\u00f3n y el debate que se extienda a otras geograf\u00edas de Am\u00e9rica Latina y del planeta, en una apuesta por transformar colectivamente los desaf\u00edos de un mundo contempor\u00e1neo, m\u00e1s all\u00e1 de las fronteras impuestas.\",\"url\":\"https:\/\/pagina10.com\/web\/author\/pdiezadmin\/\"}]}<\/script>\n<!-- \/ Yoast SEO plugin. -->","yoast_head_json":{"title":"Senador y viceministro nari\u00f1enses celebran aprobaci\u00f3n en primer debate de proyecto que reconoce al campesinado como sujeto especial de derechos | P\u00e1gina10","robots":{"index":"index","follow":"follow","max-snippet":"max-snippet:-1","max-image-preview":"max-image-preview:large","max-video-preview":"max-video-preview:-1"},"canonical":"https:\/\/pagina10.com\/web\/senador-y-viceministro-narinenses-celebran-aprobacion-en-primer-debate-de-proyecto-que-reconoce-al-campesinado-como-sujeto-especial-de-derechos\/","og_locale":"es_ES","og_type":"article","og_title":"Senador y viceministro nari\u00f1enses celebran aprobaci\u00f3n en primer debate de proyecto que reconoce al campesinado como sujeto especial de derechos | P\u00e1gina10","og_description":"El senador nari\u00f1ense Robert Daza celebr\u00f3 la aprobaci\u00f3n en primer debate del proyecto que reconoce al campesinado como sujeto especial de derechos en el pa\u00eds y como sujeto de especial protecci\u00f3n constitucional. El debate se llev\u00f3 a cabo en sesi\u00f3n de la Comisi\u00f3n Primera. \u201cComo vocero y como senador campesino, quiero agradecer al senador Alexander [&hellip;]","og_url":"https:\/\/pagina10.com\/web\/senador-y-viceministro-narinenses-celebran-aprobacion-en-primer-debate-de-proyecto-que-reconoce-al-campesinado-como-sujeto-especial-de-derechos\/","og_site_name":"P\u00e1gina10","article_publisher":"https:\/\/www.facebook.com\/pag10com","article_published_time":"2022-09-28T19:16:12+00:00","og_image":[{"width":1448,"height":864,"url":"https:\/\/pagina10.com\/web\/wp-content\/uploads\/2022\/09\/Alexander-Lopez-Maya-01.jpg","type":"image\/jpeg"}],"author":"P\u00e1gina 10","twitter_card":"summary_large_image","twitter_creator":"@Pag10com","twitter_site":"@Pag10com","twitter_misc":{"Escrito por":"P\u00e1gina 10","Tiempo de lectura":"1 minuto"},"schema":{"@context":"https:\/\/schema.org","@graph":[{"@type":"Article","@id":"https:\/\/pagina10.com\/web\/senador-y-viceministro-narinenses-celebran-aprobacion-en-primer-debate-de-proyecto-que-reconoce-al-campesinado-como-sujeto-especial-de-derechos\/#article","isPartOf":{"@id":"https:\/\/pagina10.com\/web\/senador-y-viceministro-narinenses-celebran-aprobacion-en-primer-debate-de-proyecto-que-reconoce-al-campesinado-como-sujeto-especial-de-derechos\/"},"author":{"name":"P\u00e1gina 10","@id":"https:\/\/pagina10.com\/web\/#\/schema\/person\/2efc4a090d25b667d3bc796798a3a81b"},"headline":"Senador y viceministro nari\u00f1enses celebran aprobaci\u00f3n en primer debate de proyecto que reconoce al campesinado como sujeto especial de derechos","datePublished":"2022-09-28T19:16:12+00:00","mainEntityOfPage":{"@id":"https:\/\/pagina10.com\/web\/senador-y-viceministro-narinenses-celebran-aprobacion-en-primer-debate-de-proyecto-que-reconoce-al-campesinado-como-sujeto-especial-de-derechos\/"},"wordCount":267,"commentCount":0,"publisher":{"@id":"https:\/\/pagina10.com\/web\/#organization"},"image":{"@id":"https:\/\/pagina10.com\/web\/senador-y-viceministro-narinenses-celebran-aprobacion-en-primer-debate-de-proyecto-que-reconoce-al-campesinado-como-sujeto-especial-de-derechos\/#primaryimage"},"thumbnailUrl":"https:\/\/pagina10.com\/web\/wp-content\/uploads\/2022\/09\/Alexander-Lopez-Maya-01.jpg","articleSection":["Nacional"],"inLanguage":"es","potentialAction":[{"@type":"CommentAction","name":"Comment","target":["https:\/\/pagina10.com\/web\/senador-y-viceministro-narinenses-celebran-aprobacion-en-primer-debate-de-proyecto-que-reconoce-al-campesinado-como-sujeto-especial-de-derechos\/#respond"]}]},{"@type":"WebPage","@id":"https:\/\/pagina10.com\/web\/senador-y-viceministro-narinenses-celebran-aprobacion-en-primer-debate-de-proyecto-que-reconoce-al-campesinado-como-sujeto-especial-de-derechos\/","url":"https:\/\/pagina10.com\/web\/senador-y-viceministro-narinenses-celebran-aprobacion-en-primer-debate-de-proyecto-que-reconoce-al-campesinado-como-sujeto-especial-de-derechos\/","name":"Senador y viceministro nari\u00f1enses celebran aprobaci\u00f3n en primer debate de proyecto que reconoce al campesinado como sujeto especial de derechos | P\u00e1gina10","isPartOf":{"@id":"https:\/\/pagina10.com\/web\/#website"},"primaryImageOfPage":{"@id":"https:\/\/pagina10.com\/web\/senador-y-viceministro-narinenses-celebran-aprobacion-en-primer-debate-de-proyecto-que-reconoce-al-campesinado-como-sujeto-especial-de-derechos\/#primaryimage"},"image":{"@id":"https:\/\/pagina10.com\/web\/senador-y-viceministro-narinenses-celebran-aprobacion-en-primer-debate-de-proyecto-que-reconoce-al-campesinado-como-sujeto-especial-de-derechos\/#primaryimage"},"thumbnailUrl":"https:\/\/pagina10.com\/web\/wp-content\/uploads\/2022\/09\/Alexander-Lopez-Maya-01.jpg","datePublished":"2022-09-28T19:16:12+00:00","breadcrumb":{"@id":"https:\/\/pagina10.com\/web\/senador-y-viceministro-narinenses-celebran-aprobacion-en-primer-debate-de-proyecto-que-reconoce-al-campesinado-como-sujeto-especial-de-derechos\/#breadcrumb"},"inLanguage":"es","potentialAction":[{"@type":"ReadAction","target":["https:\/\/pagina10.com\/web\/senador-y-viceministro-narinenses-celebran-aprobacion-en-primer-debate-de-proyecto-que-reconoce-al-campesinado-como-sujeto-especial-de-derechos\/"]}]},{"@type":"ImageObject","inLanguage":"es","@id":"https:\/\/pagina10.com\/web\/senador-y-viceministro-narinenses-celebran-aprobacion-en-primer-debate-de-proyecto-que-reconoce-al-campesinado-como-sujeto-especial-de-derechos\/#primaryimage","url":"https:\/\/pagina10.com\/web\/wp-content\/uploads\/2022\/09\/Alexander-Lopez-Maya-01.jpg","contentUrl":"https:\/\/pagina10.com\/web\/wp-content\/uploads\/2022\/09\/Alexander-Lopez-Maya-01.jpg","width":1448,"height":864},{"@type":"BreadcrumbList","@id":"https:\/\/pagina10.com\/web\/senador-y-viceministro-narinenses-celebran-aprobacion-en-primer-debate-de-proyecto-que-reconoce-al-campesinado-como-sujeto-especial-de-derechos\/#breadcrumb","itemListElement":[{"@type":"ListItem","position":1,"name":"Portada","item":"https:\/\/pagina10.com\/web\/"},{"@type":"ListItem","position":2,"name":"Senador y viceministro nari\u00f1enses celebran aprobaci\u00f3n en primer debate de proyecto que reconoce al campesinado como sujeto especial de derechos"}]},{"@type":"WebSite","@id":"https:\/\/pagina10.com\/web\/#website","url":"https:\/\/pagina10.com\/web\/","name":"P\u00e1gina10","description":"Peri\u00f3dico Regional","publisher":{"@id":"https:\/\/pagina10.com\/web\/#organization"},"alternateName":"P\u00e1gina10 Peri\u00f3dico Regional","potentialAction":[{"@type":"SearchAction","target":{"@type":"EntryPoint","urlTemplate":"https:\/\/pagina10.com\/web\/?s={search_term_string}"},"query-input":{"@type":"PropertyValueSpecification","valueRequired":true,"valueName":"search_term_string"}}],"inLanguage":"es"},{"@type":"Organization","@id":"https:\/\/pagina10.com\/web\/#organization","name":"P\u00e1gina10","alternateName":"P\u00e1gina10 Peri\u00f3dico Regional","url":"https:\/\/pagina10.com\/web\/","logo":{"@type":"ImageObject","inLanguage":"es","@id":"https:\/\/pagina10.com\/web\/#\/schema\/logo\/image\/","url":"https:\/\/pagina10.com\/web\/wp-content\/uploads\/2024\/01\/40-pagina-10-periodico-regional-pasto.jpg","contentUrl":"https:\/\/pagina10.com\/web\/wp-content\/uploads\/2024\/01\/40-pagina-10-periodico-regional-pasto.jpg","width":1280,"height":720,"caption":"P\u00e1gina10"},"image":{"@id":"https:\/\/pagina10.com\/web\/#\/schema\/logo\/image\/"},"sameAs":["https:\/\/www.facebook.com\/pag10com","https:\/\/x.com\/Pag10com","https:\/\/www.instagram.com\/pagina10col\/","https:\/\/youtube.com\/channel\/pag10","https:\/\/www.tiktok.com\/@p10col"]},{"@type":"Person","@id":"https:\/\/pagina10.com\/web\/#\/schema\/person\/2efc4a090d25b667d3bc796798a3a81b","name":"P\u00e1gina 10","description":"P\u00e1gina 10 es un peri\u00f3dico regional que nace en Colombia, en el departamento de Nari\u00f1o, con un enfoque global, fundamentado en cuatro pilares esenciales: la libertad, el pluralismo, la inclusi\u00f3n y la independencia. P\u00e1gina 10 hace referencia a Nari\u00f1o como el d\u00e9cimo departamento creado en Colombia, despu\u00e9s de un proceso pol\u00edtico liderado por actores y actrices regionales con el fin de obtener la independencia y autonom\u00eda de nuestros territorios. Con la creaci\u00f3n de P\u00e1gina 10 se pretende abrir un escenario para el dialogo, la reflexi\u00f3n y el debate que se extienda a otras geograf\u00edas de Am\u00e9rica Latina y del planeta, en una apuesta por transformar colectivamente los desaf\u00edos de un mundo contempor\u00e1neo, m\u00e1s all\u00e1 de las fronteras impuestas.","url":"https:\/\/pagina10.com\/web\/author\/pdiezadmin\/"}]}},"_links":{"self":[{"href":"https:\/\/pagina10.com\/web\/wp-json\/wp\/v2\/posts\/61918","targetHints":{"allow":["GET"]}}],"collection":[{"href":"https:\/\/pagina10.com\/web\/wp-json\/wp\/v2\/posts"}],"about":[{"href":"https:\/\/pagina10.com\/web\/wp-json\/wp\/v2\/types\/post"}],"author":[{"embeddable":true,"href":"https:\/\/pagina10.com\/web\/wp-json\/wp\/v2\/users\/1"}],"replies":[{"embeddable":true,"href":"https:\/\/pagina10.com\/web\/wp-json\/wp\/v2\/comments?post=61918"}],"version-history":[{"count":1,"href":"https:\/\/pagina10.com\/web\/wp-json\/wp\/v2\/posts\/61918\/revisions"}],"predecessor-version":[{"id":61920,"href":"https:\/\/pagina10.com\/web\/wp-json\/wp\/v2\/posts\/61918\/revisions\/61920"}],"wp:featuredmedia":[{"embeddable":true,"href":"https:\/\/pagina10.com\/web\/wp-json\/wp\/v2\/media\/61919"}],"wp:attachment":[{"href":"https:\/\/pagina10.com\/web\/wp-json\/wp\/v2\/media?parent=61918"}],"wp:term":[{"taxonomy":"category","embeddable":true,"href":"https:\/\/pagina10.com\/web\/wp-json\/wp\/v2\/categories?post=61918"},{"taxonomy":"post_tag","embeddable":true,"href":"https:\/\/pagina10.com\/web\/wp-json\/wp\/v2\/tags?post=61918"}],"curies":[{"name":"wp","href":"https:\/\/api.w.org\/{rel}","templated":true}]}}