{"id":61921,"date":"2022-09-28T15:40:16","date_gmt":"2022-09-28T20:40:16","guid":{"rendered":"https:\/\/pagina10.com\/web\/?p=61921"},"modified":"2022-09-28T15:40:16","modified_gmt":"2022-09-28T20:40:16","slug":"pastuso-fue-nombrado-en-programas-especiales-para-la-paz-de-la-presidencia","status":"publish","type":"post","link":"https:\/\/pagina10.com\/web\/pastuso-fue-nombrado-en-programas-especiales-para-la-paz-de-la-presidencia\/","title":{"rendered":"Pastuso fue nombrado en Programas especiales para la Paz de la Presidencia"},"content":{"rendered":"<p style=\"text-align: justify;\">A trav\u00e9s del Decreto 1929 de 2022 el dirigente pastuso y exgerente de campa\u00f1a de Gustavo Petro en el departamento de Nari\u00f1o, Pablo Pardo Velasco, fue designado como director del Fondo de Programas especiales para la Paz del Departamento Administrativo de la Presidencia de la Rep\u00fablica.<\/p>\n<p style=\"text-align: justify;\">El joven de 38 a\u00f1os es hijo de la excandidata a la Alcald\u00eda de Pasto y dirigente progresista Mar\u00eda Antonia Velazco; cuenta con estudios de politolog\u00eda en la Universidad Javeriana, es especialista en Estado, pol\u00edticas p\u00fablicas y desarrollo de la Universidad de Los Andes y fue candidato al concejo de Pasto para el periodo 2016-2019.<\/p>\n<p style=\"text-align: justify;\">Antes de este nombramiento fue asignado al equipo de empalme del sector paz del actual gobierno. Tambi\u00e9n, ha ocupado cargos en la Comisi\u00f3n Nacional de Reparaci\u00f3n y Reconciliaci\u00f3n, Unidad de V\u00edctimas, Gobernaci\u00f3n de Nari\u00f1o, Alcald\u00eda de Bogot\u00e1. Adem\u00e1s, fue candidato al Concejo de Pasto.<\/p>\n","protected":false},"excerpt":{"rendered":"<p>A trav\u00e9s del Decreto 1929 de 2022 el dirigente pastuso y exgerente de campa\u00f1a de Gustavo Petro en el departamento de Nari\u00f1o, Pablo Pardo Velasco, fue designado como director del Fondo de Programas especiales para la Paz del Departamento Administrativo de la Presidencia de la Rep\u00fablica. El joven de 38 a\u00f1os es hijo de la [&hellip;]<\/p>\n","protected":false},"author":1,"featured_media":61922,"comment_status":"open","ping_status":"open","sticky":false,"template":"","format":"standard","meta":{"footnotes":""},"categories":[84],"tags":[],"class_list":["post-61921","post","type-post","status-publish","format-standard","has-post-thumbnail","hentry","category-global-2"],"yoast_head":"<!-- This site is optimized with the Yoast SEO plugin v27.1.1 - https:\/\/yoast.com\/product\/yoast-seo-wordpress\/ -->\n<title>Pastuso fue nombrado en Programas especiales para la Paz de la Presidencia | P\u00e1gina10<\/title>\n<meta name=\"robots\" content=\"index, follow, max-snippet:-1, max-image-preview:large, max-video-preview:-1\" \/>\n<link rel=\"canonical\" href=\"https:\/\/pagina10.com\/web\/pastuso-fue-nombrado-en-programas-especiales-para-la-paz-de-la-presidencia\/\" \/>\n<meta property=\"og:locale\" content=\"es_ES\" \/>\n<meta property=\"og:type\" content=\"article\" \/>\n<meta property=\"og:title\" content=\"Pastuso fue nombrado en Programas especiales para la Paz de la Presidencia | P\u00e1gina10\" \/>\n<meta property=\"og:description\" content=\"A trav\u00e9s del Decreto 1929 de 2022 el dirigente pastuso y exgerente de campa\u00f1a de Gustavo Petro en el departamento de Nari\u00f1o, Pablo Pardo Velasco, fue designado como director del Fondo de Programas especiales para la Paz del Departamento Administrativo de la Presidencia de la Rep\u00fablica. El joven de 38 a\u00f1os es hijo de la [&hellip;]\" \/>\n<meta property=\"og:url\" content=\"https:\/\/pagina10.com\/web\/pastuso-fue-nombrado-en-programas-especiales-para-la-paz-de-la-presidencia\/\" \/>\n<meta property=\"og:site_name\" content=\"P\u00e1gina10\" \/>\n<meta property=\"article:publisher\" content=\"https:\/\/www.facebook.com\/pag10com\" \/>\n<meta property=\"article:published_time\" content=\"2022-09-28T20:40:16+00:00\" \/>\n<meta property=\"og:image\" content=\"https:\/\/pagina10.com\/web\/wp-content\/uploads\/2022\/09\/297134615_10166836534645472_1000164011369407674_n-e1664397610569.jpg\" \/>\n\t<meta property=\"og:image:width\" content=\"502\" \/>\n\t<meta property=\"og:image:height\" content=\"314\" \/>\n\t<meta property=\"og:image:type\" content=\"image\/jpeg\" \/>\n<meta name=\"author\" content=\"P\u00e1gina 10\" \/>\n<meta name=\"twitter:card\" content=\"summary_large_image\" \/>\n<meta name=\"twitter:creator\" content=\"@Pag10com\" \/>\n<meta name=\"twitter:site\" content=\"@Pag10com\" \/>\n<meta name=\"twitter:label1\" content=\"Escrito por\" \/>\n\t<meta name=\"twitter:data1\" content=\"P\u00e1gina 10\" \/>\n\t<meta name=\"twitter:label2\" content=\"Tiempo de lectura\" \/>\n\t<meta name=\"twitter:data2\" content=\"1 minuto\" \/>\n<script type=\"application\/ld+json\" class=\"yoast-schema-graph\">{\"@context\":\"https:\/\/schema.org\",\"@graph\":[{\"@type\":\"Article\",\"@id\":\"https:\/\/pagina10.com\/web\/pastuso-fue-nombrado-en-programas-especiales-para-la-paz-de-la-presidencia\/#article\",\"isPartOf\":{\"@id\":\"https:\/\/pagina10.com\/web\/pastuso-fue-nombrado-en-programas-especiales-para-la-paz-de-la-presidencia\/\"},\"author\":{\"name\":\"P\u00e1gina 10\",\"@id\":\"https:\/\/pagina10.com\/web\/#\/schema\/person\/2efc4a090d25b667d3bc796798a3a81b\"},\"headline\":\"Pastuso fue nombrado en Programas especiales para la Paz de la Presidencia\",\"datePublished\":\"2022-09-28T20:40:16+00:00\",\"mainEntityOfPage\":{\"@id\":\"https:\/\/pagina10.com\/web\/pastuso-fue-nombrado-en-programas-especiales-para-la-paz-de-la-presidencia\/\"},\"wordCount\":173,\"commentCount\":0,\"publisher\":{\"@id\":\"https:\/\/pagina10.com\/web\/#organization\"},\"image\":{\"@id\":\"https:\/\/pagina10.com\/web\/pastuso-fue-nombrado-en-programas-especiales-para-la-paz-de-la-presidencia\/#primaryimage\"},\"thumbnailUrl\":\"https:\/\/pagina10.com\/web\/wp-content\/uploads\/2022\/09\/297134615_10166836534645472_1000164011369407674_n-e1664397610569.jpg\",\"articleSection\":[\"Global\"],\"inLanguage\":\"es\",\"potentialAction\":[{\"@type\":\"CommentAction\",\"name\":\"Comment\",\"target\":[\"https:\/\/pagina10.com\/web\/pastuso-fue-nombrado-en-programas-especiales-para-la-paz-de-la-presidencia\/#respond\"]}]},{\"@type\":\"WebPage\",\"@id\":\"https:\/\/pagina10.com\/web\/pastuso-fue-nombrado-en-programas-especiales-para-la-paz-de-la-presidencia\/\",\"url\":\"https:\/\/pagina10.com\/web\/pastuso-fue-nombrado-en-programas-especiales-para-la-paz-de-la-presidencia\/\",\"name\":\"Pastuso fue nombrado en Programas especiales para la Paz de la Presidencia | P\u00e1gina10\",\"isPartOf\":{\"@id\":\"https:\/\/pagina10.com\/web\/#website\"},\"primaryImageOfPage\":{\"@id\":\"https:\/\/pagina10.com\/web\/pastuso-fue-nombrado-en-programas-especiales-para-la-paz-de-la-presidencia\/#primaryimage\"},\"image\":{\"@id\":\"https:\/\/pagina10.com\/web\/pastuso-fue-nombrado-en-programas-especiales-para-la-paz-de-la-presidencia\/#primaryimage\"},\"thumbnailUrl\":\"https:\/\/pagina10.com\/web\/wp-content\/uploads\/2022\/09\/297134615_10166836534645472_1000164011369407674_n-e1664397610569.jpg\",\"datePublished\":\"2022-09-28T20:40:16+00:00\",\"breadcrumb\":{\"@id\":\"https:\/\/pagina10.com\/web\/pastuso-fue-nombrado-en-programas-especiales-para-la-paz-de-la-presidencia\/#breadcrumb\"},\"inLanguage\":\"es\",\"potentialAction\":[{\"@type\":\"ReadAction\",\"target\":[\"https:\/\/pagina10.com\/web\/pastuso-fue-nombrado-en-programas-especiales-para-la-paz-de-la-presidencia\/\"]}]},{\"@type\":\"ImageObject\",\"inLanguage\":\"es\",\"@id\":\"https:\/\/pagina10.com\/web\/pastuso-fue-nombrado-en-programas-especiales-para-la-paz-de-la-presidencia\/#primaryimage\",\"url\":\"https:\/\/pagina10.com\/web\/wp-content\/uploads\/2022\/09\/297134615_10166836534645472_1000164011369407674_n-e1664397610569.jpg\",\"contentUrl\":\"https:\/\/pagina10.com\/web\/wp-content\/uploads\/2022\/09\/297134615_10166836534645472_1000164011369407674_n-e1664397610569.jpg\",\"width\":502,\"height\":314},{\"@type\":\"BreadcrumbList\",\"@id\":\"https:\/\/pagina10.com\/web\/pastuso-fue-nombrado-en-programas-especiales-para-la-paz-de-la-presidencia\/#breadcrumb\",\"itemListElement\":[{\"@type\":\"ListItem\",\"position\":1,\"name\":\"Portada\",\"item\":\"https:\/\/pagina10.com\/web\/\"},{\"@type\":\"ListItem\",\"position\":2,\"name\":\"Pastuso fue nombrado en Programas especiales para la Paz de la Presidencia\"}]},{\"@type\":\"WebSite\",\"@id\":\"https:\/\/pagina10.com\/web\/#website\",\"url\":\"https:\/\/pagina10.com\/web\/\",\"name\":\"P\u00e1gina10\",\"description\":\"Peri\u00f3dico Regional\",\"publisher\":{\"@id\":\"https:\/\/pagina10.com\/web\/#organization\"},\"alternateName\":\"P\u00e1gina10 Peri\u00f3dico Regional\",\"potentialAction\":[{\"@type\":\"SearchAction\",\"target\":{\"@type\":\"EntryPoint\",\"urlTemplate\":\"https:\/\/pagina10.com\/web\/?s={search_term_string}\"},\"query-input\":{\"@type\":\"PropertyValueSpecification\",\"valueRequired\":true,\"valueName\":\"search_term_string\"}}],\"inLanguage\":\"es\"},{\"@type\":\"Organization\",\"@id\":\"https:\/\/pagina10.com\/web\/#organization\",\"name\":\"P\u00e1gina10\",\"alternateName\":\"P\u00e1gina10 Peri\u00f3dico Regional\",\"url\":\"https:\/\/pagina10.com\/web\/\",\"logo\":{\"@type\":\"ImageObject\",\"inLanguage\":\"es\",\"@id\":\"https:\/\/pagina10.com\/web\/#\/schema\/logo\/image\/\",\"url\":\"https:\/\/pagina10.com\/web\/wp-content\/uploads\/2024\/01\/40-pagina-10-periodico-regional-pasto.jpg\",\"contentUrl\":\"https:\/\/pagina10.com\/web\/wp-content\/uploads\/2024\/01\/40-pagina-10-periodico-regional-pasto.jpg\",\"width\":1280,\"height\":720,\"caption\":\"P\u00e1gina10\"},\"image\":{\"@id\":\"https:\/\/pagina10.com\/web\/#\/schema\/logo\/image\/\"},\"sameAs\":[\"https:\/\/www.facebook.com\/pag10com\",\"https:\/\/x.com\/Pag10com\",\"https:\/\/www.instagram.com\/pagina10col\/\",\"https:\/\/youtube.com\/channel\/pag10\",\"https:\/\/www.tiktok.com\/@p10col\"]},{\"@type\":\"Person\",\"@id\":\"https:\/\/pagina10.com\/web\/#\/schema\/person\/2efc4a090d25b667d3bc796798a3a81b\",\"name\":\"P\u00e1gina 10\",\"description\":\"P\u00e1gina 10 es un peri\u00f3dico regional que nace en Colombia, en el departamento de Nari\u00f1o, con un enfoque global, fundamentado en cuatro pilares esenciales: la libertad, el pluralismo, la inclusi\u00f3n y la independencia. P\u00e1gina 10 hace referencia a Nari\u00f1o como el d\u00e9cimo departamento creado en Colombia, despu\u00e9s de un proceso pol\u00edtico liderado por actores y actrices regionales con el fin de obtener la independencia y autonom\u00eda de nuestros territorios. Con la creaci\u00f3n de P\u00e1gina 10 se pretende abrir un escenario para el dialogo, la reflexi\u00f3n y el debate que se extienda a otras geograf\u00edas de Am\u00e9rica Latina y del planeta, en una apuesta por transformar colectivamente los desaf\u00edos de un mundo contempor\u00e1neo, m\u00e1s all\u00e1 de las fronteras impuestas.\",\"url\":\"https:\/\/pagina10.com\/web\/author\/pdiezadmin\/\"}]}<\/script>\n<!-- \/ Yoast SEO plugin. -->","yoast_head_json":{"title":"Pastuso fue nombrado en Programas especiales para la Paz de la Presidencia | P\u00e1gina10","robots":{"index":"index","follow":"follow","max-snippet":"max-snippet:-1","max-image-preview":"max-image-preview:large","max-video-preview":"max-video-preview:-1"},"canonical":"https:\/\/pagina10.com\/web\/pastuso-fue-nombrado-en-programas-especiales-para-la-paz-de-la-presidencia\/","og_locale":"es_ES","og_type":"article","og_title":"Pastuso fue nombrado en Programas especiales para la Paz de la Presidencia | P\u00e1gina10","og_description":"A trav\u00e9s del Decreto 1929 de 2022 el dirigente pastuso y exgerente de campa\u00f1a de Gustavo Petro en el departamento de Nari\u00f1o, Pablo Pardo Velasco, fue designado como director del Fondo de Programas especiales para la Paz del Departamento Administrativo de la Presidencia de la Rep\u00fablica. El joven de 38 a\u00f1os es hijo de la [&hellip;]","og_url":"https:\/\/pagina10.com\/web\/pastuso-fue-nombrado-en-programas-especiales-para-la-paz-de-la-presidencia\/","og_site_name":"P\u00e1gina10","article_publisher":"https:\/\/www.facebook.com\/pag10com","article_published_time":"2022-09-28T20:40:16+00:00","og_image":[{"width":502,"height":314,"url":"https:\/\/pagina10.com\/web\/wp-content\/uploads\/2022\/09\/297134615_10166836534645472_1000164011369407674_n-e1664397610569.jpg","type":"image\/jpeg"}],"author":"P\u00e1gina 10","twitter_card":"summary_large_image","twitter_creator":"@Pag10com","twitter_site":"@Pag10com","twitter_misc":{"Escrito por":"P\u00e1gina 10","Tiempo de lectura":"1 minuto"},"schema":{"@context":"https:\/\/schema.org","@graph":[{"@type":"Article","@id":"https:\/\/pagina10.com\/web\/pastuso-fue-nombrado-en-programas-especiales-para-la-paz-de-la-presidencia\/#article","isPartOf":{"@id":"https:\/\/pagina10.com\/web\/pastuso-fue-nombrado-en-programas-especiales-para-la-paz-de-la-presidencia\/"},"author":{"name":"P\u00e1gina 10","@id":"https:\/\/pagina10.com\/web\/#\/schema\/person\/2efc4a090d25b667d3bc796798a3a81b"},"headline":"Pastuso fue nombrado en Programas especiales para la Paz de la Presidencia","datePublished":"2022-09-28T20:40:16+00:00","mainEntityOfPage":{"@id":"https:\/\/pagina10.com\/web\/pastuso-fue-nombrado-en-programas-especiales-para-la-paz-de-la-presidencia\/"},"wordCount":173,"commentCount":0,"publisher":{"@id":"https:\/\/pagina10.com\/web\/#organization"},"image":{"@id":"https:\/\/pagina10.com\/web\/pastuso-fue-nombrado-en-programas-especiales-para-la-paz-de-la-presidencia\/#primaryimage"},"thumbnailUrl":"https:\/\/pagina10.com\/web\/wp-content\/uploads\/2022\/09\/297134615_10166836534645472_1000164011369407674_n-e1664397610569.jpg","articleSection":["Global"],"inLanguage":"es","potentialAction":[{"@type":"CommentAction","name":"Comment","target":["https:\/\/pagina10.com\/web\/pastuso-fue-nombrado-en-programas-especiales-para-la-paz-de-la-presidencia\/#respond"]}]},{"@type":"WebPage","@id":"https:\/\/pagina10.com\/web\/pastuso-fue-nombrado-en-programas-especiales-para-la-paz-de-la-presidencia\/","url":"https:\/\/pagina10.com\/web\/pastuso-fue-nombrado-en-programas-especiales-para-la-paz-de-la-presidencia\/","name":"Pastuso fue nombrado en Programas especiales para la Paz de la Presidencia | P\u00e1gina10","isPartOf":{"@id":"https:\/\/pagina10.com\/web\/#website"},"primaryImageOfPage":{"@id":"https:\/\/pagina10.com\/web\/pastuso-fue-nombrado-en-programas-especiales-para-la-paz-de-la-presidencia\/#primaryimage"},"image":{"@id":"https:\/\/pagina10.com\/web\/pastuso-fue-nombrado-en-programas-especiales-para-la-paz-de-la-presidencia\/#primaryimage"},"thumbnailUrl":"https:\/\/pagina10.com\/web\/wp-content\/uploads\/2022\/09\/297134615_10166836534645472_1000164011369407674_n-e1664397610569.jpg","datePublished":"2022-09-28T20:40:16+00:00","breadcrumb":{"@id":"https:\/\/pagina10.com\/web\/pastuso-fue-nombrado-en-programas-especiales-para-la-paz-de-la-presidencia\/#breadcrumb"},"inLanguage":"es","potentialAction":[{"@type":"ReadAction","target":["https:\/\/pagina10.com\/web\/pastuso-fue-nombrado-en-programas-especiales-para-la-paz-de-la-presidencia\/"]}]},{"@type":"ImageObject","inLanguage":"es","@id":"https:\/\/pagina10.com\/web\/pastuso-fue-nombrado-en-programas-especiales-para-la-paz-de-la-presidencia\/#primaryimage","url":"https:\/\/pagina10.com\/web\/wp-content\/uploads\/2022\/09\/297134615_10166836534645472_1000164011369407674_n-e1664397610569.jpg","contentUrl":"https:\/\/pagina10.com\/web\/wp-content\/uploads\/2022\/09\/297134615_10166836534645472_1000164011369407674_n-e1664397610569.jpg","width":502,"height":314},{"@type":"BreadcrumbList","@id":"https:\/\/pagina10.com\/web\/pastuso-fue-nombrado-en-programas-especiales-para-la-paz-de-la-presidencia\/#breadcrumb","itemListElement":[{"@type":"ListItem","position":1,"name":"Portada","item":"https:\/\/pagina10.com\/web\/"},{"@type":"ListItem","position":2,"name":"Pastuso fue nombrado en Programas especiales para la Paz de la Presidencia"}]},{"@type":"WebSite","@id":"https:\/\/pagina10.com\/web\/#website","url":"https:\/\/pagina10.com\/web\/","name":"P\u00e1gina10","description":"Peri\u00f3dico Regional","publisher":{"@id":"https:\/\/pagina10.com\/web\/#organization"},"alternateName":"P\u00e1gina10 Peri\u00f3dico Regional","potentialAction":[{"@type":"SearchAction","target":{"@type":"EntryPoint","urlTemplate":"https:\/\/pagina10.com\/web\/?s={search_term_string}"},"query-input":{"@type":"PropertyValueSpecification","valueRequired":true,"valueName":"search_term_string"}}],"inLanguage":"es"},{"@type":"Organization","@id":"https:\/\/pagina10.com\/web\/#organization","name":"P\u00e1gina10","alternateName":"P\u00e1gina10 Peri\u00f3dico Regional","url":"https:\/\/pagina10.com\/web\/","logo":{"@type":"ImageObject","inLanguage":"es","@id":"https:\/\/pagina10.com\/web\/#\/schema\/logo\/image\/","url":"https:\/\/pagina10.com\/web\/wp-content\/uploads\/2024\/01\/40-pagina-10-periodico-regional-pasto.jpg","contentUrl":"https:\/\/pagina10.com\/web\/wp-content\/uploads\/2024\/01\/40-pagina-10-periodico-regional-pasto.jpg","width":1280,"height":720,"caption":"P\u00e1gina10"},"image":{"@id":"https:\/\/pagina10.com\/web\/#\/schema\/logo\/image\/"},"sameAs":["https:\/\/www.facebook.com\/pag10com","https:\/\/x.com\/Pag10com","https:\/\/www.instagram.com\/pagina10col\/","https:\/\/youtube.com\/channel\/pag10","https:\/\/www.tiktok.com\/@p10col"]},{"@type":"Person","@id":"https:\/\/pagina10.com\/web\/#\/schema\/person\/2efc4a090d25b667d3bc796798a3a81b","name":"P\u00e1gina 10","description":"P\u00e1gina 10 es un peri\u00f3dico regional que nace en Colombia, en el departamento de Nari\u00f1o, con un enfoque global, fundamentado en cuatro pilares esenciales: la libertad, el pluralismo, la inclusi\u00f3n y la independencia. P\u00e1gina 10 hace referencia a Nari\u00f1o como el d\u00e9cimo departamento creado en Colombia, despu\u00e9s de un proceso pol\u00edtico liderado por actores y actrices regionales con el fin de obtener la independencia y autonom\u00eda de nuestros territorios. Con la creaci\u00f3n de P\u00e1gina 10 se pretende abrir un escenario para el dialogo, la reflexi\u00f3n y el debate que se extienda a otras geograf\u00edas de Am\u00e9rica Latina y del planeta, en una apuesta por transformar colectivamente los desaf\u00edos de un mundo contempor\u00e1neo, m\u00e1s all\u00e1 de las fronteras impuestas.","url":"https:\/\/pagina10.com\/web\/author\/pdiezadmin\/"}]}},"_links":{"self":[{"href":"https:\/\/pagina10.com\/web\/wp-json\/wp\/v2\/posts\/61921","targetHints":{"allow":["GET"]}}],"collection":[{"href":"https:\/\/pagina10.com\/web\/wp-json\/wp\/v2\/posts"}],"about":[{"href":"https:\/\/pagina10.com\/web\/wp-json\/wp\/v2\/types\/post"}],"author":[{"embeddable":true,"href":"https:\/\/pagina10.com\/web\/wp-json\/wp\/v2\/users\/1"}],"replies":[{"embeddable":true,"href":"https:\/\/pagina10.com\/web\/wp-json\/wp\/v2\/comments?post=61921"}],"version-history":[{"count":1,"href":"https:\/\/pagina10.com\/web\/wp-json\/wp\/v2\/posts\/61921\/revisions"}],"predecessor-version":[{"id":61923,"href":"https:\/\/pagina10.com\/web\/wp-json\/wp\/v2\/posts\/61921\/revisions\/61923"}],"wp:featuredmedia":[{"embeddable":true,"href":"https:\/\/pagina10.com\/web\/wp-json\/wp\/v2\/media\/61922"}],"wp:attachment":[{"href":"https:\/\/pagina10.com\/web\/wp-json\/wp\/v2\/media?parent=61921"}],"wp:term":[{"taxonomy":"category","embeddable":true,"href":"https:\/\/pagina10.com\/web\/wp-json\/wp\/v2\/categories?post=61921"},{"taxonomy":"post_tag","embeddable":true,"href":"https:\/\/pagina10.com\/web\/wp-json\/wp\/v2\/tags?post=61921"}],"curies":[{"name":"wp","href":"https:\/\/api.w.org\/{rel}","templated":true}]}}