{"id":6193,"date":"2014-01-18T16:24:59","date_gmt":"2014-01-18T16:24:59","guid":{"rendered":"https:\/\/pagina10.com\/web\/calendarios-restriccion-vehicular-2014\/"},"modified":"2014-01-18T16:24:59","modified_gmt":"2014-01-18T16:24:59","slug":"calendarios-restriccion-vehicular-2014","status":"publish","type":"post","link":"https:\/\/pagina10.com\/web\/calendarios-restriccion-vehicular-2014\/","title":{"rendered":"Calendarios restricci\u00f3n vehicular 2014"},"content":{"rendered":"<p><img fetchpriority=\"high\" decoding=\"async\" class=\" size-full wp-image-6192\" src=\"https:\/\/pagina10.com\/web\/wp-content\/uploads\/2014\/01\/89bb3d37c75a1980fa425c8a066ec2db.jpg\" alt=\"\" width=\"657\" height=\"960\" srcset=\"https:\/\/pagina10.com\/web\/wp-content\/uploads\/2014\/01\/89bb3d37c75a1980fa425c8a066ec2db.jpg 657w, https:\/\/pagina10.com\/web\/wp-content\/uploads\/2014\/01\/89bb3d37c75a1980fa425c8a066ec2db-205x300.jpg 205w\" sizes=\"(max-width: 657px) 100vw, 657px\" \/><\/p>\n<p style=\"text-align: justify;\">El secretario de Tr\u00e1nsito de Pasto, Guillermo Villota G\u00f3mez, inform\u00f3 que se realizar\u00e1 la entrega de 30 mil calendarios con la restricci\u00f3n vehicular los cuales ser\u00e1n distribuidos entre la comunidad. La entrega de los calendarios para el a\u00f1o 2014 se empez\u00f3 a realizar a finales de 2013. 15 mil de ellos fueron repartidos durante el desfile de a\u00f1os viejos y otros eventos del Carnaval de Negros y Blancos.<\/p>\n<p style=\"text-align: justify;\">&nbsp;<\/p>\n<p style=\"text-align: justify;\">El funcionario inform\u00f3 que los calendarios de restricci\u00f3n vehicular se encontrar\u00e1n adem\u00e1s en almacenes de cadena, centros comerciales y las oficinas de la Secretar\u00eda de Tr\u00e1nsito y Transporte. Se recomienda acatar el decreto de restricci\u00f3n ya que de no hacerlo ser\u00e1 sancionado con la inmovilizaci\u00f3n del veh\u00edculo y la suma de 239 mil pesos m\u00e1s el pago por concepto de parqueadero y gr\u00faa.<\/p>\n<p style=\"text-align: justify;\">&nbsp;<\/p>\n<p style=\"text-align: justify;\">Fuente: Alcald\u00eda de Pasto.<\/p>\n","protected":false},"excerpt":{"rendered":"<p>El secretario de Tr\u00e1nsito de Pasto, Guillermo Villota G\u00f3mez, inform\u00f3 que se realizar\u00e1 la entrega de 30 mil calendarios con la restricci\u00f3n vehicular los cuales ser\u00e1n distribuidos entre la comunidad. La entrega de los calendarios para el a\u00f1o 2014 se empez\u00f3 a realizar a finales de 2013. 15 mil de ellos fueron repartidos durante el [&hellip;]<\/p>\n","protected":false},"author":29,"featured_media":6192,"comment_status":"open","ping_status":"open","sticky":false,"template":"","format":"standard","meta":{"footnotes":""},"categories":[82],"tags":[],"class_list":["post-6193","post","type-post","status-publish","format-standard","has-post-thumbnail","hentry","category-ciudad-2"],"yoast_head":"<!-- This site is optimized with the Yoast SEO plugin v27.1.1 - https:\/\/yoast.com\/product\/yoast-seo-wordpress\/ -->\n<title>Calendarios restricci\u00f3n vehicular 2014 | P\u00e1gina10<\/title>\n<meta name=\"robots\" content=\"index, follow, max-snippet:-1, max-image-preview:large, max-video-preview:-1\" \/>\n<link rel=\"canonical\" href=\"https:\/\/pagina10.com\/web\/calendarios-restriccion-vehicular-2014\/\" \/>\n<meta property=\"og:locale\" content=\"es_ES\" \/>\n<meta property=\"og:type\" content=\"article\" \/>\n<meta property=\"og:title\" content=\"Calendarios restricci\u00f3n vehicular 2014 | P\u00e1gina10\" \/>\n<meta property=\"og:description\" content=\"El secretario de Tr\u00e1nsito de Pasto, Guillermo Villota G\u00f3mez, inform\u00f3 que se realizar\u00e1 la entrega de 30 mil calendarios con la restricci\u00f3n vehicular los cuales ser\u00e1n distribuidos entre la comunidad. La entrega de los calendarios para el a\u00f1o 2014 se empez\u00f3 a realizar a finales de 2013. 15 mil de ellos fueron repartidos durante el [&hellip;]\" \/>\n<meta property=\"og:url\" content=\"https:\/\/pagina10.com\/web\/calendarios-restriccion-vehicular-2014\/\" \/>\n<meta property=\"og:site_name\" content=\"P\u00e1gina10\" \/>\n<meta property=\"article:publisher\" content=\"https:\/\/www.facebook.com\/pag10com\" \/>\n<meta property=\"article:published_time\" content=\"2014-01-18T16:24:59+00:00\" \/>\n<meta property=\"og:image\" content=\"https:\/\/pagina10.com\/web\/wp-content\/uploads\/2014\/01\/89bb3d37c75a1980fa425c8a066ec2db.jpg\" \/>\n\t<meta property=\"og:image:width\" content=\"657\" \/>\n\t<meta property=\"og:image:height\" content=\"960\" \/>\n\t<meta property=\"og:image:type\" content=\"image\/jpeg\" \/>\n<meta name=\"author\" content=\"P\u00e1gina 10\" \/>\n<meta name=\"twitter:card\" content=\"summary_large_image\" \/>\n<meta name=\"twitter:creator\" content=\"@Pag10com\" \/>\n<meta name=\"twitter:site\" content=\"@Pag10com\" \/>\n<meta name=\"twitter:label1\" content=\"Escrito por\" \/>\n\t<meta name=\"twitter:data1\" content=\"P\u00e1gina 10\" \/>\n\t<meta name=\"twitter:label2\" content=\"Tiempo de lectura\" \/>\n\t<meta name=\"twitter:data2\" content=\"1 minuto\" \/>\n<script type=\"application\/ld+json\" class=\"yoast-schema-graph\">{\"@context\":\"https:\/\/schema.org\",\"@graph\":[{\"@type\":\"Article\",\"@id\":\"https:\/\/pagina10.com\/web\/calendarios-restriccion-vehicular-2014\/#article\",\"isPartOf\":{\"@id\":\"https:\/\/pagina10.com\/web\/calendarios-restriccion-vehicular-2014\/\"},\"author\":{\"name\":\"P\u00e1gina 10\",\"@id\":\"https:\/\/pagina10.com\/web\/#\/schema\/person\/a7a5d38f0629dfc107f619fbae4f6cc3\"},\"headline\":\"Calendarios restricci\u00f3n vehicular 2014\",\"datePublished\":\"2014-01-18T16:24:59+00:00\",\"mainEntityOfPage\":{\"@id\":\"https:\/\/pagina10.com\/web\/calendarios-restriccion-vehicular-2014\/\"},\"wordCount\":153,\"commentCount\":0,\"publisher\":{\"@id\":\"https:\/\/pagina10.com\/web\/#organization\"},\"image\":{\"@id\":\"https:\/\/pagina10.com\/web\/calendarios-restriccion-vehicular-2014\/#primaryimage\"},\"thumbnailUrl\":\"https:\/\/pagina10.com\/web\/wp-content\/uploads\/2014\/01\/89bb3d37c75a1980fa425c8a066ec2db.jpg\",\"articleSection\":[\"Ciudad\"],\"inLanguage\":\"es\",\"potentialAction\":[{\"@type\":\"CommentAction\",\"name\":\"Comment\",\"target\":[\"https:\/\/pagina10.com\/web\/calendarios-restriccion-vehicular-2014\/#respond\"]}]},{\"@type\":\"WebPage\",\"@id\":\"https:\/\/pagina10.com\/web\/calendarios-restriccion-vehicular-2014\/\",\"url\":\"https:\/\/pagina10.com\/web\/calendarios-restriccion-vehicular-2014\/\",\"name\":\"Calendarios restricci\u00f3n vehicular 2014 | P\u00e1gina10\",\"isPartOf\":{\"@id\":\"https:\/\/pagina10.com\/web\/#website\"},\"primaryImageOfPage\":{\"@id\":\"https:\/\/pagina10.com\/web\/calendarios-restriccion-vehicular-2014\/#primaryimage\"},\"image\":{\"@id\":\"https:\/\/pagina10.com\/web\/calendarios-restriccion-vehicular-2014\/#primaryimage\"},\"thumbnailUrl\":\"https:\/\/pagina10.com\/web\/wp-content\/uploads\/2014\/01\/89bb3d37c75a1980fa425c8a066ec2db.jpg\",\"datePublished\":\"2014-01-18T16:24:59+00:00\",\"breadcrumb\":{\"@id\":\"https:\/\/pagina10.com\/web\/calendarios-restriccion-vehicular-2014\/#breadcrumb\"},\"inLanguage\":\"es\",\"potentialAction\":[{\"@type\":\"ReadAction\",\"target\":[\"https:\/\/pagina10.com\/web\/calendarios-restriccion-vehicular-2014\/\"]}]},{\"@type\":\"ImageObject\",\"inLanguage\":\"es\",\"@id\":\"https:\/\/pagina10.com\/web\/calendarios-restriccion-vehicular-2014\/#primaryimage\",\"url\":\"https:\/\/pagina10.com\/web\/wp-content\/uploads\/2014\/01\/89bb3d37c75a1980fa425c8a066ec2db.jpg\",\"contentUrl\":\"https:\/\/pagina10.com\/web\/wp-content\/uploads\/2014\/01\/89bb3d37c75a1980fa425c8a066ec2db.jpg\",\"width\":657,\"height\":960},{\"@type\":\"BreadcrumbList\",\"@id\":\"https:\/\/pagina10.com\/web\/calendarios-restriccion-vehicular-2014\/#breadcrumb\",\"itemListElement\":[{\"@type\":\"ListItem\",\"position\":1,\"name\":\"Portada\",\"item\":\"https:\/\/pagina10.com\/web\/\"},{\"@type\":\"ListItem\",\"position\":2,\"name\":\"Calendarios restricci\u00f3n vehicular 2014\"}]},{\"@type\":\"WebSite\",\"@id\":\"https:\/\/pagina10.com\/web\/#website\",\"url\":\"https:\/\/pagina10.com\/web\/\",\"name\":\"P\u00e1gina10\",\"description\":\"Peri\u00f3dico Regional\",\"publisher\":{\"@id\":\"https:\/\/pagina10.com\/web\/#organization\"},\"alternateName\":\"P\u00e1gina10 Peri\u00f3dico Regional\",\"potentialAction\":[{\"@type\":\"SearchAction\",\"target\":{\"@type\":\"EntryPoint\",\"urlTemplate\":\"https:\/\/pagina10.com\/web\/?s={search_term_string}\"},\"query-input\":{\"@type\":\"PropertyValueSpecification\",\"valueRequired\":true,\"valueName\":\"search_term_string\"}}],\"inLanguage\":\"es\"},{\"@type\":\"Organization\",\"@id\":\"https:\/\/pagina10.com\/web\/#organization\",\"name\":\"P\u00e1gina10\",\"alternateName\":\"P\u00e1gina10 Peri\u00f3dico Regional\",\"url\":\"https:\/\/pagina10.com\/web\/\",\"logo\":{\"@type\":\"ImageObject\",\"inLanguage\":\"es\",\"@id\":\"https:\/\/pagina10.com\/web\/#\/schema\/logo\/image\/\",\"url\":\"https:\/\/pagina10.com\/web\/wp-content\/uploads\/2024\/01\/40-pagina-10-periodico-regional-pasto.jpg\",\"contentUrl\":\"https:\/\/pagina10.com\/web\/wp-content\/uploads\/2024\/01\/40-pagina-10-periodico-regional-pasto.jpg\",\"width\":1280,\"height\":720,\"caption\":\"P\u00e1gina10\"},\"image\":{\"@id\":\"https:\/\/pagina10.com\/web\/#\/schema\/logo\/image\/\"},\"sameAs\":[\"https:\/\/www.facebook.com\/pag10com\",\"https:\/\/x.com\/Pag10com\",\"https:\/\/www.instagram.com\/pagina10col\/\",\"https:\/\/youtube.com\/channel\/pag10\",\"https:\/\/www.tiktok.com\/@p10col\"]},{\"@type\":\"Person\",\"@id\":\"https:\/\/pagina10.com\/web\/#\/schema\/person\/a7a5d38f0629dfc107f619fbae4f6cc3\",\"name\":\"P\u00e1gina 10\",\"description\":\"P\u00e1gina10.com es un peri\u00f3dico digital que nace en Colombia, en el departamento de Nari\u00f1o, con un enfoque global, fundamentado en cuatro pilares esenciales: la libertad, el pluralismo, la inclusi\u00f3n y la independencia. P\u00e1gina10.com hace referencia a Nari\u00f1o como el d\u00e9cimo departamento creado en Colombia, despu\u00e9s de un proceso pol\u00edtico liderado por actores y actrices regionales con el fin de obtener la independencia y autonom\u00eda de nuestros territorios. Con la creaci\u00f3n de P\u00e1gina10.com se pretende abrir un escenario para el dialogo, la reflexi\u00f3n y el debate que se extienda a otras geograf\u00edas de Am\u00e9rica Latina y del planeta, en una apuesta por transformar colectivamente los desaf\u00edos de un mundo contempor\u00e1neo, m\u00e1s all\u00e1 de las fronteras impuestas.\",\"url\":\"https:\/\/pagina10.com\/web\/author\/mcepeda\/\"}]}<\/script>\n<!-- \/ Yoast SEO plugin. -->","yoast_head_json":{"title":"Calendarios restricci\u00f3n vehicular 2014 | P\u00e1gina10","robots":{"index":"index","follow":"follow","max-snippet":"max-snippet:-1","max-image-preview":"max-image-preview:large","max-video-preview":"max-video-preview:-1"},"canonical":"https:\/\/pagina10.com\/web\/calendarios-restriccion-vehicular-2014\/","og_locale":"es_ES","og_type":"article","og_title":"Calendarios restricci\u00f3n vehicular 2014 | P\u00e1gina10","og_description":"El secretario de Tr\u00e1nsito de Pasto, Guillermo Villota G\u00f3mez, inform\u00f3 que se realizar\u00e1 la entrega de 30 mil calendarios con la restricci\u00f3n vehicular los cuales ser\u00e1n distribuidos entre la comunidad. La entrega de los calendarios para el a\u00f1o 2014 se empez\u00f3 a realizar a finales de 2013. 15 mil de ellos fueron repartidos durante el [&hellip;]","og_url":"https:\/\/pagina10.com\/web\/calendarios-restriccion-vehicular-2014\/","og_site_name":"P\u00e1gina10","article_publisher":"https:\/\/www.facebook.com\/pag10com","article_published_time":"2014-01-18T16:24:59+00:00","og_image":[{"width":657,"height":960,"url":"https:\/\/pagina10.com\/web\/wp-content\/uploads\/2014\/01\/89bb3d37c75a1980fa425c8a066ec2db.jpg","type":"image\/jpeg"}],"author":"P\u00e1gina 10","twitter_card":"summary_large_image","twitter_creator":"@Pag10com","twitter_site":"@Pag10com","twitter_misc":{"Escrito por":"P\u00e1gina 10","Tiempo de lectura":"1 minuto"},"schema":{"@context":"https:\/\/schema.org","@graph":[{"@type":"Article","@id":"https:\/\/pagina10.com\/web\/calendarios-restriccion-vehicular-2014\/#article","isPartOf":{"@id":"https:\/\/pagina10.com\/web\/calendarios-restriccion-vehicular-2014\/"},"author":{"name":"P\u00e1gina 10","@id":"https:\/\/pagina10.com\/web\/#\/schema\/person\/a7a5d38f0629dfc107f619fbae4f6cc3"},"headline":"Calendarios restricci\u00f3n vehicular 2014","datePublished":"2014-01-18T16:24:59+00:00","mainEntityOfPage":{"@id":"https:\/\/pagina10.com\/web\/calendarios-restriccion-vehicular-2014\/"},"wordCount":153,"commentCount":0,"publisher":{"@id":"https:\/\/pagina10.com\/web\/#organization"},"image":{"@id":"https:\/\/pagina10.com\/web\/calendarios-restriccion-vehicular-2014\/#primaryimage"},"thumbnailUrl":"https:\/\/pagina10.com\/web\/wp-content\/uploads\/2014\/01\/89bb3d37c75a1980fa425c8a066ec2db.jpg","articleSection":["Ciudad"],"inLanguage":"es","potentialAction":[{"@type":"CommentAction","name":"Comment","target":["https:\/\/pagina10.com\/web\/calendarios-restriccion-vehicular-2014\/#respond"]}]},{"@type":"WebPage","@id":"https:\/\/pagina10.com\/web\/calendarios-restriccion-vehicular-2014\/","url":"https:\/\/pagina10.com\/web\/calendarios-restriccion-vehicular-2014\/","name":"Calendarios restricci\u00f3n vehicular 2014 | P\u00e1gina10","isPartOf":{"@id":"https:\/\/pagina10.com\/web\/#website"},"primaryImageOfPage":{"@id":"https:\/\/pagina10.com\/web\/calendarios-restriccion-vehicular-2014\/#primaryimage"},"image":{"@id":"https:\/\/pagina10.com\/web\/calendarios-restriccion-vehicular-2014\/#primaryimage"},"thumbnailUrl":"https:\/\/pagina10.com\/web\/wp-content\/uploads\/2014\/01\/89bb3d37c75a1980fa425c8a066ec2db.jpg","datePublished":"2014-01-18T16:24:59+00:00","breadcrumb":{"@id":"https:\/\/pagina10.com\/web\/calendarios-restriccion-vehicular-2014\/#breadcrumb"},"inLanguage":"es","potentialAction":[{"@type":"ReadAction","target":["https:\/\/pagina10.com\/web\/calendarios-restriccion-vehicular-2014\/"]}]},{"@type":"ImageObject","inLanguage":"es","@id":"https:\/\/pagina10.com\/web\/calendarios-restriccion-vehicular-2014\/#primaryimage","url":"https:\/\/pagina10.com\/web\/wp-content\/uploads\/2014\/01\/89bb3d37c75a1980fa425c8a066ec2db.jpg","contentUrl":"https:\/\/pagina10.com\/web\/wp-content\/uploads\/2014\/01\/89bb3d37c75a1980fa425c8a066ec2db.jpg","width":657,"height":960},{"@type":"BreadcrumbList","@id":"https:\/\/pagina10.com\/web\/calendarios-restriccion-vehicular-2014\/#breadcrumb","itemListElement":[{"@type":"ListItem","position":1,"name":"Portada","item":"https:\/\/pagina10.com\/web\/"},{"@type":"ListItem","position":2,"name":"Calendarios restricci\u00f3n vehicular 2014"}]},{"@type":"WebSite","@id":"https:\/\/pagina10.com\/web\/#website","url":"https:\/\/pagina10.com\/web\/","name":"P\u00e1gina10","description":"Peri\u00f3dico Regional","publisher":{"@id":"https:\/\/pagina10.com\/web\/#organization"},"alternateName":"P\u00e1gina10 Peri\u00f3dico Regional","potentialAction":[{"@type":"SearchAction","target":{"@type":"EntryPoint","urlTemplate":"https:\/\/pagina10.com\/web\/?s={search_term_string}"},"query-input":{"@type":"PropertyValueSpecification","valueRequired":true,"valueName":"search_term_string"}}],"inLanguage":"es"},{"@type":"Organization","@id":"https:\/\/pagina10.com\/web\/#organization","name":"P\u00e1gina10","alternateName":"P\u00e1gina10 Peri\u00f3dico Regional","url":"https:\/\/pagina10.com\/web\/","logo":{"@type":"ImageObject","inLanguage":"es","@id":"https:\/\/pagina10.com\/web\/#\/schema\/logo\/image\/","url":"https:\/\/pagina10.com\/web\/wp-content\/uploads\/2024\/01\/40-pagina-10-periodico-regional-pasto.jpg","contentUrl":"https:\/\/pagina10.com\/web\/wp-content\/uploads\/2024\/01\/40-pagina-10-periodico-regional-pasto.jpg","width":1280,"height":720,"caption":"P\u00e1gina10"},"image":{"@id":"https:\/\/pagina10.com\/web\/#\/schema\/logo\/image\/"},"sameAs":["https:\/\/www.facebook.com\/pag10com","https:\/\/x.com\/Pag10com","https:\/\/www.instagram.com\/pagina10col\/","https:\/\/youtube.com\/channel\/pag10","https:\/\/www.tiktok.com\/@p10col"]},{"@type":"Person","@id":"https:\/\/pagina10.com\/web\/#\/schema\/person\/a7a5d38f0629dfc107f619fbae4f6cc3","name":"P\u00e1gina 10","description":"P\u00e1gina10.com es un peri\u00f3dico digital que nace en Colombia, en el departamento de Nari\u00f1o, con un enfoque global, fundamentado en cuatro pilares esenciales: la libertad, el pluralismo, la inclusi\u00f3n y la independencia. P\u00e1gina10.com hace referencia a Nari\u00f1o como el d\u00e9cimo departamento creado en Colombia, despu\u00e9s de un proceso pol\u00edtico liderado por actores y actrices regionales con el fin de obtener la independencia y autonom\u00eda de nuestros territorios. Con la creaci\u00f3n de P\u00e1gina10.com se pretende abrir un escenario para el dialogo, la reflexi\u00f3n y el debate que se extienda a otras geograf\u00edas de Am\u00e9rica Latina y del planeta, en una apuesta por transformar colectivamente los desaf\u00edos de un mundo contempor\u00e1neo, m\u00e1s all\u00e1 de las fronteras impuestas.","url":"https:\/\/pagina10.com\/web\/author\/mcepeda\/"}]}},"_links":{"self":[{"href":"https:\/\/pagina10.com\/web\/wp-json\/wp\/v2\/posts\/6193","targetHints":{"allow":["GET"]}}],"collection":[{"href":"https:\/\/pagina10.com\/web\/wp-json\/wp\/v2\/posts"}],"about":[{"href":"https:\/\/pagina10.com\/web\/wp-json\/wp\/v2\/types\/post"}],"author":[{"embeddable":true,"href":"https:\/\/pagina10.com\/web\/wp-json\/wp\/v2\/users\/29"}],"replies":[{"embeddable":true,"href":"https:\/\/pagina10.com\/web\/wp-json\/wp\/v2\/comments?post=6193"}],"version-history":[{"count":0,"href":"https:\/\/pagina10.com\/web\/wp-json\/wp\/v2\/posts\/6193\/revisions"}],"wp:featuredmedia":[{"embeddable":true,"href":"https:\/\/pagina10.com\/web\/wp-json\/wp\/v2\/media\/6192"}],"wp:attachment":[{"href":"https:\/\/pagina10.com\/web\/wp-json\/wp\/v2\/media?parent=6193"}],"wp:term":[{"taxonomy":"category","embeddable":true,"href":"https:\/\/pagina10.com\/web\/wp-json\/wp\/v2\/categories?post=6193"},{"taxonomy":"post_tag","embeddable":true,"href":"https:\/\/pagina10.com\/web\/wp-json\/wp\/v2\/tags?post=6193"}],"curies":[{"name":"wp","href":"https:\/\/api.w.org\/{rel}","templated":true}]}}