{"id":61934,"date":"2022-09-29T12:23:51","date_gmt":"2022-09-29T17:23:51","guid":{"rendered":"https:\/\/pagina10.com\/web\/?p=61934"},"modified":"2022-09-29T12:23:51","modified_gmt":"2022-09-29T17:23:51","slug":"aprobado-en-primer-debate-proyecto-para-reducir-salarios-de-congresistas","status":"publish","type":"post","link":"https:\/\/pagina10.com\/web\/aprobado-en-primer-debate-proyecto-para-reducir-salarios-de-congresistas\/","title":{"rendered":"Aprobado en primer debate proyecto para reducir salarios de congresistas"},"content":{"rendered":"<p>En sesi\u00f3n de la comisi\u00f3n primera del Senado se llev\u00f3 a cabo el debate de Acto Legislativo \u201cPor medio del cual se reduce el n\u00famero de miembros del Congreso de la Rep\u00fablica de Colombia, se realiza una reducci\u00f3n salarial y se dictan otras disposiciones\u201d.<\/p>\n<p>Los dos principales art\u00edculos del proyecto indican que el salario de los congresistas no ser\u00e1 superior a 23 SMLV a partir del 2026 y este no ser\u00e1 tomado en cuenta para definir los salarios de los dem\u00e1s funcionarios p\u00fablicos.<\/p>\n<p>Adem\u00e1s, se establece de manera transitoria que los congresistas y los altos mandos del Estado tendr\u00e1n un impuesto del 20% al salario del a\u00f1o 2022 a 2026, impuesto que en \u00e9poca de pandemia se conoci\u00f3 como \u201cimpuesto solidario\u201d y que se implementar\u00eda hasta que se establezca permanentemente en la reforma tributaria que est\u00e1 en curso.<\/p>\n<p>La senadora del Centro Democr\u00e1tico Paloma Valencia, ponente y autora de este proyecto, expuso que el Acto Legislativo fue modificado gracias a un acuerdo que logr\u00f3 con senadores de diferentes partidos, incluidos los de la bancada de gobierno, con lo cual se modificaron los cuatro art\u00edculos de la propuesta expuestos inicialmente.<\/p>\n","protected":false},"excerpt":{"rendered":"<p>En sesi\u00f3n de la comisi\u00f3n primera del Senado se llev\u00f3 a cabo el debate de Acto Legislativo \u201cPor medio del cual se reduce el n\u00famero de miembros del Congreso de la Rep\u00fablica de Colombia, se realiza una reducci\u00f3n salarial y se dictan otras disposiciones\u201d. Los dos principales art\u00edculos del proyecto indican que el salario de [&hellip;]<\/p>\n","protected":false},"author":1,"featured_media":61935,"comment_status":"open","ping_status":"open","sticky":false,"template":"","format":"standard","meta":{"footnotes":""},"categories":[94],"tags":[],"class_list":["post-61934","post","type-post","status-publish","format-standard","has-post-thumbnail","hentry","category-nacional-global-2"],"yoast_head":"<!-- This site is optimized with the Yoast SEO plugin v27.1.1 - https:\/\/yoast.com\/product\/yoast-seo-wordpress\/ -->\n<title>Aprobado en primer debate proyecto para reducir salarios de congresistas | P\u00e1gina10<\/title>\n<meta name=\"robots\" content=\"index, follow, max-snippet:-1, max-image-preview:large, max-video-preview:-1\" \/>\n<link rel=\"canonical\" href=\"https:\/\/pagina10.com\/web\/aprobado-en-primer-debate-proyecto-para-reducir-salarios-de-congresistas\/\" \/>\n<meta property=\"og:locale\" content=\"es_ES\" \/>\n<meta property=\"og:type\" content=\"article\" \/>\n<meta property=\"og:title\" content=\"Aprobado en primer debate proyecto para reducir salarios de congresistas | P\u00e1gina10\" \/>\n<meta property=\"og:description\" content=\"En sesi\u00f3n de la comisi\u00f3n primera del Senado se llev\u00f3 a cabo el debate de Acto Legislativo \u201cPor medio del cual se reduce el n\u00famero de miembros del Congreso de la Rep\u00fablica de Colombia, se realiza una reducci\u00f3n salarial y se dictan otras disposiciones\u201d. Los dos principales art\u00edculos del proyecto indican que el salario de [&hellip;]\" \/>\n<meta property=\"og:url\" content=\"https:\/\/pagina10.com\/web\/aprobado-en-primer-debate-proyecto-para-reducir-salarios-de-congresistas\/\" \/>\n<meta property=\"og:site_name\" content=\"P\u00e1gina10\" \/>\n<meta property=\"article:publisher\" content=\"https:\/\/www.facebook.com\/pag10com\" \/>\n<meta property=\"article:published_time\" content=\"2022-09-29T17:23:51+00:00\" \/>\n<meta property=\"og:image\" content=\"https:\/\/pagina10.com\/web\/wp-content\/uploads\/2022\/09\/Alt_salario_congresistas_debate.jpg\" \/>\n\t<meta property=\"og:image:width\" content=\"662\" \/>\n\t<meta property=\"og:image:height\" content=\"345\" \/>\n\t<meta property=\"og:image:type\" content=\"image\/jpeg\" \/>\n<meta name=\"author\" content=\"P\u00e1gina 10\" \/>\n<meta name=\"twitter:card\" content=\"summary_large_image\" \/>\n<meta name=\"twitter:creator\" content=\"@Pag10com\" \/>\n<meta name=\"twitter:site\" content=\"@Pag10com\" \/>\n<meta name=\"twitter:label1\" content=\"Escrito por\" \/>\n\t<meta name=\"twitter:data1\" content=\"P\u00e1gina 10\" \/>\n\t<meta name=\"twitter:label2\" content=\"Tiempo de lectura\" \/>\n\t<meta name=\"twitter:data2\" content=\"1 minuto\" \/>\n<script type=\"application\/ld+json\" class=\"yoast-schema-graph\">{\"@context\":\"https:\/\/schema.org\",\"@graph\":[{\"@type\":\"Article\",\"@id\":\"https:\/\/pagina10.com\/web\/aprobado-en-primer-debate-proyecto-para-reducir-salarios-de-congresistas\/#article\",\"isPartOf\":{\"@id\":\"https:\/\/pagina10.com\/web\/aprobado-en-primer-debate-proyecto-para-reducir-salarios-de-congresistas\/\"},\"author\":{\"name\":\"P\u00e1gina 10\",\"@id\":\"https:\/\/pagina10.com\/web\/#\/schema\/person\/2efc4a090d25b667d3bc796798a3a81b\"},\"headline\":\"Aprobado en primer debate proyecto para reducir salarios de congresistas\",\"datePublished\":\"2022-09-29T17:23:51+00:00\",\"mainEntityOfPage\":{\"@id\":\"https:\/\/pagina10.com\/web\/aprobado-en-primer-debate-proyecto-para-reducir-salarios-de-congresistas\/\"},\"wordCount\":208,\"commentCount\":0,\"publisher\":{\"@id\":\"https:\/\/pagina10.com\/web\/#organization\"},\"image\":{\"@id\":\"https:\/\/pagina10.com\/web\/aprobado-en-primer-debate-proyecto-para-reducir-salarios-de-congresistas\/#primaryimage\"},\"thumbnailUrl\":\"https:\/\/pagina10.com\/web\/wp-content\/uploads\/2022\/09\/Alt_salario_congresistas_debate.jpg\",\"articleSection\":[\"Nacional\"],\"inLanguage\":\"es\",\"potentialAction\":[{\"@type\":\"CommentAction\",\"name\":\"Comment\",\"target\":[\"https:\/\/pagina10.com\/web\/aprobado-en-primer-debate-proyecto-para-reducir-salarios-de-congresistas\/#respond\"]}]},{\"@type\":\"WebPage\",\"@id\":\"https:\/\/pagina10.com\/web\/aprobado-en-primer-debate-proyecto-para-reducir-salarios-de-congresistas\/\",\"url\":\"https:\/\/pagina10.com\/web\/aprobado-en-primer-debate-proyecto-para-reducir-salarios-de-congresistas\/\",\"name\":\"Aprobado en primer debate proyecto para reducir salarios de congresistas | P\u00e1gina10\",\"isPartOf\":{\"@id\":\"https:\/\/pagina10.com\/web\/#website\"},\"primaryImageOfPage\":{\"@id\":\"https:\/\/pagina10.com\/web\/aprobado-en-primer-debate-proyecto-para-reducir-salarios-de-congresistas\/#primaryimage\"},\"image\":{\"@id\":\"https:\/\/pagina10.com\/web\/aprobado-en-primer-debate-proyecto-para-reducir-salarios-de-congresistas\/#primaryimage\"},\"thumbnailUrl\":\"https:\/\/pagina10.com\/web\/wp-content\/uploads\/2022\/09\/Alt_salario_congresistas_debate.jpg\",\"datePublished\":\"2022-09-29T17:23:51+00:00\",\"breadcrumb\":{\"@id\":\"https:\/\/pagina10.com\/web\/aprobado-en-primer-debate-proyecto-para-reducir-salarios-de-congresistas\/#breadcrumb\"},\"inLanguage\":\"es\",\"potentialAction\":[{\"@type\":\"ReadAction\",\"target\":[\"https:\/\/pagina10.com\/web\/aprobado-en-primer-debate-proyecto-para-reducir-salarios-de-congresistas\/\"]}]},{\"@type\":\"ImageObject\",\"inLanguage\":\"es\",\"@id\":\"https:\/\/pagina10.com\/web\/aprobado-en-primer-debate-proyecto-para-reducir-salarios-de-congresistas\/#primaryimage\",\"url\":\"https:\/\/pagina10.com\/web\/wp-content\/uploads\/2022\/09\/Alt_salario_congresistas_debate.jpg\",\"contentUrl\":\"https:\/\/pagina10.com\/web\/wp-content\/uploads\/2022\/09\/Alt_salario_congresistas_debate.jpg\",\"width\":662,\"height\":345},{\"@type\":\"BreadcrumbList\",\"@id\":\"https:\/\/pagina10.com\/web\/aprobado-en-primer-debate-proyecto-para-reducir-salarios-de-congresistas\/#breadcrumb\",\"itemListElement\":[{\"@type\":\"ListItem\",\"position\":1,\"name\":\"Portada\",\"item\":\"https:\/\/pagina10.com\/web\/\"},{\"@type\":\"ListItem\",\"position\":2,\"name\":\"Aprobado en primer debate proyecto para reducir salarios de congresistas\"}]},{\"@type\":\"WebSite\",\"@id\":\"https:\/\/pagina10.com\/web\/#website\",\"url\":\"https:\/\/pagina10.com\/web\/\",\"name\":\"P\u00e1gina10\",\"description\":\"Peri\u00f3dico Regional\",\"publisher\":{\"@id\":\"https:\/\/pagina10.com\/web\/#organization\"},\"alternateName\":\"P\u00e1gina10 Peri\u00f3dico Regional\",\"potentialAction\":[{\"@type\":\"SearchAction\",\"target\":{\"@type\":\"EntryPoint\",\"urlTemplate\":\"https:\/\/pagina10.com\/web\/?s={search_term_string}\"},\"query-input\":{\"@type\":\"PropertyValueSpecification\",\"valueRequired\":true,\"valueName\":\"search_term_string\"}}],\"inLanguage\":\"es\"},{\"@type\":\"Organization\",\"@id\":\"https:\/\/pagina10.com\/web\/#organization\",\"name\":\"P\u00e1gina10\",\"alternateName\":\"P\u00e1gina10 Peri\u00f3dico Regional\",\"url\":\"https:\/\/pagina10.com\/web\/\",\"logo\":{\"@type\":\"ImageObject\",\"inLanguage\":\"es\",\"@id\":\"https:\/\/pagina10.com\/web\/#\/schema\/logo\/image\/\",\"url\":\"https:\/\/pagina10.com\/web\/wp-content\/uploads\/2024\/01\/40-pagina-10-periodico-regional-pasto.jpg\",\"contentUrl\":\"https:\/\/pagina10.com\/web\/wp-content\/uploads\/2024\/01\/40-pagina-10-periodico-regional-pasto.jpg\",\"width\":1280,\"height\":720,\"caption\":\"P\u00e1gina10\"},\"image\":{\"@id\":\"https:\/\/pagina10.com\/web\/#\/schema\/logo\/image\/\"},\"sameAs\":[\"https:\/\/www.facebook.com\/pag10com\",\"https:\/\/x.com\/Pag10com\",\"https:\/\/www.instagram.com\/pagina10col\/\",\"https:\/\/youtube.com\/channel\/pag10\",\"https:\/\/www.tiktok.com\/@p10col\"]},{\"@type\":\"Person\",\"@id\":\"https:\/\/pagina10.com\/web\/#\/schema\/person\/2efc4a090d25b667d3bc796798a3a81b\",\"name\":\"P\u00e1gina 10\",\"description\":\"P\u00e1gina 10 es un peri\u00f3dico regional que nace en Colombia, en el departamento de Nari\u00f1o, con un enfoque global, fundamentado en cuatro pilares esenciales: la libertad, el pluralismo, la inclusi\u00f3n y la independencia. P\u00e1gina 10 hace referencia a Nari\u00f1o como el d\u00e9cimo departamento creado en Colombia, despu\u00e9s de un proceso pol\u00edtico liderado por actores y actrices regionales con el fin de obtener la independencia y autonom\u00eda de nuestros territorios. Con la creaci\u00f3n de P\u00e1gina 10 se pretende abrir un escenario para el dialogo, la reflexi\u00f3n y el debate que se extienda a otras geograf\u00edas de Am\u00e9rica Latina y del planeta, en una apuesta por transformar colectivamente los desaf\u00edos de un mundo contempor\u00e1neo, m\u00e1s all\u00e1 de las fronteras impuestas.\",\"url\":\"https:\/\/pagina10.com\/web\/author\/pdiezadmin\/\"}]}<\/script>\n<!-- \/ Yoast SEO plugin. -->","yoast_head_json":{"title":"Aprobado en primer debate proyecto para reducir salarios de congresistas | P\u00e1gina10","robots":{"index":"index","follow":"follow","max-snippet":"max-snippet:-1","max-image-preview":"max-image-preview:large","max-video-preview":"max-video-preview:-1"},"canonical":"https:\/\/pagina10.com\/web\/aprobado-en-primer-debate-proyecto-para-reducir-salarios-de-congresistas\/","og_locale":"es_ES","og_type":"article","og_title":"Aprobado en primer debate proyecto para reducir salarios de congresistas | P\u00e1gina10","og_description":"En sesi\u00f3n de la comisi\u00f3n primera del Senado se llev\u00f3 a cabo el debate de Acto Legislativo \u201cPor medio del cual se reduce el n\u00famero de miembros del Congreso de la Rep\u00fablica de Colombia, se realiza una reducci\u00f3n salarial y se dictan otras disposiciones\u201d. Los dos principales art\u00edculos del proyecto indican que el salario de [&hellip;]","og_url":"https:\/\/pagina10.com\/web\/aprobado-en-primer-debate-proyecto-para-reducir-salarios-de-congresistas\/","og_site_name":"P\u00e1gina10","article_publisher":"https:\/\/www.facebook.com\/pag10com","article_published_time":"2022-09-29T17:23:51+00:00","og_image":[{"width":662,"height":345,"url":"https:\/\/pagina10.com\/web\/wp-content\/uploads\/2022\/09\/Alt_salario_congresistas_debate.jpg","type":"image\/jpeg"}],"author":"P\u00e1gina 10","twitter_card":"summary_large_image","twitter_creator":"@Pag10com","twitter_site":"@Pag10com","twitter_misc":{"Escrito por":"P\u00e1gina 10","Tiempo de lectura":"1 minuto"},"schema":{"@context":"https:\/\/schema.org","@graph":[{"@type":"Article","@id":"https:\/\/pagina10.com\/web\/aprobado-en-primer-debate-proyecto-para-reducir-salarios-de-congresistas\/#article","isPartOf":{"@id":"https:\/\/pagina10.com\/web\/aprobado-en-primer-debate-proyecto-para-reducir-salarios-de-congresistas\/"},"author":{"name":"P\u00e1gina 10","@id":"https:\/\/pagina10.com\/web\/#\/schema\/person\/2efc4a090d25b667d3bc796798a3a81b"},"headline":"Aprobado en primer debate proyecto para reducir salarios de congresistas","datePublished":"2022-09-29T17:23:51+00:00","mainEntityOfPage":{"@id":"https:\/\/pagina10.com\/web\/aprobado-en-primer-debate-proyecto-para-reducir-salarios-de-congresistas\/"},"wordCount":208,"commentCount":0,"publisher":{"@id":"https:\/\/pagina10.com\/web\/#organization"},"image":{"@id":"https:\/\/pagina10.com\/web\/aprobado-en-primer-debate-proyecto-para-reducir-salarios-de-congresistas\/#primaryimage"},"thumbnailUrl":"https:\/\/pagina10.com\/web\/wp-content\/uploads\/2022\/09\/Alt_salario_congresistas_debate.jpg","articleSection":["Nacional"],"inLanguage":"es","potentialAction":[{"@type":"CommentAction","name":"Comment","target":["https:\/\/pagina10.com\/web\/aprobado-en-primer-debate-proyecto-para-reducir-salarios-de-congresistas\/#respond"]}]},{"@type":"WebPage","@id":"https:\/\/pagina10.com\/web\/aprobado-en-primer-debate-proyecto-para-reducir-salarios-de-congresistas\/","url":"https:\/\/pagina10.com\/web\/aprobado-en-primer-debate-proyecto-para-reducir-salarios-de-congresistas\/","name":"Aprobado en primer debate proyecto para reducir salarios de congresistas | P\u00e1gina10","isPartOf":{"@id":"https:\/\/pagina10.com\/web\/#website"},"primaryImageOfPage":{"@id":"https:\/\/pagina10.com\/web\/aprobado-en-primer-debate-proyecto-para-reducir-salarios-de-congresistas\/#primaryimage"},"image":{"@id":"https:\/\/pagina10.com\/web\/aprobado-en-primer-debate-proyecto-para-reducir-salarios-de-congresistas\/#primaryimage"},"thumbnailUrl":"https:\/\/pagina10.com\/web\/wp-content\/uploads\/2022\/09\/Alt_salario_congresistas_debate.jpg","datePublished":"2022-09-29T17:23:51+00:00","breadcrumb":{"@id":"https:\/\/pagina10.com\/web\/aprobado-en-primer-debate-proyecto-para-reducir-salarios-de-congresistas\/#breadcrumb"},"inLanguage":"es","potentialAction":[{"@type":"ReadAction","target":["https:\/\/pagina10.com\/web\/aprobado-en-primer-debate-proyecto-para-reducir-salarios-de-congresistas\/"]}]},{"@type":"ImageObject","inLanguage":"es","@id":"https:\/\/pagina10.com\/web\/aprobado-en-primer-debate-proyecto-para-reducir-salarios-de-congresistas\/#primaryimage","url":"https:\/\/pagina10.com\/web\/wp-content\/uploads\/2022\/09\/Alt_salario_congresistas_debate.jpg","contentUrl":"https:\/\/pagina10.com\/web\/wp-content\/uploads\/2022\/09\/Alt_salario_congresistas_debate.jpg","width":662,"height":345},{"@type":"BreadcrumbList","@id":"https:\/\/pagina10.com\/web\/aprobado-en-primer-debate-proyecto-para-reducir-salarios-de-congresistas\/#breadcrumb","itemListElement":[{"@type":"ListItem","position":1,"name":"Portada","item":"https:\/\/pagina10.com\/web\/"},{"@type":"ListItem","position":2,"name":"Aprobado en primer debate proyecto para reducir salarios de congresistas"}]},{"@type":"WebSite","@id":"https:\/\/pagina10.com\/web\/#website","url":"https:\/\/pagina10.com\/web\/","name":"P\u00e1gina10","description":"Peri\u00f3dico Regional","publisher":{"@id":"https:\/\/pagina10.com\/web\/#organization"},"alternateName":"P\u00e1gina10 Peri\u00f3dico Regional","potentialAction":[{"@type":"SearchAction","target":{"@type":"EntryPoint","urlTemplate":"https:\/\/pagina10.com\/web\/?s={search_term_string}"},"query-input":{"@type":"PropertyValueSpecification","valueRequired":true,"valueName":"search_term_string"}}],"inLanguage":"es"},{"@type":"Organization","@id":"https:\/\/pagina10.com\/web\/#organization","name":"P\u00e1gina10","alternateName":"P\u00e1gina10 Peri\u00f3dico Regional","url":"https:\/\/pagina10.com\/web\/","logo":{"@type":"ImageObject","inLanguage":"es","@id":"https:\/\/pagina10.com\/web\/#\/schema\/logo\/image\/","url":"https:\/\/pagina10.com\/web\/wp-content\/uploads\/2024\/01\/40-pagina-10-periodico-regional-pasto.jpg","contentUrl":"https:\/\/pagina10.com\/web\/wp-content\/uploads\/2024\/01\/40-pagina-10-periodico-regional-pasto.jpg","width":1280,"height":720,"caption":"P\u00e1gina10"},"image":{"@id":"https:\/\/pagina10.com\/web\/#\/schema\/logo\/image\/"},"sameAs":["https:\/\/www.facebook.com\/pag10com","https:\/\/x.com\/Pag10com","https:\/\/www.instagram.com\/pagina10col\/","https:\/\/youtube.com\/channel\/pag10","https:\/\/www.tiktok.com\/@p10col"]},{"@type":"Person","@id":"https:\/\/pagina10.com\/web\/#\/schema\/person\/2efc4a090d25b667d3bc796798a3a81b","name":"P\u00e1gina 10","description":"P\u00e1gina 10 es un peri\u00f3dico regional que nace en Colombia, en el departamento de Nari\u00f1o, con un enfoque global, fundamentado en cuatro pilares esenciales: la libertad, el pluralismo, la inclusi\u00f3n y la independencia. P\u00e1gina 10 hace referencia a Nari\u00f1o como el d\u00e9cimo departamento creado en Colombia, despu\u00e9s de un proceso pol\u00edtico liderado por actores y actrices regionales con el fin de obtener la independencia y autonom\u00eda de nuestros territorios. Con la creaci\u00f3n de P\u00e1gina 10 se pretende abrir un escenario para el dialogo, la reflexi\u00f3n y el debate que se extienda a otras geograf\u00edas de Am\u00e9rica Latina y del planeta, en una apuesta por transformar colectivamente los desaf\u00edos de un mundo contempor\u00e1neo, m\u00e1s all\u00e1 de las fronteras impuestas.","url":"https:\/\/pagina10.com\/web\/author\/pdiezadmin\/"}]}},"_links":{"self":[{"href":"https:\/\/pagina10.com\/web\/wp-json\/wp\/v2\/posts\/61934","targetHints":{"allow":["GET"]}}],"collection":[{"href":"https:\/\/pagina10.com\/web\/wp-json\/wp\/v2\/posts"}],"about":[{"href":"https:\/\/pagina10.com\/web\/wp-json\/wp\/v2\/types\/post"}],"author":[{"embeddable":true,"href":"https:\/\/pagina10.com\/web\/wp-json\/wp\/v2\/users\/1"}],"replies":[{"embeddable":true,"href":"https:\/\/pagina10.com\/web\/wp-json\/wp\/v2\/comments?post=61934"}],"version-history":[{"count":1,"href":"https:\/\/pagina10.com\/web\/wp-json\/wp\/v2\/posts\/61934\/revisions"}],"predecessor-version":[{"id":61936,"href":"https:\/\/pagina10.com\/web\/wp-json\/wp\/v2\/posts\/61934\/revisions\/61936"}],"wp:featuredmedia":[{"embeddable":true,"href":"https:\/\/pagina10.com\/web\/wp-json\/wp\/v2\/media\/61935"}],"wp:attachment":[{"href":"https:\/\/pagina10.com\/web\/wp-json\/wp\/v2\/media?parent=61934"}],"wp:term":[{"taxonomy":"category","embeddable":true,"href":"https:\/\/pagina10.com\/web\/wp-json\/wp\/v2\/categories?post=61934"},{"taxonomy":"post_tag","embeddable":true,"href":"https:\/\/pagina10.com\/web\/wp-json\/wp\/v2\/tags?post=61934"}],"curies":[{"name":"wp","href":"https:\/\/api.w.org\/{rel}","templated":true}]}}