{"id":61952,"date":"2022-09-29T21:28:17","date_gmt":"2022-09-30T02:28:17","guid":{"rendered":"https:\/\/pagina10.com\/web\/?p=61952"},"modified":"2022-09-29T21:28:17","modified_gmt":"2022-09-30T02:28:17","slug":"cae-la-banda-dulces-suenos-drogaban-a-sus-victimas-para-robarles-sus-pertenencias","status":"publish","type":"post","link":"https:\/\/pagina10.com\/web\/cae-la-banda-dulces-suenos-drogaban-a-sus-victimas-para-robarles-sus-pertenencias\/","title":{"rendered":"Cae la banda \u2018Dulces Sue\u00f1os\u2019: Drogaban a sus v\u00edctimas para robarles sus pertenencias"},"content":{"rendered":"<p style=\"text-align: justify;\">El material probatorio recaudado por un fiscal de la Estructura de Apoyo, adscrito al CTI, permiti\u00f3 que un juez penal de Pasto enviara a la c\u00e1rcel a cuatro presuntos integrantes de la banda Dulce Sue\u00f1os, dedicada al hurto calificado mediante el suministro de escopolamina y otras sustancias.<\/p>\n<p style=\"text-align: justify;\">El ente investigador les imput\u00f3 cargos a Paola Andrea Delgado, alias Tatiana, Nathalia Vanesa Cando Pantoja, alias Leidy, Danilo Esteban Erira Vallejos, alias Danilo, Darwin Fernando Rivera Inga, alias Fernando, y David Santiago Rodr\u00edguez, alias Juan, por su presunta participaci\u00f3n en los delitos de concierto para delinquir, hurto calificado y agravado, porte de sustancias, secuestro simple agravado y porte de armas de fuego y receptaci\u00f3n.<\/p>\n<p style=\"text-align: justify;\">A alias Juan, el juez le impuso medida de aseguramiento no privativa de la libertad, pero sigue vinculado al proceso penal. De acuerdo con la investigaci\u00f3n, la estructura criminal Dulces Sue\u00f1os estaba dedicada al hurto de personas, veh\u00edculos y residencias. Para doblegar la voluntad de las v\u00edctimas, las mujeres presuntamente sal\u00edan acompa\u00f1adas a discotecas y bares y suministraban sustancias como escopolamina en bebidas a sus v\u00edctimas.<\/p>\n<p style=\"text-align: justify;\">Tambi\u00e9n eran utilizadas pastillas de Clonazepam, Rivotril y Lorazepam. La Fiscal\u00eda logr\u00f3 asociar 10 casos y 7 noticias criminales que evidenciaron el modo como delinqu\u00eda esta organizaci\u00f3n delictiva y la individualizaci\u00f3n de sus presuntos integrantes, de acuerdo con la descripci\u00f3n de las v\u00edctimas.<\/p>\n<p style=\"text-align: justify;\">Los cinco presuntos miembros de Dulces Sue\u00f1os fueron detenidos durante operativos realizados por servidores del CTI junto con unidades del Grupo de Operaciones Especiales de la Polic\u00eda Nacional en Pasto, T\u00faquerres e Ipiales. En una de las viviendas de los capturados fueron encontrados pastillas de Lorazepam. Ninguno de los 4 asegurados en establecimiento carcelario se acogi\u00f3 a los cargos.<\/p>\n","protected":false},"excerpt":{"rendered":"<p>El material probatorio recaudado por un fiscal de la Estructura de Apoyo, adscrito al CTI, permiti\u00f3 que un juez penal de Pasto enviara a la c\u00e1rcel a cuatro presuntos integrantes de la banda Dulce Sue\u00f1os, dedicada al hurto calificado mediante el suministro de escopolamina y otras sustancias. El ente investigador les imput\u00f3 cargos a Paola [&hellip;]<\/p>\n","protected":false},"author":1,"featured_media":61953,"comment_status":"open","ping_status":"open","sticky":false,"template":"","format":"standard","meta":{"footnotes":""},"categories":[61],"tags":[],"class_list":["post-61952","post","type-post","status-publish","format-standard","has-post-thumbnail","hentry","category-judicial"],"yoast_head":"<!-- This site is optimized with the Yoast SEO plugin v27.1.1 - https:\/\/yoast.com\/product\/yoast-seo-wordpress\/ -->\n<title>Cae la banda \u2018Dulces Sue\u00f1os\u2019: Drogaban a sus v\u00edctimas para robarles sus pertenencias | P\u00e1gina10<\/title>\n<meta name=\"robots\" content=\"index, follow, max-snippet:-1, max-image-preview:large, max-video-preview:-1\" \/>\n<link rel=\"canonical\" href=\"https:\/\/pagina10.com\/web\/cae-la-banda-dulces-suenos-drogaban-a-sus-victimas-para-robarles-sus-pertenencias\/\" \/>\n<meta property=\"og:locale\" content=\"es_ES\" \/>\n<meta property=\"og:type\" content=\"article\" \/>\n<meta property=\"og:title\" content=\"Cae la banda \u2018Dulces Sue\u00f1os\u2019: Drogaban a sus v\u00edctimas para robarles sus pertenencias | P\u00e1gina10\" \/>\n<meta property=\"og:description\" content=\"El material probatorio recaudado por un fiscal de la Estructura de Apoyo, adscrito al CTI, permiti\u00f3 que un juez penal de Pasto enviara a la c\u00e1rcel a cuatro presuntos integrantes de la banda Dulce Sue\u00f1os, dedicada al hurto calificado mediante el suministro de escopolamina y otras sustancias. El ente investigador les imput\u00f3 cargos a Paola [&hellip;]\" \/>\n<meta property=\"og:url\" content=\"https:\/\/pagina10.com\/web\/cae-la-banda-dulces-suenos-drogaban-a-sus-victimas-para-robarles-sus-pertenencias\/\" \/>\n<meta property=\"og:site_name\" content=\"P\u00e1gina10\" \/>\n<meta property=\"article:publisher\" content=\"https:\/\/www.facebook.com\/pag10com\" \/>\n<meta property=\"article:published_time\" content=\"2022-09-30T02:28:17+00:00\" \/>\n<meta property=\"og:image\" content=\"https:\/\/pagina10.com\/web\/wp-content\/uploads\/2022\/09\/WhatsApp-Image-2022-09-29-at-11.23.36-AM.jpeg\" \/>\n\t<meta property=\"og:image:width\" content=\"1280\" \/>\n\t<meta property=\"og:image:height\" content=\"720\" \/>\n\t<meta property=\"og:image:type\" content=\"image\/jpeg\" \/>\n<meta name=\"author\" content=\"P\u00e1gina 10\" \/>\n<meta name=\"twitter:card\" content=\"summary_large_image\" \/>\n<meta name=\"twitter:creator\" content=\"@Pag10com\" \/>\n<meta name=\"twitter:site\" content=\"@Pag10com\" \/>\n<meta name=\"twitter:label1\" content=\"Escrito por\" \/>\n\t<meta name=\"twitter:data1\" content=\"P\u00e1gina 10\" \/>\n\t<meta name=\"twitter:label2\" content=\"Tiempo de lectura\" \/>\n\t<meta name=\"twitter:data2\" content=\"1 minuto\" \/>\n<script type=\"application\/ld+json\" class=\"yoast-schema-graph\">{\"@context\":\"https:\/\/schema.org\",\"@graph\":[{\"@type\":\"Article\",\"@id\":\"https:\/\/pagina10.com\/web\/cae-la-banda-dulces-suenos-drogaban-a-sus-victimas-para-robarles-sus-pertenencias\/#article\",\"isPartOf\":{\"@id\":\"https:\/\/pagina10.com\/web\/cae-la-banda-dulces-suenos-drogaban-a-sus-victimas-para-robarles-sus-pertenencias\/\"},\"author\":{\"name\":\"P\u00e1gina 10\",\"@id\":\"https:\/\/pagina10.com\/web\/#\/schema\/person\/2efc4a090d25b667d3bc796798a3a81b\"},\"headline\":\"Cae la banda \u2018Dulces Sue\u00f1os\u2019: Drogaban a sus v\u00edctimas para robarles sus pertenencias\",\"datePublished\":\"2022-09-30T02:28:17+00:00\",\"mainEntityOfPage\":{\"@id\":\"https:\/\/pagina10.com\/web\/cae-la-banda-dulces-suenos-drogaban-a-sus-victimas-para-robarles-sus-pertenencias\/\"},\"wordCount\":314,\"commentCount\":0,\"publisher\":{\"@id\":\"https:\/\/pagina10.com\/web\/#organization\"},\"image\":{\"@id\":\"https:\/\/pagina10.com\/web\/cae-la-banda-dulces-suenos-drogaban-a-sus-victimas-para-robarles-sus-pertenencias\/#primaryimage\"},\"thumbnailUrl\":\"https:\/\/pagina10.com\/web\/wp-content\/uploads\/2022\/09\/WhatsApp-Image-2022-09-29-at-11.23.36-AM.jpeg\",\"articleSection\":[\"Judicial\"],\"inLanguage\":\"es\",\"potentialAction\":[{\"@type\":\"CommentAction\",\"name\":\"Comment\",\"target\":[\"https:\/\/pagina10.com\/web\/cae-la-banda-dulces-suenos-drogaban-a-sus-victimas-para-robarles-sus-pertenencias\/#respond\"]}]},{\"@type\":\"WebPage\",\"@id\":\"https:\/\/pagina10.com\/web\/cae-la-banda-dulces-suenos-drogaban-a-sus-victimas-para-robarles-sus-pertenencias\/\",\"url\":\"https:\/\/pagina10.com\/web\/cae-la-banda-dulces-suenos-drogaban-a-sus-victimas-para-robarles-sus-pertenencias\/\",\"name\":\"Cae la banda \u2018Dulces Sue\u00f1os\u2019: Drogaban a sus v\u00edctimas para robarles sus pertenencias | P\u00e1gina10\",\"isPartOf\":{\"@id\":\"https:\/\/pagina10.com\/web\/#website\"},\"primaryImageOfPage\":{\"@id\":\"https:\/\/pagina10.com\/web\/cae-la-banda-dulces-suenos-drogaban-a-sus-victimas-para-robarles-sus-pertenencias\/#primaryimage\"},\"image\":{\"@id\":\"https:\/\/pagina10.com\/web\/cae-la-banda-dulces-suenos-drogaban-a-sus-victimas-para-robarles-sus-pertenencias\/#primaryimage\"},\"thumbnailUrl\":\"https:\/\/pagina10.com\/web\/wp-content\/uploads\/2022\/09\/WhatsApp-Image-2022-09-29-at-11.23.36-AM.jpeg\",\"datePublished\":\"2022-09-30T02:28:17+00:00\",\"breadcrumb\":{\"@id\":\"https:\/\/pagina10.com\/web\/cae-la-banda-dulces-suenos-drogaban-a-sus-victimas-para-robarles-sus-pertenencias\/#breadcrumb\"},\"inLanguage\":\"es\",\"potentialAction\":[{\"@type\":\"ReadAction\",\"target\":[\"https:\/\/pagina10.com\/web\/cae-la-banda-dulces-suenos-drogaban-a-sus-victimas-para-robarles-sus-pertenencias\/\"]}]},{\"@type\":\"ImageObject\",\"inLanguage\":\"es\",\"@id\":\"https:\/\/pagina10.com\/web\/cae-la-banda-dulces-suenos-drogaban-a-sus-victimas-para-robarles-sus-pertenencias\/#primaryimage\",\"url\":\"https:\/\/pagina10.com\/web\/wp-content\/uploads\/2022\/09\/WhatsApp-Image-2022-09-29-at-11.23.36-AM.jpeg\",\"contentUrl\":\"https:\/\/pagina10.com\/web\/wp-content\/uploads\/2022\/09\/WhatsApp-Image-2022-09-29-at-11.23.36-AM.jpeg\",\"width\":1280,\"height\":720},{\"@type\":\"BreadcrumbList\",\"@id\":\"https:\/\/pagina10.com\/web\/cae-la-banda-dulces-suenos-drogaban-a-sus-victimas-para-robarles-sus-pertenencias\/#breadcrumb\",\"itemListElement\":[{\"@type\":\"ListItem\",\"position\":1,\"name\":\"Portada\",\"item\":\"https:\/\/pagina10.com\/web\/\"},{\"@type\":\"ListItem\",\"position\":2,\"name\":\"Cae la banda \u2018Dulces Sue\u00f1os\u2019: Drogaban a sus v\u00edctimas para robarles sus pertenencias\"}]},{\"@type\":\"WebSite\",\"@id\":\"https:\/\/pagina10.com\/web\/#website\",\"url\":\"https:\/\/pagina10.com\/web\/\",\"name\":\"P\u00e1gina10\",\"description\":\"Peri\u00f3dico Regional\",\"publisher\":{\"@id\":\"https:\/\/pagina10.com\/web\/#organization\"},\"alternateName\":\"P\u00e1gina10 Peri\u00f3dico Regional\",\"potentialAction\":[{\"@type\":\"SearchAction\",\"target\":{\"@type\":\"EntryPoint\",\"urlTemplate\":\"https:\/\/pagina10.com\/web\/?s={search_term_string}\"},\"query-input\":{\"@type\":\"PropertyValueSpecification\",\"valueRequired\":true,\"valueName\":\"search_term_string\"}}],\"inLanguage\":\"es\"},{\"@type\":\"Organization\",\"@id\":\"https:\/\/pagina10.com\/web\/#organization\",\"name\":\"P\u00e1gina10\",\"alternateName\":\"P\u00e1gina10 Peri\u00f3dico Regional\",\"url\":\"https:\/\/pagina10.com\/web\/\",\"logo\":{\"@type\":\"ImageObject\",\"inLanguage\":\"es\",\"@id\":\"https:\/\/pagina10.com\/web\/#\/schema\/logo\/image\/\",\"url\":\"https:\/\/pagina10.com\/web\/wp-content\/uploads\/2024\/01\/40-pagina-10-periodico-regional-pasto.jpg\",\"contentUrl\":\"https:\/\/pagina10.com\/web\/wp-content\/uploads\/2024\/01\/40-pagina-10-periodico-regional-pasto.jpg\",\"width\":1280,\"height\":720,\"caption\":\"P\u00e1gina10\"},\"image\":{\"@id\":\"https:\/\/pagina10.com\/web\/#\/schema\/logo\/image\/\"},\"sameAs\":[\"https:\/\/www.facebook.com\/pag10com\",\"https:\/\/x.com\/Pag10com\",\"https:\/\/www.instagram.com\/pagina10col\/\",\"https:\/\/youtube.com\/channel\/pag10\",\"https:\/\/www.tiktok.com\/@p10col\"]},{\"@type\":\"Person\",\"@id\":\"https:\/\/pagina10.com\/web\/#\/schema\/person\/2efc4a090d25b667d3bc796798a3a81b\",\"name\":\"P\u00e1gina 10\",\"description\":\"P\u00e1gina 10 es un peri\u00f3dico regional que nace en Colombia, en el departamento de Nari\u00f1o, con un enfoque global, fundamentado en cuatro pilares esenciales: la libertad, el pluralismo, la inclusi\u00f3n y la independencia. P\u00e1gina 10 hace referencia a Nari\u00f1o como el d\u00e9cimo departamento creado en Colombia, despu\u00e9s de un proceso pol\u00edtico liderado por actores y actrices regionales con el fin de obtener la independencia y autonom\u00eda de nuestros territorios. Con la creaci\u00f3n de P\u00e1gina 10 se pretende abrir un escenario para el dialogo, la reflexi\u00f3n y el debate que se extienda a otras geograf\u00edas de Am\u00e9rica Latina y del planeta, en una apuesta por transformar colectivamente los desaf\u00edos de un mundo contempor\u00e1neo, m\u00e1s all\u00e1 de las fronteras impuestas.\",\"url\":\"https:\/\/pagina10.com\/web\/author\/pdiezadmin\/\"}]}<\/script>\n<!-- \/ Yoast SEO plugin. -->","yoast_head_json":{"title":"Cae la banda \u2018Dulces Sue\u00f1os\u2019: Drogaban a sus v\u00edctimas para robarles sus pertenencias | P\u00e1gina10","robots":{"index":"index","follow":"follow","max-snippet":"max-snippet:-1","max-image-preview":"max-image-preview:large","max-video-preview":"max-video-preview:-1"},"canonical":"https:\/\/pagina10.com\/web\/cae-la-banda-dulces-suenos-drogaban-a-sus-victimas-para-robarles-sus-pertenencias\/","og_locale":"es_ES","og_type":"article","og_title":"Cae la banda \u2018Dulces Sue\u00f1os\u2019: Drogaban a sus v\u00edctimas para robarles sus pertenencias | P\u00e1gina10","og_description":"El material probatorio recaudado por un fiscal de la Estructura de Apoyo, adscrito al CTI, permiti\u00f3 que un juez penal de Pasto enviara a la c\u00e1rcel a cuatro presuntos integrantes de la banda Dulce Sue\u00f1os, dedicada al hurto calificado mediante el suministro de escopolamina y otras sustancias. El ente investigador les imput\u00f3 cargos a Paola [&hellip;]","og_url":"https:\/\/pagina10.com\/web\/cae-la-banda-dulces-suenos-drogaban-a-sus-victimas-para-robarles-sus-pertenencias\/","og_site_name":"P\u00e1gina10","article_publisher":"https:\/\/www.facebook.com\/pag10com","article_published_time":"2022-09-30T02:28:17+00:00","og_image":[{"width":1280,"height":720,"url":"https:\/\/pagina10.com\/web\/wp-content\/uploads\/2022\/09\/WhatsApp-Image-2022-09-29-at-11.23.36-AM.jpeg","type":"image\/jpeg"}],"author":"P\u00e1gina 10","twitter_card":"summary_large_image","twitter_creator":"@Pag10com","twitter_site":"@Pag10com","twitter_misc":{"Escrito por":"P\u00e1gina 10","Tiempo de lectura":"1 minuto"},"schema":{"@context":"https:\/\/schema.org","@graph":[{"@type":"Article","@id":"https:\/\/pagina10.com\/web\/cae-la-banda-dulces-suenos-drogaban-a-sus-victimas-para-robarles-sus-pertenencias\/#article","isPartOf":{"@id":"https:\/\/pagina10.com\/web\/cae-la-banda-dulces-suenos-drogaban-a-sus-victimas-para-robarles-sus-pertenencias\/"},"author":{"name":"P\u00e1gina 10","@id":"https:\/\/pagina10.com\/web\/#\/schema\/person\/2efc4a090d25b667d3bc796798a3a81b"},"headline":"Cae la banda \u2018Dulces Sue\u00f1os\u2019: Drogaban a sus v\u00edctimas para robarles sus pertenencias","datePublished":"2022-09-30T02:28:17+00:00","mainEntityOfPage":{"@id":"https:\/\/pagina10.com\/web\/cae-la-banda-dulces-suenos-drogaban-a-sus-victimas-para-robarles-sus-pertenencias\/"},"wordCount":314,"commentCount":0,"publisher":{"@id":"https:\/\/pagina10.com\/web\/#organization"},"image":{"@id":"https:\/\/pagina10.com\/web\/cae-la-banda-dulces-suenos-drogaban-a-sus-victimas-para-robarles-sus-pertenencias\/#primaryimage"},"thumbnailUrl":"https:\/\/pagina10.com\/web\/wp-content\/uploads\/2022\/09\/WhatsApp-Image-2022-09-29-at-11.23.36-AM.jpeg","articleSection":["Judicial"],"inLanguage":"es","potentialAction":[{"@type":"CommentAction","name":"Comment","target":["https:\/\/pagina10.com\/web\/cae-la-banda-dulces-suenos-drogaban-a-sus-victimas-para-robarles-sus-pertenencias\/#respond"]}]},{"@type":"WebPage","@id":"https:\/\/pagina10.com\/web\/cae-la-banda-dulces-suenos-drogaban-a-sus-victimas-para-robarles-sus-pertenencias\/","url":"https:\/\/pagina10.com\/web\/cae-la-banda-dulces-suenos-drogaban-a-sus-victimas-para-robarles-sus-pertenencias\/","name":"Cae la banda \u2018Dulces Sue\u00f1os\u2019: Drogaban a sus v\u00edctimas para robarles sus pertenencias | P\u00e1gina10","isPartOf":{"@id":"https:\/\/pagina10.com\/web\/#website"},"primaryImageOfPage":{"@id":"https:\/\/pagina10.com\/web\/cae-la-banda-dulces-suenos-drogaban-a-sus-victimas-para-robarles-sus-pertenencias\/#primaryimage"},"image":{"@id":"https:\/\/pagina10.com\/web\/cae-la-banda-dulces-suenos-drogaban-a-sus-victimas-para-robarles-sus-pertenencias\/#primaryimage"},"thumbnailUrl":"https:\/\/pagina10.com\/web\/wp-content\/uploads\/2022\/09\/WhatsApp-Image-2022-09-29-at-11.23.36-AM.jpeg","datePublished":"2022-09-30T02:28:17+00:00","breadcrumb":{"@id":"https:\/\/pagina10.com\/web\/cae-la-banda-dulces-suenos-drogaban-a-sus-victimas-para-robarles-sus-pertenencias\/#breadcrumb"},"inLanguage":"es","potentialAction":[{"@type":"ReadAction","target":["https:\/\/pagina10.com\/web\/cae-la-banda-dulces-suenos-drogaban-a-sus-victimas-para-robarles-sus-pertenencias\/"]}]},{"@type":"ImageObject","inLanguage":"es","@id":"https:\/\/pagina10.com\/web\/cae-la-banda-dulces-suenos-drogaban-a-sus-victimas-para-robarles-sus-pertenencias\/#primaryimage","url":"https:\/\/pagina10.com\/web\/wp-content\/uploads\/2022\/09\/WhatsApp-Image-2022-09-29-at-11.23.36-AM.jpeg","contentUrl":"https:\/\/pagina10.com\/web\/wp-content\/uploads\/2022\/09\/WhatsApp-Image-2022-09-29-at-11.23.36-AM.jpeg","width":1280,"height":720},{"@type":"BreadcrumbList","@id":"https:\/\/pagina10.com\/web\/cae-la-banda-dulces-suenos-drogaban-a-sus-victimas-para-robarles-sus-pertenencias\/#breadcrumb","itemListElement":[{"@type":"ListItem","position":1,"name":"Portada","item":"https:\/\/pagina10.com\/web\/"},{"@type":"ListItem","position":2,"name":"Cae la banda \u2018Dulces Sue\u00f1os\u2019: Drogaban a sus v\u00edctimas para robarles sus pertenencias"}]},{"@type":"WebSite","@id":"https:\/\/pagina10.com\/web\/#website","url":"https:\/\/pagina10.com\/web\/","name":"P\u00e1gina10","description":"Peri\u00f3dico Regional","publisher":{"@id":"https:\/\/pagina10.com\/web\/#organization"},"alternateName":"P\u00e1gina10 Peri\u00f3dico Regional","potentialAction":[{"@type":"SearchAction","target":{"@type":"EntryPoint","urlTemplate":"https:\/\/pagina10.com\/web\/?s={search_term_string}"},"query-input":{"@type":"PropertyValueSpecification","valueRequired":true,"valueName":"search_term_string"}}],"inLanguage":"es"},{"@type":"Organization","@id":"https:\/\/pagina10.com\/web\/#organization","name":"P\u00e1gina10","alternateName":"P\u00e1gina10 Peri\u00f3dico Regional","url":"https:\/\/pagina10.com\/web\/","logo":{"@type":"ImageObject","inLanguage":"es","@id":"https:\/\/pagina10.com\/web\/#\/schema\/logo\/image\/","url":"https:\/\/pagina10.com\/web\/wp-content\/uploads\/2024\/01\/40-pagina-10-periodico-regional-pasto.jpg","contentUrl":"https:\/\/pagina10.com\/web\/wp-content\/uploads\/2024\/01\/40-pagina-10-periodico-regional-pasto.jpg","width":1280,"height":720,"caption":"P\u00e1gina10"},"image":{"@id":"https:\/\/pagina10.com\/web\/#\/schema\/logo\/image\/"},"sameAs":["https:\/\/www.facebook.com\/pag10com","https:\/\/x.com\/Pag10com","https:\/\/www.instagram.com\/pagina10col\/","https:\/\/youtube.com\/channel\/pag10","https:\/\/www.tiktok.com\/@p10col"]},{"@type":"Person","@id":"https:\/\/pagina10.com\/web\/#\/schema\/person\/2efc4a090d25b667d3bc796798a3a81b","name":"P\u00e1gina 10","description":"P\u00e1gina 10 es un peri\u00f3dico regional que nace en Colombia, en el departamento de Nari\u00f1o, con un enfoque global, fundamentado en cuatro pilares esenciales: la libertad, el pluralismo, la inclusi\u00f3n y la independencia. P\u00e1gina 10 hace referencia a Nari\u00f1o como el d\u00e9cimo departamento creado en Colombia, despu\u00e9s de un proceso pol\u00edtico liderado por actores y actrices regionales con el fin de obtener la independencia y autonom\u00eda de nuestros territorios. Con la creaci\u00f3n de P\u00e1gina 10 se pretende abrir un escenario para el dialogo, la reflexi\u00f3n y el debate que se extienda a otras geograf\u00edas de Am\u00e9rica Latina y del planeta, en una apuesta por transformar colectivamente los desaf\u00edos de un mundo contempor\u00e1neo, m\u00e1s all\u00e1 de las fronteras impuestas.","url":"https:\/\/pagina10.com\/web\/author\/pdiezadmin\/"}]}},"_links":{"self":[{"href":"https:\/\/pagina10.com\/web\/wp-json\/wp\/v2\/posts\/61952","targetHints":{"allow":["GET"]}}],"collection":[{"href":"https:\/\/pagina10.com\/web\/wp-json\/wp\/v2\/posts"}],"about":[{"href":"https:\/\/pagina10.com\/web\/wp-json\/wp\/v2\/types\/post"}],"author":[{"embeddable":true,"href":"https:\/\/pagina10.com\/web\/wp-json\/wp\/v2\/users\/1"}],"replies":[{"embeddable":true,"href":"https:\/\/pagina10.com\/web\/wp-json\/wp\/v2\/comments?post=61952"}],"version-history":[{"count":1,"href":"https:\/\/pagina10.com\/web\/wp-json\/wp\/v2\/posts\/61952\/revisions"}],"predecessor-version":[{"id":61954,"href":"https:\/\/pagina10.com\/web\/wp-json\/wp\/v2\/posts\/61952\/revisions\/61954"}],"wp:featuredmedia":[{"embeddable":true,"href":"https:\/\/pagina10.com\/web\/wp-json\/wp\/v2\/media\/61953"}],"wp:attachment":[{"href":"https:\/\/pagina10.com\/web\/wp-json\/wp\/v2\/media?parent=61952"}],"wp:term":[{"taxonomy":"category","embeddable":true,"href":"https:\/\/pagina10.com\/web\/wp-json\/wp\/v2\/categories?post=61952"},{"taxonomy":"post_tag","embeddable":true,"href":"https:\/\/pagina10.com\/web\/wp-json\/wp\/v2\/tags?post=61952"}],"curies":[{"name":"wp","href":"https:\/\/api.w.org\/{rel}","templated":true}]}}