{"id":61961,"date":"2022-09-30T19:40:07","date_gmt":"2022-10-01T00:40:07","guid":{"rendered":"https:\/\/pagina10.com\/web\/?p=61961"},"modified":"2022-09-30T19:40:07","modified_gmt":"2022-10-01T00:40:07","slug":"no-paran-la-violencia-contra-los-awa-en-nueve-dias-fueron-asesinados-tres-de-sus-integrantes","status":"publish","type":"post","link":"https:\/\/pagina10.com\/web\/no-paran-la-violencia-contra-los-awa-en-nueve-dias-fueron-asesinados-tres-de-sus-integrantes\/","title":{"rendered":"No paran la violencia contra los Aw\u00e1, en nueve d\u00edas fueron asesinados tres de sus integrantes"},"content":{"rendered":"<p style=\"text-align: justify;\">La Unidad Indigena del Pueblo Aw\u00e1, UNIPA, denunci\u00f3 que pese a la instalaci\u00f3n del Puesto de Mando Unificado por la Vida por parte del Gobierno Nacional, los cr\u00edmenes contra su poblaci\u00f3n no cesan. En este sentido, hicieron un urgente llamado al presidente Gustavo Petro para que ejecute planes con los que se garantice el derecho a la vida de esa comunidad.<\/p>\n<p style=\"text-align: justify;\">Seg\u00fan un comunicado, \u201cse ha vuelto frecuente que j\u00f3venes de diferentes resguardos sean sacados de sus hogares y retenidos por hombres armados, cuando est\u00e1n en sus labores diarias, para ser desaparecidos y posteriormente asesinados\u201d.<\/p>\n<p style=\"text-align: justify;\">En este sentido, expresaron que el 14 de septiembre Leonicio Taicus Canticus de 37 a\u00f1os, sali\u00f3 del Resguardo Aw\u00e1 Sangulp\u00ed Palmar jurisdicci\u00f3n de Tumaco hacia el corregimiento de Llorente, a comprar alimentos.<\/p>\n<p style=\"text-align: justify;\">\u201cEn el trayecto, fue interceptado por dos hombres armados y motorizados que lo llevaron hacia el corregimiento El Pinde. En horas de la tarde fue encontrado muerto cerca al r\u00edo Pianulp\u00ed. La v\u00edctima deja sin protecci\u00f3n a su esposa e hijo de dos a\u00f1os\u201d.<\/p>\n<p style=\"text-align: justify;\">Posteriormente, el 21 de septiembre a la altura del kil\u00f3metro 92 v\u00eda Pasto-Tumaco, Diocelino Garc\u00eda Bisbicus del Resguardo Aw\u00e1 Saund\u00e9 Guigay, \u201cfue sacado a la fuerza de su vivienda y subido a un veh\u00edculo particular. Horas m\u00e1s tarde, su cuerpo sin vida fue encontrado en el kil\u00f3metro 86. Diocelino ten\u00eda 25 a\u00f1os, previamente hab\u00eda sido v\u00edctima de amenazas y de desplazamiento forzado. Deja a su esposa desprotegida\u201d.<\/p>\n<p style=\"text-align: justify;\">Finalmente, el 23 de septiembre fue asesinado Arturo Garc\u00eda de 36 a\u00f1os del Resguardo Aw\u00e1 Pulgande Tronquer\u00eda jurisdicci\u00f3n de Barbacoas. \u201cEl hecho ocurri\u00f3 en el corregimiento de Buenavista, cuando el se\u00f1or Arturo se encontraba caminando en el patio de una casa, y fue abordado por un hombre armado, quien le dispar\u00f3 caus\u00e1ndole la muerte de manera instant\u00e1nea. \u00c9l deja a su madre, adulta mayor, y a sus dos hijos menores de edad desprotegidos\u201d.<\/p>\n<p style=\"text-align: justify;\">Ante lo ocurrido, hicieron un llamado al presidente Gustavo Petro, la vicepresidenta Francia M\u00e1rquez, Comisi\u00f3n de Paz del Senado y organizaciones defensoras de los Derechos Humanos, a que \u201cvisiten nuestro territorio para llevar a cabo una audiencia p\u00fablica (\u2026) para que se garanticen los derechos fundamentales de cada inkal Aw\u00e1\u201d.<\/p>\n","protected":false},"excerpt":{"rendered":"<p>La Unidad Indigena del Pueblo Aw\u00e1, UNIPA, denunci\u00f3 que pese a la instalaci\u00f3n del Puesto de Mando Unificado por la Vida por parte del Gobierno Nacional, los cr\u00edmenes contra su poblaci\u00f3n no cesan. En este sentido, hicieron un urgente llamado al presidente Gustavo Petro para que ejecute planes con los que se garantice el derecho [&hellip;]<\/p>\n","protected":false},"author":1,"featured_media":61962,"comment_status":"open","ping_status":"open","sticky":false,"template":"","format":"standard","meta":{"footnotes":""},"categories":[61],"tags":[],"class_list":["post-61961","post","type-post","status-publish","format-standard","has-post-thumbnail","hentry","category-judicial"],"yoast_head":"<!-- This site is optimized with the Yoast SEO plugin v27.1.1 - https:\/\/yoast.com\/product\/yoast-seo-wordpress\/ -->\n<title>No paran la violencia contra los Aw\u00e1, en nueve d\u00edas fueron asesinados tres de sus integrantes | P\u00e1gina10<\/title>\n<meta name=\"robots\" content=\"index, follow, max-snippet:-1, max-image-preview:large, max-video-preview:-1\" \/>\n<link rel=\"canonical\" href=\"https:\/\/pagina10.com\/web\/no-paran-la-violencia-contra-los-awa-en-nueve-dias-fueron-asesinados-tres-de-sus-integrantes\/\" \/>\n<meta property=\"og:locale\" content=\"es_ES\" \/>\n<meta property=\"og:type\" content=\"article\" \/>\n<meta property=\"og:title\" content=\"No paran la violencia contra los Aw\u00e1, en nueve d\u00edas fueron asesinados tres de sus integrantes | P\u00e1gina10\" \/>\n<meta property=\"og:description\" content=\"La Unidad Indigena del Pueblo Aw\u00e1, UNIPA, denunci\u00f3 que pese a la instalaci\u00f3n del Puesto de Mando Unificado por la Vida por parte del Gobierno Nacional, los cr\u00edmenes contra su poblaci\u00f3n no cesan. En este sentido, hicieron un urgente llamado al presidente Gustavo Petro para que ejecute planes con los que se garantice el derecho [&hellip;]\" \/>\n<meta property=\"og:url\" content=\"https:\/\/pagina10.com\/web\/no-paran-la-violencia-contra-los-awa-en-nueve-dias-fueron-asesinados-tres-de-sus-integrantes\/\" \/>\n<meta property=\"og:site_name\" content=\"P\u00e1gina10\" \/>\n<meta property=\"article:publisher\" content=\"https:\/\/www.facebook.com\/pag10com\" \/>\n<meta property=\"article:published_time\" content=\"2022-10-01T00:40:07+00:00\" \/>\n<meta property=\"og:image\" content=\"https:\/\/pagina10.com\/web\/wp-content\/uploads\/2022\/09\/1200X628-Resguardo-indigena-Awa-en-Narino.-Foto-Twitter-@ObservatoriADPI.jpg\" \/>\n\t<meta property=\"og:image:width\" content=\"1200\" \/>\n\t<meta property=\"og:image:height\" content=\"628\" \/>\n\t<meta property=\"og:image:type\" content=\"image\/jpeg\" \/>\n<meta name=\"author\" content=\"P\u00e1gina 10\" \/>\n<meta name=\"twitter:card\" content=\"summary_large_image\" \/>\n<meta name=\"twitter:creator\" content=\"@Pag10com\" \/>\n<meta name=\"twitter:site\" content=\"@Pag10com\" \/>\n<meta name=\"twitter:label1\" content=\"Escrito por\" \/>\n\t<meta name=\"twitter:data1\" content=\"P\u00e1gina 10\" \/>\n\t<meta name=\"twitter:label2\" content=\"Tiempo de lectura\" \/>\n\t<meta name=\"twitter:data2\" content=\"2 minutos\" \/>\n<script type=\"application\/ld+json\" class=\"yoast-schema-graph\">{\"@context\":\"https:\/\/schema.org\",\"@graph\":[{\"@type\":\"Article\",\"@id\":\"https:\/\/pagina10.com\/web\/no-paran-la-violencia-contra-los-awa-en-nueve-dias-fueron-asesinados-tres-de-sus-integrantes\/#article\",\"isPartOf\":{\"@id\":\"https:\/\/pagina10.com\/web\/no-paran-la-violencia-contra-los-awa-en-nueve-dias-fueron-asesinados-tres-de-sus-integrantes\/\"},\"author\":{\"name\":\"P\u00e1gina 10\",\"@id\":\"https:\/\/pagina10.com\/web\/#\/schema\/person\/2efc4a090d25b667d3bc796798a3a81b\"},\"headline\":\"No paran la violencia contra los Aw\u00e1, en nueve d\u00edas fueron asesinados tres de sus integrantes\",\"datePublished\":\"2022-10-01T00:40:07+00:00\",\"mainEntityOfPage\":{\"@id\":\"https:\/\/pagina10.com\/web\/no-paran-la-violencia-contra-los-awa-en-nueve-dias-fueron-asesinados-tres-de-sus-integrantes\/\"},\"wordCount\":401,\"commentCount\":0,\"publisher\":{\"@id\":\"https:\/\/pagina10.com\/web\/#organization\"},\"image\":{\"@id\":\"https:\/\/pagina10.com\/web\/no-paran-la-violencia-contra-los-awa-en-nueve-dias-fueron-asesinados-tres-de-sus-integrantes\/#primaryimage\"},\"thumbnailUrl\":\"https:\/\/pagina10.com\/web\/wp-content\/uploads\/2022\/09\/1200X628-Resguardo-indigena-Awa-en-Narino.-Foto-Twitter-@ObservatoriADPI.jpg\",\"articleSection\":[\"Judicial\"],\"inLanguage\":\"es\",\"potentialAction\":[{\"@type\":\"CommentAction\",\"name\":\"Comment\",\"target\":[\"https:\/\/pagina10.com\/web\/no-paran-la-violencia-contra-los-awa-en-nueve-dias-fueron-asesinados-tres-de-sus-integrantes\/#respond\"]}]},{\"@type\":\"WebPage\",\"@id\":\"https:\/\/pagina10.com\/web\/no-paran-la-violencia-contra-los-awa-en-nueve-dias-fueron-asesinados-tres-de-sus-integrantes\/\",\"url\":\"https:\/\/pagina10.com\/web\/no-paran-la-violencia-contra-los-awa-en-nueve-dias-fueron-asesinados-tres-de-sus-integrantes\/\",\"name\":\"No paran la violencia contra los Aw\u00e1, en nueve d\u00edas fueron asesinados tres de sus integrantes | P\u00e1gina10\",\"isPartOf\":{\"@id\":\"https:\/\/pagina10.com\/web\/#website\"},\"primaryImageOfPage\":{\"@id\":\"https:\/\/pagina10.com\/web\/no-paran-la-violencia-contra-los-awa-en-nueve-dias-fueron-asesinados-tres-de-sus-integrantes\/#primaryimage\"},\"image\":{\"@id\":\"https:\/\/pagina10.com\/web\/no-paran-la-violencia-contra-los-awa-en-nueve-dias-fueron-asesinados-tres-de-sus-integrantes\/#primaryimage\"},\"thumbnailUrl\":\"https:\/\/pagina10.com\/web\/wp-content\/uploads\/2022\/09\/1200X628-Resguardo-indigena-Awa-en-Narino.-Foto-Twitter-@ObservatoriADPI.jpg\",\"datePublished\":\"2022-10-01T00:40:07+00:00\",\"breadcrumb\":{\"@id\":\"https:\/\/pagina10.com\/web\/no-paran-la-violencia-contra-los-awa-en-nueve-dias-fueron-asesinados-tres-de-sus-integrantes\/#breadcrumb\"},\"inLanguage\":\"es\",\"potentialAction\":[{\"@type\":\"ReadAction\",\"target\":[\"https:\/\/pagina10.com\/web\/no-paran-la-violencia-contra-los-awa-en-nueve-dias-fueron-asesinados-tres-de-sus-integrantes\/\"]}]},{\"@type\":\"ImageObject\",\"inLanguage\":\"es\",\"@id\":\"https:\/\/pagina10.com\/web\/no-paran-la-violencia-contra-los-awa-en-nueve-dias-fueron-asesinados-tres-de-sus-integrantes\/#primaryimage\",\"url\":\"https:\/\/pagina10.com\/web\/wp-content\/uploads\/2022\/09\/1200X628-Resguardo-indigena-Awa-en-Narino.-Foto-Twitter-@ObservatoriADPI.jpg\",\"contentUrl\":\"https:\/\/pagina10.com\/web\/wp-content\/uploads\/2022\/09\/1200X628-Resguardo-indigena-Awa-en-Narino.-Foto-Twitter-@ObservatoriADPI.jpg\",\"width\":1200,\"height\":628,\"caption\":\"Foto: Twitter @ObservatoriADPI.\"},{\"@type\":\"BreadcrumbList\",\"@id\":\"https:\/\/pagina10.com\/web\/no-paran-la-violencia-contra-los-awa-en-nueve-dias-fueron-asesinados-tres-de-sus-integrantes\/#breadcrumb\",\"itemListElement\":[{\"@type\":\"ListItem\",\"position\":1,\"name\":\"Portada\",\"item\":\"https:\/\/pagina10.com\/web\/\"},{\"@type\":\"ListItem\",\"position\":2,\"name\":\"No paran la violencia contra los Aw\u00e1, en nueve d\u00edas fueron asesinados tres de sus integrantes\"}]},{\"@type\":\"WebSite\",\"@id\":\"https:\/\/pagina10.com\/web\/#website\",\"url\":\"https:\/\/pagina10.com\/web\/\",\"name\":\"P\u00e1gina10\",\"description\":\"Peri\u00f3dico Regional\",\"publisher\":{\"@id\":\"https:\/\/pagina10.com\/web\/#organization\"},\"alternateName\":\"P\u00e1gina10 Peri\u00f3dico Regional\",\"potentialAction\":[{\"@type\":\"SearchAction\",\"target\":{\"@type\":\"EntryPoint\",\"urlTemplate\":\"https:\/\/pagina10.com\/web\/?s={search_term_string}\"},\"query-input\":{\"@type\":\"PropertyValueSpecification\",\"valueRequired\":true,\"valueName\":\"search_term_string\"}}],\"inLanguage\":\"es\"},{\"@type\":\"Organization\",\"@id\":\"https:\/\/pagina10.com\/web\/#organization\",\"name\":\"P\u00e1gina10\",\"alternateName\":\"P\u00e1gina10 Peri\u00f3dico Regional\",\"url\":\"https:\/\/pagina10.com\/web\/\",\"logo\":{\"@type\":\"ImageObject\",\"inLanguage\":\"es\",\"@id\":\"https:\/\/pagina10.com\/web\/#\/schema\/logo\/image\/\",\"url\":\"https:\/\/pagina10.com\/web\/wp-content\/uploads\/2024\/01\/40-pagina-10-periodico-regional-pasto.jpg\",\"contentUrl\":\"https:\/\/pagina10.com\/web\/wp-content\/uploads\/2024\/01\/40-pagina-10-periodico-regional-pasto.jpg\",\"width\":1280,\"height\":720,\"caption\":\"P\u00e1gina10\"},\"image\":{\"@id\":\"https:\/\/pagina10.com\/web\/#\/schema\/logo\/image\/\"},\"sameAs\":[\"https:\/\/www.facebook.com\/pag10com\",\"https:\/\/x.com\/Pag10com\",\"https:\/\/www.instagram.com\/pagina10col\/\",\"https:\/\/youtube.com\/channel\/pag10\",\"https:\/\/www.tiktok.com\/@p10col\"]},{\"@type\":\"Person\",\"@id\":\"https:\/\/pagina10.com\/web\/#\/schema\/person\/2efc4a090d25b667d3bc796798a3a81b\",\"name\":\"P\u00e1gina 10\",\"description\":\"P\u00e1gina 10 es un peri\u00f3dico regional que nace en Colombia, en el departamento de Nari\u00f1o, con un enfoque global, fundamentado en cuatro pilares esenciales: la libertad, el pluralismo, la inclusi\u00f3n y la independencia. P\u00e1gina 10 hace referencia a Nari\u00f1o como el d\u00e9cimo departamento creado en Colombia, despu\u00e9s de un proceso pol\u00edtico liderado por actores y actrices regionales con el fin de obtener la independencia y autonom\u00eda de nuestros territorios. Con la creaci\u00f3n de P\u00e1gina 10 se pretende abrir un escenario para el dialogo, la reflexi\u00f3n y el debate que se extienda a otras geograf\u00edas de Am\u00e9rica Latina y del planeta, en una apuesta por transformar colectivamente los desaf\u00edos de un mundo contempor\u00e1neo, m\u00e1s all\u00e1 de las fronteras impuestas.\",\"url\":\"https:\/\/pagina10.com\/web\/author\/pdiezadmin\/\"}]}<\/script>\n<!-- \/ Yoast SEO plugin. -->","yoast_head_json":{"title":"No paran la violencia contra los Aw\u00e1, en nueve d\u00edas fueron asesinados tres de sus integrantes | P\u00e1gina10","robots":{"index":"index","follow":"follow","max-snippet":"max-snippet:-1","max-image-preview":"max-image-preview:large","max-video-preview":"max-video-preview:-1"},"canonical":"https:\/\/pagina10.com\/web\/no-paran-la-violencia-contra-los-awa-en-nueve-dias-fueron-asesinados-tres-de-sus-integrantes\/","og_locale":"es_ES","og_type":"article","og_title":"No paran la violencia contra los Aw\u00e1, en nueve d\u00edas fueron asesinados tres de sus integrantes | P\u00e1gina10","og_description":"La Unidad Indigena del Pueblo Aw\u00e1, UNIPA, denunci\u00f3 que pese a la instalaci\u00f3n del Puesto de Mando Unificado por la Vida por parte del Gobierno Nacional, los cr\u00edmenes contra su poblaci\u00f3n no cesan. En este sentido, hicieron un urgente llamado al presidente Gustavo Petro para que ejecute planes con los que se garantice el derecho [&hellip;]","og_url":"https:\/\/pagina10.com\/web\/no-paran-la-violencia-contra-los-awa-en-nueve-dias-fueron-asesinados-tres-de-sus-integrantes\/","og_site_name":"P\u00e1gina10","article_publisher":"https:\/\/www.facebook.com\/pag10com","article_published_time":"2022-10-01T00:40:07+00:00","og_image":[{"width":1200,"height":628,"url":"https:\/\/pagina10.com\/web\/wp-content\/uploads\/2022\/09\/1200X628-Resguardo-indigena-Awa-en-Narino.-Foto-Twitter-@ObservatoriADPI.jpg","type":"image\/jpeg"}],"author":"P\u00e1gina 10","twitter_card":"summary_large_image","twitter_creator":"@Pag10com","twitter_site":"@Pag10com","twitter_misc":{"Escrito por":"P\u00e1gina 10","Tiempo de lectura":"2 minutos"},"schema":{"@context":"https:\/\/schema.org","@graph":[{"@type":"Article","@id":"https:\/\/pagina10.com\/web\/no-paran-la-violencia-contra-los-awa-en-nueve-dias-fueron-asesinados-tres-de-sus-integrantes\/#article","isPartOf":{"@id":"https:\/\/pagina10.com\/web\/no-paran-la-violencia-contra-los-awa-en-nueve-dias-fueron-asesinados-tres-de-sus-integrantes\/"},"author":{"name":"P\u00e1gina 10","@id":"https:\/\/pagina10.com\/web\/#\/schema\/person\/2efc4a090d25b667d3bc796798a3a81b"},"headline":"No paran la violencia contra los Aw\u00e1, en nueve d\u00edas fueron asesinados tres de sus integrantes","datePublished":"2022-10-01T00:40:07+00:00","mainEntityOfPage":{"@id":"https:\/\/pagina10.com\/web\/no-paran-la-violencia-contra-los-awa-en-nueve-dias-fueron-asesinados-tres-de-sus-integrantes\/"},"wordCount":401,"commentCount":0,"publisher":{"@id":"https:\/\/pagina10.com\/web\/#organization"},"image":{"@id":"https:\/\/pagina10.com\/web\/no-paran-la-violencia-contra-los-awa-en-nueve-dias-fueron-asesinados-tres-de-sus-integrantes\/#primaryimage"},"thumbnailUrl":"https:\/\/pagina10.com\/web\/wp-content\/uploads\/2022\/09\/1200X628-Resguardo-indigena-Awa-en-Narino.-Foto-Twitter-@ObservatoriADPI.jpg","articleSection":["Judicial"],"inLanguage":"es","potentialAction":[{"@type":"CommentAction","name":"Comment","target":["https:\/\/pagina10.com\/web\/no-paran-la-violencia-contra-los-awa-en-nueve-dias-fueron-asesinados-tres-de-sus-integrantes\/#respond"]}]},{"@type":"WebPage","@id":"https:\/\/pagina10.com\/web\/no-paran-la-violencia-contra-los-awa-en-nueve-dias-fueron-asesinados-tres-de-sus-integrantes\/","url":"https:\/\/pagina10.com\/web\/no-paran-la-violencia-contra-los-awa-en-nueve-dias-fueron-asesinados-tres-de-sus-integrantes\/","name":"No paran la violencia contra los Aw\u00e1, en nueve d\u00edas fueron asesinados tres de sus integrantes | P\u00e1gina10","isPartOf":{"@id":"https:\/\/pagina10.com\/web\/#website"},"primaryImageOfPage":{"@id":"https:\/\/pagina10.com\/web\/no-paran-la-violencia-contra-los-awa-en-nueve-dias-fueron-asesinados-tres-de-sus-integrantes\/#primaryimage"},"image":{"@id":"https:\/\/pagina10.com\/web\/no-paran-la-violencia-contra-los-awa-en-nueve-dias-fueron-asesinados-tres-de-sus-integrantes\/#primaryimage"},"thumbnailUrl":"https:\/\/pagina10.com\/web\/wp-content\/uploads\/2022\/09\/1200X628-Resguardo-indigena-Awa-en-Narino.-Foto-Twitter-@ObservatoriADPI.jpg","datePublished":"2022-10-01T00:40:07+00:00","breadcrumb":{"@id":"https:\/\/pagina10.com\/web\/no-paran-la-violencia-contra-los-awa-en-nueve-dias-fueron-asesinados-tres-de-sus-integrantes\/#breadcrumb"},"inLanguage":"es","potentialAction":[{"@type":"ReadAction","target":["https:\/\/pagina10.com\/web\/no-paran-la-violencia-contra-los-awa-en-nueve-dias-fueron-asesinados-tres-de-sus-integrantes\/"]}]},{"@type":"ImageObject","inLanguage":"es","@id":"https:\/\/pagina10.com\/web\/no-paran-la-violencia-contra-los-awa-en-nueve-dias-fueron-asesinados-tres-de-sus-integrantes\/#primaryimage","url":"https:\/\/pagina10.com\/web\/wp-content\/uploads\/2022\/09\/1200X628-Resguardo-indigena-Awa-en-Narino.-Foto-Twitter-@ObservatoriADPI.jpg","contentUrl":"https:\/\/pagina10.com\/web\/wp-content\/uploads\/2022\/09\/1200X628-Resguardo-indigena-Awa-en-Narino.-Foto-Twitter-@ObservatoriADPI.jpg","width":1200,"height":628,"caption":"Foto: Twitter @ObservatoriADPI."},{"@type":"BreadcrumbList","@id":"https:\/\/pagina10.com\/web\/no-paran-la-violencia-contra-los-awa-en-nueve-dias-fueron-asesinados-tres-de-sus-integrantes\/#breadcrumb","itemListElement":[{"@type":"ListItem","position":1,"name":"Portada","item":"https:\/\/pagina10.com\/web\/"},{"@type":"ListItem","position":2,"name":"No paran la violencia contra los Aw\u00e1, en nueve d\u00edas fueron asesinados tres de sus integrantes"}]},{"@type":"WebSite","@id":"https:\/\/pagina10.com\/web\/#website","url":"https:\/\/pagina10.com\/web\/","name":"P\u00e1gina10","description":"Peri\u00f3dico Regional","publisher":{"@id":"https:\/\/pagina10.com\/web\/#organization"},"alternateName":"P\u00e1gina10 Peri\u00f3dico Regional","potentialAction":[{"@type":"SearchAction","target":{"@type":"EntryPoint","urlTemplate":"https:\/\/pagina10.com\/web\/?s={search_term_string}"},"query-input":{"@type":"PropertyValueSpecification","valueRequired":true,"valueName":"search_term_string"}}],"inLanguage":"es"},{"@type":"Organization","@id":"https:\/\/pagina10.com\/web\/#organization","name":"P\u00e1gina10","alternateName":"P\u00e1gina10 Peri\u00f3dico Regional","url":"https:\/\/pagina10.com\/web\/","logo":{"@type":"ImageObject","inLanguage":"es","@id":"https:\/\/pagina10.com\/web\/#\/schema\/logo\/image\/","url":"https:\/\/pagina10.com\/web\/wp-content\/uploads\/2024\/01\/40-pagina-10-periodico-regional-pasto.jpg","contentUrl":"https:\/\/pagina10.com\/web\/wp-content\/uploads\/2024\/01\/40-pagina-10-periodico-regional-pasto.jpg","width":1280,"height":720,"caption":"P\u00e1gina10"},"image":{"@id":"https:\/\/pagina10.com\/web\/#\/schema\/logo\/image\/"},"sameAs":["https:\/\/www.facebook.com\/pag10com","https:\/\/x.com\/Pag10com","https:\/\/www.instagram.com\/pagina10col\/","https:\/\/youtube.com\/channel\/pag10","https:\/\/www.tiktok.com\/@p10col"]},{"@type":"Person","@id":"https:\/\/pagina10.com\/web\/#\/schema\/person\/2efc4a090d25b667d3bc796798a3a81b","name":"P\u00e1gina 10","description":"P\u00e1gina 10 es un peri\u00f3dico regional que nace en Colombia, en el departamento de Nari\u00f1o, con un enfoque global, fundamentado en cuatro pilares esenciales: la libertad, el pluralismo, la inclusi\u00f3n y la independencia. P\u00e1gina 10 hace referencia a Nari\u00f1o como el d\u00e9cimo departamento creado en Colombia, despu\u00e9s de un proceso pol\u00edtico liderado por actores y actrices regionales con el fin de obtener la independencia y autonom\u00eda de nuestros territorios. Con la creaci\u00f3n de P\u00e1gina 10 se pretende abrir un escenario para el dialogo, la reflexi\u00f3n y el debate que se extienda a otras geograf\u00edas de Am\u00e9rica Latina y del planeta, en una apuesta por transformar colectivamente los desaf\u00edos de un mundo contempor\u00e1neo, m\u00e1s all\u00e1 de las fronteras impuestas.","url":"https:\/\/pagina10.com\/web\/author\/pdiezadmin\/"}]}},"_links":{"self":[{"href":"https:\/\/pagina10.com\/web\/wp-json\/wp\/v2\/posts\/61961","targetHints":{"allow":["GET"]}}],"collection":[{"href":"https:\/\/pagina10.com\/web\/wp-json\/wp\/v2\/posts"}],"about":[{"href":"https:\/\/pagina10.com\/web\/wp-json\/wp\/v2\/types\/post"}],"author":[{"embeddable":true,"href":"https:\/\/pagina10.com\/web\/wp-json\/wp\/v2\/users\/1"}],"replies":[{"embeddable":true,"href":"https:\/\/pagina10.com\/web\/wp-json\/wp\/v2\/comments?post=61961"}],"version-history":[{"count":1,"href":"https:\/\/pagina10.com\/web\/wp-json\/wp\/v2\/posts\/61961\/revisions"}],"predecessor-version":[{"id":61963,"href":"https:\/\/pagina10.com\/web\/wp-json\/wp\/v2\/posts\/61961\/revisions\/61963"}],"wp:featuredmedia":[{"embeddable":true,"href":"https:\/\/pagina10.com\/web\/wp-json\/wp\/v2\/media\/61962"}],"wp:attachment":[{"href":"https:\/\/pagina10.com\/web\/wp-json\/wp\/v2\/media?parent=61961"}],"wp:term":[{"taxonomy":"category","embeddable":true,"href":"https:\/\/pagina10.com\/web\/wp-json\/wp\/v2\/categories?post=61961"},{"taxonomy":"post_tag","embeddable":true,"href":"https:\/\/pagina10.com\/web\/wp-json\/wp\/v2\/tags?post=61961"}],"curies":[{"name":"wp","href":"https:\/\/api.w.org\/{rel}","templated":true}]}}