{"id":61982,"date":"2022-10-01T15:08:56","date_gmt":"2022-10-01T20:08:56","guid":{"rendered":"https:\/\/pagina10.com\/web\/?p=61982"},"modified":"2022-10-01T15:08:56","modified_gmt":"2022-10-01T20:08:56","slug":"dos-conductores-murieron-tras-accidente-de-bus-y-camion-registrado-en-el-cauca","status":"publish","type":"post","link":"https:\/\/pagina10.com\/web\/dos-conductores-murieron-tras-accidente-de-bus-y-camion-registrado-en-el-cauca\/","title":{"rendered":"Dos conductores murieron tras accidente de bus y cami\u00f3n registrado en el Cauca"},"content":{"rendered":"<p>Como Henry Lozada de Pereira y Segundo Mej\u00eda del municipio de Ipiales, fueron identificados los dos hombres que perdieron la vida en un accidente registrado esta madrugada en el departamento del Cauca. En el siniestro en el que result\u00f3 involucrado un bus de la empresa Transipiales y un cami\u00f3n, resultaron heridas 12 personas.<\/p>\n<p>Seg\u00fan el reporte de las autoridades, el hecho ocurri\u00f3 hacia las 6:00 de la ma\u00f1ana en un sector conocido como Mi Boh\u00edo, en la v\u00eda que de la ciudad de Popay\u00e1n conduce a Timb\u00edo, Cauca. Por el sitio se movilizaba el veh\u00edculo de transporte p\u00fablico de placas WPU-393 con n\u00famero de orden 10070, el cual choc\u00f3 de frente con un cami\u00f3n de placas SBN-673 de Imu\u00e9s.<\/p>\n<p>Producto de la fuerte colisi\u00f3n Lozada y Mej\u00eda, quienes conduc\u00edan los automotores, perdieron la vida al instante. Sus cuerpos quedaron atrapados entre las latas retorcidas y tuvieron que ser rescatados con herramientas especializadas. Unidades de la Polic\u00eda de Tr\u00e1nsito y Transporte fueron las encargadas de realizar la inspecci\u00f3n t\u00e9cnica de ambos cad\u00e1veres.<\/p>\n<p>Entre tanto, los heridos de gravedad fueron conducidos a centros asistenciales de la ciudad de Popay\u00e1n, donde se encuentran bajo observaci\u00f3n m\u00e9dica. De momento, se presume que el accidente se produjo por la imprudencia de uno de los conductores que habr\u00eda invadido el carril contrario ocasionado la colisi\u00f3n.<\/p>\n","protected":false},"excerpt":{"rendered":"<p>Como Henry Lozada de Pereira y Segundo Mej\u00eda del municipio de Ipiales, fueron identificados los dos hombres que perdieron la vida en un accidente registrado esta madrugada en el departamento del Cauca. En el siniestro en el que result\u00f3 involucrado un bus de la empresa Transipiales y un cami\u00f3n, resultaron heridas 12 personas. Seg\u00fan el [&hellip;]<\/p>\n","protected":false},"author":1,"featured_media":61983,"comment_status":"open","ping_status":"open","sticky":false,"template":"","format":"standard","meta":{"footnotes":""},"categories":[61],"tags":[],"class_list":["post-61982","post","type-post","status-publish","format-standard","has-post-thumbnail","hentry","category-judicial"],"yoast_head":"<!-- This site is optimized with the Yoast SEO plugin v27.1.1 - https:\/\/yoast.com\/product\/yoast-seo-wordpress\/ -->\n<title>Dos conductores murieron tras accidente de bus y cami\u00f3n registrado en el Cauca | P\u00e1gina10<\/title>\n<meta name=\"robots\" content=\"index, follow, max-snippet:-1, max-image-preview:large, max-video-preview:-1\" \/>\n<link rel=\"canonical\" href=\"https:\/\/pagina10.com\/web\/dos-conductores-murieron-tras-accidente-de-bus-y-camion-registrado-en-el-cauca\/\" \/>\n<meta property=\"og:locale\" content=\"es_ES\" \/>\n<meta property=\"og:type\" content=\"article\" \/>\n<meta property=\"og:title\" content=\"Dos conductores murieron tras accidente de bus y cami\u00f3n registrado en el Cauca | P\u00e1gina10\" \/>\n<meta property=\"og:description\" content=\"Como Henry Lozada de Pereira y Segundo Mej\u00eda del municipio de Ipiales, fueron identificados los dos hombres que perdieron la vida en un accidente registrado esta madrugada en el departamento del Cauca. En el siniestro en el que result\u00f3 involucrado un bus de la empresa Transipiales y un cami\u00f3n, resultaron heridas 12 personas. Seg\u00fan el [&hellip;]\" \/>\n<meta property=\"og:url\" content=\"https:\/\/pagina10.com\/web\/dos-conductores-murieron-tras-accidente-de-bus-y-camion-registrado-en-el-cauca\/\" \/>\n<meta property=\"og:site_name\" content=\"P\u00e1gina10\" \/>\n<meta property=\"article:publisher\" content=\"https:\/\/www.facebook.com\/pag10com\" \/>\n<meta property=\"article:published_time\" content=\"2022-10-01T20:08:56+00:00\" \/>\n<meta property=\"og:image\" content=\"https:\/\/pagina10.com\/web\/wp-content\/uploads\/2022\/10\/308763955_531709555624076_7087737881283102248_n.jpg\" \/>\n\t<meta property=\"og:image:width\" content=\"1024\" \/>\n\t<meta property=\"og:image:height\" content=\"768\" \/>\n\t<meta property=\"og:image:type\" content=\"image\/jpeg\" \/>\n<meta name=\"author\" content=\"P\u00e1gina 10\" \/>\n<meta name=\"twitter:card\" content=\"summary_large_image\" \/>\n<meta name=\"twitter:creator\" content=\"@Pag10com\" \/>\n<meta name=\"twitter:site\" content=\"@Pag10com\" \/>\n<meta name=\"twitter:label1\" content=\"Escrito por\" \/>\n\t<meta name=\"twitter:data1\" content=\"P\u00e1gina 10\" \/>\n\t<meta name=\"twitter:label2\" content=\"Tiempo de lectura\" \/>\n\t<meta name=\"twitter:data2\" content=\"1 minuto\" \/>\n<script type=\"application\/ld+json\" class=\"yoast-schema-graph\">{\"@context\":\"https:\/\/schema.org\",\"@graph\":[{\"@type\":\"Article\",\"@id\":\"https:\/\/pagina10.com\/web\/dos-conductores-murieron-tras-accidente-de-bus-y-camion-registrado-en-el-cauca\/#article\",\"isPartOf\":{\"@id\":\"https:\/\/pagina10.com\/web\/dos-conductores-murieron-tras-accidente-de-bus-y-camion-registrado-en-el-cauca\/\"},\"author\":{\"name\":\"P\u00e1gina 10\",\"@id\":\"https:\/\/pagina10.com\/web\/#\/schema\/person\/2efc4a090d25b667d3bc796798a3a81b\"},\"headline\":\"Dos conductores murieron tras accidente de bus y cami\u00f3n registrado en el Cauca\",\"datePublished\":\"2022-10-01T20:08:56+00:00\",\"mainEntityOfPage\":{\"@id\":\"https:\/\/pagina10.com\/web\/dos-conductores-murieron-tras-accidente-de-bus-y-camion-registrado-en-el-cauca\/\"},\"wordCount\":256,\"commentCount\":0,\"publisher\":{\"@id\":\"https:\/\/pagina10.com\/web\/#organization\"},\"image\":{\"@id\":\"https:\/\/pagina10.com\/web\/dos-conductores-murieron-tras-accidente-de-bus-y-camion-registrado-en-el-cauca\/#primaryimage\"},\"thumbnailUrl\":\"https:\/\/pagina10.com\/web\/wp-content\/uploads\/2022\/10\/308763955_531709555624076_7087737881283102248_n.jpg\",\"articleSection\":[\"Judicial\"],\"inLanguage\":\"es\",\"potentialAction\":[{\"@type\":\"CommentAction\",\"name\":\"Comment\",\"target\":[\"https:\/\/pagina10.com\/web\/dos-conductores-murieron-tras-accidente-de-bus-y-camion-registrado-en-el-cauca\/#respond\"]}]},{\"@type\":\"WebPage\",\"@id\":\"https:\/\/pagina10.com\/web\/dos-conductores-murieron-tras-accidente-de-bus-y-camion-registrado-en-el-cauca\/\",\"url\":\"https:\/\/pagina10.com\/web\/dos-conductores-murieron-tras-accidente-de-bus-y-camion-registrado-en-el-cauca\/\",\"name\":\"Dos conductores murieron tras accidente de bus y cami\u00f3n registrado en el Cauca | P\u00e1gina10\",\"isPartOf\":{\"@id\":\"https:\/\/pagina10.com\/web\/#website\"},\"primaryImageOfPage\":{\"@id\":\"https:\/\/pagina10.com\/web\/dos-conductores-murieron-tras-accidente-de-bus-y-camion-registrado-en-el-cauca\/#primaryimage\"},\"image\":{\"@id\":\"https:\/\/pagina10.com\/web\/dos-conductores-murieron-tras-accidente-de-bus-y-camion-registrado-en-el-cauca\/#primaryimage\"},\"thumbnailUrl\":\"https:\/\/pagina10.com\/web\/wp-content\/uploads\/2022\/10\/308763955_531709555624076_7087737881283102248_n.jpg\",\"datePublished\":\"2022-10-01T20:08:56+00:00\",\"breadcrumb\":{\"@id\":\"https:\/\/pagina10.com\/web\/dos-conductores-murieron-tras-accidente-de-bus-y-camion-registrado-en-el-cauca\/#breadcrumb\"},\"inLanguage\":\"es\",\"potentialAction\":[{\"@type\":\"ReadAction\",\"target\":[\"https:\/\/pagina10.com\/web\/dos-conductores-murieron-tras-accidente-de-bus-y-camion-registrado-en-el-cauca\/\"]}]},{\"@type\":\"ImageObject\",\"inLanguage\":\"es\",\"@id\":\"https:\/\/pagina10.com\/web\/dos-conductores-murieron-tras-accidente-de-bus-y-camion-registrado-en-el-cauca\/#primaryimage\",\"url\":\"https:\/\/pagina10.com\/web\/wp-content\/uploads\/2022\/10\/308763955_531709555624076_7087737881283102248_n.jpg\",\"contentUrl\":\"https:\/\/pagina10.com\/web\/wp-content\/uploads\/2022\/10\/308763955_531709555624076_7087737881283102248_n.jpg\",\"width\":1024,\"height\":768},{\"@type\":\"BreadcrumbList\",\"@id\":\"https:\/\/pagina10.com\/web\/dos-conductores-murieron-tras-accidente-de-bus-y-camion-registrado-en-el-cauca\/#breadcrumb\",\"itemListElement\":[{\"@type\":\"ListItem\",\"position\":1,\"name\":\"Portada\",\"item\":\"https:\/\/pagina10.com\/web\/\"},{\"@type\":\"ListItem\",\"position\":2,\"name\":\"Dos conductores murieron tras accidente de bus y cami\u00f3n registrado en el Cauca\"}]},{\"@type\":\"WebSite\",\"@id\":\"https:\/\/pagina10.com\/web\/#website\",\"url\":\"https:\/\/pagina10.com\/web\/\",\"name\":\"P\u00e1gina10\",\"description\":\"Peri\u00f3dico Regional\",\"publisher\":{\"@id\":\"https:\/\/pagina10.com\/web\/#organization\"},\"alternateName\":\"P\u00e1gina10 Peri\u00f3dico Regional\",\"potentialAction\":[{\"@type\":\"SearchAction\",\"target\":{\"@type\":\"EntryPoint\",\"urlTemplate\":\"https:\/\/pagina10.com\/web\/?s={search_term_string}\"},\"query-input\":{\"@type\":\"PropertyValueSpecification\",\"valueRequired\":true,\"valueName\":\"search_term_string\"}}],\"inLanguage\":\"es\"},{\"@type\":\"Organization\",\"@id\":\"https:\/\/pagina10.com\/web\/#organization\",\"name\":\"P\u00e1gina10\",\"alternateName\":\"P\u00e1gina10 Peri\u00f3dico Regional\",\"url\":\"https:\/\/pagina10.com\/web\/\",\"logo\":{\"@type\":\"ImageObject\",\"inLanguage\":\"es\",\"@id\":\"https:\/\/pagina10.com\/web\/#\/schema\/logo\/image\/\",\"url\":\"https:\/\/pagina10.com\/web\/wp-content\/uploads\/2024\/01\/40-pagina-10-periodico-regional-pasto.jpg\",\"contentUrl\":\"https:\/\/pagina10.com\/web\/wp-content\/uploads\/2024\/01\/40-pagina-10-periodico-regional-pasto.jpg\",\"width\":1280,\"height\":720,\"caption\":\"P\u00e1gina10\"},\"image\":{\"@id\":\"https:\/\/pagina10.com\/web\/#\/schema\/logo\/image\/\"},\"sameAs\":[\"https:\/\/www.facebook.com\/pag10com\",\"https:\/\/x.com\/Pag10com\",\"https:\/\/www.instagram.com\/pagina10col\/\",\"https:\/\/youtube.com\/channel\/pag10\",\"https:\/\/www.tiktok.com\/@p10col\"]},{\"@type\":\"Person\",\"@id\":\"https:\/\/pagina10.com\/web\/#\/schema\/person\/2efc4a090d25b667d3bc796798a3a81b\",\"name\":\"P\u00e1gina 10\",\"description\":\"P\u00e1gina 10 es un peri\u00f3dico regional que nace en Colombia, en el departamento de Nari\u00f1o, con un enfoque global, fundamentado en cuatro pilares esenciales: la libertad, el pluralismo, la inclusi\u00f3n y la independencia. P\u00e1gina 10 hace referencia a Nari\u00f1o como el d\u00e9cimo departamento creado en Colombia, despu\u00e9s de un proceso pol\u00edtico liderado por actores y actrices regionales con el fin de obtener la independencia y autonom\u00eda de nuestros territorios. Con la creaci\u00f3n de P\u00e1gina 10 se pretende abrir un escenario para el dialogo, la reflexi\u00f3n y el debate que se extienda a otras geograf\u00edas de Am\u00e9rica Latina y del planeta, en una apuesta por transformar colectivamente los desaf\u00edos de un mundo contempor\u00e1neo, m\u00e1s all\u00e1 de las fronteras impuestas.\",\"url\":\"https:\/\/pagina10.com\/web\/author\/pdiezadmin\/\"}]}<\/script>\n<!-- \/ Yoast SEO plugin. -->","yoast_head_json":{"title":"Dos conductores murieron tras accidente de bus y cami\u00f3n registrado en el Cauca | P\u00e1gina10","robots":{"index":"index","follow":"follow","max-snippet":"max-snippet:-1","max-image-preview":"max-image-preview:large","max-video-preview":"max-video-preview:-1"},"canonical":"https:\/\/pagina10.com\/web\/dos-conductores-murieron-tras-accidente-de-bus-y-camion-registrado-en-el-cauca\/","og_locale":"es_ES","og_type":"article","og_title":"Dos conductores murieron tras accidente de bus y cami\u00f3n registrado en el Cauca | P\u00e1gina10","og_description":"Como Henry Lozada de Pereira y Segundo Mej\u00eda del municipio de Ipiales, fueron identificados los dos hombres que perdieron la vida en un accidente registrado esta madrugada en el departamento del Cauca. En el siniestro en el que result\u00f3 involucrado un bus de la empresa Transipiales y un cami\u00f3n, resultaron heridas 12 personas. Seg\u00fan el [&hellip;]","og_url":"https:\/\/pagina10.com\/web\/dos-conductores-murieron-tras-accidente-de-bus-y-camion-registrado-en-el-cauca\/","og_site_name":"P\u00e1gina10","article_publisher":"https:\/\/www.facebook.com\/pag10com","article_published_time":"2022-10-01T20:08:56+00:00","og_image":[{"width":1024,"height":768,"url":"https:\/\/pagina10.com\/web\/wp-content\/uploads\/2022\/10\/308763955_531709555624076_7087737881283102248_n.jpg","type":"image\/jpeg"}],"author":"P\u00e1gina 10","twitter_card":"summary_large_image","twitter_creator":"@Pag10com","twitter_site":"@Pag10com","twitter_misc":{"Escrito por":"P\u00e1gina 10","Tiempo de lectura":"1 minuto"},"schema":{"@context":"https:\/\/schema.org","@graph":[{"@type":"Article","@id":"https:\/\/pagina10.com\/web\/dos-conductores-murieron-tras-accidente-de-bus-y-camion-registrado-en-el-cauca\/#article","isPartOf":{"@id":"https:\/\/pagina10.com\/web\/dos-conductores-murieron-tras-accidente-de-bus-y-camion-registrado-en-el-cauca\/"},"author":{"name":"P\u00e1gina 10","@id":"https:\/\/pagina10.com\/web\/#\/schema\/person\/2efc4a090d25b667d3bc796798a3a81b"},"headline":"Dos conductores murieron tras accidente de bus y cami\u00f3n registrado en el Cauca","datePublished":"2022-10-01T20:08:56+00:00","mainEntityOfPage":{"@id":"https:\/\/pagina10.com\/web\/dos-conductores-murieron-tras-accidente-de-bus-y-camion-registrado-en-el-cauca\/"},"wordCount":256,"commentCount":0,"publisher":{"@id":"https:\/\/pagina10.com\/web\/#organization"},"image":{"@id":"https:\/\/pagina10.com\/web\/dos-conductores-murieron-tras-accidente-de-bus-y-camion-registrado-en-el-cauca\/#primaryimage"},"thumbnailUrl":"https:\/\/pagina10.com\/web\/wp-content\/uploads\/2022\/10\/308763955_531709555624076_7087737881283102248_n.jpg","articleSection":["Judicial"],"inLanguage":"es","potentialAction":[{"@type":"CommentAction","name":"Comment","target":["https:\/\/pagina10.com\/web\/dos-conductores-murieron-tras-accidente-de-bus-y-camion-registrado-en-el-cauca\/#respond"]}]},{"@type":"WebPage","@id":"https:\/\/pagina10.com\/web\/dos-conductores-murieron-tras-accidente-de-bus-y-camion-registrado-en-el-cauca\/","url":"https:\/\/pagina10.com\/web\/dos-conductores-murieron-tras-accidente-de-bus-y-camion-registrado-en-el-cauca\/","name":"Dos conductores murieron tras accidente de bus y cami\u00f3n registrado en el Cauca | P\u00e1gina10","isPartOf":{"@id":"https:\/\/pagina10.com\/web\/#website"},"primaryImageOfPage":{"@id":"https:\/\/pagina10.com\/web\/dos-conductores-murieron-tras-accidente-de-bus-y-camion-registrado-en-el-cauca\/#primaryimage"},"image":{"@id":"https:\/\/pagina10.com\/web\/dos-conductores-murieron-tras-accidente-de-bus-y-camion-registrado-en-el-cauca\/#primaryimage"},"thumbnailUrl":"https:\/\/pagina10.com\/web\/wp-content\/uploads\/2022\/10\/308763955_531709555624076_7087737881283102248_n.jpg","datePublished":"2022-10-01T20:08:56+00:00","breadcrumb":{"@id":"https:\/\/pagina10.com\/web\/dos-conductores-murieron-tras-accidente-de-bus-y-camion-registrado-en-el-cauca\/#breadcrumb"},"inLanguage":"es","potentialAction":[{"@type":"ReadAction","target":["https:\/\/pagina10.com\/web\/dos-conductores-murieron-tras-accidente-de-bus-y-camion-registrado-en-el-cauca\/"]}]},{"@type":"ImageObject","inLanguage":"es","@id":"https:\/\/pagina10.com\/web\/dos-conductores-murieron-tras-accidente-de-bus-y-camion-registrado-en-el-cauca\/#primaryimage","url":"https:\/\/pagina10.com\/web\/wp-content\/uploads\/2022\/10\/308763955_531709555624076_7087737881283102248_n.jpg","contentUrl":"https:\/\/pagina10.com\/web\/wp-content\/uploads\/2022\/10\/308763955_531709555624076_7087737881283102248_n.jpg","width":1024,"height":768},{"@type":"BreadcrumbList","@id":"https:\/\/pagina10.com\/web\/dos-conductores-murieron-tras-accidente-de-bus-y-camion-registrado-en-el-cauca\/#breadcrumb","itemListElement":[{"@type":"ListItem","position":1,"name":"Portada","item":"https:\/\/pagina10.com\/web\/"},{"@type":"ListItem","position":2,"name":"Dos conductores murieron tras accidente de bus y cami\u00f3n registrado en el Cauca"}]},{"@type":"WebSite","@id":"https:\/\/pagina10.com\/web\/#website","url":"https:\/\/pagina10.com\/web\/","name":"P\u00e1gina10","description":"Peri\u00f3dico Regional","publisher":{"@id":"https:\/\/pagina10.com\/web\/#organization"},"alternateName":"P\u00e1gina10 Peri\u00f3dico Regional","potentialAction":[{"@type":"SearchAction","target":{"@type":"EntryPoint","urlTemplate":"https:\/\/pagina10.com\/web\/?s={search_term_string}"},"query-input":{"@type":"PropertyValueSpecification","valueRequired":true,"valueName":"search_term_string"}}],"inLanguage":"es"},{"@type":"Organization","@id":"https:\/\/pagina10.com\/web\/#organization","name":"P\u00e1gina10","alternateName":"P\u00e1gina10 Peri\u00f3dico Regional","url":"https:\/\/pagina10.com\/web\/","logo":{"@type":"ImageObject","inLanguage":"es","@id":"https:\/\/pagina10.com\/web\/#\/schema\/logo\/image\/","url":"https:\/\/pagina10.com\/web\/wp-content\/uploads\/2024\/01\/40-pagina-10-periodico-regional-pasto.jpg","contentUrl":"https:\/\/pagina10.com\/web\/wp-content\/uploads\/2024\/01\/40-pagina-10-periodico-regional-pasto.jpg","width":1280,"height":720,"caption":"P\u00e1gina10"},"image":{"@id":"https:\/\/pagina10.com\/web\/#\/schema\/logo\/image\/"},"sameAs":["https:\/\/www.facebook.com\/pag10com","https:\/\/x.com\/Pag10com","https:\/\/www.instagram.com\/pagina10col\/","https:\/\/youtube.com\/channel\/pag10","https:\/\/www.tiktok.com\/@p10col"]},{"@type":"Person","@id":"https:\/\/pagina10.com\/web\/#\/schema\/person\/2efc4a090d25b667d3bc796798a3a81b","name":"P\u00e1gina 10","description":"P\u00e1gina 10 es un peri\u00f3dico regional que nace en Colombia, en el departamento de Nari\u00f1o, con un enfoque global, fundamentado en cuatro pilares esenciales: la libertad, el pluralismo, la inclusi\u00f3n y la independencia. P\u00e1gina 10 hace referencia a Nari\u00f1o como el d\u00e9cimo departamento creado en Colombia, despu\u00e9s de un proceso pol\u00edtico liderado por actores y actrices regionales con el fin de obtener la independencia y autonom\u00eda de nuestros territorios. Con la creaci\u00f3n de P\u00e1gina 10 se pretende abrir un escenario para el dialogo, la reflexi\u00f3n y el debate que se extienda a otras geograf\u00edas de Am\u00e9rica Latina y del planeta, en una apuesta por transformar colectivamente los desaf\u00edos de un mundo contempor\u00e1neo, m\u00e1s all\u00e1 de las fronteras impuestas.","url":"https:\/\/pagina10.com\/web\/author\/pdiezadmin\/"}]}},"_links":{"self":[{"href":"https:\/\/pagina10.com\/web\/wp-json\/wp\/v2\/posts\/61982","targetHints":{"allow":["GET"]}}],"collection":[{"href":"https:\/\/pagina10.com\/web\/wp-json\/wp\/v2\/posts"}],"about":[{"href":"https:\/\/pagina10.com\/web\/wp-json\/wp\/v2\/types\/post"}],"author":[{"embeddable":true,"href":"https:\/\/pagina10.com\/web\/wp-json\/wp\/v2\/users\/1"}],"replies":[{"embeddable":true,"href":"https:\/\/pagina10.com\/web\/wp-json\/wp\/v2\/comments?post=61982"}],"version-history":[{"count":1,"href":"https:\/\/pagina10.com\/web\/wp-json\/wp\/v2\/posts\/61982\/revisions"}],"predecessor-version":[{"id":61984,"href":"https:\/\/pagina10.com\/web\/wp-json\/wp\/v2\/posts\/61982\/revisions\/61984"}],"wp:featuredmedia":[{"embeddable":true,"href":"https:\/\/pagina10.com\/web\/wp-json\/wp\/v2\/media\/61983"}],"wp:attachment":[{"href":"https:\/\/pagina10.com\/web\/wp-json\/wp\/v2\/media?parent=61982"}],"wp:term":[{"taxonomy":"category","embeddable":true,"href":"https:\/\/pagina10.com\/web\/wp-json\/wp\/v2\/categories?post=61982"},{"taxonomy":"post_tag","embeddable":true,"href":"https:\/\/pagina10.com\/web\/wp-json\/wp\/v2\/tags?post=61982"}],"curies":[{"name":"wp","href":"https:\/\/api.w.org\/{rel}","templated":true}]}}