{"id":62015,"date":"2022-10-03T19:44:57","date_gmt":"2022-10-04T00:44:57","guid":{"rendered":"https:\/\/pagina10.com\/web\/?p=62015"},"modified":"2022-10-03T19:44:57","modified_gmt":"2022-10-04T00:44:57","slug":"mas-y-mejor-conectividad-aerea-para-narino","status":"publish","type":"post","link":"https:\/\/pagina10.com\/web\/mas-y-mejor-conectividad-aerea-para-narino\/","title":{"rendered":"M\u00e1s y mejor conectividad a\u00e9rea para Nari\u00f1o"},"content":{"rendered":"<p style=\"text-align: justify;\">Gobernaci\u00f3n de Nari\u00f1o hizo parte de la mesa estrat\u00e9gica para la construcci\u00f3n de conectividad a\u00e9rea, que permita el crecimiento de la\u00a0aviaci\u00f3n civil, con el uso seguro del espacio a\u00e9reo, en un ambientalmente sostenible, para mejorar la conexi\u00f3n de las regiones e impulsar la competitividad y la industria a\u00e9rea.<\/p>\n<p style=\"text-align: justify;\">La Secretar\u00eda de Planeaci\u00f3n, Secretar\u00eda de Infraestructura, Direcci\u00f3n de Fronteras, Direcci\u00f3n de Turismo y Oficina de Competitividad de Gobernaci\u00f3n de Nari\u00f1o, en articulaci\u00f3n con el Ministerio de Transporte y la Aeron\u00e1utica Civil, se reunieron en una mesa de trabajo, analizando cuatro ejes estrat\u00e9gicos que permitan el fortalecimiento y la optimizaci\u00f3n de los puentes a\u00e9reos que se encuentran en Pasto, Ipiales y Tumaco.<\/p>\n<p style=\"text-align: justify;\">\u201cConvocamos a una mesa estrat\u00e9gica para la construcci\u00f3n del modelo\u00a0aeron\u00e1utico y su impacto social, Plan Nacional de desarrollo 2022-2026 del sector a\u00e9reo. La idea es convocar a todas las comunidades como entes p\u00fablicos, agremiaci\u00f3n, juntas de acci\u00f3n comunal, resguardos ind\u00edgenas y dem\u00e1s actores que hacen parte de los aeropuertos, para construir entre todas las necesidades de conectividad, para que estos se vean reflejados en el\u00a0desarrollo de estos territorios del departamento\u201d, indic\u00f3 el Director Regional Occidente Aeron\u00e1utica Civil, Milton Cesar S\u00e1nchez.<\/p>\n<p style=\"text-align: justify;\">Los ejes tem\u00e1ticos en los que se trabajaron fueron: infraestructura y sostenibilidad\u00a0ambiental, competitividad, conectividad y desarrollo del talento humano en el sector.<\/p>\n<p style=\"text-align: justify;\">\u201cLa Aeron\u00e1utica Civil nos ha convocado a todas las organizaciones p\u00fablicas y privadas para construir este modelo para dar una orientaci\u00f3n hacia donde se debe generar un modelo de competitividad y conectividad que nos permita estructurar unas mejores condiciones para las distintas subregiones, subregiones que se han visto afectadas por la posibilidad de acceso como las subregiones de nuestra Costa pac\u00edfica el Tri\u00e1ngulo del Telemb\u00ed\u201d, se\u00f1al\u00f3, el Director de Fronteras de la Gobernaci\u00f3n de Nari\u00f1o, Francisco Cer\u00f3n.<\/p>\n","protected":false},"excerpt":{"rendered":"<p>Gobernaci\u00f3n de Nari\u00f1o hizo parte de la mesa estrat\u00e9gica para la construcci\u00f3n de conectividad a\u00e9rea, que permita el crecimiento de la\u00a0aviaci\u00f3n civil, con el uso seguro del espacio a\u00e9reo, en un ambientalmente sostenible, para mejorar la conexi\u00f3n de las regiones e impulsar la competitividad y la industria a\u00e9rea. La Secretar\u00eda de Planeaci\u00f3n, Secretar\u00eda de Infraestructura, [&hellip;]<\/p>\n","protected":false},"author":1,"featured_media":62016,"comment_status":"open","ping_status":"open","sticky":false,"template":"","format":"standard","meta":{"footnotes":""},"categories":[13],"tags":[],"class_list":["post-62015","post","type-post","status-publish","format-standard","has-post-thumbnail","hentry","category-economia"],"yoast_head":"<!-- This site is optimized with the Yoast SEO plugin v27.1.1 - https:\/\/yoast.com\/product\/yoast-seo-wordpress\/ -->\n<title>M\u00e1s y mejor conectividad a\u00e9rea para Nari\u00f1o | P\u00e1gina10<\/title>\n<meta name=\"robots\" content=\"index, follow, max-snippet:-1, max-image-preview:large, max-video-preview:-1\" \/>\n<link rel=\"canonical\" href=\"https:\/\/pagina10.com\/web\/mas-y-mejor-conectividad-aerea-para-narino\/\" \/>\n<meta property=\"og:locale\" content=\"es_ES\" \/>\n<meta property=\"og:type\" content=\"article\" \/>\n<meta property=\"og:title\" content=\"M\u00e1s y mejor conectividad a\u00e9rea para Nari\u00f1o | P\u00e1gina10\" \/>\n<meta property=\"og:description\" content=\"Gobernaci\u00f3n de Nari\u00f1o hizo parte de la mesa estrat\u00e9gica para la construcci\u00f3n de conectividad a\u00e9rea, que permita el crecimiento de la\u00a0aviaci\u00f3n civil, con el uso seguro del espacio a\u00e9reo, en un ambientalmente sostenible, para mejorar la conexi\u00f3n de las regiones e impulsar la competitividad y la industria a\u00e9rea. La Secretar\u00eda de Planeaci\u00f3n, Secretar\u00eda de Infraestructura, [&hellip;]\" \/>\n<meta property=\"og:url\" content=\"https:\/\/pagina10.com\/web\/mas-y-mejor-conectividad-aerea-para-narino\/\" \/>\n<meta property=\"og:site_name\" content=\"P\u00e1gina10\" \/>\n<meta property=\"article:publisher\" content=\"https:\/\/www.facebook.com\/pag10com\" \/>\n<meta property=\"article:published_time\" content=\"2022-10-04T00:44:57+00:00\" \/>\n<meta property=\"og:image\" content=\"https:\/\/pagina10.com\/web\/wp-content\/uploads\/2022\/10\/Captura-de-Pantalla-2022-10-03-a-las-7.44.28-p.-m..png\" \/>\n\t<meta property=\"og:image:width\" content=\"423\" \/>\n\t<meta property=\"og:image:height\" content=\"272\" \/>\n\t<meta property=\"og:image:type\" content=\"image\/png\" \/>\n<meta name=\"author\" content=\"P\u00e1gina 10\" \/>\n<meta name=\"twitter:card\" content=\"summary_large_image\" \/>\n<meta name=\"twitter:creator\" content=\"@Pag10com\" \/>\n<meta name=\"twitter:site\" content=\"@Pag10com\" \/>\n<meta name=\"twitter:label1\" content=\"Escrito por\" \/>\n\t<meta name=\"twitter:data1\" content=\"P\u00e1gina 10\" \/>\n\t<meta name=\"twitter:label2\" content=\"Tiempo de lectura\" \/>\n\t<meta name=\"twitter:data2\" content=\"2 minutos\" \/>\n<script type=\"application\/ld+json\" class=\"yoast-schema-graph\">{\"@context\":\"https:\/\/schema.org\",\"@graph\":[{\"@type\":\"Article\",\"@id\":\"https:\/\/pagina10.com\/web\/mas-y-mejor-conectividad-aerea-para-narino\/#article\",\"isPartOf\":{\"@id\":\"https:\/\/pagina10.com\/web\/mas-y-mejor-conectividad-aerea-para-narino\/\"},\"author\":{\"name\":\"P\u00e1gina 10\",\"@id\":\"https:\/\/pagina10.com\/web\/#\/schema\/person\/2efc4a090d25b667d3bc796798a3a81b\"},\"headline\":\"M\u00e1s y mejor conectividad a\u00e9rea para Nari\u00f1o\",\"datePublished\":\"2022-10-04T00:44:57+00:00\",\"mainEntityOfPage\":{\"@id\":\"https:\/\/pagina10.com\/web\/mas-y-mejor-conectividad-aerea-para-narino\/\"},\"wordCount\":345,\"commentCount\":0,\"publisher\":{\"@id\":\"https:\/\/pagina10.com\/web\/#organization\"},\"image\":{\"@id\":\"https:\/\/pagina10.com\/web\/mas-y-mejor-conectividad-aerea-para-narino\/#primaryimage\"},\"thumbnailUrl\":\"https:\/\/pagina10.com\/web\/wp-content\/uploads\/2022\/10\/Captura-de-Pantalla-2022-10-03-a-las-7.44.28-p.-m..png\",\"articleSection\":[\"Econom\u00eda\"],\"inLanguage\":\"es\",\"potentialAction\":[{\"@type\":\"CommentAction\",\"name\":\"Comment\",\"target\":[\"https:\/\/pagina10.com\/web\/mas-y-mejor-conectividad-aerea-para-narino\/#respond\"]}]},{\"@type\":\"WebPage\",\"@id\":\"https:\/\/pagina10.com\/web\/mas-y-mejor-conectividad-aerea-para-narino\/\",\"url\":\"https:\/\/pagina10.com\/web\/mas-y-mejor-conectividad-aerea-para-narino\/\",\"name\":\"M\u00e1s y mejor conectividad a\u00e9rea para Nari\u00f1o | P\u00e1gina10\",\"isPartOf\":{\"@id\":\"https:\/\/pagina10.com\/web\/#website\"},\"primaryImageOfPage\":{\"@id\":\"https:\/\/pagina10.com\/web\/mas-y-mejor-conectividad-aerea-para-narino\/#primaryimage\"},\"image\":{\"@id\":\"https:\/\/pagina10.com\/web\/mas-y-mejor-conectividad-aerea-para-narino\/#primaryimage\"},\"thumbnailUrl\":\"https:\/\/pagina10.com\/web\/wp-content\/uploads\/2022\/10\/Captura-de-Pantalla-2022-10-03-a-las-7.44.28-p.-m..png\",\"datePublished\":\"2022-10-04T00:44:57+00:00\",\"breadcrumb\":{\"@id\":\"https:\/\/pagina10.com\/web\/mas-y-mejor-conectividad-aerea-para-narino\/#breadcrumb\"},\"inLanguage\":\"es\",\"potentialAction\":[{\"@type\":\"ReadAction\",\"target\":[\"https:\/\/pagina10.com\/web\/mas-y-mejor-conectividad-aerea-para-narino\/\"]}]},{\"@type\":\"ImageObject\",\"inLanguage\":\"es\",\"@id\":\"https:\/\/pagina10.com\/web\/mas-y-mejor-conectividad-aerea-para-narino\/#primaryimage\",\"url\":\"https:\/\/pagina10.com\/web\/wp-content\/uploads\/2022\/10\/Captura-de-Pantalla-2022-10-03-a-las-7.44.28-p.-m..png\",\"contentUrl\":\"https:\/\/pagina10.com\/web\/wp-content\/uploads\/2022\/10\/Captura-de-Pantalla-2022-10-03-a-las-7.44.28-p.-m..png\",\"width\":423,\"height\":272},{\"@type\":\"BreadcrumbList\",\"@id\":\"https:\/\/pagina10.com\/web\/mas-y-mejor-conectividad-aerea-para-narino\/#breadcrumb\",\"itemListElement\":[{\"@type\":\"ListItem\",\"position\":1,\"name\":\"Portada\",\"item\":\"https:\/\/pagina10.com\/web\/\"},{\"@type\":\"ListItem\",\"position\":2,\"name\":\"M\u00e1s y mejor conectividad a\u00e9rea para Nari\u00f1o\"}]},{\"@type\":\"WebSite\",\"@id\":\"https:\/\/pagina10.com\/web\/#website\",\"url\":\"https:\/\/pagina10.com\/web\/\",\"name\":\"P\u00e1gina10\",\"description\":\"Peri\u00f3dico Regional\",\"publisher\":{\"@id\":\"https:\/\/pagina10.com\/web\/#organization\"},\"alternateName\":\"P\u00e1gina10 Peri\u00f3dico Regional\",\"potentialAction\":[{\"@type\":\"SearchAction\",\"target\":{\"@type\":\"EntryPoint\",\"urlTemplate\":\"https:\/\/pagina10.com\/web\/?s={search_term_string}\"},\"query-input\":{\"@type\":\"PropertyValueSpecification\",\"valueRequired\":true,\"valueName\":\"search_term_string\"}}],\"inLanguage\":\"es\"},{\"@type\":\"Organization\",\"@id\":\"https:\/\/pagina10.com\/web\/#organization\",\"name\":\"P\u00e1gina10\",\"alternateName\":\"P\u00e1gina10 Peri\u00f3dico Regional\",\"url\":\"https:\/\/pagina10.com\/web\/\",\"logo\":{\"@type\":\"ImageObject\",\"inLanguage\":\"es\",\"@id\":\"https:\/\/pagina10.com\/web\/#\/schema\/logo\/image\/\",\"url\":\"https:\/\/pagina10.com\/web\/wp-content\/uploads\/2024\/01\/40-pagina-10-periodico-regional-pasto.jpg\",\"contentUrl\":\"https:\/\/pagina10.com\/web\/wp-content\/uploads\/2024\/01\/40-pagina-10-periodico-regional-pasto.jpg\",\"width\":1280,\"height\":720,\"caption\":\"P\u00e1gina10\"},\"image\":{\"@id\":\"https:\/\/pagina10.com\/web\/#\/schema\/logo\/image\/\"},\"sameAs\":[\"https:\/\/www.facebook.com\/pag10com\",\"https:\/\/x.com\/Pag10com\",\"https:\/\/www.instagram.com\/pagina10col\/\",\"https:\/\/youtube.com\/channel\/pag10\",\"https:\/\/www.tiktok.com\/@p10col\"]},{\"@type\":\"Person\",\"@id\":\"https:\/\/pagina10.com\/web\/#\/schema\/person\/2efc4a090d25b667d3bc796798a3a81b\",\"name\":\"P\u00e1gina 10\",\"description\":\"P\u00e1gina 10 es un peri\u00f3dico regional que nace en Colombia, en el departamento de Nari\u00f1o, con un enfoque global, fundamentado en cuatro pilares esenciales: la libertad, el pluralismo, la inclusi\u00f3n y la independencia. P\u00e1gina 10 hace referencia a Nari\u00f1o como el d\u00e9cimo departamento creado en Colombia, despu\u00e9s de un proceso pol\u00edtico liderado por actores y actrices regionales con el fin de obtener la independencia y autonom\u00eda de nuestros territorios. Con la creaci\u00f3n de P\u00e1gina 10 se pretende abrir un escenario para el dialogo, la reflexi\u00f3n y el debate que se extienda a otras geograf\u00edas de Am\u00e9rica Latina y del planeta, en una apuesta por transformar colectivamente los desaf\u00edos de un mundo contempor\u00e1neo, m\u00e1s all\u00e1 de las fronteras impuestas.\",\"url\":\"https:\/\/pagina10.com\/web\/author\/pdiezadmin\/\"}]}<\/script>\n<!-- \/ Yoast SEO plugin. -->","yoast_head_json":{"title":"M\u00e1s y mejor conectividad a\u00e9rea para Nari\u00f1o | P\u00e1gina10","robots":{"index":"index","follow":"follow","max-snippet":"max-snippet:-1","max-image-preview":"max-image-preview:large","max-video-preview":"max-video-preview:-1"},"canonical":"https:\/\/pagina10.com\/web\/mas-y-mejor-conectividad-aerea-para-narino\/","og_locale":"es_ES","og_type":"article","og_title":"M\u00e1s y mejor conectividad a\u00e9rea para Nari\u00f1o | P\u00e1gina10","og_description":"Gobernaci\u00f3n de Nari\u00f1o hizo parte de la mesa estrat\u00e9gica para la construcci\u00f3n de conectividad a\u00e9rea, que permita el crecimiento de la\u00a0aviaci\u00f3n civil, con el uso seguro del espacio a\u00e9reo, en un ambientalmente sostenible, para mejorar la conexi\u00f3n de las regiones e impulsar la competitividad y la industria a\u00e9rea. La Secretar\u00eda de Planeaci\u00f3n, Secretar\u00eda de Infraestructura, [&hellip;]","og_url":"https:\/\/pagina10.com\/web\/mas-y-mejor-conectividad-aerea-para-narino\/","og_site_name":"P\u00e1gina10","article_publisher":"https:\/\/www.facebook.com\/pag10com","article_published_time":"2022-10-04T00:44:57+00:00","og_image":[{"width":423,"height":272,"url":"https:\/\/pagina10.com\/web\/wp-content\/uploads\/2022\/10\/Captura-de-Pantalla-2022-10-03-a-las-7.44.28-p.-m..png","type":"image\/png"}],"author":"P\u00e1gina 10","twitter_card":"summary_large_image","twitter_creator":"@Pag10com","twitter_site":"@Pag10com","twitter_misc":{"Escrito por":"P\u00e1gina 10","Tiempo de lectura":"2 minutos"},"schema":{"@context":"https:\/\/schema.org","@graph":[{"@type":"Article","@id":"https:\/\/pagina10.com\/web\/mas-y-mejor-conectividad-aerea-para-narino\/#article","isPartOf":{"@id":"https:\/\/pagina10.com\/web\/mas-y-mejor-conectividad-aerea-para-narino\/"},"author":{"name":"P\u00e1gina 10","@id":"https:\/\/pagina10.com\/web\/#\/schema\/person\/2efc4a090d25b667d3bc796798a3a81b"},"headline":"M\u00e1s y mejor conectividad a\u00e9rea para Nari\u00f1o","datePublished":"2022-10-04T00:44:57+00:00","mainEntityOfPage":{"@id":"https:\/\/pagina10.com\/web\/mas-y-mejor-conectividad-aerea-para-narino\/"},"wordCount":345,"commentCount":0,"publisher":{"@id":"https:\/\/pagina10.com\/web\/#organization"},"image":{"@id":"https:\/\/pagina10.com\/web\/mas-y-mejor-conectividad-aerea-para-narino\/#primaryimage"},"thumbnailUrl":"https:\/\/pagina10.com\/web\/wp-content\/uploads\/2022\/10\/Captura-de-Pantalla-2022-10-03-a-las-7.44.28-p.-m..png","articleSection":["Econom\u00eda"],"inLanguage":"es","potentialAction":[{"@type":"CommentAction","name":"Comment","target":["https:\/\/pagina10.com\/web\/mas-y-mejor-conectividad-aerea-para-narino\/#respond"]}]},{"@type":"WebPage","@id":"https:\/\/pagina10.com\/web\/mas-y-mejor-conectividad-aerea-para-narino\/","url":"https:\/\/pagina10.com\/web\/mas-y-mejor-conectividad-aerea-para-narino\/","name":"M\u00e1s y mejor conectividad a\u00e9rea para Nari\u00f1o | P\u00e1gina10","isPartOf":{"@id":"https:\/\/pagina10.com\/web\/#website"},"primaryImageOfPage":{"@id":"https:\/\/pagina10.com\/web\/mas-y-mejor-conectividad-aerea-para-narino\/#primaryimage"},"image":{"@id":"https:\/\/pagina10.com\/web\/mas-y-mejor-conectividad-aerea-para-narino\/#primaryimage"},"thumbnailUrl":"https:\/\/pagina10.com\/web\/wp-content\/uploads\/2022\/10\/Captura-de-Pantalla-2022-10-03-a-las-7.44.28-p.-m..png","datePublished":"2022-10-04T00:44:57+00:00","breadcrumb":{"@id":"https:\/\/pagina10.com\/web\/mas-y-mejor-conectividad-aerea-para-narino\/#breadcrumb"},"inLanguage":"es","potentialAction":[{"@type":"ReadAction","target":["https:\/\/pagina10.com\/web\/mas-y-mejor-conectividad-aerea-para-narino\/"]}]},{"@type":"ImageObject","inLanguage":"es","@id":"https:\/\/pagina10.com\/web\/mas-y-mejor-conectividad-aerea-para-narino\/#primaryimage","url":"https:\/\/pagina10.com\/web\/wp-content\/uploads\/2022\/10\/Captura-de-Pantalla-2022-10-03-a-las-7.44.28-p.-m..png","contentUrl":"https:\/\/pagina10.com\/web\/wp-content\/uploads\/2022\/10\/Captura-de-Pantalla-2022-10-03-a-las-7.44.28-p.-m..png","width":423,"height":272},{"@type":"BreadcrumbList","@id":"https:\/\/pagina10.com\/web\/mas-y-mejor-conectividad-aerea-para-narino\/#breadcrumb","itemListElement":[{"@type":"ListItem","position":1,"name":"Portada","item":"https:\/\/pagina10.com\/web\/"},{"@type":"ListItem","position":2,"name":"M\u00e1s y mejor conectividad a\u00e9rea para Nari\u00f1o"}]},{"@type":"WebSite","@id":"https:\/\/pagina10.com\/web\/#website","url":"https:\/\/pagina10.com\/web\/","name":"P\u00e1gina10","description":"Peri\u00f3dico Regional","publisher":{"@id":"https:\/\/pagina10.com\/web\/#organization"},"alternateName":"P\u00e1gina10 Peri\u00f3dico Regional","potentialAction":[{"@type":"SearchAction","target":{"@type":"EntryPoint","urlTemplate":"https:\/\/pagina10.com\/web\/?s={search_term_string}"},"query-input":{"@type":"PropertyValueSpecification","valueRequired":true,"valueName":"search_term_string"}}],"inLanguage":"es"},{"@type":"Organization","@id":"https:\/\/pagina10.com\/web\/#organization","name":"P\u00e1gina10","alternateName":"P\u00e1gina10 Peri\u00f3dico Regional","url":"https:\/\/pagina10.com\/web\/","logo":{"@type":"ImageObject","inLanguage":"es","@id":"https:\/\/pagina10.com\/web\/#\/schema\/logo\/image\/","url":"https:\/\/pagina10.com\/web\/wp-content\/uploads\/2024\/01\/40-pagina-10-periodico-regional-pasto.jpg","contentUrl":"https:\/\/pagina10.com\/web\/wp-content\/uploads\/2024\/01\/40-pagina-10-periodico-regional-pasto.jpg","width":1280,"height":720,"caption":"P\u00e1gina10"},"image":{"@id":"https:\/\/pagina10.com\/web\/#\/schema\/logo\/image\/"},"sameAs":["https:\/\/www.facebook.com\/pag10com","https:\/\/x.com\/Pag10com","https:\/\/www.instagram.com\/pagina10col\/","https:\/\/youtube.com\/channel\/pag10","https:\/\/www.tiktok.com\/@p10col"]},{"@type":"Person","@id":"https:\/\/pagina10.com\/web\/#\/schema\/person\/2efc4a090d25b667d3bc796798a3a81b","name":"P\u00e1gina 10","description":"P\u00e1gina 10 es un peri\u00f3dico regional que nace en Colombia, en el departamento de Nari\u00f1o, con un enfoque global, fundamentado en cuatro pilares esenciales: la libertad, el pluralismo, la inclusi\u00f3n y la independencia. P\u00e1gina 10 hace referencia a Nari\u00f1o como el d\u00e9cimo departamento creado en Colombia, despu\u00e9s de un proceso pol\u00edtico liderado por actores y actrices regionales con el fin de obtener la independencia y autonom\u00eda de nuestros territorios. Con la creaci\u00f3n de P\u00e1gina 10 se pretende abrir un escenario para el dialogo, la reflexi\u00f3n y el debate que se extienda a otras geograf\u00edas de Am\u00e9rica Latina y del planeta, en una apuesta por transformar colectivamente los desaf\u00edos de un mundo contempor\u00e1neo, m\u00e1s all\u00e1 de las fronteras impuestas.","url":"https:\/\/pagina10.com\/web\/author\/pdiezadmin\/"}]}},"_links":{"self":[{"href":"https:\/\/pagina10.com\/web\/wp-json\/wp\/v2\/posts\/62015","targetHints":{"allow":["GET"]}}],"collection":[{"href":"https:\/\/pagina10.com\/web\/wp-json\/wp\/v2\/posts"}],"about":[{"href":"https:\/\/pagina10.com\/web\/wp-json\/wp\/v2\/types\/post"}],"author":[{"embeddable":true,"href":"https:\/\/pagina10.com\/web\/wp-json\/wp\/v2\/users\/1"}],"replies":[{"embeddable":true,"href":"https:\/\/pagina10.com\/web\/wp-json\/wp\/v2\/comments?post=62015"}],"version-history":[{"count":1,"href":"https:\/\/pagina10.com\/web\/wp-json\/wp\/v2\/posts\/62015\/revisions"}],"predecessor-version":[{"id":62017,"href":"https:\/\/pagina10.com\/web\/wp-json\/wp\/v2\/posts\/62015\/revisions\/62017"}],"wp:featuredmedia":[{"embeddable":true,"href":"https:\/\/pagina10.com\/web\/wp-json\/wp\/v2\/media\/62016"}],"wp:attachment":[{"href":"https:\/\/pagina10.com\/web\/wp-json\/wp\/v2\/media?parent=62015"}],"wp:term":[{"taxonomy":"category","embeddable":true,"href":"https:\/\/pagina10.com\/web\/wp-json\/wp\/v2\/categories?post=62015"},{"taxonomy":"post_tag","embeddable":true,"href":"https:\/\/pagina10.com\/web\/wp-json\/wp\/v2\/tags?post=62015"}],"curies":[{"name":"wp","href":"https:\/\/api.w.org\/{rel}","templated":true}]}}