{"id":62044,"date":"2022-10-04T21:58:30","date_gmt":"2022-10-05T02:58:30","guid":{"rendered":"https:\/\/pagina10.com\/web\/?p=62044"},"modified":"2022-10-04T21:58:30","modified_gmt":"2022-10-05T02:58:30","slug":"asesinaron-a-un-hombre-mientras-recogia-a-su-hija-en-colegio-de-pasto","status":"publish","type":"post","link":"https:\/\/pagina10.com\/web\/asesinaron-a-un-hombre-mientras-recogia-a-su-hija-en-colegio-de-pasto\/","title":{"rendered":"Asesinaron a un hombre mientras recog\u00eda a su hija en colegio de Pasto"},"content":{"rendered":"<p style=\"text-align: justify;\">Mientras esperaba a que su hija saliera de clases del colegio Ciudad de Pasto, un sicario le propin\u00f3 cinco disparos a Johnny Torres de 35 a\u00f1os quien falleci\u00f3 mientras era trasladado a un centro asistencial. Este es el segundo homicidio registrado en tres d\u00edas en la capital nari\u00f1ense, hecho que alarm\u00f3 a la comunidad que pide redoblar la presencia policial.<\/p>\n<p style=\"text-align: justify;\">El crimen ocurri\u00f3 cerca de las 6:30 de la tarde del lunes cuando la victima, se encontraba en su motocicleta. Ese momento fue aprovechado por el sciario que sin mediar palabra le ceg\u00f3 la vida para en acto seguido, huir en otra motocicleta que lo estaba esperando cerca de la entrada del barrio Doce de Octubre.<\/p>\n<p style=\"text-align: justify;\">Hasta el momento es incierto el paradero de los homicidas, al igual que las causas que los motivaron a asesinar a Torres. En este sentido, las autoridades adelantan las correspondientes pesquisas para determinar la identidad de los sujetos y con ello proceder a realizar su captura.<\/p>\n","protected":false},"excerpt":{"rendered":"<p>Mientras esperaba a que su hija saliera de clases del colegio Ciudad de Pasto, un sicario le propin\u00f3 cinco disparos a Johnny Torres de 35 a\u00f1os quien falleci\u00f3 mientras era trasladado a un centro asistencial. Este es el segundo homicidio registrado en tres d\u00edas en la capital nari\u00f1ense, hecho que alarm\u00f3 a la comunidad que [&hellip;]<\/p>\n","protected":false},"author":1,"featured_media":62045,"comment_status":"open","ping_status":"open","sticky":false,"template":"","format":"standard","meta":{"footnotes":""},"categories":[61],"tags":[],"class_list":["post-62044","post","type-post","status-publish","format-standard","has-post-thumbnail","hentry","category-judicial"],"yoast_head":"<!-- This site is optimized with the Yoast SEO plugin v27.1.1 - https:\/\/yoast.com\/product\/yoast-seo-wordpress\/ -->\n<title>Asesinaron a un hombre mientras recog\u00eda a su hija en colegio de Pasto | P\u00e1gina10<\/title>\n<meta name=\"robots\" content=\"index, follow, max-snippet:-1, max-image-preview:large, max-video-preview:-1\" \/>\n<link rel=\"canonical\" href=\"https:\/\/pagina10.com\/web\/asesinaron-a-un-hombre-mientras-recogia-a-su-hija-en-colegio-de-pasto\/\" \/>\n<meta property=\"og:locale\" content=\"es_ES\" \/>\n<meta property=\"og:type\" content=\"article\" \/>\n<meta property=\"og:title\" content=\"Asesinaron a un hombre mientras recog\u00eda a su hija en colegio de Pasto | P\u00e1gina10\" \/>\n<meta property=\"og:description\" content=\"Mientras esperaba a que su hija saliera de clases del colegio Ciudad de Pasto, un sicario le propin\u00f3 cinco disparos a Johnny Torres de 35 a\u00f1os quien falleci\u00f3 mientras era trasladado a un centro asistencial. Este es el segundo homicidio registrado en tres d\u00edas en la capital nari\u00f1ense, hecho que alarm\u00f3 a la comunidad que [&hellip;]\" \/>\n<meta property=\"og:url\" content=\"https:\/\/pagina10.com\/web\/asesinaron-a-un-hombre-mientras-recogia-a-su-hija-en-colegio-de-pasto\/\" \/>\n<meta property=\"og:site_name\" content=\"P\u00e1gina10\" \/>\n<meta property=\"article:publisher\" content=\"https:\/\/www.facebook.com\/pag10com\" \/>\n<meta property=\"article:published_time\" content=\"2022-10-05T02:58:30+00:00\" \/>\n<meta property=\"og:image\" content=\"https:\/\/pagina10.com\/web\/wp-content\/uploads\/2022\/10\/herido_en_bello_16_0.jpg\" \/>\n\t<meta property=\"og:image:width\" content=\"696\" \/>\n\t<meta property=\"og:image:height\" content=\"391\" \/>\n\t<meta property=\"og:image:type\" content=\"image\/jpeg\" \/>\n<meta name=\"author\" content=\"P\u00e1gina 10\" \/>\n<meta name=\"twitter:card\" content=\"summary_large_image\" \/>\n<meta name=\"twitter:creator\" content=\"@Pag10com\" \/>\n<meta name=\"twitter:site\" content=\"@Pag10com\" \/>\n<meta name=\"twitter:label1\" content=\"Escrito por\" \/>\n\t<meta name=\"twitter:data1\" content=\"P\u00e1gina 10\" \/>\n\t<meta name=\"twitter:label2\" content=\"Tiempo de lectura\" \/>\n\t<meta name=\"twitter:data2\" content=\"1 minuto\" \/>\n<script type=\"application\/ld+json\" class=\"yoast-schema-graph\">{\"@context\":\"https:\/\/schema.org\",\"@graph\":[{\"@type\":\"Article\",\"@id\":\"https:\/\/pagina10.com\/web\/asesinaron-a-un-hombre-mientras-recogia-a-su-hija-en-colegio-de-pasto\/#article\",\"isPartOf\":{\"@id\":\"https:\/\/pagina10.com\/web\/asesinaron-a-un-hombre-mientras-recogia-a-su-hija-en-colegio-de-pasto\/\"},\"author\":{\"name\":\"P\u00e1gina 10\",\"@id\":\"https:\/\/pagina10.com\/web\/#\/schema\/person\/2efc4a090d25b667d3bc796798a3a81b\"},\"headline\":\"Asesinaron a un hombre mientras recog\u00eda a su hija en colegio de Pasto\",\"datePublished\":\"2022-10-05T02:58:30+00:00\",\"mainEntityOfPage\":{\"@id\":\"https:\/\/pagina10.com\/web\/asesinaron-a-un-hombre-mientras-recogia-a-su-hija-en-colegio-de-pasto\/\"},\"wordCount\":177,\"commentCount\":0,\"publisher\":{\"@id\":\"https:\/\/pagina10.com\/web\/#organization\"},\"image\":{\"@id\":\"https:\/\/pagina10.com\/web\/asesinaron-a-un-hombre-mientras-recogia-a-su-hija-en-colegio-de-pasto\/#primaryimage\"},\"thumbnailUrl\":\"https:\/\/pagina10.com\/web\/wp-content\/uploads\/2022\/10\/herido_en_bello_16_0.jpg\",\"articleSection\":[\"Judicial\"],\"inLanguage\":\"es\",\"potentialAction\":[{\"@type\":\"CommentAction\",\"name\":\"Comment\",\"target\":[\"https:\/\/pagina10.com\/web\/asesinaron-a-un-hombre-mientras-recogia-a-su-hija-en-colegio-de-pasto\/#respond\"]}]},{\"@type\":\"WebPage\",\"@id\":\"https:\/\/pagina10.com\/web\/asesinaron-a-un-hombre-mientras-recogia-a-su-hija-en-colegio-de-pasto\/\",\"url\":\"https:\/\/pagina10.com\/web\/asesinaron-a-un-hombre-mientras-recogia-a-su-hija-en-colegio-de-pasto\/\",\"name\":\"Asesinaron a un hombre mientras recog\u00eda a su hija en colegio de Pasto | P\u00e1gina10\",\"isPartOf\":{\"@id\":\"https:\/\/pagina10.com\/web\/#website\"},\"primaryImageOfPage\":{\"@id\":\"https:\/\/pagina10.com\/web\/asesinaron-a-un-hombre-mientras-recogia-a-su-hija-en-colegio-de-pasto\/#primaryimage\"},\"image\":{\"@id\":\"https:\/\/pagina10.com\/web\/asesinaron-a-un-hombre-mientras-recogia-a-su-hija-en-colegio-de-pasto\/#primaryimage\"},\"thumbnailUrl\":\"https:\/\/pagina10.com\/web\/wp-content\/uploads\/2022\/10\/herido_en_bello_16_0.jpg\",\"datePublished\":\"2022-10-05T02:58:30+00:00\",\"breadcrumb\":{\"@id\":\"https:\/\/pagina10.com\/web\/asesinaron-a-un-hombre-mientras-recogia-a-su-hija-en-colegio-de-pasto\/#breadcrumb\"},\"inLanguage\":\"es\",\"potentialAction\":[{\"@type\":\"ReadAction\",\"target\":[\"https:\/\/pagina10.com\/web\/asesinaron-a-un-hombre-mientras-recogia-a-su-hija-en-colegio-de-pasto\/\"]}]},{\"@type\":\"ImageObject\",\"inLanguage\":\"es\",\"@id\":\"https:\/\/pagina10.com\/web\/asesinaron-a-un-hombre-mientras-recogia-a-su-hija-en-colegio-de-pasto\/#primaryimage\",\"url\":\"https:\/\/pagina10.com\/web\/wp-content\/uploads\/2022\/10\/herido_en_bello_16_0.jpg\",\"contentUrl\":\"https:\/\/pagina10.com\/web\/wp-content\/uploads\/2022\/10\/herido_en_bello_16_0.jpg\",\"width\":696,\"height\":391},{\"@type\":\"BreadcrumbList\",\"@id\":\"https:\/\/pagina10.com\/web\/asesinaron-a-un-hombre-mientras-recogia-a-su-hija-en-colegio-de-pasto\/#breadcrumb\",\"itemListElement\":[{\"@type\":\"ListItem\",\"position\":1,\"name\":\"Portada\",\"item\":\"https:\/\/pagina10.com\/web\/\"},{\"@type\":\"ListItem\",\"position\":2,\"name\":\"Asesinaron a un hombre mientras recog\u00eda a su hija en colegio de Pasto\"}]},{\"@type\":\"WebSite\",\"@id\":\"https:\/\/pagina10.com\/web\/#website\",\"url\":\"https:\/\/pagina10.com\/web\/\",\"name\":\"P\u00e1gina10\",\"description\":\"Peri\u00f3dico Regional\",\"publisher\":{\"@id\":\"https:\/\/pagina10.com\/web\/#organization\"},\"alternateName\":\"P\u00e1gina10 Peri\u00f3dico Regional\",\"potentialAction\":[{\"@type\":\"SearchAction\",\"target\":{\"@type\":\"EntryPoint\",\"urlTemplate\":\"https:\/\/pagina10.com\/web\/?s={search_term_string}\"},\"query-input\":{\"@type\":\"PropertyValueSpecification\",\"valueRequired\":true,\"valueName\":\"search_term_string\"}}],\"inLanguage\":\"es\"},{\"@type\":\"Organization\",\"@id\":\"https:\/\/pagina10.com\/web\/#organization\",\"name\":\"P\u00e1gina10\",\"alternateName\":\"P\u00e1gina10 Peri\u00f3dico Regional\",\"url\":\"https:\/\/pagina10.com\/web\/\",\"logo\":{\"@type\":\"ImageObject\",\"inLanguage\":\"es\",\"@id\":\"https:\/\/pagina10.com\/web\/#\/schema\/logo\/image\/\",\"url\":\"https:\/\/pagina10.com\/web\/wp-content\/uploads\/2024\/01\/40-pagina-10-periodico-regional-pasto.jpg\",\"contentUrl\":\"https:\/\/pagina10.com\/web\/wp-content\/uploads\/2024\/01\/40-pagina-10-periodico-regional-pasto.jpg\",\"width\":1280,\"height\":720,\"caption\":\"P\u00e1gina10\"},\"image\":{\"@id\":\"https:\/\/pagina10.com\/web\/#\/schema\/logo\/image\/\"},\"sameAs\":[\"https:\/\/www.facebook.com\/pag10com\",\"https:\/\/x.com\/Pag10com\",\"https:\/\/www.instagram.com\/pagina10col\/\",\"https:\/\/youtube.com\/channel\/pag10\",\"https:\/\/www.tiktok.com\/@p10col\"]},{\"@type\":\"Person\",\"@id\":\"https:\/\/pagina10.com\/web\/#\/schema\/person\/2efc4a090d25b667d3bc796798a3a81b\",\"name\":\"P\u00e1gina 10\",\"description\":\"P\u00e1gina 10 es un peri\u00f3dico regional que nace en Colombia, en el departamento de Nari\u00f1o, con un enfoque global, fundamentado en cuatro pilares esenciales: la libertad, el pluralismo, la inclusi\u00f3n y la independencia. P\u00e1gina 10 hace referencia a Nari\u00f1o como el d\u00e9cimo departamento creado en Colombia, despu\u00e9s de un proceso pol\u00edtico liderado por actores y actrices regionales con el fin de obtener la independencia y autonom\u00eda de nuestros territorios. Con la creaci\u00f3n de P\u00e1gina 10 se pretende abrir un escenario para el dialogo, la reflexi\u00f3n y el debate que se extienda a otras geograf\u00edas de Am\u00e9rica Latina y del planeta, en una apuesta por transformar colectivamente los desaf\u00edos de un mundo contempor\u00e1neo, m\u00e1s all\u00e1 de las fronteras impuestas.\",\"url\":\"https:\/\/pagina10.com\/web\/author\/pdiezadmin\/\"}]}<\/script>\n<!-- \/ Yoast SEO plugin. -->","yoast_head_json":{"title":"Asesinaron a un hombre mientras recog\u00eda a su hija en colegio de Pasto | P\u00e1gina10","robots":{"index":"index","follow":"follow","max-snippet":"max-snippet:-1","max-image-preview":"max-image-preview:large","max-video-preview":"max-video-preview:-1"},"canonical":"https:\/\/pagina10.com\/web\/asesinaron-a-un-hombre-mientras-recogia-a-su-hija-en-colegio-de-pasto\/","og_locale":"es_ES","og_type":"article","og_title":"Asesinaron a un hombre mientras recog\u00eda a su hija en colegio de Pasto | P\u00e1gina10","og_description":"Mientras esperaba a que su hija saliera de clases del colegio Ciudad de Pasto, un sicario le propin\u00f3 cinco disparos a Johnny Torres de 35 a\u00f1os quien falleci\u00f3 mientras era trasladado a un centro asistencial. Este es el segundo homicidio registrado en tres d\u00edas en la capital nari\u00f1ense, hecho que alarm\u00f3 a la comunidad que [&hellip;]","og_url":"https:\/\/pagina10.com\/web\/asesinaron-a-un-hombre-mientras-recogia-a-su-hija-en-colegio-de-pasto\/","og_site_name":"P\u00e1gina10","article_publisher":"https:\/\/www.facebook.com\/pag10com","article_published_time":"2022-10-05T02:58:30+00:00","og_image":[{"width":696,"height":391,"url":"https:\/\/pagina10.com\/web\/wp-content\/uploads\/2022\/10\/herido_en_bello_16_0.jpg","type":"image\/jpeg"}],"author":"P\u00e1gina 10","twitter_card":"summary_large_image","twitter_creator":"@Pag10com","twitter_site":"@Pag10com","twitter_misc":{"Escrito por":"P\u00e1gina 10","Tiempo de lectura":"1 minuto"},"schema":{"@context":"https:\/\/schema.org","@graph":[{"@type":"Article","@id":"https:\/\/pagina10.com\/web\/asesinaron-a-un-hombre-mientras-recogia-a-su-hija-en-colegio-de-pasto\/#article","isPartOf":{"@id":"https:\/\/pagina10.com\/web\/asesinaron-a-un-hombre-mientras-recogia-a-su-hija-en-colegio-de-pasto\/"},"author":{"name":"P\u00e1gina 10","@id":"https:\/\/pagina10.com\/web\/#\/schema\/person\/2efc4a090d25b667d3bc796798a3a81b"},"headline":"Asesinaron a un hombre mientras recog\u00eda a su hija en colegio de Pasto","datePublished":"2022-10-05T02:58:30+00:00","mainEntityOfPage":{"@id":"https:\/\/pagina10.com\/web\/asesinaron-a-un-hombre-mientras-recogia-a-su-hija-en-colegio-de-pasto\/"},"wordCount":177,"commentCount":0,"publisher":{"@id":"https:\/\/pagina10.com\/web\/#organization"},"image":{"@id":"https:\/\/pagina10.com\/web\/asesinaron-a-un-hombre-mientras-recogia-a-su-hija-en-colegio-de-pasto\/#primaryimage"},"thumbnailUrl":"https:\/\/pagina10.com\/web\/wp-content\/uploads\/2022\/10\/herido_en_bello_16_0.jpg","articleSection":["Judicial"],"inLanguage":"es","potentialAction":[{"@type":"CommentAction","name":"Comment","target":["https:\/\/pagina10.com\/web\/asesinaron-a-un-hombre-mientras-recogia-a-su-hija-en-colegio-de-pasto\/#respond"]}]},{"@type":"WebPage","@id":"https:\/\/pagina10.com\/web\/asesinaron-a-un-hombre-mientras-recogia-a-su-hija-en-colegio-de-pasto\/","url":"https:\/\/pagina10.com\/web\/asesinaron-a-un-hombre-mientras-recogia-a-su-hija-en-colegio-de-pasto\/","name":"Asesinaron a un hombre mientras recog\u00eda a su hija en colegio de Pasto | P\u00e1gina10","isPartOf":{"@id":"https:\/\/pagina10.com\/web\/#website"},"primaryImageOfPage":{"@id":"https:\/\/pagina10.com\/web\/asesinaron-a-un-hombre-mientras-recogia-a-su-hija-en-colegio-de-pasto\/#primaryimage"},"image":{"@id":"https:\/\/pagina10.com\/web\/asesinaron-a-un-hombre-mientras-recogia-a-su-hija-en-colegio-de-pasto\/#primaryimage"},"thumbnailUrl":"https:\/\/pagina10.com\/web\/wp-content\/uploads\/2022\/10\/herido_en_bello_16_0.jpg","datePublished":"2022-10-05T02:58:30+00:00","breadcrumb":{"@id":"https:\/\/pagina10.com\/web\/asesinaron-a-un-hombre-mientras-recogia-a-su-hija-en-colegio-de-pasto\/#breadcrumb"},"inLanguage":"es","potentialAction":[{"@type":"ReadAction","target":["https:\/\/pagina10.com\/web\/asesinaron-a-un-hombre-mientras-recogia-a-su-hija-en-colegio-de-pasto\/"]}]},{"@type":"ImageObject","inLanguage":"es","@id":"https:\/\/pagina10.com\/web\/asesinaron-a-un-hombre-mientras-recogia-a-su-hija-en-colegio-de-pasto\/#primaryimage","url":"https:\/\/pagina10.com\/web\/wp-content\/uploads\/2022\/10\/herido_en_bello_16_0.jpg","contentUrl":"https:\/\/pagina10.com\/web\/wp-content\/uploads\/2022\/10\/herido_en_bello_16_0.jpg","width":696,"height":391},{"@type":"BreadcrumbList","@id":"https:\/\/pagina10.com\/web\/asesinaron-a-un-hombre-mientras-recogia-a-su-hija-en-colegio-de-pasto\/#breadcrumb","itemListElement":[{"@type":"ListItem","position":1,"name":"Portada","item":"https:\/\/pagina10.com\/web\/"},{"@type":"ListItem","position":2,"name":"Asesinaron a un hombre mientras recog\u00eda a su hija en colegio de Pasto"}]},{"@type":"WebSite","@id":"https:\/\/pagina10.com\/web\/#website","url":"https:\/\/pagina10.com\/web\/","name":"P\u00e1gina10","description":"Peri\u00f3dico Regional","publisher":{"@id":"https:\/\/pagina10.com\/web\/#organization"},"alternateName":"P\u00e1gina10 Peri\u00f3dico Regional","potentialAction":[{"@type":"SearchAction","target":{"@type":"EntryPoint","urlTemplate":"https:\/\/pagina10.com\/web\/?s={search_term_string}"},"query-input":{"@type":"PropertyValueSpecification","valueRequired":true,"valueName":"search_term_string"}}],"inLanguage":"es"},{"@type":"Organization","@id":"https:\/\/pagina10.com\/web\/#organization","name":"P\u00e1gina10","alternateName":"P\u00e1gina10 Peri\u00f3dico Regional","url":"https:\/\/pagina10.com\/web\/","logo":{"@type":"ImageObject","inLanguage":"es","@id":"https:\/\/pagina10.com\/web\/#\/schema\/logo\/image\/","url":"https:\/\/pagina10.com\/web\/wp-content\/uploads\/2024\/01\/40-pagina-10-periodico-regional-pasto.jpg","contentUrl":"https:\/\/pagina10.com\/web\/wp-content\/uploads\/2024\/01\/40-pagina-10-periodico-regional-pasto.jpg","width":1280,"height":720,"caption":"P\u00e1gina10"},"image":{"@id":"https:\/\/pagina10.com\/web\/#\/schema\/logo\/image\/"},"sameAs":["https:\/\/www.facebook.com\/pag10com","https:\/\/x.com\/Pag10com","https:\/\/www.instagram.com\/pagina10col\/","https:\/\/youtube.com\/channel\/pag10","https:\/\/www.tiktok.com\/@p10col"]},{"@type":"Person","@id":"https:\/\/pagina10.com\/web\/#\/schema\/person\/2efc4a090d25b667d3bc796798a3a81b","name":"P\u00e1gina 10","description":"P\u00e1gina 10 es un peri\u00f3dico regional que nace en Colombia, en el departamento de Nari\u00f1o, con un enfoque global, fundamentado en cuatro pilares esenciales: la libertad, el pluralismo, la inclusi\u00f3n y la independencia. P\u00e1gina 10 hace referencia a Nari\u00f1o como el d\u00e9cimo departamento creado en Colombia, despu\u00e9s de un proceso pol\u00edtico liderado por actores y actrices regionales con el fin de obtener la independencia y autonom\u00eda de nuestros territorios. Con la creaci\u00f3n de P\u00e1gina 10 se pretende abrir un escenario para el dialogo, la reflexi\u00f3n y el debate que se extienda a otras geograf\u00edas de Am\u00e9rica Latina y del planeta, en una apuesta por transformar colectivamente los desaf\u00edos de un mundo contempor\u00e1neo, m\u00e1s all\u00e1 de las fronteras impuestas.","url":"https:\/\/pagina10.com\/web\/author\/pdiezadmin\/"}]}},"_links":{"self":[{"href":"https:\/\/pagina10.com\/web\/wp-json\/wp\/v2\/posts\/62044","targetHints":{"allow":["GET"]}}],"collection":[{"href":"https:\/\/pagina10.com\/web\/wp-json\/wp\/v2\/posts"}],"about":[{"href":"https:\/\/pagina10.com\/web\/wp-json\/wp\/v2\/types\/post"}],"author":[{"embeddable":true,"href":"https:\/\/pagina10.com\/web\/wp-json\/wp\/v2\/users\/1"}],"replies":[{"embeddable":true,"href":"https:\/\/pagina10.com\/web\/wp-json\/wp\/v2\/comments?post=62044"}],"version-history":[{"count":1,"href":"https:\/\/pagina10.com\/web\/wp-json\/wp\/v2\/posts\/62044\/revisions"}],"predecessor-version":[{"id":62046,"href":"https:\/\/pagina10.com\/web\/wp-json\/wp\/v2\/posts\/62044\/revisions\/62046"}],"wp:featuredmedia":[{"embeddable":true,"href":"https:\/\/pagina10.com\/web\/wp-json\/wp\/v2\/media\/62045"}],"wp:attachment":[{"href":"https:\/\/pagina10.com\/web\/wp-json\/wp\/v2\/media?parent=62044"}],"wp:term":[{"taxonomy":"category","embeddable":true,"href":"https:\/\/pagina10.com\/web\/wp-json\/wp\/v2\/categories?post=62044"},{"taxonomy":"post_tag","embeddable":true,"href":"https:\/\/pagina10.com\/web\/wp-json\/wp\/v2\/tags?post=62044"}],"curies":[{"name":"wp","href":"https:\/\/api.w.org\/{rel}","templated":true}]}}