{"id":62124,"date":"2022-10-09T10:14:29","date_gmt":"2022-10-09T15:14:29","guid":{"rendered":"https:\/\/pagina10.com\/web\/?p=62124"},"modified":"2022-10-09T10:14:29","modified_gmt":"2022-10-09T15:14:29","slug":"desmantelan-10-unidades-ilegales-de-produccion-minera-y-20-refinerias-ilegales-en-narino","status":"publish","type":"post","link":"https:\/\/pagina10.com\/web\/desmantelan-10-unidades-ilegales-de-produccion-minera-y-20-refinerias-ilegales-en-narino\/","title":{"rendered":"Desmantelan 10 unidades ilegales de producci\u00f3n minera y 20 refiner\u00edas ilegales en Nari\u00f1o"},"content":{"rendered":"<p style=\"text-align: justify;\">La mega operaci\u00f3n contra la explotaci\u00f3n il\u00edcita de yacimientos mineros permiti\u00f3 la recuperaci\u00f3n de m\u00e1s de siete hect\u00e1reas de bosque.<br \/>\nTropas especiales del Comando Contra el Narcotr\u00e1fico y Amenazas Transnacionales CONAT del Ej\u00e9rcito Nacional, en una operaci\u00f3n conjunta con la Fuerza A\u00e9rea Colombiana, coordinada con la Polic\u00eda Nacional e interinstitucional con la Fiscal\u00eda General de la Naci\u00f3n, lograron en el municipio de Mag\u00fci Pay\u00e1n, Nari\u00f1o, la intervenci\u00f3n de diez unidades de producci\u00f3n minera, dejando inutilizadas cinco excavadoras, cinco clasificadoras y un motor industrial, equipo y material que ser\u00eda empleado por integrantes del Grupo Armado Organizado residual GAO-r Estructura Ariel Aldana, para la extracci\u00f3n il\u00edcita de oro.<\/p>\n<p style=\"text-align: justify;\">Tras meses de constante seguimiento por parte de inteligencia militar y policial, se logr\u00f3 la afectaci\u00f3n en cerca de seis mil millones de pesos, evitando la producci\u00f3n de m\u00e1s de 15 kilogramos de oro mensual.<\/p>\n<p style=\"text-align: justify;\">En una segunda operaci\u00f3n por parte de las tropas de la Fuerza de Tarea Conjunta Hercules se logr\u00f3 desmantelar 20 refiner\u00edas ilegales, las cuales estaban siendo utilizadas para la destilaci\u00f3n de hidrocarburos en el corregimiento la Guayacana, en el lugar se logr\u00f3 la incautaci\u00f3n de m\u00e1s de 98.000 galones de hidrocarburo tipo refinado y m\u00e1s de 133.000 galones de hidrocarburo tipo crudo.<\/p>\n<p style=\"text-align: justify;\">En esta zona del suroccidente del pa\u00eds se podr\u00eda evidenciar una deforestaci\u00f3n de m\u00e1s de 4200 \u00e1rboles, una afectaci\u00f3n a la flora que podr\u00eda tardar entre 20 a 30 a\u00f1os en recuperarse.<\/p>\n<p style=\"text-align: justify;\">En el lugar de los hechos no se presentaron capturas, sin embargo la Fuerza P\u00fablica continuar\u00e1 adelantando operaciones militares que permitan afectar de manera directa este flagelo que atenta contra la diversidad y sostenibilidad del medio ambiente.<\/p>\n","protected":false},"excerpt":{"rendered":"<p>La mega operaci\u00f3n contra la explotaci\u00f3n il\u00edcita de yacimientos mineros permiti\u00f3 la recuperaci\u00f3n de m\u00e1s de siete hect\u00e1reas de bosque. Tropas especiales del Comando Contra el Narcotr\u00e1fico y Amenazas Transnacionales CONAT del Ej\u00e9rcito Nacional, en una operaci\u00f3n conjunta con la Fuerza A\u00e9rea Colombiana, coordinada con la Polic\u00eda Nacional e interinstitucional con la Fiscal\u00eda General de [&hellip;]<\/p>\n","protected":false},"author":1,"featured_media":62125,"comment_status":"open","ping_status":"open","sticky":false,"template":"","format":"standard","meta":{"footnotes":""},"categories":[61],"tags":[],"class_list":["post-62124","post","type-post","status-publish","format-standard","has-post-thumbnail","hentry","category-judicial"],"yoast_head":"<!-- This site is optimized with the Yoast SEO plugin v27.1.1 - https:\/\/yoast.com\/product\/yoast-seo-wordpress\/ -->\n<title>Desmantelan 10 unidades ilegales de producci\u00f3n minera y 20 refiner\u00edas ilegales en Nari\u00f1o | P\u00e1gina10<\/title>\n<meta name=\"robots\" content=\"index, follow, max-snippet:-1, max-image-preview:large, max-video-preview:-1\" \/>\n<link rel=\"canonical\" href=\"https:\/\/pagina10.com\/web\/desmantelan-10-unidades-ilegales-de-produccion-minera-y-20-refinerias-ilegales-en-narino\/\" \/>\n<meta property=\"og:locale\" content=\"es_ES\" \/>\n<meta property=\"og:type\" content=\"article\" \/>\n<meta property=\"og:title\" content=\"Desmantelan 10 unidades ilegales de producci\u00f3n minera y 20 refiner\u00edas ilegales en Nari\u00f1o | P\u00e1gina10\" \/>\n<meta property=\"og:description\" content=\"La mega operaci\u00f3n contra la explotaci\u00f3n il\u00edcita de yacimientos mineros permiti\u00f3 la recuperaci\u00f3n de m\u00e1s de siete hect\u00e1reas de bosque. Tropas especiales del Comando Contra el Narcotr\u00e1fico y Amenazas Transnacionales CONAT del Ej\u00e9rcito Nacional, en una operaci\u00f3n conjunta con la Fuerza A\u00e9rea Colombiana, coordinada con la Polic\u00eda Nacional e interinstitucional con la Fiscal\u00eda General de [&hellip;]\" \/>\n<meta property=\"og:url\" content=\"https:\/\/pagina10.com\/web\/desmantelan-10-unidades-ilegales-de-produccion-minera-y-20-refinerias-ilegales-en-narino\/\" \/>\n<meta property=\"og:site_name\" content=\"P\u00e1gina10\" \/>\n<meta property=\"article:publisher\" content=\"https:\/\/www.facebook.com\/pag10com\" \/>\n<meta property=\"article:published_time\" content=\"2022-10-09T15:14:29+00:00\" \/>\n<meta property=\"og:image\" content=\"https:\/\/pagina10.com\/web\/wp-content\/uploads\/2022\/10\/WhatsApp-Image-2022-10-08-at-1.19.12-PM.jpeg\" \/>\n\t<meta property=\"og:image:width\" content=\"1280\" \/>\n\t<meta property=\"og:image:height\" content=\"960\" \/>\n\t<meta property=\"og:image:type\" content=\"image\/jpeg\" \/>\n<meta name=\"author\" content=\"P\u00e1gina 10\" \/>\n<meta name=\"twitter:card\" content=\"summary_large_image\" \/>\n<meta name=\"twitter:creator\" content=\"@Pag10com\" \/>\n<meta name=\"twitter:site\" content=\"@Pag10com\" \/>\n<meta name=\"twitter:label1\" content=\"Escrito por\" \/>\n\t<meta name=\"twitter:data1\" content=\"P\u00e1gina 10\" \/>\n\t<meta name=\"twitter:label2\" content=\"Tiempo de lectura\" \/>\n\t<meta name=\"twitter:data2\" content=\"2 minutos\" \/>\n<script type=\"application\/ld+json\" class=\"yoast-schema-graph\">{\"@context\":\"https:\/\/schema.org\",\"@graph\":[{\"@type\":\"Article\",\"@id\":\"https:\/\/pagina10.com\/web\/desmantelan-10-unidades-ilegales-de-produccion-minera-y-20-refinerias-ilegales-en-narino\/#article\",\"isPartOf\":{\"@id\":\"https:\/\/pagina10.com\/web\/desmantelan-10-unidades-ilegales-de-produccion-minera-y-20-refinerias-ilegales-en-narino\/\"},\"author\":{\"name\":\"P\u00e1gina 10\",\"@id\":\"https:\/\/pagina10.com\/web\/#\/schema\/person\/2efc4a090d25b667d3bc796798a3a81b\"},\"headline\":\"Desmantelan 10 unidades ilegales de producci\u00f3n minera y 20 refiner\u00edas ilegales en Nari\u00f1o\",\"datePublished\":\"2022-10-09T15:14:29+00:00\",\"mainEntityOfPage\":{\"@id\":\"https:\/\/pagina10.com\/web\/desmantelan-10-unidades-ilegales-de-produccion-minera-y-20-refinerias-ilegales-en-narino\/\"},\"wordCount\":317,\"commentCount\":0,\"publisher\":{\"@id\":\"https:\/\/pagina10.com\/web\/#organization\"},\"image\":{\"@id\":\"https:\/\/pagina10.com\/web\/desmantelan-10-unidades-ilegales-de-produccion-minera-y-20-refinerias-ilegales-en-narino\/#primaryimage\"},\"thumbnailUrl\":\"https:\/\/pagina10.com\/web\/wp-content\/uploads\/2022\/10\/WhatsApp-Image-2022-10-08-at-1.19.12-PM.jpeg\",\"articleSection\":[\"Judicial\"],\"inLanguage\":\"es\",\"potentialAction\":[{\"@type\":\"CommentAction\",\"name\":\"Comment\",\"target\":[\"https:\/\/pagina10.com\/web\/desmantelan-10-unidades-ilegales-de-produccion-minera-y-20-refinerias-ilegales-en-narino\/#respond\"]}]},{\"@type\":\"WebPage\",\"@id\":\"https:\/\/pagina10.com\/web\/desmantelan-10-unidades-ilegales-de-produccion-minera-y-20-refinerias-ilegales-en-narino\/\",\"url\":\"https:\/\/pagina10.com\/web\/desmantelan-10-unidades-ilegales-de-produccion-minera-y-20-refinerias-ilegales-en-narino\/\",\"name\":\"Desmantelan 10 unidades ilegales de producci\u00f3n minera y 20 refiner\u00edas ilegales en Nari\u00f1o | P\u00e1gina10\",\"isPartOf\":{\"@id\":\"https:\/\/pagina10.com\/web\/#website\"},\"primaryImageOfPage\":{\"@id\":\"https:\/\/pagina10.com\/web\/desmantelan-10-unidades-ilegales-de-produccion-minera-y-20-refinerias-ilegales-en-narino\/#primaryimage\"},\"image\":{\"@id\":\"https:\/\/pagina10.com\/web\/desmantelan-10-unidades-ilegales-de-produccion-minera-y-20-refinerias-ilegales-en-narino\/#primaryimage\"},\"thumbnailUrl\":\"https:\/\/pagina10.com\/web\/wp-content\/uploads\/2022\/10\/WhatsApp-Image-2022-10-08-at-1.19.12-PM.jpeg\",\"datePublished\":\"2022-10-09T15:14:29+00:00\",\"breadcrumb\":{\"@id\":\"https:\/\/pagina10.com\/web\/desmantelan-10-unidades-ilegales-de-produccion-minera-y-20-refinerias-ilegales-en-narino\/#breadcrumb\"},\"inLanguage\":\"es\",\"potentialAction\":[{\"@type\":\"ReadAction\",\"target\":[\"https:\/\/pagina10.com\/web\/desmantelan-10-unidades-ilegales-de-produccion-minera-y-20-refinerias-ilegales-en-narino\/\"]}]},{\"@type\":\"ImageObject\",\"inLanguage\":\"es\",\"@id\":\"https:\/\/pagina10.com\/web\/desmantelan-10-unidades-ilegales-de-produccion-minera-y-20-refinerias-ilegales-en-narino\/#primaryimage\",\"url\":\"https:\/\/pagina10.com\/web\/wp-content\/uploads\/2022\/10\/WhatsApp-Image-2022-10-08-at-1.19.12-PM.jpeg\",\"contentUrl\":\"https:\/\/pagina10.com\/web\/wp-content\/uploads\/2022\/10\/WhatsApp-Image-2022-10-08-at-1.19.12-PM.jpeg\",\"width\":1280,\"height\":960},{\"@type\":\"BreadcrumbList\",\"@id\":\"https:\/\/pagina10.com\/web\/desmantelan-10-unidades-ilegales-de-produccion-minera-y-20-refinerias-ilegales-en-narino\/#breadcrumb\",\"itemListElement\":[{\"@type\":\"ListItem\",\"position\":1,\"name\":\"Portada\",\"item\":\"https:\/\/pagina10.com\/web\/\"},{\"@type\":\"ListItem\",\"position\":2,\"name\":\"Desmantelan 10 unidades ilegales de producci\u00f3n minera y 20 refiner\u00edas ilegales en Nari\u00f1o\"}]},{\"@type\":\"WebSite\",\"@id\":\"https:\/\/pagina10.com\/web\/#website\",\"url\":\"https:\/\/pagina10.com\/web\/\",\"name\":\"P\u00e1gina10\",\"description\":\"Peri\u00f3dico Regional\",\"publisher\":{\"@id\":\"https:\/\/pagina10.com\/web\/#organization\"},\"alternateName\":\"P\u00e1gina10 Peri\u00f3dico Regional\",\"potentialAction\":[{\"@type\":\"SearchAction\",\"target\":{\"@type\":\"EntryPoint\",\"urlTemplate\":\"https:\/\/pagina10.com\/web\/?s={search_term_string}\"},\"query-input\":{\"@type\":\"PropertyValueSpecification\",\"valueRequired\":true,\"valueName\":\"search_term_string\"}}],\"inLanguage\":\"es\"},{\"@type\":\"Organization\",\"@id\":\"https:\/\/pagina10.com\/web\/#organization\",\"name\":\"P\u00e1gina10\",\"alternateName\":\"P\u00e1gina10 Peri\u00f3dico Regional\",\"url\":\"https:\/\/pagina10.com\/web\/\",\"logo\":{\"@type\":\"ImageObject\",\"inLanguage\":\"es\",\"@id\":\"https:\/\/pagina10.com\/web\/#\/schema\/logo\/image\/\",\"url\":\"https:\/\/pagina10.com\/web\/wp-content\/uploads\/2024\/01\/40-pagina-10-periodico-regional-pasto.jpg\",\"contentUrl\":\"https:\/\/pagina10.com\/web\/wp-content\/uploads\/2024\/01\/40-pagina-10-periodico-regional-pasto.jpg\",\"width\":1280,\"height\":720,\"caption\":\"P\u00e1gina10\"},\"image\":{\"@id\":\"https:\/\/pagina10.com\/web\/#\/schema\/logo\/image\/\"},\"sameAs\":[\"https:\/\/www.facebook.com\/pag10com\",\"https:\/\/x.com\/Pag10com\",\"https:\/\/www.instagram.com\/pagina10col\/\",\"https:\/\/youtube.com\/channel\/pag10\",\"https:\/\/www.tiktok.com\/@p10col\"]},{\"@type\":\"Person\",\"@id\":\"https:\/\/pagina10.com\/web\/#\/schema\/person\/2efc4a090d25b667d3bc796798a3a81b\",\"name\":\"P\u00e1gina 10\",\"description\":\"P\u00e1gina 10 es un peri\u00f3dico regional que nace en Colombia, en el departamento de Nari\u00f1o, con un enfoque global, fundamentado en cuatro pilares esenciales: la libertad, el pluralismo, la inclusi\u00f3n y la independencia. P\u00e1gina 10 hace referencia a Nari\u00f1o como el d\u00e9cimo departamento creado en Colombia, despu\u00e9s de un proceso pol\u00edtico liderado por actores y actrices regionales con el fin de obtener la independencia y autonom\u00eda de nuestros territorios. Con la creaci\u00f3n de P\u00e1gina 10 se pretende abrir un escenario para el dialogo, la reflexi\u00f3n y el debate que se extienda a otras geograf\u00edas de Am\u00e9rica Latina y del planeta, en una apuesta por transformar colectivamente los desaf\u00edos de un mundo contempor\u00e1neo, m\u00e1s all\u00e1 de las fronteras impuestas.\",\"url\":\"https:\/\/pagina10.com\/web\/author\/pdiezadmin\/\"}]}<\/script>\n<!-- \/ Yoast SEO plugin. -->","yoast_head_json":{"title":"Desmantelan 10 unidades ilegales de producci\u00f3n minera y 20 refiner\u00edas ilegales en Nari\u00f1o | P\u00e1gina10","robots":{"index":"index","follow":"follow","max-snippet":"max-snippet:-1","max-image-preview":"max-image-preview:large","max-video-preview":"max-video-preview:-1"},"canonical":"https:\/\/pagina10.com\/web\/desmantelan-10-unidades-ilegales-de-produccion-minera-y-20-refinerias-ilegales-en-narino\/","og_locale":"es_ES","og_type":"article","og_title":"Desmantelan 10 unidades ilegales de producci\u00f3n minera y 20 refiner\u00edas ilegales en Nari\u00f1o | P\u00e1gina10","og_description":"La mega operaci\u00f3n contra la explotaci\u00f3n il\u00edcita de yacimientos mineros permiti\u00f3 la recuperaci\u00f3n de m\u00e1s de siete hect\u00e1reas de bosque. Tropas especiales del Comando Contra el Narcotr\u00e1fico y Amenazas Transnacionales CONAT del Ej\u00e9rcito Nacional, en una operaci\u00f3n conjunta con la Fuerza A\u00e9rea Colombiana, coordinada con la Polic\u00eda Nacional e interinstitucional con la Fiscal\u00eda General de [&hellip;]","og_url":"https:\/\/pagina10.com\/web\/desmantelan-10-unidades-ilegales-de-produccion-minera-y-20-refinerias-ilegales-en-narino\/","og_site_name":"P\u00e1gina10","article_publisher":"https:\/\/www.facebook.com\/pag10com","article_published_time":"2022-10-09T15:14:29+00:00","og_image":[{"width":1280,"height":960,"url":"https:\/\/pagina10.com\/web\/wp-content\/uploads\/2022\/10\/WhatsApp-Image-2022-10-08-at-1.19.12-PM.jpeg","type":"image\/jpeg"}],"author":"P\u00e1gina 10","twitter_card":"summary_large_image","twitter_creator":"@Pag10com","twitter_site":"@Pag10com","twitter_misc":{"Escrito por":"P\u00e1gina 10","Tiempo de lectura":"2 minutos"},"schema":{"@context":"https:\/\/schema.org","@graph":[{"@type":"Article","@id":"https:\/\/pagina10.com\/web\/desmantelan-10-unidades-ilegales-de-produccion-minera-y-20-refinerias-ilegales-en-narino\/#article","isPartOf":{"@id":"https:\/\/pagina10.com\/web\/desmantelan-10-unidades-ilegales-de-produccion-minera-y-20-refinerias-ilegales-en-narino\/"},"author":{"name":"P\u00e1gina 10","@id":"https:\/\/pagina10.com\/web\/#\/schema\/person\/2efc4a090d25b667d3bc796798a3a81b"},"headline":"Desmantelan 10 unidades ilegales de producci\u00f3n minera y 20 refiner\u00edas ilegales en Nari\u00f1o","datePublished":"2022-10-09T15:14:29+00:00","mainEntityOfPage":{"@id":"https:\/\/pagina10.com\/web\/desmantelan-10-unidades-ilegales-de-produccion-minera-y-20-refinerias-ilegales-en-narino\/"},"wordCount":317,"commentCount":0,"publisher":{"@id":"https:\/\/pagina10.com\/web\/#organization"},"image":{"@id":"https:\/\/pagina10.com\/web\/desmantelan-10-unidades-ilegales-de-produccion-minera-y-20-refinerias-ilegales-en-narino\/#primaryimage"},"thumbnailUrl":"https:\/\/pagina10.com\/web\/wp-content\/uploads\/2022\/10\/WhatsApp-Image-2022-10-08-at-1.19.12-PM.jpeg","articleSection":["Judicial"],"inLanguage":"es","potentialAction":[{"@type":"CommentAction","name":"Comment","target":["https:\/\/pagina10.com\/web\/desmantelan-10-unidades-ilegales-de-produccion-minera-y-20-refinerias-ilegales-en-narino\/#respond"]}]},{"@type":"WebPage","@id":"https:\/\/pagina10.com\/web\/desmantelan-10-unidades-ilegales-de-produccion-minera-y-20-refinerias-ilegales-en-narino\/","url":"https:\/\/pagina10.com\/web\/desmantelan-10-unidades-ilegales-de-produccion-minera-y-20-refinerias-ilegales-en-narino\/","name":"Desmantelan 10 unidades ilegales de producci\u00f3n minera y 20 refiner\u00edas ilegales en Nari\u00f1o | P\u00e1gina10","isPartOf":{"@id":"https:\/\/pagina10.com\/web\/#website"},"primaryImageOfPage":{"@id":"https:\/\/pagina10.com\/web\/desmantelan-10-unidades-ilegales-de-produccion-minera-y-20-refinerias-ilegales-en-narino\/#primaryimage"},"image":{"@id":"https:\/\/pagina10.com\/web\/desmantelan-10-unidades-ilegales-de-produccion-minera-y-20-refinerias-ilegales-en-narino\/#primaryimage"},"thumbnailUrl":"https:\/\/pagina10.com\/web\/wp-content\/uploads\/2022\/10\/WhatsApp-Image-2022-10-08-at-1.19.12-PM.jpeg","datePublished":"2022-10-09T15:14:29+00:00","breadcrumb":{"@id":"https:\/\/pagina10.com\/web\/desmantelan-10-unidades-ilegales-de-produccion-minera-y-20-refinerias-ilegales-en-narino\/#breadcrumb"},"inLanguage":"es","potentialAction":[{"@type":"ReadAction","target":["https:\/\/pagina10.com\/web\/desmantelan-10-unidades-ilegales-de-produccion-minera-y-20-refinerias-ilegales-en-narino\/"]}]},{"@type":"ImageObject","inLanguage":"es","@id":"https:\/\/pagina10.com\/web\/desmantelan-10-unidades-ilegales-de-produccion-minera-y-20-refinerias-ilegales-en-narino\/#primaryimage","url":"https:\/\/pagina10.com\/web\/wp-content\/uploads\/2022\/10\/WhatsApp-Image-2022-10-08-at-1.19.12-PM.jpeg","contentUrl":"https:\/\/pagina10.com\/web\/wp-content\/uploads\/2022\/10\/WhatsApp-Image-2022-10-08-at-1.19.12-PM.jpeg","width":1280,"height":960},{"@type":"BreadcrumbList","@id":"https:\/\/pagina10.com\/web\/desmantelan-10-unidades-ilegales-de-produccion-minera-y-20-refinerias-ilegales-en-narino\/#breadcrumb","itemListElement":[{"@type":"ListItem","position":1,"name":"Portada","item":"https:\/\/pagina10.com\/web\/"},{"@type":"ListItem","position":2,"name":"Desmantelan 10 unidades ilegales de producci\u00f3n minera y 20 refiner\u00edas ilegales en Nari\u00f1o"}]},{"@type":"WebSite","@id":"https:\/\/pagina10.com\/web\/#website","url":"https:\/\/pagina10.com\/web\/","name":"P\u00e1gina10","description":"Peri\u00f3dico Regional","publisher":{"@id":"https:\/\/pagina10.com\/web\/#organization"},"alternateName":"P\u00e1gina10 Peri\u00f3dico Regional","potentialAction":[{"@type":"SearchAction","target":{"@type":"EntryPoint","urlTemplate":"https:\/\/pagina10.com\/web\/?s={search_term_string}"},"query-input":{"@type":"PropertyValueSpecification","valueRequired":true,"valueName":"search_term_string"}}],"inLanguage":"es"},{"@type":"Organization","@id":"https:\/\/pagina10.com\/web\/#organization","name":"P\u00e1gina10","alternateName":"P\u00e1gina10 Peri\u00f3dico Regional","url":"https:\/\/pagina10.com\/web\/","logo":{"@type":"ImageObject","inLanguage":"es","@id":"https:\/\/pagina10.com\/web\/#\/schema\/logo\/image\/","url":"https:\/\/pagina10.com\/web\/wp-content\/uploads\/2024\/01\/40-pagina-10-periodico-regional-pasto.jpg","contentUrl":"https:\/\/pagina10.com\/web\/wp-content\/uploads\/2024\/01\/40-pagina-10-periodico-regional-pasto.jpg","width":1280,"height":720,"caption":"P\u00e1gina10"},"image":{"@id":"https:\/\/pagina10.com\/web\/#\/schema\/logo\/image\/"},"sameAs":["https:\/\/www.facebook.com\/pag10com","https:\/\/x.com\/Pag10com","https:\/\/www.instagram.com\/pagina10col\/","https:\/\/youtube.com\/channel\/pag10","https:\/\/www.tiktok.com\/@p10col"]},{"@type":"Person","@id":"https:\/\/pagina10.com\/web\/#\/schema\/person\/2efc4a090d25b667d3bc796798a3a81b","name":"P\u00e1gina 10","description":"P\u00e1gina 10 es un peri\u00f3dico regional que nace en Colombia, en el departamento de Nari\u00f1o, con un enfoque global, fundamentado en cuatro pilares esenciales: la libertad, el pluralismo, la inclusi\u00f3n y la independencia. P\u00e1gina 10 hace referencia a Nari\u00f1o como el d\u00e9cimo departamento creado en Colombia, despu\u00e9s de un proceso pol\u00edtico liderado por actores y actrices regionales con el fin de obtener la independencia y autonom\u00eda de nuestros territorios. Con la creaci\u00f3n de P\u00e1gina 10 se pretende abrir un escenario para el dialogo, la reflexi\u00f3n y el debate que se extienda a otras geograf\u00edas de Am\u00e9rica Latina y del planeta, en una apuesta por transformar colectivamente los desaf\u00edos de un mundo contempor\u00e1neo, m\u00e1s all\u00e1 de las fronteras impuestas.","url":"https:\/\/pagina10.com\/web\/author\/pdiezadmin\/"}]}},"_links":{"self":[{"href":"https:\/\/pagina10.com\/web\/wp-json\/wp\/v2\/posts\/62124","targetHints":{"allow":["GET"]}}],"collection":[{"href":"https:\/\/pagina10.com\/web\/wp-json\/wp\/v2\/posts"}],"about":[{"href":"https:\/\/pagina10.com\/web\/wp-json\/wp\/v2\/types\/post"}],"author":[{"embeddable":true,"href":"https:\/\/pagina10.com\/web\/wp-json\/wp\/v2\/users\/1"}],"replies":[{"embeddable":true,"href":"https:\/\/pagina10.com\/web\/wp-json\/wp\/v2\/comments?post=62124"}],"version-history":[{"count":1,"href":"https:\/\/pagina10.com\/web\/wp-json\/wp\/v2\/posts\/62124\/revisions"}],"predecessor-version":[{"id":62126,"href":"https:\/\/pagina10.com\/web\/wp-json\/wp\/v2\/posts\/62124\/revisions\/62126"}],"wp:featuredmedia":[{"embeddable":true,"href":"https:\/\/pagina10.com\/web\/wp-json\/wp\/v2\/media\/62125"}],"wp:attachment":[{"href":"https:\/\/pagina10.com\/web\/wp-json\/wp\/v2\/media?parent=62124"}],"wp:term":[{"taxonomy":"category","embeddable":true,"href":"https:\/\/pagina10.com\/web\/wp-json\/wp\/v2\/categories?post=62124"},{"taxonomy":"post_tag","embeddable":true,"href":"https:\/\/pagina10.com\/web\/wp-json\/wp\/v2\/tags?post=62124"}],"curies":[{"name":"wp","href":"https:\/\/api.w.org\/{rel}","templated":true}]}}