{"id":62151,"date":"2022-10-10T23:32:32","date_gmt":"2022-10-11T04:32:32","guid":{"rendered":"https:\/\/pagina10.com\/web\/?p=62151"},"modified":"2022-10-10T23:32:32","modified_gmt":"2022-10-11T04:32:32","slug":"en-pasto-estarian-estafando-a-nombre-del-ejercito-nacional","status":"publish","type":"post","link":"https:\/\/pagina10.com\/web\/en-pasto-estarian-estafando-a-nombre-del-ejercito-nacional\/","title":{"rendered":"En Pasto estar\u00edan estafando a nombre del Ej\u00e9rcito Nacional"},"content":{"rendered":"<p style=\"text-align: justify;\">A trav\u00e9s de un comunicado difundido en las \u00faltimas horas, el Comando de la Vig\u00e9sima Tercera Brigada del Ej\u00e9rcito Nacional denunci\u00f3 que personas inescrupulosas estar\u00edan tomando el nombre de la instituci\u00f3n para estafar a personas a quienes ofertan supuestos puestos de trabajo.<\/p>\n<p style=\"text-align: justify;\">\u201cEn relaci\u00f3n a las convocatorias laborales realizadas mediante llamadas y mensajes v\u00eda WhatsApp ofertadas por personal militar que labora en el cant\u00f3n Boyac\u00e1 de la ciudad de Pasto, este comando reitera que dichas ofertas son falsas y est\u00e1n siendo utilizadas para realizar estafas\u201d, reza el documento.<\/p>\n<p style=\"text-align: justify;\">Adem\u00e1s, se\u00f1alan que los delincuentes estar\u00edan usando el nombre de integrantes de la Vig\u00e9sima Tercera Brigada para adelantar falsos tr\u00e1mites y cobrar dinero por estos. \u201cEs de mencionar que todos los procesos de vinculaci\u00f3n laboral de esta brigada y sus batallones son gratuitos y su difusi\u00f3n se realiza a trav\u00e9s de los canales de comunicaci\u00f3n dispuestos por el Ej\u00e9rcito Nacional para tal fin\u201d, concluye el comunicado.<\/p>\n","protected":false},"excerpt":{"rendered":"<p>A trav\u00e9s de un comunicado difundido en las \u00faltimas horas, el Comando de la Vig\u00e9sima Tercera Brigada del Ej\u00e9rcito Nacional denunci\u00f3 que personas inescrupulosas estar\u00edan tomando el nombre de la instituci\u00f3n para estafar a personas a quienes ofertan supuestos puestos de trabajo. \u201cEn relaci\u00f3n a las convocatorias laborales realizadas mediante llamadas y mensajes v\u00eda WhatsApp [&hellip;]<\/p>\n","protected":false},"author":1,"featured_media":62152,"comment_status":"open","ping_status":"open","sticky":false,"template":"","format":"standard","meta":{"footnotes":""},"categories":[61],"tags":[],"class_list":["post-62151","post","type-post","status-publish","format-standard","has-post-thumbnail","hentry","category-judicial"],"yoast_head":"<!-- This site is optimized with the Yoast SEO plugin v27.1.1 - https:\/\/yoast.com\/product\/yoast-seo-wordpress\/ -->\n<title>En Pasto estar\u00edan estafando a nombre del Ej\u00e9rcito Nacional | P\u00e1gina10<\/title>\n<meta name=\"robots\" content=\"index, follow, max-snippet:-1, max-image-preview:large, max-video-preview:-1\" \/>\n<link rel=\"canonical\" href=\"https:\/\/pagina10.com\/web\/en-pasto-estarian-estafando-a-nombre-del-ejercito-nacional\/\" \/>\n<meta property=\"og:locale\" content=\"es_ES\" \/>\n<meta property=\"og:type\" content=\"article\" \/>\n<meta property=\"og:title\" content=\"En Pasto estar\u00edan estafando a nombre del Ej\u00e9rcito Nacional | P\u00e1gina10\" \/>\n<meta property=\"og:description\" content=\"A trav\u00e9s de un comunicado difundido en las \u00faltimas horas, el Comando de la Vig\u00e9sima Tercera Brigada del Ej\u00e9rcito Nacional denunci\u00f3 que personas inescrupulosas estar\u00edan tomando el nombre de la instituci\u00f3n para estafar a personas a quienes ofertan supuestos puestos de trabajo. \u201cEn relaci\u00f3n a las convocatorias laborales realizadas mediante llamadas y mensajes v\u00eda WhatsApp [&hellip;]\" \/>\n<meta property=\"og:url\" content=\"https:\/\/pagina10.com\/web\/en-pasto-estarian-estafando-a-nombre-del-ejercito-nacional\/\" \/>\n<meta property=\"og:site_name\" content=\"P\u00e1gina10\" \/>\n<meta property=\"article:publisher\" content=\"https:\/\/www.facebook.com\/pag10com\" \/>\n<meta property=\"article:published_time\" content=\"2022-10-11T04:32:32+00:00\" \/>\n<meta property=\"og:image\" content=\"https:\/\/pagina10.com\/web\/wp-content\/uploads\/2022\/10\/7352311_t5OJFk7OQ6L2wcLDtfHzQl-w7BDVFKFiPhvp57MsxzA-e1665462743638.jpg\" \/>\n\t<meta property=\"og:image:width\" content=\"540\" \/>\n\t<meta property=\"og:image:height\" content=\"274\" \/>\n\t<meta property=\"og:image:type\" content=\"image\/jpeg\" \/>\n<meta name=\"author\" content=\"P\u00e1gina 10\" \/>\n<meta name=\"twitter:card\" content=\"summary_large_image\" \/>\n<meta name=\"twitter:creator\" content=\"@Pag10com\" \/>\n<meta name=\"twitter:site\" content=\"@Pag10com\" \/>\n<meta name=\"twitter:label1\" content=\"Escrito por\" \/>\n\t<meta name=\"twitter:data1\" content=\"P\u00e1gina 10\" \/>\n\t<meta name=\"twitter:label2\" content=\"Tiempo de lectura\" \/>\n\t<meta name=\"twitter:data2\" content=\"1 minuto\" \/>\n<script type=\"application\/ld+json\" class=\"yoast-schema-graph\">{\"@context\":\"https:\/\/schema.org\",\"@graph\":[{\"@type\":\"Article\",\"@id\":\"https:\/\/pagina10.com\/web\/en-pasto-estarian-estafando-a-nombre-del-ejercito-nacional\/#article\",\"isPartOf\":{\"@id\":\"https:\/\/pagina10.com\/web\/en-pasto-estarian-estafando-a-nombre-del-ejercito-nacional\/\"},\"author\":{\"name\":\"P\u00e1gina 10\",\"@id\":\"https:\/\/pagina10.com\/web\/#\/schema\/person\/2efc4a090d25b667d3bc796798a3a81b\"},\"headline\":\"En Pasto estar\u00edan estafando a nombre del Ej\u00e9rcito Nacional\",\"datePublished\":\"2022-10-11T04:32:32+00:00\",\"mainEntityOfPage\":{\"@id\":\"https:\/\/pagina10.com\/web\/en-pasto-estarian-estafando-a-nombre-del-ejercito-nacional\/\"},\"wordCount\":184,\"commentCount\":0,\"publisher\":{\"@id\":\"https:\/\/pagina10.com\/web\/#organization\"},\"image\":{\"@id\":\"https:\/\/pagina10.com\/web\/en-pasto-estarian-estafando-a-nombre-del-ejercito-nacional\/#primaryimage\"},\"thumbnailUrl\":\"https:\/\/pagina10.com\/web\/wp-content\/uploads\/2022\/10\/7352311_t5OJFk7OQ6L2wcLDtfHzQl-w7BDVFKFiPhvp57MsxzA-e1665462743638.jpg\",\"articleSection\":[\"Judicial\"],\"inLanguage\":\"es\",\"potentialAction\":[{\"@type\":\"CommentAction\",\"name\":\"Comment\",\"target\":[\"https:\/\/pagina10.com\/web\/en-pasto-estarian-estafando-a-nombre-del-ejercito-nacional\/#respond\"]}]},{\"@type\":\"WebPage\",\"@id\":\"https:\/\/pagina10.com\/web\/en-pasto-estarian-estafando-a-nombre-del-ejercito-nacional\/\",\"url\":\"https:\/\/pagina10.com\/web\/en-pasto-estarian-estafando-a-nombre-del-ejercito-nacional\/\",\"name\":\"En Pasto estar\u00edan estafando a nombre del Ej\u00e9rcito Nacional | P\u00e1gina10\",\"isPartOf\":{\"@id\":\"https:\/\/pagina10.com\/web\/#website\"},\"primaryImageOfPage\":{\"@id\":\"https:\/\/pagina10.com\/web\/en-pasto-estarian-estafando-a-nombre-del-ejercito-nacional\/#primaryimage\"},\"image\":{\"@id\":\"https:\/\/pagina10.com\/web\/en-pasto-estarian-estafando-a-nombre-del-ejercito-nacional\/#primaryimage\"},\"thumbnailUrl\":\"https:\/\/pagina10.com\/web\/wp-content\/uploads\/2022\/10\/7352311_t5OJFk7OQ6L2wcLDtfHzQl-w7BDVFKFiPhvp57MsxzA-e1665462743638.jpg\",\"datePublished\":\"2022-10-11T04:32:32+00:00\",\"breadcrumb\":{\"@id\":\"https:\/\/pagina10.com\/web\/en-pasto-estarian-estafando-a-nombre-del-ejercito-nacional\/#breadcrumb\"},\"inLanguage\":\"es\",\"potentialAction\":[{\"@type\":\"ReadAction\",\"target\":[\"https:\/\/pagina10.com\/web\/en-pasto-estarian-estafando-a-nombre-del-ejercito-nacional\/\"]}]},{\"@type\":\"ImageObject\",\"inLanguage\":\"es\",\"@id\":\"https:\/\/pagina10.com\/web\/en-pasto-estarian-estafando-a-nombre-del-ejercito-nacional\/#primaryimage\",\"url\":\"https:\/\/pagina10.com\/web\/wp-content\/uploads\/2022\/10\/7352311_t5OJFk7OQ6L2wcLDtfHzQl-w7BDVFKFiPhvp57MsxzA-e1665462743638.jpg\",\"contentUrl\":\"https:\/\/pagina10.com\/web\/wp-content\/uploads\/2022\/10\/7352311_t5OJFk7OQ6L2wcLDtfHzQl-w7BDVFKFiPhvp57MsxzA-e1665462743638.jpg\",\"width\":540,\"height\":274},{\"@type\":\"BreadcrumbList\",\"@id\":\"https:\/\/pagina10.com\/web\/en-pasto-estarian-estafando-a-nombre-del-ejercito-nacional\/#breadcrumb\",\"itemListElement\":[{\"@type\":\"ListItem\",\"position\":1,\"name\":\"Portada\",\"item\":\"https:\/\/pagina10.com\/web\/\"},{\"@type\":\"ListItem\",\"position\":2,\"name\":\"En Pasto estar\u00edan estafando a nombre del Ej\u00e9rcito Nacional\"}]},{\"@type\":\"WebSite\",\"@id\":\"https:\/\/pagina10.com\/web\/#website\",\"url\":\"https:\/\/pagina10.com\/web\/\",\"name\":\"P\u00e1gina10\",\"description\":\"Peri\u00f3dico Regional\",\"publisher\":{\"@id\":\"https:\/\/pagina10.com\/web\/#organization\"},\"alternateName\":\"P\u00e1gina10 Peri\u00f3dico Regional\",\"potentialAction\":[{\"@type\":\"SearchAction\",\"target\":{\"@type\":\"EntryPoint\",\"urlTemplate\":\"https:\/\/pagina10.com\/web\/?s={search_term_string}\"},\"query-input\":{\"@type\":\"PropertyValueSpecification\",\"valueRequired\":true,\"valueName\":\"search_term_string\"}}],\"inLanguage\":\"es\"},{\"@type\":\"Organization\",\"@id\":\"https:\/\/pagina10.com\/web\/#organization\",\"name\":\"P\u00e1gina10\",\"alternateName\":\"P\u00e1gina10 Peri\u00f3dico Regional\",\"url\":\"https:\/\/pagina10.com\/web\/\",\"logo\":{\"@type\":\"ImageObject\",\"inLanguage\":\"es\",\"@id\":\"https:\/\/pagina10.com\/web\/#\/schema\/logo\/image\/\",\"url\":\"https:\/\/pagina10.com\/web\/wp-content\/uploads\/2024\/01\/40-pagina-10-periodico-regional-pasto.jpg\",\"contentUrl\":\"https:\/\/pagina10.com\/web\/wp-content\/uploads\/2024\/01\/40-pagina-10-periodico-regional-pasto.jpg\",\"width\":1280,\"height\":720,\"caption\":\"P\u00e1gina10\"},\"image\":{\"@id\":\"https:\/\/pagina10.com\/web\/#\/schema\/logo\/image\/\"},\"sameAs\":[\"https:\/\/www.facebook.com\/pag10com\",\"https:\/\/x.com\/Pag10com\",\"https:\/\/www.instagram.com\/pagina10col\/\",\"https:\/\/youtube.com\/channel\/pag10\",\"https:\/\/www.tiktok.com\/@p10col\"]},{\"@type\":\"Person\",\"@id\":\"https:\/\/pagina10.com\/web\/#\/schema\/person\/2efc4a090d25b667d3bc796798a3a81b\",\"name\":\"P\u00e1gina 10\",\"description\":\"P\u00e1gina 10 es un peri\u00f3dico regional que nace en Colombia, en el departamento de Nari\u00f1o, con un enfoque global, fundamentado en cuatro pilares esenciales: la libertad, el pluralismo, la inclusi\u00f3n y la independencia. P\u00e1gina 10 hace referencia a Nari\u00f1o como el d\u00e9cimo departamento creado en Colombia, despu\u00e9s de un proceso pol\u00edtico liderado por actores y actrices regionales con el fin de obtener la independencia y autonom\u00eda de nuestros territorios. Con la creaci\u00f3n de P\u00e1gina 10 se pretende abrir un escenario para el dialogo, la reflexi\u00f3n y el debate que se extienda a otras geograf\u00edas de Am\u00e9rica Latina y del planeta, en una apuesta por transformar colectivamente los desaf\u00edos de un mundo contempor\u00e1neo, m\u00e1s all\u00e1 de las fronteras impuestas.\",\"url\":\"https:\/\/pagina10.com\/web\/author\/pdiezadmin\/\"}]}<\/script>\n<!-- \/ Yoast SEO plugin. -->","yoast_head_json":{"title":"En Pasto estar\u00edan estafando a nombre del Ej\u00e9rcito Nacional | P\u00e1gina10","robots":{"index":"index","follow":"follow","max-snippet":"max-snippet:-1","max-image-preview":"max-image-preview:large","max-video-preview":"max-video-preview:-1"},"canonical":"https:\/\/pagina10.com\/web\/en-pasto-estarian-estafando-a-nombre-del-ejercito-nacional\/","og_locale":"es_ES","og_type":"article","og_title":"En Pasto estar\u00edan estafando a nombre del Ej\u00e9rcito Nacional | P\u00e1gina10","og_description":"A trav\u00e9s de un comunicado difundido en las \u00faltimas horas, el Comando de la Vig\u00e9sima Tercera Brigada del Ej\u00e9rcito Nacional denunci\u00f3 que personas inescrupulosas estar\u00edan tomando el nombre de la instituci\u00f3n para estafar a personas a quienes ofertan supuestos puestos de trabajo. \u201cEn relaci\u00f3n a las convocatorias laborales realizadas mediante llamadas y mensajes v\u00eda WhatsApp [&hellip;]","og_url":"https:\/\/pagina10.com\/web\/en-pasto-estarian-estafando-a-nombre-del-ejercito-nacional\/","og_site_name":"P\u00e1gina10","article_publisher":"https:\/\/www.facebook.com\/pag10com","article_published_time":"2022-10-11T04:32:32+00:00","og_image":[{"width":540,"height":274,"url":"https:\/\/pagina10.com\/web\/wp-content\/uploads\/2022\/10\/7352311_t5OJFk7OQ6L2wcLDtfHzQl-w7BDVFKFiPhvp57MsxzA-e1665462743638.jpg","type":"image\/jpeg"}],"author":"P\u00e1gina 10","twitter_card":"summary_large_image","twitter_creator":"@Pag10com","twitter_site":"@Pag10com","twitter_misc":{"Escrito por":"P\u00e1gina 10","Tiempo de lectura":"1 minuto"},"schema":{"@context":"https:\/\/schema.org","@graph":[{"@type":"Article","@id":"https:\/\/pagina10.com\/web\/en-pasto-estarian-estafando-a-nombre-del-ejercito-nacional\/#article","isPartOf":{"@id":"https:\/\/pagina10.com\/web\/en-pasto-estarian-estafando-a-nombre-del-ejercito-nacional\/"},"author":{"name":"P\u00e1gina 10","@id":"https:\/\/pagina10.com\/web\/#\/schema\/person\/2efc4a090d25b667d3bc796798a3a81b"},"headline":"En Pasto estar\u00edan estafando a nombre del Ej\u00e9rcito Nacional","datePublished":"2022-10-11T04:32:32+00:00","mainEntityOfPage":{"@id":"https:\/\/pagina10.com\/web\/en-pasto-estarian-estafando-a-nombre-del-ejercito-nacional\/"},"wordCount":184,"commentCount":0,"publisher":{"@id":"https:\/\/pagina10.com\/web\/#organization"},"image":{"@id":"https:\/\/pagina10.com\/web\/en-pasto-estarian-estafando-a-nombre-del-ejercito-nacional\/#primaryimage"},"thumbnailUrl":"https:\/\/pagina10.com\/web\/wp-content\/uploads\/2022\/10\/7352311_t5OJFk7OQ6L2wcLDtfHzQl-w7BDVFKFiPhvp57MsxzA-e1665462743638.jpg","articleSection":["Judicial"],"inLanguage":"es","potentialAction":[{"@type":"CommentAction","name":"Comment","target":["https:\/\/pagina10.com\/web\/en-pasto-estarian-estafando-a-nombre-del-ejercito-nacional\/#respond"]}]},{"@type":"WebPage","@id":"https:\/\/pagina10.com\/web\/en-pasto-estarian-estafando-a-nombre-del-ejercito-nacional\/","url":"https:\/\/pagina10.com\/web\/en-pasto-estarian-estafando-a-nombre-del-ejercito-nacional\/","name":"En Pasto estar\u00edan estafando a nombre del Ej\u00e9rcito Nacional | P\u00e1gina10","isPartOf":{"@id":"https:\/\/pagina10.com\/web\/#website"},"primaryImageOfPage":{"@id":"https:\/\/pagina10.com\/web\/en-pasto-estarian-estafando-a-nombre-del-ejercito-nacional\/#primaryimage"},"image":{"@id":"https:\/\/pagina10.com\/web\/en-pasto-estarian-estafando-a-nombre-del-ejercito-nacional\/#primaryimage"},"thumbnailUrl":"https:\/\/pagina10.com\/web\/wp-content\/uploads\/2022\/10\/7352311_t5OJFk7OQ6L2wcLDtfHzQl-w7BDVFKFiPhvp57MsxzA-e1665462743638.jpg","datePublished":"2022-10-11T04:32:32+00:00","breadcrumb":{"@id":"https:\/\/pagina10.com\/web\/en-pasto-estarian-estafando-a-nombre-del-ejercito-nacional\/#breadcrumb"},"inLanguage":"es","potentialAction":[{"@type":"ReadAction","target":["https:\/\/pagina10.com\/web\/en-pasto-estarian-estafando-a-nombre-del-ejercito-nacional\/"]}]},{"@type":"ImageObject","inLanguage":"es","@id":"https:\/\/pagina10.com\/web\/en-pasto-estarian-estafando-a-nombre-del-ejercito-nacional\/#primaryimage","url":"https:\/\/pagina10.com\/web\/wp-content\/uploads\/2022\/10\/7352311_t5OJFk7OQ6L2wcLDtfHzQl-w7BDVFKFiPhvp57MsxzA-e1665462743638.jpg","contentUrl":"https:\/\/pagina10.com\/web\/wp-content\/uploads\/2022\/10\/7352311_t5OJFk7OQ6L2wcLDtfHzQl-w7BDVFKFiPhvp57MsxzA-e1665462743638.jpg","width":540,"height":274},{"@type":"BreadcrumbList","@id":"https:\/\/pagina10.com\/web\/en-pasto-estarian-estafando-a-nombre-del-ejercito-nacional\/#breadcrumb","itemListElement":[{"@type":"ListItem","position":1,"name":"Portada","item":"https:\/\/pagina10.com\/web\/"},{"@type":"ListItem","position":2,"name":"En Pasto estar\u00edan estafando a nombre del Ej\u00e9rcito Nacional"}]},{"@type":"WebSite","@id":"https:\/\/pagina10.com\/web\/#website","url":"https:\/\/pagina10.com\/web\/","name":"P\u00e1gina10","description":"Peri\u00f3dico Regional","publisher":{"@id":"https:\/\/pagina10.com\/web\/#organization"},"alternateName":"P\u00e1gina10 Peri\u00f3dico Regional","potentialAction":[{"@type":"SearchAction","target":{"@type":"EntryPoint","urlTemplate":"https:\/\/pagina10.com\/web\/?s={search_term_string}"},"query-input":{"@type":"PropertyValueSpecification","valueRequired":true,"valueName":"search_term_string"}}],"inLanguage":"es"},{"@type":"Organization","@id":"https:\/\/pagina10.com\/web\/#organization","name":"P\u00e1gina10","alternateName":"P\u00e1gina10 Peri\u00f3dico Regional","url":"https:\/\/pagina10.com\/web\/","logo":{"@type":"ImageObject","inLanguage":"es","@id":"https:\/\/pagina10.com\/web\/#\/schema\/logo\/image\/","url":"https:\/\/pagina10.com\/web\/wp-content\/uploads\/2024\/01\/40-pagina-10-periodico-regional-pasto.jpg","contentUrl":"https:\/\/pagina10.com\/web\/wp-content\/uploads\/2024\/01\/40-pagina-10-periodico-regional-pasto.jpg","width":1280,"height":720,"caption":"P\u00e1gina10"},"image":{"@id":"https:\/\/pagina10.com\/web\/#\/schema\/logo\/image\/"},"sameAs":["https:\/\/www.facebook.com\/pag10com","https:\/\/x.com\/Pag10com","https:\/\/www.instagram.com\/pagina10col\/","https:\/\/youtube.com\/channel\/pag10","https:\/\/www.tiktok.com\/@p10col"]},{"@type":"Person","@id":"https:\/\/pagina10.com\/web\/#\/schema\/person\/2efc4a090d25b667d3bc796798a3a81b","name":"P\u00e1gina 10","description":"P\u00e1gina 10 es un peri\u00f3dico regional que nace en Colombia, en el departamento de Nari\u00f1o, con un enfoque global, fundamentado en cuatro pilares esenciales: la libertad, el pluralismo, la inclusi\u00f3n y la independencia. P\u00e1gina 10 hace referencia a Nari\u00f1o como el d\u00e9cimo departamento creado en Colombia, despu\u00e9s de un proceso pol\u00edtico liderado por actores y actrices regionales con el fin de obtener la independencia y autonom\u00eda de nuestros territorios. Con la creaci\u00f3n de P\u00e1gina 10 se pretende abrir un escenario para el dialogo, la reflexi\u00f3n y el debate que se extienda a otras geograf\u00edas de Am\u00e9rica Latina y del planeta, en una apuesta por transformar colectivamente los desaf\u00edos de un mundo contempor\u00e1neo, m\u00e1s all\u00e1 de las fronteras impuestas.","url":"https:\/\/pagina10.com\/web\/author\/pdiezadmin\/"}]}},"_links":{"self":[{"href":"https:\/\/pagina10.com\/web\/wp-json\/wp\/v2\/posts\/62151","targetHints":{"allow":["GET"]}}],"collection":[{"href":"https:\/\/pagina10.com\/web\/wp-json\/wp\/v2\/posts"}],"about":[{"href":"https:\/\/pagina10.com\/web\/wp-json\/wp\/v2\/types\/post"}],"author":[{"embeddable":true,"href":"https:\/\/pagina10.com\/web\/wp-json\/wp\/v2\/users\/1"}],"replies":[{"embeddable":true,"href":"https:\/\/pagina10.com\/web\/wp-json\/wp\/v2\/comments?post=62151"}],"version-history":[{"count":1,"href":"https:\/\/pagina10.com\/web\/wp-json\/wp\/v2\/posts\/62151\/revisions"}],"predecessor-version":[{"id":62153,"href":"https:\/\/pagina10.com\/web\/wp-json\/wp\/v2\/posts\/62151\/revisions\/62153"}],"wp:featuredmedia":[{"embeddable":true,"href":"https:\/\/pagina10.com\/web\/wp-json\/wp\/v2\/media\/62152"}],"wp:attachment":[{"href":"https:\/\/pagina10.com\/web\/wp-json\/wp\/v2\/media?parent=62151"}],"wp:term":[{"taxonomy":"category","embeddable":true,"href":"https:\/\/pagina10.com\/web\/wp-json\/wp\/v2\/categories?post=62151"},{"taxonomy":"post_tag","embeddable":true,"href":"https:\/\/pagina10.com\/web\/wp-json\/wp\/v2\/tags?post=62151"}],"curies":[{"name":"wp","href":"https:\/\/api.w.org\/{rel}","templated":true}]}}