{"id":62175,"date":"2022-10-11T19:40:11","date_gmt":"2022-10-12T00:40:11","guid":{"rendered":"https:\/\/pagina10.com\/web\/?p=62175"},"modified":"2022-10-12T06:36:47","modified_gmt":"2022-10-12T11:36:47","slug":"exalcalde-de-pasto-y-exgobernador-raul-delgado-es-el-nuevo-director-de-la-agencia-de-renovacion-del-territorio","status":"publish","type":"post","link":"https:\/\/pagina10.com\/web\/exalcalde-de-pasto-y-exgobernador-raul-delgado-es-el-nuevo-director-de-la-agencia-de-renovacion-del-territorio\/","title":{"rendered":"Exalcalde de Pasto y exgobernador, Ra\u00fal Delgado, es el nuevo director de la Agencia de Renovaci\u00f3n del Territorio"},"content":{"rendered":"<p style=\"text-align: justify;\">Mediante Decreto 1999 del 10 de octubre de 2022, el Gobierno Nacional nombr\u00f3 al dirigente pastuso Ra\u00fal Delgado como director de la Agencia de Renovaci\u00f3n del Territorio, entidad encargada de coordinar la intervenci\u00f3n de entidades nacionales y territoriales en zonas rurales afectadas por el conflicto armado a trav\u00e9s de la ejecuci\u00f3n de planes y proyectos que permitan su reactivaci\u00f3n econ\u00f3mica, social y su fortalecimiento institucional.<\/p>\n<p style=\"text-align: justify;\">Entre sus funciones se contempla liderar el proceso de coordinaci\u00f3n inter e intra sectorial para desarrollar la estrategia de intervenci\u00f3n, implementar espacios de participaci\u00f3n para la formulaci\u00f3n de planes y proyectos de intervenci\u00f3n, formular e implementar un plan general de renovaci\u00f3n territorial, entre otros.<\/p>\n<p style=\"text-align: justify;\">Cabe mencionar que Delgado apoy\u00f3 la campa\u00f1a del presidente Gustavo Petro en las pasadas elecciones lo que le signific\u00f3 su nombramiento en la entidad. Es importante resaltar que en 2016 estuvo a punto de ocupar un cargo en la presidencia de Juan Manuel Santos como viceministro del Interior. Sin embargo, el pol\u00edtico no acept\u00f3 la designaci\u00f3n aduciendo problemas de salud.<\/p>\n<p style=\"text-align: justify;\">Entre su experiencia pol\u00edtica se destaca la de Alcalde de Pasto en el periodo 2004-2007 y la de gobernador de Nari\u00f1o entre el 2012 y el 2015. Adem\u00e1s, se ha desempe\u00f1ado como secretario de Planeaci\u00f3n municipal \u00a0y departamental.<\/p>\n<p style=\"text-align: justify;\">Dentro de los reconocimientos que recibi\u00f3 en su paso por la Alcald\u00eda se encuentran los siguientes:<\/p>\n<p style=\"text-align: justify;\">-Municipio con menor riesgo de corrupci\u00f3n a nivel nacional seg\u00fan el observatorio de integridad 2005-2006.<\/p>\n<p style=\"text-align: justify;\">-Mejor alcalde de ciudades intermedias 2004-2007 Colombia L\u00edder<\/p>\n<p style=\"text-align: justify;\">En cuanto a la Gobernaci\u00f3n se destacan los siguientes reconocimientos:<\/p>\n<p style=\"text-align: justify;\">-Departamento con mayor n\u00famero de oferentes en licitaciones publica, selecciones abreviadas y concurso de m\u00e9ritos. Sociedad Colombiana de Ingenieros-UIS.<\/p>\n<p style=\"text-align: justify;\">-Ganador del premio regal\u00edas bien invertidas. Presidencia de la Rep\u00fablica, Transparencia por Colombia y Universidad del Rosario.<\/p>\n<p style=\"text-align: justify;\">Igualmente, recibi\u00f3 dos distinciones en su \u00e1mbito acad\u00e9mico:<\/p>\n<p style=\"text-align: justify;\">-Excelencia acad\u00e9mica y matr\u00edcula de honor en el programa de Administraci\u00f3n P\u00fablica ESAP.<\/p>\n<p style=\"text-align: justify;\">-Grado de honor en la especializaci\u00f3n en gesti\u00f3n publica realizada en la UNAD.<\/p>\n","protected":false},"excerpt":{"rendered":"<p>Mediante Decreto 1999 del 10 de octubre de 2022, el Gobierno Nacional nombr\u00f3 al dirigente pastuso Ra\u00fal Delgado como director de la Agencia de Renovaci\u00f3n del Territorio, entidad encargada de coordinar la intervenci\u00f3n de entidades nacionales y territoriales en zonas rurales afectadas por el conflicto armado a trav\u00e9s de la ejecuci\u00f3n de planes y proyectos [&hellip;]<\/p>\n","protected":false},"author":1,"featured_media":62176,"comment_status":"open","ping_status":"open","sticky":false,"template":"","format":"standard","meta":{"footnotes":""},"categories":[84,1528],"tags":[],"class_list":["post-62175","post","type-post","status-publish","format-standard","has-post-thumbnail","hentry","category-global-2","category-titulares"],"yoast_head":"<!-- This site is optimized with the Yoast SEO plugin v27.1.1 - https:\/\/yoast.com\/product\/yoast-seo-wordpress\/ -->\n<title>Exalcalde de Pasto y exgobernador, Ra\u00fal Delgado, es el nuevo director de la Agencia de Renovaci\u00f3n del Territorio | P\u00e1gina10<\/title>\n<meta name=\"robots\" content=\"index, follow, max-snippet:-1, max-image-preview:large, max-video-preview:-1\" \/>\n<link rel=\"canonical\" href=\"https:\/\/pagina10.com\/web\/exalcalde-de-pasto-y-exgobernador-raul-delgado-es-el-nuevo-director-de-la-agencia-de-renovacion-del-territorio\/\" \/>\n<meta property=\"og:locale\" content=\"es_ES\" \/>\n<meta property=\"og:type\" content=\"article\" \/>\n<meta property=\"og:title\" content=\"Exalcalde de Pasto y exgobernador, Ra\u00fal Delgado, es el nuevo director de la Agencia de Renovaci\u00f3n del Territorio | P\u00e1gina10\" \/>\n<meta property=\"og:description\" content=\"Mediante Decreto 1999 del 10 de octubre de 2022, el Gobierno Nacional nombr\u00f3 al dirigente pastuso Ra\u00fal Delgado como director de la Agencia de Renovaci\u00f3n del Territorio, entidad encargada de coordinar la intervenci\u00f3n de entidades nacionales y territoriales en zonas rurales afectadas por el conflicto armado a trav\u00e9s de la ejecuci\u00f3n de planes y proyectos [&hellip;]\" \/>\n<meta property=\"og:url\" content=\"https:\/\/pagina10.com\/web\/exalcalde-de-pasto-y-exgobernador-raul-delgado-es-el-nuevo-director-de-la-agencia-de-renovacion-del-territorio\/\" \/>\n<meta property=\"og:site_name\" content=\"P\u00e1gina10\" \/>\n<meta property=\"article:publisher\" content=\"https:\/\/www.facebook.com\/pag10com\" \/>\n<meta property=\"article:published_time\" content=\"2022-10-12T00:40:11+00:00\" \/>\n<meta property=\"article:modified_time\" content=\"2022-10-12T11:36:47+00:00\" \/>\n<meta property=\"og:image\" content=\"https:\/\/pagina10.com\/web\/wp-content\/uploads\/2022\/10\/WhatsApp-Image-2018-08-31-at-7_opt.jpg\" \/>\n\t<meta property=\"og:image:width\" content=\"630\" \/>\n\t<meta property=\"og:image:height\" content=\"420\" \/>\n\t<meta property=\"og:image:type\" content=\"image\/jpeg\" \/>\n<meta name=\"author\" content=\"P\u00e1gina 10\" \/>\n<meta name=\"twitter:card\" content=\"summary_large_image\" \/>\n<meta name=\"twitter:creator\" content=\"@Pag10com\" \/>\n<meta name=\"twitter:site\" content=\"@Pag10com\" \/>\n<meta name=\"twitter:label1\" content=\"Escrito por\" \/>\n\t<meta name=\"twitter:data1\" content=\"P\u00e1gina 10\" \/>\n\t<meta name=\"twitter:label2\" content=\"Tiempo de lectura\" \/>\n\t<meta name=\"twitter:data2\" content=\"2 minutos\" \/>\n<script type=\"application\/ld+json\" class=\"yoast-schema-graph\">{\"@context\":\"https:\/\/schema.org\",\"@graph\":[{\"@type\":\"Article\",\"@id\":\"https:\/\/pagina10.com\/web\/exalcalde-de-pasto-y-exgobernador-raul-delgado-es-el-nuevo-director-de-la-agencia-de-renovacion-del-territorio\/#article\",\"isPartOf\":{\"@id\":\"https:\/\/pagina10.com\/web\/exalcalde-de-pasto-y-exgobernador-raul-delgado-es-el-nuevo-director-de-la-agencia-de-renovacion-del-territorio\/\"},\"author\":{\"name\":\"P\u00e1gina 10\",\"@id\":\"https:\/\/pagina10.com\/web\/#\/schema\/person\/2efc4a090d25b667d3bc796798a3a81b\"},\"headline\":\"Exalcalde de Pasto y exgobernador, Ra\u00fal Delgado, es el nuevo director de la Agencia de Renovaci\u00f3n del Territorio\",\"datePublished\":\"2022-10-12T00:40:11+00:00\",\"dateModified\":\"2022-10-12T11:36:47+00:00\",\"mainEntityOfPage\":{\"@id\":\"https:\/\/pagina10.com\/web\/exalcalde-de-pasto-y-exgobernador-raul-delgado-es-el-nuevo-director-de-la-agencia-de-renovacion-del-territorio\/\"},\"wordCount\":377,\"commentCount\":0,\"publisher\":{\"@id\":\"https:\/\/pagina10.com\/web\/#organization\"},\"image\":{\"@id\":\"https:\/\/pagina10.com\/web\/exalcalde-de-pasto-y-exgobernador-raul-delgado-es-el-nuevo-director-de-la-agencia-de-renovacion-del-territorio\/#primaryimage\"},\"thumbnailUrl\":\"https:\/\/pagina10.com\/web\/wp-content\/uploads\/2022\/10\/WhatsApp-Image-2018-08-31-at-7_opt.jpg\",\"articleSection\":[\"Global\",\"Titulares\"],\"inLanguage\":\"es\",\"potentialAction\":[{\"@type\":\"CommentAction\",\"name\":\"Comment\",\"target\":[\"https:\/\/pagina10.com\/web\/exalcalde-de-pasto-y-exgobernador-raul-delgado-es-el-nuevo-director-de-la-agencia-de-renovacion-del-territorio\/#respond\"]}]},{\"@type\":\"WebPage\",\"@id\":\"https:\/\/pagina10.com\/web\/exalcalde-de-pasto-y-exgobernador-raul-delgado-es-el-nuevo-director-de-la-agencia-de-renovacion-del-territorio\/\",\"url\":\"https:\/\/pagina10.com\/web\/exalcalde-de-pasto-y-exgobernador-raul-delgado-es-el-nuevo-director-de-la-agencia-de-renovacion-del-territorio\/\",\"name\":\"Exalcalde de Pasto y exgobernador, Ra\u00fal Delgado, es el nuevo director de la Agencia de Renovaci\u00f3n del Territorio | P\u00e1gina10\",\"isPartOf\":{\"@id\":\"https:\/\/pagina10.com\/web\/#website\"},\"primaryImageOfPage\":{\"@id\":\"https:\/\/pagina10.com\/web\/exalcalde-de-pasto-y-exgobernador-raul-delgado-es-el-nuevo-director-de-la-agencia-de-renovacion-del-territorio\/#primaryimage\"},\"image\":{\"@id\":\"https:\/\/pagina10.com\/web\/exalcalde-de-pasto-y-exgobernador-raul-delgado-es-el-nuevo-director-de-la-agencia-de-renovacion-del-territorio\/#primaryimage\"},\"thumbnailUrl\":\"https:\/\/pagina10.com\/web\/wp-content\/uploads\/2022\/10\/WhatsApp-Image-2018-08-31-at-7_opt.jpg\",\"datePublished\":\"2022-10-12T00:40:11+00:00\",\"dateModified\":\"2022-10-12T11:36:47+00:00\",\"breadcrumb\":{\"@id\":\"https:\/\/pagina10.com\/web\/exalcalde-de-pasto-y-exgobernador-raul-delgado-es-el-nuevo-director-de-la-agencia-de-renovacion-del-territorio\/#breadcrumb\"},\"inLanguage\":\"es\",\"potentialAction\":[{\"@type\":\"ReadAction\",\"target\":[\"https:\/\/pagina10.com\/web\/exalcalde-de-pasto-y-exgobernador-raul-delgado-es-el-nuevo-director-de-la-agencia-de-renovacion-del-territorio\/\"]}]},{\"@type\":\"ImageObject\",\"inLanguage\":\"es\",\"@id\":\"https:\/\/pagina10.com\/web\/exalcalde-de-pasto-y-exgobernador-raul-delgado-es-el-nuevo-director-de-la-agencia-de-renovacion-del-territorio\/#primaryimage\",\"url\":\"https:\/\/pagina10.com\/web\/wp-content\/uploads\/2022\/10\/WhatsApp-Image-2018-08-31-at-7_opt.jpg\",\"contentUrl\":\"https:\/\/pagina10.com\/web\/wp-content\/uploads\/2022\/10\/WhatsApp-Image-2018-08-31-at-7_opt.jpg\",\"width\":630,\"height\":420},{\"@type\":\"BreadcrumbList\",\"@id\":\"https:\/\/pagina10.com\/web\/exalcalde-de-pasto-y-exgobernador-raul-delgado-es-el-nuevo-director-de-la-agencia-de-renovacion-del-territorio\/#breadcrumb\",\"itemListElement\":[{\"@type\":\"ListItem\",\"position\":1,\"name\":\"Portada\",\"item\":\"https:\/\/pagina10.com\/web\/\"},{\"@type\":\"ListItem\",\"position\":2,\"name\":\"Exalcalde de Pasto y exgobernador, Ra\u00fal Delgado, es el nuevo director de la Agencia de Renovaci\u00f3n del Territorio\"}]},{\"@type\":\"WebSite\",\"@id\":\"https:\/\/pagina10.com\/web\/#website\",\"url\":\"https:\/\/pagina10.com\/web\/\",\"name\":\"P\u00e1gina10\",\"description\":\"Peri\u00f3dico Regional\",\"publisher\":{\"@id\":\"https:\/\/pagina10.com\/web\/#organization\"},\"alternateName\":\"P\u00e1gina10 Peri\u00f3dico Regional\",\"potentialAction\":[{\"@type\":\"SearchAction\",\"target\":{\"@type\":\"EntryPoint\",\"urlTemplate\":\"https:\/\/pagina10.com\/web\/?s={search_term_string}\"},\"query-input\":{\"@type\":\"PropertyValueSpecification\",\"valueRequired\":true,\"valueName\":\"search_term_string\"}}],\"inLanguage\":\"es\"},{\"@type\":\"Organization\",\"@id\":\"https:\/\/pagina10.com\/web\/#organization\",\"name\":\"P\u00e1gina10\",\"alternateName\":\"P\u00e1gina10 Peri\u00f3dico Regional\",\"url\":\"https:\/\/pagina10.com\/web\/\",\"logo\":{\"@type\":\"ImageObject\",\"inLanguage\":\"es\",\"@id\":\"https:\/\/pagina10.com\/web\/#\/schema\/logo\/image\/\",\"url\":\"https:\/\/pagina10.com\/web\/wp-content\/uploads\/2024\/01\/40-pagina-10-periodico-regional-pasto.jpg\",\"contentUrl\":\"https:\/\/pagina10.com\/web\/wp-content\/uploads\/2024\/01\/40-pagina-10-periodico-regional-pasto.jpg\",\"width\":1280,\"height\":720,\"caption\":\"P\u00e1gina10\"},\"image\":{\"@id\":\"https:\/\/pagina10.com\/web\/#\/schema\/logo\/image\/\"},\"sameAs\":[\"https:\/\/www.facebook.com\/pag10com\",\"https:\/\/x.com\/Pag10com\",\"https:\/\/www.instagram.com\/pagina10col\/\",\"https:\/\/youtube.com\/channel\/pag10\",\"https:\/\/www.tiktok.com\/@p10col\"]},{\"@type\":\"Person\",\"@id\":\"https:\/\/pagina10.com\/web\/#\/schema\/person\/2efc4a090d25b667d3bc796798a3a81b\",\"name\":\"P\u00e1gina 10\",\"description\":\"P\u00e1gina 10 es un peri\u00f3dico regional que nace en Colombia, en el departamento de Nari\u00f1o, con un enfoque global, fundamentado en cuatro pilares esenciales: la libertad, el pluralismo, la inclusi\u00f3n y la independencia. P\u00e1gina 10 hace referencia a Nari\u00f1o como el d\u00e9cimo departamento creado en Colombia, despu\u00e9s de un proceso pol\u00edtico liderado por actores y actrices regionales con el fin de obtener la independencia y autonom\u00eda de nuestros territorios. Con la creaci\u00f3n de P\u00e1gina 10 se pretende abrir un escenario para el dialogo, la reflexi\u00f3n y el debate que se extienda a otras geograf\u00edas de Am\u00e9rica Latina y del planeta, en una apuesta por transformar colectivamente los desaf\u00edos de un mundo contempor\u00e1neo, m\u00e1s all\u00e1 de las fronteras impuestas.\",\"url\":\"https:\/\/pagina10.com\/web\/author\/pdiezadmin\/\"}]}<\/script>\n<!-- \/ Yoast SEO plugin. -->","yoast_head_json":{"title":"Exalcalde de Pasto y exgobernador, Ra\u00fal Delgado, es el nuevo director de la Agencia de Renovaci\u00f3n del Territorio | P\u00e1gina10","robots":{"index":"index","follow":"follow","max-snippet":"max-snippet:-1","max-image-preview":"max-image-preview:large","max-video-preview":"max-video-preview:-1"},"canonical":"https:\/\/pagina10.com\/web\/exalcalde-de-pasto-y-exgobernador-raul-delgado-es-el-nuevo-director-de-la-agencia-de-renovacion-del-territorio\/","og_locale":"es_ES","og_type":"article","og_title":"Exalcalde de Pasto y exgobernador, Ra\u00fal Delgado, es el nuevo director de la Agencia de Renovaci\u00f3n del Territorio | P\u00e1gina10","og_description":"Mediante Decreto 1999 del 10 de octubre de 2022, el Gobierno Nacional nombr\u00f3 al dirigente pastuso Ra\u00fal Delgado como director de la Agencia de Renovaci\u00f3n del Territorio, entidad encargada de coordinar la intervenci\u00f3n de entidades nacionales y territoriales en zonas rurales afectadas por el conflicto armado a trav\u00e9s de la ejecuci\u00f3n de planes y proyectos [&hellip;]","og_url":"https:\/\/pagina10.com\/web\/exalcalde-de-pasto-y-exgobernador-raul-delgado-es-el-nuevo-director-de-la-agencia-de-renovacion-del-territorio\/","og_site_name":"P\u00e1gina10","article_publisher":"https:\/\/www.facebook.com\/pag10com","article_published_time":"2022-10-12T00:40:11+00:00","article_modified_time":"2022-10-12T11:36:47+00:00","og_image":[{"width":630,"height":420,"url":"https:\/\/pagina10.com\/web\/wp-content\/uploads\/2022\/10\/WhatsApp-Image-2018-08-31-at-7_opt.jpg","type":"image\/jpeg"}],"author":"P\u00e1gina 10","twitter_card":"summary_large_image","twitter_creator":"@Pag10com","twitter_site":"@Pag10com","twitter_misc":{"Escrito por":"P\u00e1gina 10","Tiempo de lectura":"2 minutos"},"schema":{"@context":"https:\/\/schema.org","@graph":[{"@type":"Article","@id":"https:\/\/pagina10.com\/web\/exalcalde-de-pasto-y-exgobernador-raul-delgado-es-el-nuevo-director-de-la-agencia-de-renovacion-del-territorio\/#article","isPartOf":{"@id":"https:\/\/pagina10.com\/web\/exalcalde-de-pasto-y-exgobernador-raul-delgado-es-el-nuevo-director-de-la-agencia-de-renovacion-del-territorio\/"},"author":{"name":"P\u00e1gina 10","@id":"https:\/\/pagina10.com\/web\/#\/schema\/person\/2efc4a090d25b667d3bc796798a3a81b"},"headline":"Exalcalde de Pasto y exgobernador, Ra\u00fal Delgado, es el nuevo director de la Agencia de Renovaci\u00f3n del Territorio","datePublished":"2022-10-12T00:40:11+00:00","dateModified":"2022-10-12T11:36:47+00:00","mainEntityOfPage":{"@id":"https:\/\/pagina10.com\/web\/exalcalde-de-pasto-y-exgobernador-raul-delgado-es-el-nuevo-director-de-la-agencia-de-renovacion-del-territorio\/"},"wordCount":377,"commentCount":0,"publisher":{"@id":"https:\/\/pagina10.com\/web\/#organization"},"image":{"@id":"https:\/\/pagina10.com\/web\/exalcalde-de-pasto-y-exgobernador-raul-delgado-es-el-nuevo-director-de-la-agencia-de-renovacion-del-territorio\/#primaryimage"},"thumbnailUrl":"https:\/\/pagina10.com\/web\/wp-content\/uploads\/2022\/10\/WhatsApp-Image-2018-08-31-at-7_opt.jpg","articleSection":["Global","Titulares"],"inLanguage":"es","potentialAction":[{"@type":"CommentAction","name":"Comment","target":["https:\/\/pagina10.com\/web\/exalcalde-de-pasto-y-exgobernador-raul-delgado-es-el-nuevo-director-de-la-agencia-de-renovacion-del-territorio\/#respond"]}]},{"@type":"WebPage","@id":"https:\/\/pagina10.com\/web\/exalcalde-de-pasto-y-exgobernador-raul-delgado-es-el-nuevo-director-de-la-agencia-de-renovacion-del-territorio\/","url":"https:\/\/pagina10.com\/web\/exalcalde-de-pasto-y-exgobernador-raul-delgado-es-el-nuevo-director-de-la-agencia-de-renovacion-del-territorio\/","name":"Exalcalde de Pasto y exgobernador, Ra\u00fal Delgado, es el nuevo director de la Agencia de Renovaci\u00f3n del Territorio | P\u00e1gina10","isPartOf":{"@id":"https:\/\/pagina10.com\/web\/#website"},"primaryImageOfPage":{"@id":"https:\/\/pagina10.com\/web\/exalcalde-de-pasto-y-exgobernador-raul-delgado-es-el-nuevo-director-de-la-agencia-de-renovacion-del-territorio\/#primaryimage"},"image":{"@id":"https:\/\/pagina10.com\/web\/exalcalde-de-pasto-y-exgobernador-raul-delgado-es-el-nuevo-director-de-la-agencia-de-renovacion-del-territorio\/#primaryimage"},"thumbnailUrl":"https:\/\/pagina10.com\/web\/wp-content\/uploads\/2022\/10\/WhatsApp-Image-2018-08-31-at-7_opt.jpg","datePublished":"2022-10-12T00:40:11+00:00","dateModified":"2022-10-12T11:36:47+00:00","breadcrumb":{"@id":"https:\/\/pagina10.com\/web\/exalcalde-de-pasto-y-exgobernador-raul-delgado-es-el-nuevo-director-de-la-agencia-de-renovacion-del-territorio\/#breadcrumb"},"inLanguage":"es","potentialAction":[{"@type":"ReadAction","target":["https:\/\/pagina10.com\/web\/exalcalde-de-pasto-y-exgobernador-raul-delgado-es-el-nuevo-director-de-la-agencia-de-renovacion-del-territorio\/"]}]},{"@type":"ImageObject","inLanguage":"es","@id":"https:\/\/pagina10.com\/web\/exalcalde-de-pasto-y-exgobernador-raul-delgado-es-el-nuevo-director-de-la-agencia-de-renovacion-del-territorio\/#primaryimage","url":"https:\/\/pagina10.com\/web\/wp-content\/uploads\/2022\/10\/WhatsApp-Image-2018-08-31-at-7_opt.jpg","contentUrl":"https:\/\/pagina10.com\/web\/wp-content\/uploads\/2022\/10\/WhatsApp-Image-2018-08-31-at-7_opt.jpg","width":630,"height":420},{"@type":"BreadcrumbList","@id":"https:\/\/pagina10.com\/web\/exalcalde-de-pasto-y-exgobernador-raul-delgado-es-el-nuevo-director-de-la-agencia-de-renovacion-del-territorio\/#breadcrumb","itemListElement":[{"@type":"ListItem","position":1,"name":"Portada","item":"https:\/\/pagina10.com\/web\/"},{"@type":"ListItem","position":2,"name":"Exalcalde de Pasto y exgobernador, Ra\u00fal Delgado, es el nuevo director de la Agencia de Renovaci\u00f3n del Territorio"}]},{"@type":"WebSite","@id":"https:\/\/pagina10.com\/web\/#website","url":"https:\/\/pagina10.com\/web\/","name":"P\u00e1gina10","description":"Peri\u00f3dico Regional","publisher":{"@id":"https:\/\/pagina10.com\/web\/#organization"},"alternateName":"P\u00e1gina10 Peri\u00f3dico Regional","potentialAction":[{"@type":"SearchAction","target":{"@type":"EntryPoint","urlTemplate":"https:\/\/pagina10.com\/web\/?s={search_term_string}"},"query-input":{"@type":"PropertyValueSpecification","valueRequired":true,"valueName":"search_term_string"}}],"inLanguage":"es"},{"@type":"Organization","@id":"https:\/\/pagina10.com\/web\/#organization","name":"P\u00e1gina10","alternateName":"P\u00e1gina10 Peri\u00f3dico Regional","url":"https:\/\/pagina10.com\/web\/","logo":{"@type":"ImageObject","inLanguage":"es","@id":"https:\/\/pagina10.com\/web\/#\/schema\/logo\/image\/","url":"https:\/\/pagina10.com\/web\/wp-content\/uploads\/2024\/01\/40-pagina-10-periodico-regional-pasto.jpg","contentUrl":"https:\/\/pagina10.com\/web\/wp-content\/uploads\/2024\/01\/40-pagina-10-periodico-regional-pasto.jpg","width":1280,"height":720,"caption":"P\u00e1gina10"},"image":{"@id":"https:\/\/pagina10.com\/web\/#\/schema\/logo\/image\/"},"sameAs":["https:\/\/www.facebook.com\/pag10com","https:\/\/x.com\/Pag10com","https:\/\/www.instagram.com\/pagina10col\/","https:\/\/youtube.com\/channel\/pag10","https:\/\/www.tiktok.com\/@p10col"]},{"@type":"Person","@id":"https:\/\/pagina10.com\/web\/#\/schema\/person\/2efc4a090d25b667d3bc796798a3a81b","name":"P\u00e1gina 10","description":"P\u00e1gina 10 es un peri\u00f3dico regional que nace en Colombia, en el departamento de Nari\u00f1o, con un enfoque global, fundamentado en cuatro pilares esenciales: la libertad, el pluralismo, la inclusi\u00f3n y la independencia. P\u00e1gina 10 hace referencia a Nari\u00f1o como el d\u00e9cimo departamento creado en Colombia, despu\u00e9s de un proceso pol\u00edtico liderado por actores y actrices regionales con el fin de obtener la independencia y autonom\u00eda de nuestros territorios. Con la creaci\u00f3n de P\u00e1gina 10 se pretende abrir un escenario para el dialogo, la reflexi\u00f3n y el debate que se extienda a otras geograf\u00edas de Am\u00e9rica Latina y del planeta, en una apuesta por transformar colectivamente los desaf\u00edos de un mundo contempor\u00e1neo, m\u00e1s all\u00e1 de las fronteras impuestas.","url":"https:\/\/pagina10.com\/web\/author\/pdiezadmin\/"}]}},"_links":{"self":[{"href":"https:\/\/pagina10.com\/web\/wp-json\/wp\/v2\/posts\/62175","targetHints":{"allow":["GET"]}}],"collection":[{"href":"https:\/\/pagina10.com\/web\/wp-json\/wp\/v2\/posts"}],"about":[{"href":"https:\/\/pagina10.com\/web\/wp-json\/wp\/v2\/types\/post"}],"author":[{"embeddable":true,"href":"https:\/\/pagina10.com\/web\/wp-json\/wp\/v2\/users\/1"}],"replies":[{"embeddable":true,"href":"https:\/\/pagina10.com\/web\/wp-json\/wp\/v2\/comments?post=62175"}],"version-history":[{"count":3,"href":"https:\/\/pagina10.com\/web\/wp-json\/wp\/v2\/posts\/62175\/revisions"}],"predecessor-version":[{"id":62192,"href":"https:\/\/pagina10.com\/web\/wp-json\/wp\/v2\/posts\/62175\/revisions\/62192"}],"wp:featuredmedia":[{"embeddable":true,"href":"https:\/\/pagina10.com\/web\/wp-json\/wp\/v2\/media\/62176"}],"wp:attachment":[{"href":"https:\/\/pagina10.com\/web\/wp-json\/wp\/v2\/media?parent=62175"}],"wp:term":[{"taxonomy":"category","embeddable":true,"href":"https:\/\/pagina10.com\/web\/wp-json\/wp\/v2\/categories?post=62175"},{"taxonomy":"post_tag","embeddable":true,"href":"https:\/\/pagina10.com\/web\/wp-json\/wp\/v2\/tags?post=62175"}],"curies":[{"name":"wp","href":"https:\/\/api.w.org\/{rel}","templated":true}]}}