{"id":62241,"date":"2022-10-15T12:28:46","date_gmt":"2022-10-15T17:28:46","guid":{"rendered":"https:\/\/pagina10.com\/web\/?p=62241"},"modified":"2022-10-15T13:25:39","modified_gmt":"2022-10-15T18:25:39","slug":"accidente-en-la-panamericana-deja-7-muertos-y-11-heridos","status":"publish","type":"post","link":"https:\/\/pagina10.com\/web\/accidente-en-la-panamericana-deja-7-muertos-y-11-heridos\/","title":{"rendered":"Accidente en la Panamericana dej\u00f3 20 muertos y 18 heridos"},"content":{"rendered":"<p>A 20 ascendi\u00f3 la cifra de fallecidos por el accidente ocurrido esta madrugada en la v\u00eda Panamericana norte sobre el sector de Pe\u00f1alisa, municipio de Chachag\u00fci.<\/p>\n<p>Las v\u00edctimas corresponden a Gualberto Angulo Meza de 62 a\u00f1os, Juan Carlos Valencia de 52 a\u00f1os, Juan Esteban Cortes Delgado de 19 a\u00f1os, Abad Torres Sol\u00eds de 78 a\u00f1os, Luis Jaime Andrade Castillo, Carlos Mario Acosta Guerrero de 20 a\u00f1os, Lina Marcela Prado Daza, Luis Armando Oliva Martinez, Luis Ignacio Oliva Caipe, Luis Sebastian Melo Gonzalez, Mauro Fredy Rivera Tenorio y Manuel Antonio Pineda Garc\u00eda. Las dem\u00e1s personas fallecidas a\u00fan no han podido ser identificadas.<\/p>\n<p>Por otro lado, el listado de personas heridas pas\u00f3 de 11 a 18 correspondientes a las siguientes personas: Andrea Angulo, Justin Garces, Jhancarlo Espa\u00f1a Micolta, Diego Andr\u00e9s Tutistar, Andr\u00e9s Camilo Cifuentes Prado, Liliana Cortes Mesa, Eilin Valeria Castillo, Dar\u00edo Qui\u00f1onez, Segundo Zambrano Galarza, Yerlin Andrea Rodallega Angulo, William Andr\u00e9s Guevara Monta\u00f1o, Ruber Hiroldo Castillo, Leidy Pricila Rodr\u00edguez Cortez y \u00c1ngela Natalia Ortiz.<\/p>\n<p>De momento se conoce que el veh\u00edculo en que viajaban 30 personas, sali\u00f3 desde la Terminal de Transportes de Pasto con rumbo a la ciudad de Cali. Sin embargo, a la altura del sitio ya mencionado, el conductor habr\u00eda perdido el control del automotor lo que provoc\u00f3 su volcamiento a un lado de la carretera.<\/p>\n<p>Hasta ahora se desconocen los motivos que provocaron el accidente; en este sentido las autoridades trataran de establecer si el bus sufri\u00f3 fallas mec\u00e1nicas, o si el conductor sufri\u00f3 un microsue\u00f1o o cometi\u00f3 alg\u00fan tipo de imprudencia.<\/p>\n","protected":false},"excerpt":{"rendered":"<p>A 20 ascendi\u00f3 la cifra de fallecidos por el accidente ocurrido esta madrugada en la v\u00eda Panamericana norte sobre el sector de Pe\u00f1alisa, municipio de Chachag\u00fci. Las v\u00edctimas corresponden a Gualberto Angulo Meza de 62 a\u00f1os, Juan Carlos Valencia de 52 a\u00f1os, Juan Esteban Cortes Delgado de 19 a\u00f1os, Abad Torres Sol\u00eds de 78 a\u00f1os, [&hellip;]<\/p>\n","protected":false},"author":1,"featured_media":62242,"comment_status":"open","ping_status":"open","sticky":false,"template":"","format":"standard","meta":{"footnotes":""},"categories":[61],"tags":[],"class_list":["post-62241","post","type-post","status-publish","format-standard","has-post-thumbnail","hentry","category-judicial"],"yoast_head":"<!-- This site is optimized with the Yoast SEO plugin v27.1.1 - https:\/\/yoast.com\/product\/yoast-seo-wordpress\/ -->\n<title>Accidente en la Panamericana dej\u00f3 20 muertos y 18 heridos | P\u00e1gina10<\/title>\n<meta name=\"robots\" content=\"index, follow, max-snippet:-1, max-image-preview:large, max-video-preview:-1\" \/>\n<link rel=\"canonical\" href=\"https:\/\/pagina10.com\/web\/accidente-en-la-panamericana-deja-7-muertos-y-11-heridos\/\" \/>\n<meta property=\"og:locale\" content=\"es_ES\" \/>\n<meta property=\"og:type\" content=\"article\" \/>\n<meta property=\"og:title\" content=\"Accidente en la Panamericana dej\u00f3 20 muertos y 18 heridos | P\u00e1gina10\" \/>\n<meta property=\"og:description\" content=\"A 20 ascendi\u00f3 la cifra de fallecidos por el accidente ocurrido esta madrugada en la v\u00eda Panamericana norte sobre el sector de Pe\u00f1alisa, municipio de Chachag\u00fci. Las v\u00edctimas corresponden a Gualberto Angulo Meza de 62 a\u00f1os, Juan Carlos Valencia de 52 a\u00f1os, Juan Esteban Cortes Delgado de 19 a\u00f1os, Abad Torres Sol\u00eds de 78 a\u00f1os, [&hellip;]\" \/>\n<meta property=\"og:url\" content=\"https:\/\/pagina10.com\/web\/accidente-en-la-panamericana-deja-7-muertos-y-11-heridos\/\" \/>\n<meta property=\"og:site_name\" content=\"P\u00e1gina10\" \/>\n<meta property=\"article:publisher\" content=\"https:\/\/www.facebook.com\/pag10com\" \/>\n<meta property=\"article:published_time\" content=\"2022-10-15T17:28:46+00:00\" \/>\n<meta property=\"article:modified_time\" content=\"2022-10-15T18:25:39+00:00\" \/>\n<meta property=\"og:image\" content=\"https:\/\/pagina10.com\/web\/wp-content\/uploads\/2022\/10\/306361549_511604354297788_158013597759312150_n.jpg\" \/>\n\t<meta property=\"og:image:width\" content=\"720\" \/>\n\t<meta property=\"og:image:height\" content=\"540\" \/>\n\t<meta property=\"og:image:type\" content=\"image\/jpeg\" \/>\n<meta name=\"author\" content=\"P\u00e1gina 10\" \/>\n<meta name=\"twitter:card\" content=\"summary_large_image\" \/>\n<meta name=\"twitter:creator\" content=\"@Pag10com\" \/>\n<meta name=\"twitter:site\" content=\"@Pag10com\" \/>\n<meta name=\"twitter:label1\" content=\"Escrito por\" \/>\n\t<meta name=\"twitter:data1\" content=\"P\u00e1gina 10\" \/>\n\t<meta name=\"twitter:label2\" content=\"Tiempo de lectura\" \/>\n\t<meta name=\"twitter:data2\" content=\"1 minuto\" \/>\n<script type=\"application\/ld+json\" class=\"yoast-schema-graph\">{\"@context\":\"https:\/\/schema.org\",\"@graph\":[{\"@type\":\"Article\",\"@id\":\"https:\/\/pagina10.com\/web\/accidente-en-la-panamericana-deja-7-muertos-y-11-heridos\/#article\",\"isPartOf\":{\"@id\":\"https:\/\/pagina10.com\/web\/accidente-en-la-panamericana-deja-7-muertos-y-11-heridos\/\"},\"author\":{\"name\":\"P\u00e1gina 10\",\"@id\":\"https:\/\/pagina10.com\/web\/#\/schema\/person\/2efc4a090d25b667d3bc796798a3a81b\"},\"headline\":\"Accidente en la Panamericana dej\u00f3 20 muertos y 18 heridos\",\"datePublished\":\"2022-10-15T17:28:46+00:00\",\"dateModified\":\"2022-10-15T18:25:39+00:00\",\"mainEntityOfPage\":{\"@id\":\"https:\/\/pagina10.com\/web\/accidente-en-la-panamericana-deja-7-muertos-y-11-heridos\/\"},\"wordCount\":280,\"commentCount\":0,\"publisher\":{\"@id\":\"https:\/\/pagina10.com\/web\/#organization\"},\"image\":{\"@id\":\"https:\/\/pagina10.com\/web\/accidente-en-la-panamericana-deja-7-muertos-y-11-heridos\/#primaryimage\"},\"thumbnailUrl\":\"https:\/\/pagina10.com\/web\/wp-content\/uploads\/2022\/10\/306361549_511604354297788_158013597759312150_n.jpg\",\"articleSection\":[\"Judicial\"],\"inLanguage\":\"es\",\"potentialAction\":[{\"@type\":\"CommentAction\",\"name\":\"Comment\",\"target\":[\"https:\/\/pagina10.com\/web\/accidente-en-la-panamericana-deja-7-muertos-y-11-heridos\/#respond\"]}]},{\"@type\":\"WebPage\",\"@id\":\"https:\/\/pagina10.com\/web\/accidente-en-la-panamericana-deja-7-muertos-y-11-heridos\/\",\"url\":\"https:\/\/pagina10.com\/web\/accidente-en-la-panamericana-deja-7-muertos-y-11-heridos\/\",\"name\":\"Accidente en la Panamericana dej\u00f3 20 muertos y 18 heridos | P\u00e1gina10\",\"isPartOf\":{\"@id\":\"https:\/\/pagina10.com\/web\/#website\"},\"primaryImageOfPage\":{\"@id\":\"https:\/\/pagina10.com\/web\/accidente-en-la-panamericana-deja-7-muertos-y-11-heridos\/#primaryimage\"},\"image\":{\"@id\":\"https:\/\/pagina10.com\/web\/accidente-en-la-panamericana-deja-7-muertos-y-11-heridos\/#primaryimage\"},\"thumbnailUrl\":\"https:\/\/pagina10.com\/web\/wp-content\/uploads\/2022\/10\/306361549_511604354297788_158013597759312150_n.jpg\",\"datePublished\":\"2022-10-15T17:28:46+00:00\",\"dateModified\":\"2022-10-15T18:25:39+00:00\",\"breadcrumb\":{\"@id\":\"https:\/\/pagina10.com\/web\/accidente-en-la-panamericana-deja-7-muertos-y-11-heridos\/#breadcrumb\"},\"inLanguage\":\"es\",\"potentialAction\":[{\"@type\":\"ReadAction\",\"target\":[\"https:\/\/pagina10.com\/web\/accidente-en-la-panamericana-deja-7-muertos-y-11-heridos\/\"]}]},{\"@type\":\"ImageObject\",\"inLanguage\":\"es\",\"@id\":\"https:\/\/pagina10.com\/web\/accidente-en-la-panamericana-deja-7-muertos-y-11-heridos\/#primaryimage\",\"url\":\"https:\/\/pagina10.com\/web\/wp-content\/uploads\/2022\/10\/306361549_511604354297788_158013597759312150_n.jpg\",\"contentUrl\":\"https:\/\/pagina10.com\/web\/wp-content\/uploads\/2022\/10\/306361549_511604354297788_158013597759312150_n.jpg\",\"width\":720,\"height\":540},{\"@type\":\"BreadcrumbList\",\"@id\":\"https:\/\/pagina10.com\/web\/accidente-en-la-panamericana-deja-7-muertos-y-11-heridos\/#breadcrumb\",\"itemListElement\":[{\"@type\":\"ListItem\",\"position\":1,\"name\":\"Portada\",\"item\":\"https:\/\/pagina10.com\/web\/\"},{\"@type\":\"ListItem\",\"position\":2,\"name\":\"Accidente en la Panamericana dej\u00f3 20 muertos y 18 heridos\"}]},{\"@type\":\"WebSite\",\"@id\":\"https:\/\/pagina10.com\/web\/#website\",\"url\":\"https:\/\/pagina10.com\/web\/\",\"name\":\"P\u00e1gina10\",\"description\":\"Peri\u00f3dico Regional\",\"publisher\":{\"@id\":\"https:\/\/pagina10.com\/web\/#organization\"},\"alternateName\":\"P\u00e1gina10 Peri\u00f3dico Regional\",\"potentialAction\":[{\"@type\":\"SearchAction\",\"target\":{\"@type\":\"EntryPoint\",\"urlTemplate\":\"https:\/\/pagina10.com\/web\/?s={search_term_string}\"},\"query-input\":{\"@type\":\"PropertyValueSpecification\",\"valueRequired\":true,\"valueName\":\"search_term_string\"}}],\"inLanguage\":\"es\"},{\"@type\":\"Organization\",\"@id\":\"https:\/\/pagina10.com\/web\/#organization\",\"name\":\"P\u00e1gina10\",\"alternateName\":\"P\u00e1gina10 Peri\u00f3dico Regional\",\"url\":\"https:\/\/pagina10.com\/web\/\",\"logo\":{\"@type\":\"ImageObject\",\"inLanguage\":\"es\",\"@id\":\"https:\/\/pagina10.com\/web\/#\/schema\/logo\/image\/\",\"url\":\"https:\/\/pagina10.com\/web\/wp-content\/uploads\/2024\/01\/40-pagina-10-periodico-regional-pasto.jpg\",\"contentUrl\":\"https:\/\/pagina10.com\/web\/wp-content\/uploads\/2024\/01\/40-pagina-10-periodico-regional-pasto.jpg\",\"width\":1280,\"height\":720,\"caption\":\"P\u00e1gina10\"},\"image\":{\"@id\":\"https:\/\/pagina10.com\/web\/#\/schema\/logo\/image\/\"},\"sameAs\":[\"https:\/\/www.facebook.com\/pag10com\",\"https:\/\/x.com\/Pag10com\",\"https:\/\/www.instagram.com\/pagina10col\/\",\"https:\/\/youtube.com\/channel\/pag10\",\"https:\/\/www.tiktok.com\/@p10col\"]},{\"@type\":\"Person\",\"@id\":\"https:\/\/pagina10.com\/web\/#\/schema\/person\/2efc4a090d25b667d3bc796798a3a81b\",\"name\":\"P\u00e1gina 10\",\"description\":\"P\u00e1gina 10 es un peri\u00f3dico regional que nace en Colombia, en el departamento de Nari\u00f1o, con un enfoque global, fundamentado en cuatro pilares esenciales: la libertad, el pluralismo, la inclusi\u00f3n y la independencia. P\u00e1gina 10 hace referencia a Nari\u00f1o como el d\u00e9cimo departamento creado en Colombia, despu\u00e9s de un proceso pol\u00edtico liderado por actores y actrices regionales con el fin de obtener la independencia y autonom\u00eda de nuestros territorios. Con la creaci\u00f3n de P\u00e1gina 10 se pretende abrir un escenario para el dialogo, la reflexi\u00f3n y el debate que se extienda a otras geograf\u00edas de Am\u00e9rica Latina y del planeta, en una apuesta por transformar colectivamente los desaf\u00edos de un mundo contempor\u00e1neo, m\u00e1s all\u00e1 de las fronteras impuestas.\",\"url\":\"https:\/\/pagina10.com\/web\/author\/pdiezadmin\/\"}]}<\/script>\n<!-- \/ Yoast SEO plugin. -->","yoast_head_json":{"title":"Accidente en la Panamericana dej\u00f3 20 muertos y 18 heridos | P\u00e1gina10","robots":{"index":"index","follow":"follow","max-snippet":"max-snippet:-1","max-image-preview":"max-image-preview:large","max-video-preview":"max-video-preview:-1"},"canonical":"https:\/\/pagina10.com\/web\/accidente-en-la-panamericana-deja-7-muertos-y-11-heridos\/","og_locale":"es_ES","og_type":"article","og_title":"Accidente en la Panamericana dej\u00f3 20 muertos y 18 heridos | P\u00e1gina10","og_description":"A 20 ascendi\u00f3 la cifra de fallecidos por el accidente ocurrido esta madrugada en la v\u00eda Panamericana norte sobre el sector de Pe\u00f1alisa, municipio de Chachag\u00fci. Las v\u00edctimas corresponden a Gualberto Angulo Meza de 62 a\u00f1os, Juan Carlos Valencia de 52 a\u00f1os, Juan Esteban Cortes Delgado de 19 a\u00f1os, Abad Torres Sol\u00eds de 78 a\u00f1os, [&hellip;]","og_url":"https:\/\/pagina10.com\/web\/accidente-en-la-panamericana-deja-7-muertos-y-11-heridos\/","og_site_name":"P\u00e1gina10","article_publisher":"https:\/\/www.facebook.com\/pag10com","article_published_time":"2022-10-15T17:28:46+00:00","article_modified_time":"2022-10-15T18:25:39+00:00","og_image":[{"width":720,"height":540,"url":"https:\/\/pagina10.com\/web\/wp-content\/uploads\/2022\/10\/306361549_511604354297788_158013597759312150_n.jpg","type":"image\/jpeg"}],"author":"P\u00e1gina 10","twitter_card":"summary_large_image","twitter_creator":"@Pag10com","twitter_site":"@Pag10com","twitter_misc":{"Escrito por":"P\u00e1gina 10","Tiempo de lectura":"1 minuto"},"schema":{"@context":"https:\/\/schema.org","@graph":[{"@type":"Article","@id":"https:\/\/pagina10.com\/web\/accidente-en-la-panamericana-deja-7-muertos-y-11-heridos\/#article","isPartOf":{"@id":"https:\/\/pagina10.com\/web\/accidente-en-la-panamericana-deja-7-muertos-y-11-heridos\/"},"author":{"name":"P\u00e1gina 10","@id":"https:\/\/pagina10.com\/web\/#\/schema\/person\/2efc4a090d25b667d3bc796798a3a81b"},"headline":"Accidente en la Panamericana dej\u00f3 20 muertos y 18 heridos","datePublished":"2022-10-15T17:28:46+00:00","dateModified":"2022-10-15T18:25:39+00:00","mainEntityOfPage":{"@id":"https:\/\/pagina10.com\/web\/accidente-en-la-panamericana-deja-7-muertos-y-11-heridos\/"},"wordCount":280,"commentCount":0,"publisher":{"@id":"https:\/\/pagina10.com\/web\/#organization"},"image":{"@id":"https:\/\/pagina10.com\/web\/accidente-en-la-panamericana-deja-7-muertos-y-11-heridos\/#primaryimage"},"thumbnailUrl":"https:\/\/pagina10.com\/web\/wp-content\/uploads\/2022\/10\/306361549_511604354297788_158013597759312150_n.jpg","articleSection":["Judicial"],"inLanguage":"es","potentialAction":[{"@type":"CommentAction","name":"Comment","target":["https:\/\/pagina10.com\/web\/accidente-en-la-panamericana-deja-7-muertos-y-11-heridos\/#respond"]}]},{"@type":"WebPage","@id":"https:\/\/pagina10.com\/web\/accidente-en-la-panamericana-deja-7-muertos-y-11-heridos\/","url":"https:\/\/pagina10.com\/web\/accidente-en-la-panamericana-deja-7-muertos-y-11-heridos\/","name":"Accidente en la Panamericana dej\u00f3 20 muertos y 18 heridos | P\u00e1gina10","isPartOf":{"@id":"https:\/\/pagina10.com\/web\/#website"},"primaryImageOfPage":{"@id":"https:\/\/pagina10.com\/web\/accidente-en-la-panamericana-deja-7-muertos-y-11-heridos\/#primaryimage"},"image":{"@id":"https:\/\/pagina10.com\/web\/accidente-en-la-panamericana-deja-7-muertos-y-11-heridos\/#primaryimage"},"thumbnailUrl":"https:\/\/pagina10.com\/web\/wp-content\/uploads\/2022\/10\/306361549_511604354297788_158013597759312150_n.jpg","datePublished":"2022-10-15T17:28:46+00:00","dateModified":"2022-10-15T18:25:39+00:00","breadcrumb":{"@id":"https:\/\/pagina10.com\/web\/accidente-en-la-panamericana-deja-7-muertos-y-11-heridos\/#breadcrumb"},"inLanguage":"es","potentialAction":[{"@type":"ReadAction","target":["https:\/\/pagina10.com\/web\/accidente-en-la-panamericana-deja-7-muertos-y-11-heridos\/"]}]},{"@type":"ImageObject","inLanguage":"es","@id":"https:\/\/pagina10.com\/web\/accidente-en-la-panamericana-deja-7-muertos-y-11-heridos\/#primaryimage","url":"https:\/\/pagina10.com\/web\/wp-content\/uploads\/2022\/10\/306361549_511604354297788_158013597759312150_n.jpg","contentUrl":"https:\/\/pagina10.com\/web\/wp-content\/uploads\/2022\/10\/306361549_511604354297788_158013597759312150_n.jpg","width":720,"height":540},{"@type":"BreadcrumbList","@id":"https:\/\/pagina10.com\/web\/accidente-en-la-panamericana-deja-7-muertos-y-11-heridos\/#breadcrumb","itemListElement":[{"@type":"ListItem","position":1,"name":"Portada","item":"https:\/\/pagina10.com\/web\/"},{"@type":"ListItem","position":2,"name":"Accidente en la Panamericana dej\u00f3 20 muertos y 18 heridos"}]},{"@type":"WebSite","@id":"https:\/\/pagina10.com\/web\/#website","url":"https:\/\/pagina10.com\/web\/","name":"P\u00e1gina10","description":"Peri\u00f3dico Regional","publisher":{"@id":"https:\/\/pagina10.com\/web\/#organization"},"alternateName":"P\u00e1gina10 Peri\u00f3dico Regional","potentialAction":[{"@type":"SearchAction","target":{"@type":"EntryPoint","urlTemplate":"https:\/\/pagina10.com\/web\/?s={search_term_string}"},"query-input":{"@type":"PropertyValueSpecification","valueRequired":true,"valueName":"search_term_string"}}],"inLanguage":"es"},{"@type":"Organization","@id":"https:\/\/pagina10.com\/web\/#organization","name":"P\u00e1gina10","alternateName":"P\u00e1gina10 Peri\u00f3dico Regional","url":"https:\/\/pagina10.com\/web\/","logo":{"@type":"ImageObject","inLanguage":"es","@id":"https:\/\/pagina10.com\/web\/#\/schema\/logo\/image\/","url":"https:\/\/pagina10.com\/web\/wp-content\/uploads\/2024\/01\/40-pagina-10-periodico-regional-pasto.jpg","contentUrl":"https:\/\/pagina10.com\/web\/wp-content\/uploads\/2024\/01\/40-pagina-10-periodico-regional-pasto.jpg","width":1280,"height":720,"caption":"P\u00e1gina10"},"image":{"@id":"https:\/\/pagina10.com\/web\/#\/schema\/logo\/image\/"},"sameAs":["https:\/\/www.facebook.com\/pag10com","https:\/\/x.com\/Pag10com","https:\/\/www.instagram.com\/pagina10col\/","https:\/\/youtube.com\/channel\/pag10","https:\/\/www.tiktok.com\/@p10col"]},{"@type":"Person","@id":"https:\/\/pagina10.com\/web\/#\/schema\/person\/2efc4a090d25b667d3bc796798a3a81b","name":"P\u00e1gina 10","description":"P\u00e1gina 10 es un peri\u00f3dico regional que nace en Colombia, en el departamento de Nari\u00f1o, con un enfoque global, fundamentado en cuatro pilares esenciales: la libertad, el pluralismo, la inclusi\u00f3n y la independencia. P\u00e1gina 10 hace referencia a Nari\u00f1o como el d\u00e9cimo departamento creado en Colombia, despu\u00e9s de un proceso pol\u00edtico liderado por actores y actrices regionales con el fin de obtener la independencia y autonom\u00eda de nuestros territorios. Con la creaci\u00f3n de P\u00e1gina 10 se pretende abrir un escenario para el dialogo, la reflexi\u00f3n y el debate que se extienda a otras geograf\u00edas de Am\u00e9rica Latina y del planeta, en una apuesta por transformar colectivamente los desaf\u00edos de un mundo contempor\u00e1neo, m\u00e1s all\u00e1 de las fronteras impuestas.","url":"https:\/\/pagina10.com\/web\/author\/pdiezadmin\/"}]}},"_links":{"self":[{"href":"https:\/\/pagina10.com\/web\/wp-json\/wp\/v2\/posts\/62241","targetHints":{"allow":["GET"]}}],"collection":[{"href":"https:\/\/pagina10.com\/web\/wp-json\/wp\/v2\/posts"}],"about":[{"href":"https:\/\/pagina10.com\/web\/wp-json\/wp\/v2\/types\/post"}],"author":[{"embeddable":true,"href":"https:\/\/pagina10.com\/web\/wp-json\/wp\/v2\/users\/1"}],"replies":[{"embeddable":true,"href":"https:\/\/pagina10.com\/web\/wp-json\/wp\/v2\/comments?post=62241"}],"version-history":[{"count":5,"href":"https:\/\/pagina10.com\/web\/wp-json\/wp\/v2\/posts\/62241\/revisions"}],"predecessor-version":[{"id":62247,"href":"https:\/\/pagina10.com\/web\/wp-json\/wp\/v2\/posts\/62241\/revisions\/62247"}],"wp:featuredmedia":[{"embeddable":true,"href":"https:\/\/pagina10.com\/web\/wp-json\/wp\/v2\/media\/62242"}],"wp:attachment":[{"href":"https:\/\/pagina10.com\/web\/wp-json\/wp\/v2\/media?parent=62241"}],"wp:term":[{"taxonomy":"category","embeddable":true,"href":"https:\/\/pagina10.com\/web\/wp-json\/wp\/v2\/categories?post=62241"},{"taxonomy":"post_tag","embeddable":true,"href":"https:\/\/pagina10.com\/web\/wp-json\/wp\/v2\/tags?post=62241"}],"curies":[{"name":"wp","href":"https:\/\/api.w.org\/{rel}","templated":true}]}}