{"id":62316,"date":"2022-10-18T19:53:16","date_gmt":"2022-10-19T00:53:16","guid":{"rendered":"https:\/\/pagina10.com\/web\/?p=62316"},"modified":"2022-10-18T19:53:16","modified_gmt":"2022-10-19T00:53:16","slug":"una-terminal-terrestre-para-tumaco","status":"publish","type":"post","link":"https:\/\/pagina10.com\/web\/una-terminal-terrestre-para-tumaco\/","title":{"rendered":"\u00a1Una terminal terrestre para Tumaco!"},"content":{"rendered":"<p style=\"text-align: justify;\">\n<p style=\"text-align: justify;\">El accidente del 15 de octubre de un bus de la empresa Trans Ipiales, que deja 20 muertos y 15 heridos, no es sino uno m\u00e1s dentro de la escalada de accidentes que se dan en la carretera que de Tumaco conduce a la sierra y de ah\u00ed al interior del pa\u00eds. El 1 de octubre de este a\u00f1o un accidente dej\u00f3 dos muertos, y hace menos de un a\u00f1o 14 personas resultaron seriamente lesionadas, todos victimas de la misma empresa, al parecer por fallas en los frenos de los veh\u00edculos. Sin embargo, no es la \u00fanica empresa que tiene frecuentes accidentes, muchas han enlutado en m\u00e1s de una ocasi\u00f3n a las familias de la costa nari\u00f1ense, incluidos taxis y particulares.<\/p>\n<p style=\"text-align: justify;\">\u00bfQu\u00e9 pasa?, pareciera la pregunta oportuna ante esta serie de calamidades. Obviamente son los expertos quienes deben dar respuesta, sobre todo porque en muchas ocasiones nadie responde por nada. Lo com\u00fan y lo normal, cuando se viaja en transporte p\u00fablico, es ver c\u00f3mo los buses y taxis salen del centro de la ciudad, sin que exista aparentemente ning\u00fan control al respecto, ya que al no existir una terminal terrestre adecuada, por ning\u00fan lado se observan los controles t\u00e9cnicos, mucho menos el de la seguridad de los pasajeros; lo com\u00fan y lo normal es que en el camino recojan viajeros sin control alguno, inclusive a altas horas de la noche en lugares en donde la seguridad no es la \u00f3ptima; lo com\u00fan y lo normal es que cuando estos buses o taxis se varan, se improvise el arreglo y se contin\u00fae con la marcha; lo com\u00fan y lo normal es que cuando la Polic\u00eda los para, es para ver si se lleva contrabando o alg\u00fan producto il\u00edcito, pero jam\u00e1s se inquiere por la seguridad de los viajeros, incluidos el propio chofer y sus ayudantes.<\/p>\n<p style=\"text-align: justify;\">Cuando se parte y se llega a Tumaco, muchas veces este tipo de transporte genera un caos en la ciudad, sumado al excesivo n\u00famero de motos que hay, a los innumerables huecos que parecen verdaderos cr\u00e1teres, adem\u00e1s de que la mayor\u00eda de empresas tienes sus sedes muy cerca de la Alcald\u00eda Municipal y de la Polic\u00eda Nacional, raz\u00f3n por la cual la v\u00eda es cerrada con inusitada frecuencia, \u00a0ya que pese a que tiene una poblaci\u00f3n cercana a los 260 mil habitantes y a ver sido declarada &#8220;Distrito Especial, Industrial, Portuario, Biodiverso y Ecotur\u00edstico&#8221;, no cuenta con una terminal terrestre que dignifique la vida de sus viajeros. Las principales empresas tienen sus oficinas en el centro de la ciudad y en reducidos espacios deben no solamente abordar y desabordar los viajeros, sino tambi\u00e9n guardar los buses y taxis, as\u00ed como generar toda la log\u00edstica que implica la industria del transporte de pasajeros en cualquier lugar del mundo.<\/p>\n<p style=\"text-align: justify;\">Se hace necesario que el principal puerto nari\u00f1ense cuente con una terminal de transportes que favorezca la prestaci\u00f3n de un servicio digno a los pasajeros, as\u00ed como a los choferes y empleados de estas empresas. Hemos sido testigos de c\u00f3mo muchas veces los mismos choferes deben regresar inmediatamente a la sierra sin descansar, ya que son exigencias de las propias empresas o caprichos voluntarios dif\u00edciles de controlar. Al existir la terminal de transportes, se debe garantizar la revisi\u00f3n t\u00e9cnico mec\u00e1nica de todos los veh\u00edculos que ingresan y salen, as\u00ed mismo las pruebas de alcoholemia\u00a0 respectivas a choferes y ayudantes, as\u00ed como la garant\u00eda de su descanso respectivo. Por otra parte, as\u00ed se ejerce tambi\u00e9n un control sobre los pasajeros que salen y llegan, si es algo que preocupa tanto a la Polic\u00eda Nacional y a la Fuerza P\u00fablica, buscando de esta manera garantizar la seguridad de todos los viajeros y de quienes est\u00e9n implicados en los diferentes roles que genera una terminal de transportes.<\/p>\n<p style=\"text-align: justify;\">As\u00ed mismo, se hace necesario crear una c\u00e1tedra de cultura ciudadana, ya que la seguridad vial es tambi\u00e9n una corresponsabilidad entre el Estado y los habitantes, ser\u00eda tapar el sol con un dedo el querer ocultar la falta de respeto por las se\u00f1ales de tr\u00e1nsito en una ciudad que sobrepasa ya el cuarto de mill\u00f3n de habitantes, ya que lo normal es el irrespeto a los sem\u00e1foros, el total desconocimiento del peat\u00f3n de parte de todos los veh\u00edculos de transporte -carros, motos, bicicletas, etc. -, y tambi\u00e9n de estos cuando circulan por las v\u00edas sin considerar los carriles y los andenes, las se\u00f1ales parecieran no existir ya que son ignoradas por la gran mayor\u00eda, inclusive hasta el sentido de las v\u00edas es desconocido, poniendo en riesgo la vida de quienes por ah\u00ed transitan.<\/p>\n<p style=\"text-align: justify;\">Este que es el tiempo del cambio, debe ser aprovechado para que el Gobierno Nacional, particularmente la Vicepresidencia de la Rep\u00fablica, en cabeza de Francia M\u00e1rquez, le permita a la costa nari\u00f1ense contar con un puerto terrestre digno, adem\u00e1s porque es Tumaco el lugar de llegada y salida de un n\u00famero significativo de pasajeros de los municipios que conforman esta importante regi\u00f3n del departamento de Nari\u00f1o y del norte del Ecuador.<\/p>\n<p style=\"text-align: justify;\">Para hacer esta nota, se busc\u00f3 en las p\u00e1ginas de los organismos distritales, departamentales y nacionales estad\u00edsticas de accidentes terrestres, de n\u00famero de viajeros que mueve el transporte intermunicipal en los 10 municipios del Pac\u00edfico nari\u00f1ense, sin que se encontraran datos al respecto, un motivo m\u00e1s para solicitar a los gobiernos distrital, departamental y nacional la construcci\u00f3n de la terminal de transporte terrestre del Distrito de Tumaco.<\/p>\n<p style=\"text-align: justify;\">\n<p style=\"text-align: justify;\">\n<ol style=\"text-align: justify;\">\n<li>Mauricio Chaves-Bustos<\/li>\n<\/ol>\n<p style=\"text-align: justify;\">\n<p style=\"text-align: justify;\">\n<p style=\"text-align: justify;\">\n","protected":false},"excerpt":{"rendered":"<p>El accidente del 15 de octubre de un bus de la empresa Trans Ipiales, que deja 20 muertos y 15 heridos, no es sino uno m\u00e1s dentro de la escalada de accidentes que se dan en la carretera que de Tumaco conduce a la sierra y de ah\u00ed al interior del pa\u00eds. El 1 de [&hellip;]<\/p>\n","protected":false},"author":8,"featured_media":62317,"comment_status":"open","ping_status":"open","sticky":false,"template":"","format":"standard","meta":{"footnotes":""},"categories":[53],"tags":[],"class_list":["post-62316","post","type-post","status-publish","format-standard","has-post-thumbnail","hentry","category-regiones"],"yoast_head":"<!-- This site is optimized with the Yoast SEO plugin v27.1.1 - https:\/\/yoast.com\/product\/yoast-seo-wordpress\/ -->\n<title>\u00a1Una terminal terrestre para Tumaco! | P\u00e1gina10<\/title>\n<meta name=\"robots\" content=\"index, follow, max-snippet:-1, max-image-preview:large, max-video-preview:-1\" \/>\n<link rel=\"canonical\" href=\"https:\/\/pagina10.com\/web\/una-terminal-terrestre-para-tumaco\/\" \/>\n<meta property=\"og:locale\" content=\"es_ES\" \/>\n<meta property=\"og:type\" content=\"article\" \/>\n<meta property=\"og:title\" content=\"\u00a1Una terminal terrestre para Tumaco! | P\u00e1gina10\" \/>\n<meta property=\"og:description\" content=\"El accidente del 15 de octubre de un bus de la empresa Trans Ipiales, que deja 20 muertos y 15 heridos, no es sino uno m\u00e1s dentro de la escalada de accidentes que se dan en la carretera que de Tumaco conduce a la sierra y de ah\u00ed al interior del pa\u00eds. El 1 de [&hellip;]\" \/>\n<meta property=\"og:url\" content=\"https:\/\/pagina10.com\/web\/una-terminal-terrestre-para-tumaco\/\" \/>\n<meta property=\"og:site_name\" content=\"P\u00e1gina10\" \/>\n<meta property=\"article:publisher\" content=\"https:\/\/www.facebook.com\/pag10com\" \/>\n<meta property=\"article:published_time\" content=\"2022-10-19T00:53:16+00:00\" \/>\n<meta property=\"og:image\" content=\"https:\/\/pagina10.com\/web\/wp-content\/uploads\/2022\/10\/WhatsApp-Image-2022-10-18-at-7.52.29-PM.jpeg\" \/>\n\t<meta property=\"og:image:width\" content=\"1024\" \/>\n\t<meta property=\"og:image:height\" content=\"768\" \/>\n\t<meta property=\"og:image:type\" content=\"image\/jpeg\" \/>\n<meta name=\"author\" content=\"J. Mauricio Chaves Bustos\" \/>\n<meta name=\"twitter:card\" content=\"summary_large_image\" \/>\n<meta name=\"twitter:creator\" content=\"@Pag10com\" \/>\n<meta name=\"twitter:site\" content=\"@Pag10com\" \/>\n<meta name=\"twitter:label1\" content=\"Escrito por\" \/>\n\t<meta name=\"twitter:data1\" content=\"J. Mauricio Chaves Bustos\" \/>\n\t<meta name=\"twitter:label2\" content=\"Tiempo de lectura\" \/>\n\t<meta name=\"twitter:data2\" content=\"5 minutos\" \/>\n<script type=\"application\/ld+json\" class=\"yoast-schema-graph\">{\"@context\":\"https:\/\/schema.org\",\"@graph\":[{\"@type\":\"Article\",\"@id\":\"https:\/\/pagina10.com\/web\/una-terminal-terrestre-para-tumaco\/#article\",\"isPartOf\":{\"@id\":\"https:\/\/pagina10.com\/web\/una-terminal-terrestre-para-tumaco\/\"},\"author\":{\"name\":\"J. Mauricio Chaves Bustos\",\"@id\":\"https:\/\/pagina10.com\/web\/#\/schema\/person\/7760391e9db42adcf8b31ccdc078fc8b\"},\"headline\":\"\u00a1Una terminal terrestre para Tumaco!\",\"datePublished\":\"2022-10-19T00:53:16+00:00\",\"mainEntityOfPage\":{\"@id\":\"https:\/\/pagina10.com\/web\/una-terminal-terrestre-para-tumaco\/\"},\"wordCount\":971,\"commentCount\":0,\"publisher\":{\"@id\":\"https:\/\/pagina10.com\/web\/#organization\"},\"image\":{\"@id\":\"https:\/\/pagina10.com\/web\/una-terminal-terrestre-para-tumaco\/#primaryimage\"},\"thumbnailUrl\":\"https:\/\/pagina10.com\/web\/wp-content\/uploads\/2022\/10\/WhatsApp-Image-2022-10-18-at-7.52.29-PM.jpeg\",\"articleSection\":[\"Regiones\"],\"inLanguage\":\"es\",\"potentialAction\":[{\"@type\":\"CommentAction\",\"name\":\"Comment\",\"target\":[\"https:\/\/pagina10.com\/web\/una-terminal-terrestre-para-tumaco\/#respond\"]}]},{\"@type\":\"WebPage\",\"@id\":\"https:\/\/pagina10.com\/web\/una-terminal-terrestre-para-tumaco\/\",\"url\":\"https:\/\/pagina10.com\/web\/una-terminal-terrestre-para-tumaco\/\",\"name\":\"\u00a1Una terminal terrestre para Tumaco! | P\u00e1gina10\",\"isPartOf\":{\"@id\":\"https:\/\/pagina10.com\/web\/#website\"},\"primaryImageOfPage\":{\"@id\":\"https:\/\/pagina10.com\/web\/una-terminal-terrestre-para-tumaco\/#primaryimage\"},\"image\":{\"@id\":\"https:\/\/pagina10.com\/web\/una-terminal-terrestre-para-tumaco\/#primaryimage\"},\"thumbnailUrl\":\"https:\/\/pagina10.com\/web\/wp-content\/uploads\/2022\/10\/WhatsApp-Image-2022-10-18-at-7.52.29-PM.jpeg\",\"datePublished\":\"2022-10-19T00:53:16+00:00\",\"breadcrumb\":{\"@id\":\"https:\/\/pagina10.com\/web\/una-terminal-terrestre-para-tumaco\/#breadcrumb\"},\"inLanguage\":\"es\",\"potentialAction\":[{\"@type\":\"ReadAction\",\"target\":[\"https:\/\/pagina10.com\/web\/una-terminal-terrestre-para-tumaco\/\"]}]},{\"@type\":\"ImageObject\",\"inLanguage\":\"es\",\"@id\":\"https:\/\/pagina10.com\/web\/una-terminal-terrestre-para-tumaco\/#primaryimage\",\"url\":\"https:\/\/pagina10.com\/web\/wp-content\/uploads\/2022\/10\/WhatsApp-Image-2022-10-18-at-7.52.29-PM.jpeg\",\"contentUrl\":\"https:\/\/pagina10.com\/web\/wp-content\/uploads\/2022\/10\/WhatsApp-Image-2022-10-18-at-7.52.29-PM.jpeg\",\"width\":1024,\"height\":768},{\"@type\":\"BreadcrumbList\",\"@id\":\"https:\/\/pagina10.com\/web\/una-terminal-terrestre-para-tumaco\/#breadcrumb\",\"itemListElement\":[{\"@type\":\"ListItem\",\"position\":1,\"name\":\"Portada\",\"item\":\"https:\/\/pagina10.com\/web\/\"},{\"@type\":\"ListItem\",\"position\":2,\"name\":\"\u00a1Una terminal terrestre para Tumaco!\"}]},{\"@type\":\"WebSite\",\"@id\":\"https:\/\/pagina10.com\/web\/#website\",\"url\":\"https:\/\/pagina10.com\/web\/\",\"name\":\"P\u00e1gina10\",\"description\":\"Peri\u00f3dico Regional\",\"publisher\":{\"@id\":\"https:\/\/pagina10.com\/web\/#organization\"},\"alternateName\":\"P\u00e1gina10 Peri\u00f3dico Regional\",\"potentialAction\":[{\"@type\":\"SearchAction\",\"target\":{\"@type\":\"EntryPoint\",\"urlTemplate\":\"https:\/\/pagina10.com\/web\/?s={search_term_string}\"},\"query-input\":{\"@type\":\"PropertyValueSpecification\",\"valueRequired\":true,\"valueName\":\"search_term_string\"}}],\"inLanguage\":\"es\"},{\"@type\":\"Organization\",\"@id\":\"https:\/\/pagina10.com\/web\/#organization\",\"name\":\"P\u00e1gina10\",\"alternateName\":\"P\u00e1gina10 Peri\u00f3dico Regional\",\"url\":\"https:\/\/pagina10.com\/web\/\",\"logo\":{\"@type\":\"ImageObject\",\"inLanguage\":\"es\",\"@id\":\"https:\/\/pagina10.com\/web\/#\/schema\/logo\/image\/\",\"url\":\"https:\/\/pagina10.com\/web\/wp-content\/uploads\/2024\/01\/40-pagina-10-periodico-regional-pasto.jpg\",\"contentUrl\":\"https:\/\/pagina10.com\/web\/wp-content\/uploads\/2024\/01\/40-pagina-10-periodico-regional-pasto.jpg\",\"width\":1280,\"height\":720,\"caption\":\"P\u00e1gina10\"},\"image\":{\"@id\":\"https:\/\/pagina10.com\/web\/#\/schema\/logo\/image\/\"},\"sameAs\":[\"https:\/\/www.facebook.com\/pag10com\",\"https:\/\/x.com\/Pag10com\",\"https:\/\/www.instagram.com\/pagina10col\/\",\"https:\/\/youtube.com\/channel\/pag10\",\"https:\/\/www.tiktok.com\/@p10col\"]},{\"@type\":\"Person\",\"@id\":\"https:\/\/pagina10.com\/web\/#\/schema\/person\/7760391e9db42adcf8b31ccdc078fc8b\",\"name\":\"J. Mauricio Chaves Bustos\",\"description\":\"Escritor de poes\u00eda, cuento y ensayo. Gestor cultural. E-mail: jemaoch@gmail.com\",\"url\":\"https:\/\/pagina10.com\/web\/author\/jchaves\/\"}]}<\/script>\n<!-- \/ Yoast SEO plugin. -->","yoast_head_json":{"title":"\u00a1Una terminal terrestre para Tumaco! | P\u00e1gina10","robots":{"index":"index","follow":"follow","max-snippet":"max-snippet:-1","max-image-preview":"max-image-preview:large","max-video-preview":"max-video-preview:-1"},"canonical":"https:\/\/pagina10.com\/web\/una-terminal-terrestre-para-tumaco\/","og_locale":"es_ES","og_type":"article","og_title":"\u00a1Una terminal terrestre para Tumaco! | P\u00e1gina10","og_description":"El accidente del 15 de octubre de un bus de la empresa Trans Ipiales, que deja 20 muertos y 15 heridos, no es sino uno m\u00e1s dentro de la escalada de accidentes que se dan en la carretera que de Tumaco conduce a la sierra y de ah\u00ed al interior del pa\u00eds. El 1 de [&hellip;]","og_url":"https:\/\/pagina10.com\/web\/una-terminal-terrestre-para-tumaco\/","og_site_name":"P\u00e1gina10","article_publisher":"https:\/\/www.facebook.com\/pag10com","article_published_time":"2022-10-19T00:53:16+00:00","og_image":[{"width":1024,"height":768,"url":"https:\/\/pagina10.com\/web\/wp-content\/uploads\/2022\/10\/WhatsApp-Image-2022-10-18-at-7.52.29-PM.jpeg","type":"image\/jpeg"}],"author":"J. Mauricio Chaves Bustos","twitter_card":"summary_large_image","twitter_creator":"@Pag10com","twitter_site":"@Pag10com","twitter_misc":{"Escrito por":"J. Mauricio Chaves Bustos","Tiempo de lectura":"5 minutos"},"schema":{"@context":"https:\/\/schema.org","@graph":[{"@type":"Article","@id":"https:\/\/pagina10.com\/web\/una-terminal-terrestre-para-tumaco\/#article","isPartOf":{"@id":"https:\/\/pagina10.com\/web\/una-terminal-terrestre-para-tumaco\/"},"author":{"name":"J. Mauricio Chaves Bustos","@id":"https:\/\/pagina10.com\/web\/#\/schema\/person\/7760391e9db42adcf8b31ccdc078fc8b"},"headline":"\u00a1Una terminal terrestre para Tumaco!","datePublished":"2022-10-19T00:53:16+00:00","mainEntityOfPage":{"@id":"https:\/\/pagina10.com\/web\/una-terminal-terrestre-para-tumaco\/"},"wordCount":971,"commentCount":0,"publisher":{"@id":"https:\/\/pagina10.com\/web\/#organization"},"image":{"@id":"https:\/\/pagina10.com\/web\/una-terminal-terrestre-para-tumaco\/#primaryimage"},"thumbnailUrl":"https:\/\/pagina10.com\/web\/wp-content\/uploads\/2022\/10\/WhatsApp-Image-2022-10-18-at-7.52.29-PM.jpeg","articleSection":["Regiones"],"inLanguage":"es","potentialAction":[{"@type":"CommentAction","name":"Comment","target":["https:\/\/pagina10.com\/web\/una-terminal-terrestre-para-tumaco\/#respond"]}]},{"@type":"WebPage","@id":"https:\/\/pagina10.com\/web\/una-terminal-terrestre-para-tumaco\/","url":"https:\/\/pagina10.com\/web\/una-terminal-terrestre-para-tumaco\/","name":"\u00a1Una terminal terrestre para Tumaco! | P\u00e1gina10","isPartOf":{"@id":"https:\/\/pagina10.com\/web\/#website"},"primaryImageOfPage":{"@id":"https:\/\/pagina10.com\/web\/una-terminal-terrestre-para-tumaco\/#primaryimage"},"image":{"@id":"https:\/\/pagina10.com\/web\/una-terminal-terrestre-para-tumaco\/#primaryimage"},"thumbnailUrl":"https:\/\/pagina10.com\/web\/wp-content\/uploads\/2022\/10\/WhatsApp-Image-2022-10-18-at-7.52.29-PM.jpeg","datePublished":"2022-10-19T00:53:16+00:00","breadcrumb":{"@id":"https:\/\/pagina10.com\/web\/una-terminal-terrestre-para-tumaco\/#breadcrumb"},"inLanguage":"es","potentialAction":[{"@type":"ReadAction","target":["https:\/\/pagina10.com\/web\/una-terminal-terrestre-para-tumaco\/"]}]},{"@type":"ImageObject","inLanguage":"es","@id":"https:\/\/pagina10.com\/web\/una-terminal-terrestre-para-tumaco\/#primaryimage","url":"https:\/\/pagina10.com\/web\/wp-content\/uploads\/2022\/10\/WhatsApp-Image-2022-10-18-at-7.52.29-PM.jpeg","contentUrl":"https:\/\/pagina10.com\/web\/wp-content\/uploads\/2022\/10\/WhatsApp-Image-2022-10-18-at-7.52.29-PM.jpeg","width":1024,"height":768},{"@type":"BreadcrumbList","@id":"https:\/\/pagina10.com\/web\/una-terminal-terrestre-para-tumaco\/#breadcrumb","itemListElement":[{"@type":"ListItem","position":1,"name":"Portada","item":"https:\/\/pagina10.com\/web\/"},{"@type":"ListItem","position":2,"name":"\u00a1Una terminal terrestre para Tumaco!"}]},{"@type":"WebSite","@id":"https:\/\/pagina10.com\/web\/#website","url":"https:\/\/pagina10.com\/web\/","name":"P\u00e1gina10","description":"Peri\u00f3dico Regional","publisher":{"@id":"https:\/\/pagina10.com\/web\/#organization"},"alternateName":"P\u00e1gina10 Peri\u00f3dico Regional","potentialAction":[{"@type":"SearchAction","target":{"@type":"EntryPoint","urlTemplate":"https:\/\/pagina10.com\/web\/?s={search_term_string}"},"query-input":{"@type":"PropertyValueSpecification","valueRequired":true,"valueName":"search_term_string"}}],"inLanguage":"es"},{"@type":"Organization","@id":"https:\/\/pagina10.com\/web\/#organization","name":"P\u00e1gina10","alternateName":"P\u00e1gina10 Peri\u00f3dico Regional","url":"https:\/\/pagina10.com\/web\/","logo":{"@type":"ImageObject","inLanguage":"es","@id":"https:\/\/pagina10.com\/web\/#\/schema\/logo\/image\/","url":"https:\/\/pagina10.com\/web\/wp-content\/uploads\/2024\/01\/40-pagina-10-periodico-regional-pasto.jpg","contentUrl":"https:\/\/pagina10.com\/web\/wp-content\/uploads\/2024\/01\/40-pagina-10-periodico-regional-pasto.jpg","width":1280,"height":720,"caption":"P\u00e1gina10"},"image":{"@id":"https:\/\/pagina10.com\/web\/#\/schema\/logo\/image\/"},"sameAs":["https:\/\/www.facebook.com\/pag10com","https:\/\/x.com\/Pag10com","https:\/\/www.instagram.com\/pagina10col\/","https:\/\/youtube.com\/channel\/pag10","https:\/\/www.tiktok.com\/@p10col"]},{"@type":"Person","@id":"https:\/\/pagina10.com\/web\/#\/schema\/person\/7760391e9db42adcf8b31ccdc078fc8b","name":"J. Mauricio Chaves Bustos","description":"Escritor de poes\u00eda, cuento y ensayo. Gestor cultural. E-mail: jemaoch@gmail.com","url":"https:\/\/pagina10.com\/web\/author\/jchaves\/"}]}},"_links":{"self":[{"href":"https:\/\/pagina10.com\/web\/wp-json\/wp\/v2\/posts\/62316","targetHints":{"allow":["GET"]}}],"collection":[{"href":"https:\/\/pagina10.com\/web\/wp-json\/wp\/v2\/posts"}],"about":[{"href":"https:\/\/pagina10.com\/web\/wp-json\/wp\/v2\/types\/post"}],"author":[{"embeddable":true,"href":"https:\/\/pagina10.com\/web\/wp-json\/wp\/v2\/users\/8"}],"replies":[{"embeddable":true,"href":"https:\/\/pagina10.com\/web\/wp-json\/wp\/v2\/comments?post=62316"}],"version-history":[{"count":1,"href":"https:\/\/pagina10.com\/web\/wp-json\/wp\/v2\/posts\/62316\/revisions"}],"predecessor-version":[{"id":62318,"href":"https:\/\/pagina10.com\/web\/wp-json\/wp\/v2\/posts\/62316\/revisions\/62318"}],"wp:featuredmedia":[{"embeddable":true,"href":"https:\/\/pagina10.com\/web\/wp-json\/wp\/v2\/media\/62317"}],"wp:attachment":[{"href":"https:\/\/pagina10.com\/web\/wp-json\/wp\/v2\/media?parent=62316"}],"wp:term":[{"taxonomy":"category","embeddable":true,"href":"https:\/\/pagina10.com\/web\/wp-json\/wp\/v2\/categories?post=62316"},{"taxonomy":"post_tag","embeddable":true,"href":"https:\/\/pagina10.com\/web\/wp-json\/wp\/v2\/tags?post=62316"}],"curies":[{"name":"wp","href":"https:\/\/api.w.org\/{rel}","templated":true}]}}