{"id":62358,"date":"2022-10-20T23:02:50","date_gmt":"2022-10-21T04:02:50","guid":{"rendered":"https:\/\/pagina10.com\/web\/?p=62358"},"modified":"2022-10-20T23:02:50","modified_gmt":"2022-10-21T04:02:50","slug":"canciller-estara-manana-en-ipiales-para-adelantar-jornada-de-dialogos-regionales-vinculantes","status":"publish","type":"post","link":"https:\/\/pagina10.com\/web\/canciller-estara-manana-en-ipiales-para-adelantar-jornada-de-dialogos-regionales-vinculantes\/","title":{"rendered":"Canciller estar\u00e1 ma\u00f1ana en Ipiales para adelantar jornada de di\u00e1logos regionales vinculantes"},"content":{"rendered":"<p style=\"text-align: justify;\">El ministro de Relaciones Exteriores, \u00c1lvaro Leyva Dur\u00e1n, ser\u00e1 el encargado de recibir las propuestas que presenten los nari\u00f1enses y habitantes de la zona de frontera con Ecuador durante el desarrollo de los Di\u00e1logos Regionales Vinculantes que se llevar\u00e1n a cabo ma\u00f1ana en las instalaciones de la Universidad de Nari\u00f1o en Ipiales.<\/p>\n<p style=\"text-align: justify;\">A partir de las 8:00 de la ma\u00f1ana, se espera la llegada de cientos de habitantes del departamento, especialmente aquellos que habitan en los municipios de Aldana, C\u00f3rdoba, Cuaspud Carlosama, Cumbal, Guachucal, Ipiales, Mallama, Potos\u00ed, Puerres, Pupiales y Ricaurte. Estas poblaciones fueron priorizadas por su riqueza h\u00eddrica, presencia de grupos armados ilegales y aumento de brecha regional.<\/p>\n<p style=\"text-align: justify;\">El canciller Leyva estar\u00e1 acompa\u00f1ado por la directora para el Desarrollo y la Integraci\u00f3n Fronteriza, Nancy Ben\u00edtez; el gobernador de Nari\u00f1o, John Rojas; el alcalde de Ipiales, Luis Fernando Villota; la rectora de la Universidad de Nari\u00f1o, Martha Gonz\u00e1lez, y el equipo t\u00e9cnico del Departamento Nacional de Planeaci\u00f3n (DNP), responsable de sistematizar y organizar las propuestas que inspirar\u00e1n el Plan Nacional de Desarrollo 2022-2026.<\/p>\n<p style=\"text-align: justify;\">Los interesados en asistir pueden inscribirse de forma gratuita y virtual en la p\u00e1gina web del Departamento Nacional de Planeaci\u00f3n (www.dnp.gov.co) o en el portal https:\/\/datalogo.dnp.gov.co\/. Las inscripciones presenciales se har\u00e1n en el lugar del evento, el mismo d\u00eda de su realizaci\u00f3n. Solo hay que presentar el documento de identidad.<\/p>\n","protected":false},"excerpt":{"rendered":"<p>El ministro de Relaciones Exteriores, \u00c1lvaro Leyva Dur\u00e1n, ser\u00e1 el encargado de recibir las propuestas que presenten los nari\u00f1enses y habitantes de la zona de frontera con Ecuador durante el desarrollo de los Di\u00e1logos Regionales Vinculantes que se llevar\u00e1n a cabo ma\u00f1ana en las instalaciones de la Universidad de Nari\u00f1o en Ipiales. A partir de [&hellip;]<\/p>\n","protected":false},"author":1,"featured_media":62359,"comment_status":"open","ping_status":"open","sticky":false,"template":"","format":"standard","meta":{"footnotes":""},"categories":[53],"tags":[],"class_list":["post-62358","post","type-post","status-publish","format-standard","has-post-thumbnail","hentry","category-regiones"],"yoast_head":"<!-- This site is optimized with the Yoast SEO plugin v27.1.1 - https:\/\/yoast.com\/product\/yoast-seo-wordpress\/ -->\n<title>Canciller estar\u00e1 ma\u00f1ana en Ipiales para adelantar jornada de di\u00e1logos regionales vinculantes | P\u00e1gina10<\/title>\n<meta name=\"robots\" content=\"index, follow, max-snippet:-1, max-image-preview:large, max-video-preview:-1\" \/>\n<link rel=\"canonical\" href=\"https:\/\/pagina10.com\/web\/canciller-estara-manana-en-ipiales-para-adelantar-jornada-de-dialogos-regionales-vinculantes\/\" \/>\n<meta property=\"og:locale\" content=\"es_ES\" \/>\n<meta property=\"og:type\" content=\"article\" \/>\n<meta property=\"og:title\" content=\"Canciller estar\u00e1 ma\u00f1ana en Ipiales para adelantar jornada de di\u00e1logos regionales vinculantes | P\u00e1gina10\" \/>\n<meta property=\"og:description\" content=\"El ministro de Relaciones Exteriores, \u00c1lvaro Leyva Dur\u00e1n, ser\u00e1 el encargado de recibir las propuestas que presenten los nari\u00f1enses y habitantes de la zona de frontera con Ecuador durante el desarrollo de los Di\u00e1logos Regionales Vinculantes que se llevar\u00e1n a cabo ma\u00f1ana en las instalaciones de la Universidad de Nari\u00f1o en Ipiales. A partir de [&hellip;]\" \/>\n<meta property=\"og:url\" content=\"https:\/\/pagina10.com\/web\/canciller-estara-manana-en-ipiales-para-adelantar-jornada-de-dialogos-regionales-vinculantes\/\" \/>\n<meta property=\"og:site_name\" content=\"P\u00e1gina10\" \/>\n<meta property=\"article:publisher\" content=\"https:\/\/www.facebook.com\/pag10com\" \/>\n<meta property=\"article:published_time\" content=\"2022-10-21T04:02:50+00:00\" \/>\n<meta property=\"og:image\" content=\"https:\/\/pagina10.com\/web\/wp-content\/uploads\/2022\/10\/XRQMARSQAZFVFFV73TVFBUPDGY.jpg\" \/>\n\t<meta property=\"og:image:width\" content=\"1200\" \/>\n\t<meta property=\"og:image:height\" content=\"675\" \/>\n\t<meta property=\"og:image:type\" content=\"image\/jpeg\" \/>\n<meta name=\"author\" content=\"P\u00e1gina 10\" \/>\n<meta name=\"twitter:card\" content=\"summary_large_image\" \/>\n<meta name=\"twitter:creator\" content=\"@Pag10com\" \/>\n<meta name=\"twitter:site\" content=\"@Pag10com\" \/>\n<meta name=\"twitter:label1\" content=\"Escrito por\" \/>\n\t<meta name=\"twitter:data1\" content=\"P\u00e1gina 10\" \/>\n\t<meta name=\"twitter:label2\" content=\"Tiempo de lectura\" \/>\n\t<meta name=\"twitter:data2\" content=\"1 minuto\" \/>\n<script type=\"application\/ld+json\" class=\"yoast-schema-graph\">{\"@context\":\"https:\/\/schema.org\",\"@graph\":[{\"@type\":\"Article\",\"@id\":\"https:\/\/pagina10.com\/web\/canciller-estara-manana-en-ipiales-para-adelantar-jornada-de-dialogos-regionales-vinculantes\/#article\",\"isPartOf\":{\"@id\":\"https:\/\/pagina10.com\/web\/canciller-estara-manana-en-ipiales-para-adelantar-jornada-de-dialogos-regionales-vinculantes\/\"},\"author\":{\"name\":\"P\u00e1gina 10\",\"@id\":\"https:\/\/pagina10.com\/web\/#\/schema\/person\/2efc4a090d25b667d3bc796798a3a81b\"},\"headline\":\"Canciller estar\u00e1 ma\u00f1ana en Ipiales para adelantar jornada de di\u00e1logos regionales vinculantes\",\"datePublished\":\"2022-10-21T04:02:50+00:00\",\"mainEntityOfPage\":{\"@id\":\"https:\/\/pagina10.com\/web\/canciller-estara-manana-en-ipiales-para-adelantar-jornada-de-dialogos-regionales-vinculantes\/\"},\"wordCount\":266,\"commentCount\":0,\"publisher\":{\"@id\":\"https:\/\/pagina10.com\/web\/#organization\"},\"image\":{\"@id\":\"https:\/\/pagina10.com\/web\/canciller-estara-manana-en-ipiales-para-adelantar-jornada-de-dialogos-regionales-vinculantes\/#primaryimage\"},\"thumbnailUrl\":\"https:\/\/pagina10.com\/web\/wp-content\/uploads\/2022\/10\/XRQMARSQAZFVFFV73TVFBUPDGY.jpg\",\"articleSection\":[\"Regiones\"],\"inLanguage\":\"es\",\"potentialAction\":[{\"@type\":\"CommentAction\",\"name\":\"Comment\",\"target\":[\"https:\/\/pagina10.com\/web\/canciller-estara-manana-en-ipiales-para-adelantar-jornada-de-dialogos-regionales-vinculantes\/#respond\"]}]},{\"@type\":\"WebPage\",\"@id\":\"https:\/\/pagina10.com\/web\/canciller-estara-manana-en-ipiales-para-adelantar-jornada-de-dialogos-regionales-vinculantes\/\",\"url\":\"https:\/\/pagina10.com\/web\/canciller-estara-manana-en-ipiales-para-adelantar-jornada-de-dialogos-regionales-vinculantes\/\",\"name\":\"Canciller estar\u00e1 ma\u00f1ana en Ipiales para adelantar jornada de di\u00e1logos regionales vinculantes | P\u00e1gina10\",\"isPartOf\":{\"@id\":\"https:\/\/pagina10.com\/web\/#website\"},\"primaryImageOfPage\":{\"@id\":\"https:\/\/pagina10.com\/web\/canciller-estara-manana-en-ipiales-para-adelantar-jornada-de-dialogos-regionales-vinculantes\/#primaryimage\"},\"image\":{\"@id\":\"https:\/\/pagina10.com\/web\/canciller-estara-manana-en-ipiales-para-adelantar-jornada-de-dialogos-regionales-vinculantes\/#primaryimage\"},\"thumbnailUrl\":\"https:\/\/pagina10.com\/web\/wp-content\/uploads\/2022\/10\/XRQMARSQAZFVFFV73TVFBUPDGY.jpg\",\"datePublished\":\"2022-10-21T04:02:50+00:00\",\"breadcrumb\":{\"@id\":\"https:\/\/pagina10.com\/web\/canciller-estara-manana-en-ipiales-para-adelantar-jornada-de-dialogos-regionales-vinculantes\/#breadcrumb\"},\"inLanguage\":\"es\",\"potentialAction\":[{\"@type\":\"ReadAction\",\"target\":[\"https:\/\/pagina10.com\/web\/canciller-estara-manana-en-ipiales-para-adelantar-jornada-de-dialogos-regionales-vinculantes\/\"]}]},{\"@type\":\"ImageObject\",\"inLanguage\":\"es\",\"@id\":\"https:\/\/pagina10.com\/web\/canciller-estara-manana-en-ipiales-para-adelantar-jornada-de-dialogos-regionales-vinculantes\/#primaryimage\",\"url\":\"https:\/\/pagina10.com\/web\/wp-content\/uploads\/2022\/10\/XRQMARSQAZFVFFV73TVFBUPDGY.jpg\",\"contentUrl\":\"https:\/\/pagina10.com\/web\/wp-content\/uploads\/2022\/10\/XRQMARSQAZFVFFV73TVFBUPDGY.jpg\",\"width\":1200,\"height\":675},{\"@type\":\"BreadcrumbList\",\"@id\":\"https:\/\/pagina10.com\/web\/canciller-estara-manana-en-ipiales-para-adelantar-jornada-de-dialogos-regionales-vinculantes\/#breadcrumb\",\"itemListElement\":[{\"@type\":\"ListItem\",\"position\":1,\"name\":\"Portada\",\"item\":\"https:\/\/pagina10.com\/web\/\"},{\"@type\":\"ListItem\",\"position\":2,\"name\":\"Canciller estar\u00e1 ma\u00f1ana en Ipiales para adelantar jornada de di\u00e1logos regionales vinculantes\"}]},{\"@type\":\"WebSite\",\"@id\":\"https:\/\/pagina10.com\/web\/#website\",\"url\":\"https:\/\/pagina10.com\/web\/\",\"name\":\"P\u00e1gina10\",\"description\":\"Peri\u00f3dico Regional\",\"publisher\":{\"@id\":\"https:\/\/pagina10.com\/web\/#organization\"},\"alternateName\":\"P\u00e1gina10 Peri\u00f3dico Regional\",\"potentialAction\":[{\"@type\":\"SearchAction\",\"target\":{\"@type\":\"EntryPoint\",\"urlTemplate\":\"https:\/\/pagina10.com\/web\/?s={search_term_string}\"},\"query-input\":{\"@type\":\"PropertyValueSpecification\",\"valueRequired\":true,\"valueName\":\"search_term_string\"}}],\"inLanguage\":\"es\"},{\"@type\":\"Organization\",\"@id\":\"https:\/\/pagina10.com\/web\/#organization\",\"name\":\"P\u00e1gina10\",\"alternateName\":\"P\u00e1gina10 Peri\u00f3dico Regional\",\"url\":\"https:\/\/pagina10.com\/web\/\",\"logo\":{\"@type\":\"ImageObject\",\"inLanguage\":\"es\",\"@id\":\"https:\/\/pagina10.com\/web\/#\/schema\/logo\/image\/\",\"url\":\"https:\/\/pagina10.com\/web\/wp-content\/uploads\/2024\/01\/40-pagina-10-periodico-regional-pasto.jpg\",\"contentUrl\":\"https:\/\/pagina10.com\/web\/wp-content\/uploads\/2024\/01\/40-pagina-10-periodico-regional-pasto.jpg\",\"width\":1280,\"height\":720,\"caption\":\"P\u00e1gina10\"},\"image\":{\"@id\":\"https:\/\/pagina10.com\/web\/#\/schema\/logo\/image\/\"},\"sameAs\":[\"https:\/\/www.facebook.com\/pag10com\",\"https:\/\/x.com\/Pag10com\",\"https:\/\/www.instagram.com\/pagina10col\/\",\"https:\/\/youtube.com\/channel\/pag10\",\"https:\/\/www.tiktok.com\/@p10col\"]},{\"@type\":\"Person\",\"@id\":\"https:\/\/pagina10.com\/web\/#\/schema\/person\/2efc4a090d25b667d3bc796798a3a81b\",\"name\":\"P\u00e1gina 10\",\"description\":\"P\u00e1gina 10 es un peri\u00f3dico regional que nace en Colombia, en el departamento de Nari\u00f1o, con un enfoque global, fundamentado en cuatro pilares esenciales: la libertad, el pluralismo, la inclusi\u00f3n y la independencia. P\u00e1gina 10 hace referencia a Nari\u00f1o como el d\u00e9cimo departamento creado en Colombia, despu\u00e9s de un proceso pol\u00edtico liderado por actores y actrices regionales con el fin de obtener la independencia y autonom\u00eda de nuestros territorios. Con la creaci\u00f3n de P\u00e1gina 10 se pretende abrir un escenario para el dialogo, la reflexi\u00f3n y el debate que se extienda a otras geograf\u00edas de Am\u00e9rica Latina y del planeta, en una apuesta por transformar colectivamente los desaf\u00edos de un mundo contempor\u00e1neo, m\u00e1s all\u00e1 de las fronteras impuestas.\",\"url\":\"https:\/\/pagina10.com\/web\/author\/pdiezadmin\/\"}]}<\/script>\n<!-- \/ Yoast SEO plugin. -->","yoast_head_json":{"title":"Canciller estar\u00e1 ma\u00f1ana en Ipiales para adelantar jornada de di\u00e1logos regionales vinculantes | P\u00e1gina10","robots":{"index":"index","follow":"follow","max-snippet":"max-snippet:-1","max-image-preview":"max-image-preview:large","max-video-preview":"max-video-preview:-1"},"canonical":"https:\/\/pagina10.com\/web\/canciller-estara-manana-en-ipiales-para-adelantar-jornada-de-dialogos-regionales-vinculantes\/","og_locale":"es_ES","og_type":"article","og_title":"Canciller estar\u00e1 ma\u00f1ana en Ipiales para adelantar jornada de di\u00e1logos regionales vinculantes | P\u00e1gina10","og_description":"El ministro de Relaciones Exteriores, \u00c1lvaro Leyva Dur\u00e1n, ser\u00e1 el encargado de recibir las propuestas que presenten los nari\u00f1enses y habitantes de la zona de frontera con Ecuador durante el desarrollo de los Di\u00e1logos Regionales Vinculantes que se llevar\u00e1n a cabo ma\u00f1ana en las instalaciones de la Universidad de Nari\u00f1o en Ipiales. A partir de [&hellip;]","og_url":"https:\/\/pagina10.com\/web\/canciller-estara-manana-en-ipiales-para-adelantar-jornada-de-dialogos-regionales-vinculantes\/","og_site_name":"P\u00e1gina10","article_publisher":"https:\/\/www.facebook.com\/pag10com","article_published_time":"2022-10-21T04:02:50+00:00","og_image":[{"width":1200,"height":675,"url":"https:\/\/pagina10.com\/web\/wp-content\/uploads\/2022\/10\/XRQMARSQAZFVFFV73TVFBUPDGY.jpg","type":"image\/jpeg"}],"author":"P\u00e1gina 10","twitter_card":"summary_large_image","twitter_creator":"@Pag10com","twitter_site":"@Pag10com","twitter_misc":{"Escrito por":"P\u00e1gina 10","Tiempo de lectura":"1 minuto"},"schema":{"@context":"https:\/\/schema.org","@graph":[{"@type":"Article","@id":"https:\/\/pagina10.com\/web\/canciller-estara-manana-en-ipiales-para-adelantar-jornada-de-dialogos-regionales-vinculantes\/#article","isPartOf":{"@id":"https:\/\/pagina10.com\/web\/canciller-estara-manana-en-ipiales-para-adelantar-jornada-de-dialogos-regionales-vinculantes\/"},"author":{"name":"P\u00e1gina 10","@id":"https:\/\/pagina10.com\/web\/#\/schema\/person\/2efc4a090d25b667d3bc796798a3a81b"},"headline":"Canciller estar\u00e1 ma\u00f1ana en Ipiales para adelantar jornada de di\u00e1logos regionales vinculantes","datePublished":"2022-10-21T04:02:50+00:00","mainEntityOfPage":{"@id":"https:\/\/pagina10.com\/web\/canciller-estara-manana-en-ipiales-para-adelantar-jornada-de-dialogos-regionales-vinculantes\/"},"wordCount":266,"commentCount":0,"publisher":{"@id":"https:\/\/pagina10.com\/web\/#organization"},"image":{"@id":"https:\/\/pagina10.com\/web\/canciller-estara-manana-en-ipiales-para-adelantar-jornada-de-dialogos-regionales-vinculantes\/#primaryimage"},"thumbnailUrl":"https:\/\/pagina10.com\/web\/wp-content\/uploads\/2022\/10\/XRQMARSQAZFVFFV73TVFBUPDGY.jpg","articleSection":["Regiones"],"inLanguage":"es","potentialAction":[{"@type":"CommentAction","name":"Comment","target":["https:\/\/pagina10.com\/web\/canciller-estara-manana-en-ipiales-para-adelantar-jornada-de-dialogos-regionales-vinculantes\/#respond"]}]},{"@type":"WebPage","@id":"https:\/\/pagina10.com\/web\/canciller-estara-manana-en-ipiales-para-adelantar-jornada-de-dialogos-regionales-vinculantes\/","url":"https:\/\/pagina10.com\/web\/canciller-estara-manana-en-ipiales-para-adelantar-jornada-de-dialogos-regionales-vinculantes\/","name":"Canciller estar\u00e1 ma\u00f1ana en Ipiales para adelantar jornada de di\u00e1logos regionales vinculantes | P\u00e1gina10","isPartOf":{"@id":"https:\/\/pagina10.com\/web\/#website"},"primaryImageOfPage":{"@id":"https:\/\/pagina10.com\/web\/canciller-estara-manana-en-ipiales-para-adelantar-jornada-de-dialogos-regionales-vinculantes\/#primaryimage"},"image":{"@id":"https:\/\/pagina10.com\/web\/canciller-estara-manana-en-ipiales-para-adelantar-jornada-de-dialogos-regionales-vinculantes\/#primaryimage"},"thumbnailUrl":"https:\/\/pagina10.com\/web\/wp-content\/uploads\/2022\/10\/XRQMARSQAZFVFFV73TVFBUPDGY.jpg","datePublished":"2022-10-21T04:02:50+00:00","breadcrumb":{"@id":"https:\/\/pagina10.com\/web\/canciller-estara-manana-en-ipiales-para-adelantar-jornada-de-dialogos-regionales-vinculantes\/#breadcrumb"},"inLanguage":"es","potentialAction":[{"@type":"ReadAction","target":["https:\/\/pagina10.com\/web\/canciller-estara-manana-en-ipiales-para-adelantar-jornada-de-dialogos-regionales-vinculantes\/"]}]},{"@type":"ImageObject","inLanguage":"es","@id":"https:\/\/pagina10.com\/web\/canciller-estara-manana-en-ipiales-para-adelantar-jornada-de-dialogos-regionales-vinculantes\/#primaryimage","url":"https:\/\/pagina10.com\/web\/wp-content\/uploads\/2022\/10\/XRQMARSQAZFVFFV73TVFBUPDGY.jpg","contentUrl":"https:\/\/pagina10.com\/web\/wp-content\/uploads\/2022\/10\/XRQMARSQAZFVFFV73TVFBUPDGY.jpg","width":1200,"height":675},{"@type":"BreadcrumbList","@id":"https:\/\/pagina10.com\/web\/canciller-estara-manana-en-ipiales-para-adelantar-jornada-de-dialogos-regionales-vinculantes\/#breadcrumb","itemListElement":[{"@type":"ListItem","position":1,"name":"Portada","item":"https:\/\/pagina10.com\/web\/"},{"@type":"ListItem","position":2,"name":"Canciller estar\u00e1 ma\u00f1ana en Ipiales para adelantar jornada de di\u00e1logos regionales vinculantes"}]},{"@type":"WebSite","@id":"https:\/\/pagina10.com\/web\/#website","url":"https:\/\/pagina10.com\/web\/","name":"P\u00e1gina10","description":"Peri\u00f3dico Regional","publisher":{"@id":"https:\/\/pagina10.com\/web\/#organization"},"alternateName":"P\u00e1gina10 Peri\u00f3dico Regional","potentialAction":[{"@type":"SearchAction","target":{"@type":"EntryPoint","urlTemplate":"https:\/\/pagina10.com\/web\/?s={search_term_string}"},"query-input":{"@type":"PropertyValueSpecification","valueRequired":true,"valueName":"search_term_string"}}],"inLanguage":"es"},{"@type":"Organization","@id":"https:\/\/pagina10.com\/web\/#organization","name":"P\u00e1gina10","alternateName":"P\u00e1gina10 Peri\u00f3dico Regional","url":"https:\/\/pagina10.com\/web\/","logo":{"@type":"ImageObject","inLanguage":"es","@id":"https:\/\/pagina10.com\/web\/#\/schema\/logo\/image\/","url":"https:\/\/pagina10.com\/web\/wp-content\/uploads\/2024\/01\/40-pagina-10-periodico-regional-pasto.jpg","contentUrl":"https:\/\/pagina10.com\/web\/wp-content\/uploads\/2024\/01\/40-pagina-10-periodico-regional-pasto.jpg","width":1280,"height":720,"caption":"P\u00e1gina10"},"image":{"@id":"https:\/\/pagina10.com\/web\/#\/schema\/logo\/image\/"},"sameAs":["https:\/\/www.facebook.com\/pag10com","https:\/\/x.com\/Pag10com","https:\/\/www.instagram.com\/pagina10col\/","https:\/\/youtube.com\/channel\/pag10","https:\/\/www.tiktok.com\/@p10col"]},{"@type":"Person","@id":"https:\/\/pagina10.com\/web\/#\/schema\/person\/2efc4a090d25b667d3bc796798a3a81b","name":"P\u00e1gina 10","description":"P\u00e1gina 10 es un peri\u00f3dico regional que nace en Colombia, en el departamento de Nari\u00f1o, con un enfoque global, fundamentado en cuatro pilares esenciales: la libertad, el pluralismo, la inclusi\u00f3n y la independencia. P\u00e1gina 10 hace referencia a Nari\u00f1o como el d\u00e9cimo departamento creado en Colombia, despu\u00e9s de un proceso pol\u00edtico liderado por actores y actrices regionales con el fin de obtener la independencia y autonom\u00eda de nuestros territorios. Con la creaci\u00f3n de P\u00e1gina 10 se pretende abrir un escenario para el dialogo, la reflexi\u00f3n y el debate que se extienda a otras geograf\u00edas de Am\u00e9rica Latina y del planeta, en una apuesta por transformar colectivamente los desaf\u00edos de un mundo contempor\u00e1neo, m\u00e1s all\u00e1 de las fronteras impuestas.","url":"https:\/\/pagina10.com\/web\/author\/pdiezadmin\/"}]}},"_links":{"self":[{"href":"https:\/\/pagina10.com\/web\/wp-json\/wp\/v2\/posts\/62358","targetHints":{"allow":["GET"]}}],"collection":[{"href":"https:\/\/pagina10.com\/web\/wp-json\/wp\/v2\/posts"}],"about":[{"href":"https:\/\/pagina10.com\/web\/wp-json\/wp\/v2\/types\/post"}],"author":[{"embeddable":true,"href":"https:\/\/pagina10.com\/web\/wp-json\/wp\/v2\/users\/1"}],"replies":[{"embeddable":true,"href":"https:\/\/pagina10.com\/web\/wp-json\/wp\/v2\/comments?post=62358"}],"version-history":[{"count":1,"href":"https:\/\/pagina10.com\/web\/wp-json\/wp\/v2\/posts\/62358\/revisions"}],"predecessor-version":[{"id":62360,"href":"https:\/\/pagina10.com\/web\/wp-json\/wp\/v2\/posts\/62358\/revisions\/62360"}],"wp:featuredmedia":[{"embeddable":true,"href":"https:\/\/pagina10.com\/web\/wp-json\/wp\/v2\/media\/62359"}],"wp:attachment":[{"href":"https:\/\/pagina10.com\/web\/wp-json\/wp\/v2\/media?parent=62358"}],"wp:term":[{"taxonomy":"category","embeddable":true,"href":"https:\/\/pagina10.com\/web\/wp-json\/wp\/v2\/categories?post=62358"},{"taxonomy":"post_tag","embeddable":true,"href":"https:\/\/pagina10.com\/web\/wp-json\/wp\/v2\/tags?post=62358"}],"curies":[{"name":"wp","href":"https:\/\/api.w.org\/{rel}","templated":true}]}}