{"id":6238,"date":"2014-01-20T17:04:11","date_gmt":"2014-01-20T17:04:11","guid":{"rendered":"https:\/\/pagina10.com\/web\/ministro-de-vivienda-entrego-llaves-y-escrituras-a-252-hogares-en-pasto\/"},"modified":"2014-01-20T17:04:11","modified_gmt":"2014-01-20T17:04:11","slug":"ministro-de-vivienda-entrego-llaves-y-escrituras-a-252-hogares-en-pasto","status":"publish","type":"post","link":"https:\/\/pagina10.com\/web\/ministro-de-vivienda-entrego-llaves-y-escrituras-a-252-hogares-en-pasto\/","title":{"rendered":"Ministro de Vivienda entreg\u00f3 llaves y escrituras a 252 hogares en Pasto"},"content":{"rendered":"<p><img fetchpriority=\"high\" decoding=\"async\" class=\" size-full wp-image-6237\" src=\"https:\/\/pagina10.com\/web\/wp-content\/uploads\/2014\/01\/9e6b4bcabfe8efd9e07e49ede1b118af.jpg\" alt=\"Fotograf\u00eda: Alcald\u00eda Pasto\" width=\"960\" height=\"720\" srcset=\"https:\/\/pagina10.com\/web\/wp-content\/uploads\/2014\/01\/9e6b4bcabfe8efd9e07e49ede1b118af.jpg 960w, https:\/\/pagina10.com\/web\/wp-content\/uploads\/2014\/01\/9e6b4bcabfe8efd9e07e49ede1b118af-300x225.jpg 300w, https:\/\/pagina10.com\/web\/wp-content\/uploads\/2014\/01\/9e6b4bcabfe8efd9e07e49ede1b118af-768x576.jpg 768w, https:\/\/pagina10.com\/web\/wp-content\/uploads\/2014\/01\/9e6b4bcabfe8efd9e07e49ede1b118af-86x64.jpg 86w\" sizes=\"(max-width: 960px) 100vw, 960px\" \/><\/p>\n<p style=\"text-align: justify;\">El sue\u00f1o de acceder a un techo propio se les cumpli\u00f3 el pasado viernes a 252 hogares vulnerables de la capital de Nari\u00f1o, luego que el Ministro de Vivienda, Luis Felipe Henao Cardona, les entregara oficialmente las llaves y escrituras de sus viviendas gratis, ubicadas en la Urbanizaci\u00f3n San Luis. <\/p>\n<p>Esta es la primera entrega de viviendas gratis que se hace en este proyecto, en el cual el Gobierno Nacional adelanta en total 1.108 unidades del programa de las 100 mil casas gratis. <\/p>\n<p>\u201cEn noviembre de 2013 vinimos a entregar viviendas en el proyecto San Sebasti\u00e1n, y hoy volvemos para asignar los primeros apartamentos de la Urbanizaci\u00f3n San Luis. Nos llena de satisfacci\u00f3n ver los rostros de felicidad de las familias que ya tienen en sus manos el documento que las acredita como due\u00f1as de una vivienda totalmente gratuita, a las cuales, con seguridad, les cambiar\u00e1 la vida a partir de ahora\u201d, dijo el Ministro Henao Cardona. <\/p>\n<p>Los 252 hogares beneficiados, que pertenecen a Red Unidos y son desplazados, recibieron apartamentos de 40 metros cuadrados, en un proyecto que contar\u00e1 con amplias zonas y zonas comunales. La Urbanizaci\u00f3n San Luis es desarrollada por la constructora Nuevo Horizonte S.A.S., y en ella el Gobierno Nacional invertir\u00e1 45 mil 721 millones de pesos, que ser\u00e1n pagados contra entrega de las viviendas. <\/p>\n<p>\u201cQuiero agradecer el trabajo de todos los obreros que pusieron sus manos y su esfuerzo en la construcci\u00f3n de estos apartamentos\u201d, dijo el Ministro al referirse a los 2 mil 200 empleos que se generaron con la construcci\u00f3n de la Urbanizaci\u00f3n San Luis. <\/p>\n<p>Las familias que recibieron las llaves y escrituras de su nueva casa celebraron por partida doble, tras escuchar al Ministro anunciarles que sus viviendas vienen acompa\u00f1adas de una biblioteca b\u00e1sica familiar, gracias a un convenio con el Ministerio de Cultura; de un subsidio de conexi\u00f3n a banda ancha y para compra del computador, gracias a un convenio con el Ministerio de las TIC\u00b4s; adem\u00e1s de que el proyecto contar\u00e1 con un parque recreo-deportivo y refuerzo del Plan Cuadrantes, gracias a convenios establecidos con Coldeportes y el Ministerio del Interior.<\/p>\n<p> Despu\u00e9s de la entrega de escrituras, el Ministro tambi\u00e9n realiz\u00f3 el sorteo a trav\u00e9s del cual se les asign\u00f3, a 778 hogares m\u00e1s, la ubicaci\u00f3n de sus apartamentos en la misma Urbanizaci\u00f3n San Luis, despu\u00e9s de haber cumplido con los requisitos dispuestos por el Gobierno Nacional. Estas familias recibir\u00e1n sus escrituras en pocos meses.<\/p>\n<p><strong>Balance Programa de Vivienda Gratuita Nari\u00f1o<\/strong> <br \/>En Nari\u00f1o se est\u00e1n construyendo 4.344 viviendas gratis y se lograr\u00e1 una inversi\u00f3n de 179 mil 255 millones de pesos. En Pasto se est\u00e1n construyendo 1.914; en Sandon\u00e1 218; en Yacuanquer 216; en Funes 52; en El Pe\u00f1ol 100; en Ospina 200; en T\u00faquerres 300; en Cuaspud 118; en Cumbal 150; en Guaitarilla 140; en Imu\u00e9s 130; en Buesaco 60; en El Rosario 50 y en Ipiales 636.<\/p>\n<p style=\"text-align: justify;\">&nbsp;<\/p>\n<p>Fuente: Ministerio de Vivienda.<\/p>\n","protected":false},"excerpt":{"rendered":"<p>El sue\u00f1o de acceder a un techo propio se les cumpli\u00f3 el pasado viernes a 252 hogares vulnerables de la capital de Nari\u00f1o, luego que el Ministro de Vivienda, Luis Felipe Henao Cardona, les entregara oficialmente las llaves y escrituras de sus viviendas gratis, ubicadas en la Urbanizaci\u00f3n San Luis. Esta es la primera entrega [&hellip;]<\/p>\n","protected":false},"author":29,"featured_media":6236,"comment_status":"open","ping_status":"open","sticky":false,"template":"","format":"standard","meta":{"footnotes":""},"categories":[82],"tags":[],"class_list":["post-6238","post","type-post","status-publish","format-standard","has-post-thumbnail","hentry","category-ciudad-2"],"yoast_head":"<!-- This site is optimized with the Yoast SEO plugin v27.1.1 - https:\/\/yoast.com\/product\/yoast-seo-wordpress\/ -->\n<title>Ministro de Vivienda entreg\u00f3 llaves y escrituras a 252 hogares en Pasto | P\u00e1gina10<\/title>\n<meta name=\"robots\" content=\"index, follow, max-snippet:-1, max-image-preview:large, max-video-preview:-1\" \/>\n<link rel=\"canonical\" href=\"https:\/\/pagina10.com\/web\/ministro-de-vivienda-entrego-llaves-y-escrituras-a-252-hogares-en-pasto\/\" \/>\n<meta property=\"og:locale\" content=\"es_ES\" \/>\n<meta property=\"og:type\" content=\"article\" \/>\n<meta property=\"og:title\" content=\"Ministro de Vivienda entreg\u00f3 llaves y escrituras a 252 hogares en Pasto | P\u00e1gina10\" \/>\n<meta property=\"og:description\" content=\"El sue\u00f1o de acceder a un techo propio se les cumpli\u00f3 el pasado viernes a 252 hogares vulnerables de la capital de Nari\u00f1o, luego que el Ministro de Vivienda, Luis Felipe Henao Cardona, les entregara oficialmente las llaves y escrituras de sus viviendas gratis, ubicadas en la Urbanizaci\u00f3n San Luis. Esta es la primera entrega [&hellip;]\" \/>\n<meta property=\"og:url\" content=\"https:\/\/pagina10.com\/web\/ministro-de-vivienda-entrego-llaves-y-escrituras-a-252-hogares-en-pasto\/\" \/>\n<meta property=\"og:site_name\" content=\"P\u00e1gina10\" \/>\n<meta property=\"article:publisher\" content=\"https:\/\/www.facebook.com\/pag10com\" \/>\n<meta property=\"article:published_time\" content=\"2014-01-20T17:04:11+00:00\" \/>\n<meta property=\"og:image\" content=\"https:\/\/pagina10.com\/web\/wp-content\/uploads\/2014\/01\/9e6b4bcabfe8efd9e07e49ede1b118af.jpg\" \/>\n\t<meta property=\"og:image:width\" content=\"960\" \/>\n\t<meta property=\"og:image:height\" content=\"720\" \/>\n\t<meta property=\"og:image:type\" content=\"image\/jpeg\" \/>\n<meta name=\"author\" content=\"P\u00e1gina 10\" \/>\n<meta name=\"twitter:card\" content=\"summary_large_image\" \/>\n<meta name=\"twitter:creator\" content=\"@Pag10com\" \/>\n<meta name=\"twitter:site\" content=\"@Pag10com\" \/>\n<meta name=\"twitter:label1\" content=\"Escrito por\" \/>\n\t<meta name=\"twitter:data1\" content=\"P\u00e1gina 10\" \/>\n\t<meta name=\"twitter:label2\" content=\"Tiempo de lectura\" \/>\n\t<meta name=\"twitter:data2\" content=\"2 minutos\" \/>\n<script type=\"application\/ld+json\" class=\"yoast-schema-graph\">{\"@context\":\"https:\/\/schema.org\",\"@graph\":[{\"@type\":\"Article\",\"@id\":\"https:\/\/pagina10.com\/web\/ministro-de-vivienda-entrego-llaves-y-escrituras-a-252-hogares-en-pasto\/#article\",\"isPartOf\":{\"@id\":\"https:\/\/pagina10.com\/web\/ministro-de-vivienda-entrego-llaves-y-escrituras-a-252-hogares-en-pasto\/\"},\"author\":{\"name\":\"P\u00e1gina 10\",\"@id\":\"https:\/\/pagina10.com\/web\/#\/schema\/person\/a7a5d38f0629dfc107f619fbae4f6cc3\"},\"headline\":\"Ministro de Vivienda entreg\u00f3 llaves y escrituras a 252 hogares en Pasto\",\"datePublished\":\"2014-01-20T17:04:11+00:00\",\"mainEntityOfPage\":{\"@id\":\"https:\/\/pagina10.com\/web\/ministro-de-vivienda-entrego-llaves-y-escrituras-a-252-hogares-en-pasto\/\"},\"wordCount\":502,\"commentCount\":0,\"publisher\":{\"@id\":\"https:\/\/pagina10.com\/web\/#organization\"},\"image\":{\"@id\":\"https:\/\/pagina10.com\/web\/ministro-de-vivienda-entrego-llaves-y-escrituras-a-252-hogares-en-pasto\/#primaryimage\"},\"thumbnailUrl\":\"https:\/\/pagina10.com\/web\/wp-content\/uploads\/2014\/01\/9e6b4bcabfe8efd9e07e49ede1b118af.jpg\",\"articleSection\":[\"Ciudad\"],\"inLanguage\":\"es\",\"potentialAction\":[{\"@type\":\"CommentAction\",\"name\":\"Comment\",\"target\":[\"https:\/\/pagina10.com\/web\/ministro-de-vivienda-entrego-llaves-y-escrituras-a-252-hogares-en-pasto\/#respond\"]}]},{\"@type\":\"WebPage\",\"@id\":\"https:\/\/pagina10.com\/web\/ministro-de-vivienda-entrego-llaves-y-escrituras-a-252-hogares-en-pasto\/\",\"url\":\"https:\/\/pagina10.com\/web\/ministro-de-vivienda-entrego-llaves-y-escrituras-a-252-hogares-en-pasto\/\",\"name\":\"Ministro de Vivienda entreg\u00f3 llaves y escrituras a 252 hogares en Pasto | P\u00e1gina10\",\"isPartOf\":{\"@id\":\"https:\/\/pagina10.com\/web\/#website\"},\"primaryImageOfPage\":{\"@id\":\"https:\/\/pagina10.com\/web\/ministro-de-vivienda-entrego-llaves-y-escrituras-a-252-hogares-en-pasto\/#primaryimage\"},\"image\":{\"@id\":\"https:\/\/pagina10.com\/web\/ministro-de-vivienda-entrego-llaves-y-escrituras-a-252-hogares-en-pasto\/#primaryimage\"},\"thumbnailUrl\":\"https:\/\/pagina10.com\/web\/wp-content\/uploads\/2014\/01\/9e6b4bcabfe8efd9e07e49ede1b118af.jpg\",\"datePublished\":\"2014-01-20T17:04:11+00:00\",\"breadcrumb\":{\"@id\":\"https:\/\/pagina10.com\/web\/ministro-de-vivienda-entrego-llaves-y-escrituras-a-252-hogares-en-pasto\/#breadcrumb\"},\"inLanguage\":\"es\",\"potentialAction\":[{\"@type\":\"ReadAction\",\"target\":[\"https:\/\/pagina10.com\/web\/ministro-de-vivienda-entrego-llaves-y-escrituras-a-252-hogares-en-pasto\/\"]}]},{\"@type\":\"ImageObject\",\"inLanguage\":\"es\",\"@id\":\"https:\/\/pagina10.com\/web\/ministro-de-vivienda-entrego-llaves-y-escrituras-a-252-hogares-en-pasto\/#primaryimage\",\"url\":\"https:\/\/pagina10.com\/web\/wp-content\/uploads\/2014\/01\/9e6b4bcabfe8efd9e07e49ede1b118af.jpg\",\"contentUrl\":\"https:\/\/pagina10.com\/web\/wp-content\/uploads\/2014\/01\/9e6b4bcabfe8efd9e07e49ede1b118af.jpg\",\"width\":960,\"height\":720,\"caption\":\"Fotograf\u00eda: Alcald\u00eda Pasto\"},{\"@type\":\"BreadcrumbList\",\"@id\":\"https:\/\/pagina10.com\/web\/ministro-de-vivienda-entrego-llaves-y-escrituras-a-252-hogares-en-pasto\/#breadcrumb\",\"itemListElement\":[{\"@type\":\"ListItem\",\"position\":1,\"name\":\"Portada\",\"item\":\"https:\/\/pagina10.com\/web\/\"},{\"@type\":\"ListItem\",\"position\":2,\"name\":\"Ministro de Vivienda entreg\u00f3 llaves y escrituras a 252 hogares en Pasto\"}]},{\"@type\":\"WebSite\",\"@id\":\"https:\/\/pagina10.com\/web\/#website\",\"url\":\"https:\/\/pagina10.com\/web\/\",\"name\":\"P\u00e1gina10\",\"description\":\"Peri\u00f3dico Regional\",\"publisher\":{\"@id\":\"https:\/\/pagina10.com\/web\/#organization\"},\"alternateName\":\"P\u00e1gina10 Peri\u00f3dico Regional\",\"potentialAction\":[{\"@type\":\"SearchAction\",\"target\":{\"@type\":\"EntryPoint\",\"urlTemplate\":\"https:\/\/pagina10.com\/web\/?s={search_term_string}\"},\"query-input\":{\"@type\":\"PropertyValueSpecification\",\"valueRequired\":true,\"valueName\":\"search_term_string\"}}],\"inLanguage\":\"es\"},{\"@type\":\"Organization\",\"@id\":\"https:\/\/pagina10.com\/web\/#organization\",\"name\":\"P\u00e1gina10\",\"alternateName\":\"P\u00e1gina10 Peri\u00f3dico Regional\",\"url\":\"https:\/\/pagina10.com\/web\/\",\"logo\":{\"@type\":\"ImageObject\",\"inLanguage\":\"es\",\"@id\":\"https:\/\/pagina10.com\/web\/#\/schema\/logo\/image\/\",\"url\":\"https:\/\/pagina10.com\/web\/wp-content\/uploads\/2024\/01\/40-pagina-10-periodico-regional-pasto.jpg\",\"contentUrl\":\"https:\/\/pagina10.com\/web\/wp-content\/uploads\/2024\/01\/40-pagina-10-periodico-regional-pasto.jpg\",\"width\":1280,\"height\":720,\"caption\":\"P\u00e1gina10\"},\"image\":{\"@id\":\"https:\/\/pagina10.com\/web\/#\/schema\/logo\/image\/\"},\"sameAs\":[\"https:\/\/www.facebook.com\/pag10com\",\"https:\/\/x.com\/Pag10com\",\"https:\/\/www.instagram.com\/pagina10col\/\",\"https:\/\/youtube.com\/channel\/pag10\",\"https:\/\/www.tiktok.com\/@p10col\"]},{\"@type\":\"Person\",\"@id\":\"https:\/\/pagina10.com\/web\/#\/schema\/person\/a7a5d38f0629dfc107f619fbae4f6cc3\",\"name\":\"P\u00e1gina 10\",\"description\":\"P\u00e1gina10.com es un peri\u00f3dico digital que nace en Colombia, en el departamento de Nari\u00f1o, con un enfoque global, fundamentado en cuatro pilares esenciales: la libertad, el pluralismo, la inclusi\u00f3n y la independencia. P\u00e1gina10.com hace referencia a Nari\u00f1o como el d\u00e9cimo departamento creado en Colombia, despu\u00e9s de un proceso pol\u00edtico liderado por actores y actrices regionales con el fin de obtener la independencia y autonom\u00eda de nuestros territorios. Con la creaci\u00f3n de P\u00e1gina10.com se pretende abrir un escenario para el dialogo, la reflexi\u00f3n y el debate que se extienda a otras geograf\u00edas de Am\u00e9rica Latina y del planeta, en una apuesta por transformar colectivamente los desaf\u00edos de un mundo contempor\u00e1neo, m\u00e1s all\u00e1 de las fronteras impuestas.\",\"url\":\"https:\/\/pagina10.com\/web\/author\/mcepeda\/\"}]}<\/script>\n<!-- \/ Yoast SEO plugin. -->","yoast_head_json":{"title":"Ministro de Vivienda entreg\u00f3 llaves y escrituras a 252 hogares en Pasto | P\u00e1gina10","robots":{"index":"index","follow":"follow","max-snippet":"max-snippet:-1","max-image-preview":"max-image-preview:large","max-video-preview":"max-video-preview:-1"},"canonical":"https:\/\/pagina10.com\/web\/ministro-de-vivienda-entrego-llaves-y-escrituras-a-252-hogares-en-pasto\/","og_locale":"es_ES","og_type":"article","og_title":"Ministro de Vivienda entreg\u00f3 llaves y escrituras a 252 hogares en Pasto | P\u00e1gina10","og_description":"El sue\u00f1o de acceder a un techo propio se les cumpli\u00f3 el pasado viernes a 252 hogares vulnerables de la capital de Nari\u00f1o, luego que el Ministro de Vivienda, Luis Felipe Henao Cardona, les entregara oficialmente las llaves y escrituras de sus viviendas gratis, ubicadas en la Urbanizaci\u00f3n San Luis. Esta es la primera entrega [&hellip;]","og_url":"https:\/\/pagina10.com\/web\/ministro-de-vivienda-entrego-llaves-y-escrituras-a-252-hogares-en-pasto\/","og_site_name":"P\u00e1gina10","article_publisher":"https:\/\/www.facebook.com\/pag10com","article_published_time":"2014-01-20T17:04:11+00:00","og_image":[{"width":960,"height":720,"url":"https:\/\/pagina10.com\/web\/wp-content\/uploads\/2014\/01\/9e6b4bcabfe8efd9e07e49ede1b118af.jpg","type":"image\/jpeg"}],"author":"P\u00e1gina 10","twitter_card":"summary_large_image","twitter_creator":"@Pag10com","twitter_site":"@Pag10com","twitter_misc":{"Escrito por":"P\u00e1gina 10","Tiempo de lectura":"2 minutos"},"schema":{"@context":"https:\/\/schema.org","@graph":[{"@type":"Article","@id":"https:\/\/pagina10.com\/web\/ministro-de-vivienda-entrego-llaves-y-escrituras-a-252-hogares-en-pasto\/#article","isPartOf":{"@id":"https:\/\/pagina10.com\/web\/ministro-de-vivienda-entrego-llaves-y-escrituras-a-252-hogares-en-pasto\/"},"author":{"name":"P\u00e1gina 10","@id":"https:\/\/pagina10.com\/web\/#\/schema\/person\/a7a5d38f0629dfc107f619fbae4f6cc3"},"headline":"Ministro de Vivienda entreg\u00f3 llaves y escrituras a 252 hogares en Pasto","datePublished":"2014-01-20T17:04:11+00:00","mainEntityOfPage":{"@id":"https:\/\/pagina10.com\/web\/ministro-de-vivienda-entrego-llaves-y-escrituras-a-252-hogares-en-pasto\/"},"wordCount":502,"commentCount":0,"publisher":{"@id":"https:\/\/pagina10.com\/web\/#organization"},"image":{"@id":"https:\/\/pagina10.com\/web\/ministro-de-vivienda-entrego-llaves-y-escrituras-a-252-hogares-en-pasto\/#primaryimage"},"thumbnailUrl":"https:\/\/pagina10.com\/web\/wp-content\/uploads\/2014\/01\/9e6b4bcabfe8efd9e07e49ede1b118af.jpg","articleSection":["Ciudad"],"inLanguage":"es","potentialAction":[{"@type":"CommentAction","name":"Comment","target":["https:\/\/pagina10.com\/web\/ministro-de-vivienda-entrego-llaves-y-escrituras-a-252-hogares-en-pasto\/#respond"]}]},{"@type":"WebPage","@id":"https:\/\/pagina10.com\/web\/ministro-de-vivienda-entrego-llaves-y-escrituras-a-252-hogares-en-pasto\/","url":"https:\/\/pagina10.com\/web\/ministro-de-vivienda-entrego-llaves-y-escrituras-a-252-hogares-en-pasto\/","name":"Ministro de Vivienda entreg\u00f3 llaves y escrituras a 252 hogares en Pasto | P\u00e1gina10","isPartOf":{"@id":"https:\/\/pagina10.com\/web\/#website"},"primaryImageOfPage":{"@id":"https:\/\/pagina10.com\/web\/ministro-de-vivienda-entrego-llaves-y-escrituras-a-252-hogares-en-pasto\/#primaryimage"},"image":{"@id":"https:\/\/pagina10.com\/web\/ministro-de-vivienda-entrego-llaves-y-escrituras-a-252-hogares-en-pasto\/#primaryimage"},"thumbnailUrl":"https:\/\/pagina10.com\/web\/wp-content\/uploads\/2014\/01\/9e6b4bcabfe8efd9e07e49ede1b118af.jpg","datePublished":"2014-01-20T17:04:11+00:00","breadcrumb":{"@id":"https:\/\/pagina10.com\/web\/ministro-de-vivienda-entrego-llaves-y-escrituras-a-252-hogares-en-pasto\/#breadcrumb"},"inLanguage":"es","potentialAction":[{"@type":"ReadAction","target":["https:\/\/pagina10.com\/web\/ministro-de-vivienda-entrego-llaves-y-escrituras-a-252-hogares-en-pasto\/"]}]},{"@type":"ImageObject","inLanguage":"es","@id":"https:\/\/pagina10.com\/web\/ministro-de-vivienda-entrego-llaves-y-escrituras-a-252-hogares-en-pasto\/#primaryimage","url":"https:\/\/pagina10.com\/web\/wp-content\/uploads\/2014\/01\/9e6b4bcabfe8efd9e07e49ede1b118af.jpg","contentUrl":"https:\/\/pagina10.com\/web\/wp-content\/uploads\/2014\/01\/9e6b4bcabfe8efd9e07e49ede1b118af.jpg","width":960,"height":720,"caption":"Fotograf\u00eda: Alcald\u00eda Pasto"},{"@type":"BreadcrumbList","@id":"https:\/\/pagina10.com\/web\/ministro-de-vivienda-entrego-llaves-y-escrituras-a-252-hogares-en-pasto\/#breadcrumb","itemListElement":[{"@type":"ListItem","position":1,"name":"Portada","item":"https:\/\/pagina10.com\/web\/"},{"@type":"ListItem","position":2,"name":"Ministro de Vivienda entreg\u00f3 llaves y escrituras a 252 hogares en Pasto"}]},{"@type":"WebSite","@id":"https:\/\/pagina10.com\/web\/#website","url":"https:\/\/pagina10.com\/web\/","name":"P\u00e1gina10","description":"Peri\u00f3dico Regional","publisher":{"@id":"https:\/\/pagina10.com\/web\/#organization"},"alternateName":"P\u00e1gina10 Peri\u00f3dico Regional","potentialAction":[{"@type":"SearchAction","target":{"@type":"EntryPoint","urlTemplate":"https:\/\/pagina10.com\/web\/?s={search_term_string}"},"query-input":{"@type":"PropertyValueSpecification","valueRequired":true,"valueName":"search_term_string"}}],"inLanguage":"es"},{"@type":"Organization","@id":"https:\/\/pagina10.com\/web\/#organization","name":"P\u00e1gina10","alternateName":"P\u00e1gina10 Peri\u00f3dico Regional","url":"https:\/\/pagina10.com\/web\/","logo":{"@type":"ImageObject","inLanguage":"es","@id":"https:\/\/pagina10.com\/web\/#\/schema\/logo\/image\/","url":"https:\/\/pagina10.com\/web\/wp-content\/uploads\/2024\/01\/40-pagina-10-periodico-regional-pasto.jpg","contentUrl":"https:\/\/pagina10.com\/web\/wp-content\/uploads\/2024\/01\/40-pagina-10-periodico-regional-pasto.jpg","width":1280,"height":720,"caption":"P\u00e1gina10"},"image":{"@id":"https:\/\/pagina10.com\/web\/#\/schema\/logo\/image\/"},"sameAs":["https:\/\/www.facebook.com\/pag10com","https:\/\/x.com\/Pag10com","https:\/\/www.instagram.com\/pagina10col\/","https:\/\/youtube.com\/channel\/pag10","https:\/\/www.tiktok.com\/@p10col"]},{"@type":"Person","@id":"https:\/\/pagina10.com\/web\/#\/schema\/person\/a7a5d38f0629dfc107f619fbae4f6cc3","name":"P\u00e1gina 10","description":"P\u00e1gina10.com es un peri\u00f3dico digital que nace en Colombia, en el departamento de Nari\u00f1o, con un enfoque global, fundamentado en cuatro pilares esenciales: la libertad, el pluralismo, la inclusi\u00f3n y la independencia. P\u00e1gina10.com hace referencia a Nari\u00f1o como el d\u00e9cimo departamento creado en Colombia, despu\u00e9s de un proceso pol\u00edtico liderado por actores y actrices regionales con el fin de obtener la independencia y autonom\u00eda de nuestros territorios. Con la creaci\u00f3n de P\u00e1gina10.com se pretende abrir un escenario para el dialogo, la reflexi\u00f3n y el debate que se extienda a otras geograf\u00edas de Am\u00e9rica Latina y del planeta, en una apuesta por transformar colectivamente los desaf\u00edos de un mundo contempor\u00e1neo, m\u00e1s all\u00e1 de las fronteras impuestas.","url":"https:\/\/pagina10.com\/web\/author\/mcepeda\/"}]}},"_links":{"self":[{"href":"https:\/\/pagina10.com\/web\/wp-json\/wp\/v2\/posts\/6238","targetHints":{"allow":["GET"]}}],"collection":[{"href":"https:\/\/pagina10.com\/web\/wp-json\/wp\/v2\/posts"}],"about":[{"href":"https:\/\/pagina10.com\/web\/wp-json\/wp\/v2\/types\/post"}],"author":[{"embeddable":true,"href":"https:\/\/pagina10.com\/web\/wp-json\/wp\/v2\/users\/29"}],"replies":[{"embeddable":true,"href":"https:\/\/pagina10.com\/web\/wp-json\/wp\/v2\/comments?post=6238"}],"version-history":[{"count":0,"href":"https:\/\/pagina10.com\/web\/wp-json\/wp\/v2\/posts\/6238\/revisions"}],"wp:featuredmedia":[{"embeddable":true,"href":"https:\/\/pagina10.com\/web\/wp-json\/wp\/v2\/media\/6236"}],"wp:attachment":[{"href":"https:\/\/pagina10.com\/web\/wp-json\/wp\/v2\/media?parent=6238"}],"wp:term":[{"taxonomy":"category","embeddable":true,"href":"https:\/\/pagina10.com\/web\/wp-json\/wp\/v2\/categories?post=6238"},{"taxonomy":"post_tag","embeddable":true,"href":"https:\/\/pagina10.com\/web\/wp-json\/wp\/v2\/tags?post=6238"}],"curies":[{"name":"wp","href":"https:\/\/api.w.org\/{rel}","templated":true}]}}