{"id":62381,"date":"2022-10-21T19:41:05","date_gmt":"2022-10-22T00:41:05","guid":{"rendered":"https:\/\/pagina10.com\/web\/?p=62381"},"modified":"2022-10-21T19:41:05","modified_gmt":"2022-10-22T00:41:05","slug":"camara-de-comercio-de-pasto-amplia-sus-horarios-de-atencion-al-publico","status":"publish","type":"post","link":"https:\/\/pagina10.com\/web\/camara-de-comercio-de-pasto-amplia-sus-horarios-de-atencion-al-publico\/","title":{"rendered":"C\u00e1mara de comercio de Pasto amplia sus horarios de atenci\u00f3n al p\u00fablico"},"content":{"rendered":"<p style=\"text-align: justify;\">Para la C\u00e1mara de Comercio de Pasto, la atenci\u00f3n a los empresarios, comerciantes y emprendedores es una prioridad, teniendo en cuenta que muchos de nuestros empresarios requieren de atenci\u00f3n y servicio los d\u00edas s\u00e1bados por sus diferentes ocupaciones, una de las nuevas directrices establecidas por el Presidente Ejecutivo de la entidad, Arturo Alexander Ortega Cornejo, es la ampliaci\u00f3n del horario de atenci\u00f3n hasta los d\u00edas s\u00e1bados desde las 8:30 a.m. a 12:00 del mediod\u00eda, buscando brindar atenci\u00f3n de calidad en todas la sedes y seccionales de la jurisdicci\u00f3n.<\/p>\n","protected":false},"excerpt":{"rendered":"<p>Para la C\u00e1mara de Comercio de Pasto, la atenci\u00f3n a los empresarios, comerciantes y emprendedores es una prioridad, teniendo en cuenta que muchos de nuestros empresarios requieren de atenci\u00f3n y servicio los d\u00edas s\u00e1bados por sus diferentes ocupaciones, una de las nuevas directrices establecidas por el Presidente Ejecutivo de la entidad, Arturo Alexander Ortega Cornejo, [&hellip;]<\/p>\n","protected":false},"author":1,"featured_media":62382,"comment_status":"open","ping_status":"open","sticky":false,"template":"","format":"standard","meta":{"footnotes":""},"categories":[82],"tags":[],"class_list":["post-62381","post","type-post","status-publish","format-standard","has-post-thumbnail","hentry","category-ciudad-2"],"yoast_head":"<!-- This site is optimized with the Yoast SEO plugin v27.1.1 - https:\/\/yoast.com\/product\/yoast-seo-wordpress\/ -->\n<title>C\u00e1mara de comercio de Pasto amplia sus horarios de atenci\u00f3n al p\u00fablico | P\u00e1gina10<\/title>\n<meta name=\"robots\" content=\"index, follow, max-snippet:-1, max-image-preview:large, max-video-preview:-1\" \/>\n<link rel=\"canonical\" href=\"https:\/\/pagina10.com\/web\/camara-de-comercio-de-pasto-amplia-sus-horarios-de-atencion-al-publico\/\" \/>\n<meta property=\"og:locale\" content=\"es_ES\" \/>\n<meta property=\"og:type\" content=\"article\" \/>\n<meta property=\"og:title\" content=\"C\u00e1mara de comercio de Pasto amplia sus horarios de atenci\u00f3n al p\u00fablico | P\u00e1gina10\" \/>\n<meta property=\"og:description\" content=\"Para la C\u00e1mara de Comercio de Pasto, la atenci\u00f3n a los empresarios, comerciantes y emprendedores es una prioridad, teniendo en cuenta que muchos de nuestros empresarios requieren de atenci\u00f3n y servicio los d\u00edas s\u00e1bados por sus diferentes ocupaciones, una de las nuevas directrices establecidas por el Presidente Ejecutivo de la entidad, Arturo Alexander Ortega Cornejo, [&hellip;]\" \/>\n<meta property=\"og:url\" content=\"https:\/\/pagina10.com\/web\/camara-de-comercio-de-pasto-amplia-sus-horarios-de-atencion-al-publico\/\" \/>\n<meta property=\"og:site_name\" content=\"P\u00e1gina10\" \/>\n<meta property=\"article:publisher\" content=\"https:\/\/www.facebook.com\/pag10com\" \/>\n<meta property=\"article:published_time\" content=\"2022-10-22T00:41:05+00:00\" \/>\n<meta property=\"og:image\" content=\"https:\/\/pagina10.com\/web\/wp-content\/uploads\/2022\/10\/WhatsApp-Image-2022-10-20-at-6.07.32-PM.jpeg\" \/>\n\t<meta property=\"og:image:width\" content=\"1280\" \/>\n\t<meta property=\"og:image:height\" content=\"672\" \/>\n\t<meta property=\"og:image:type\" content=\"image\/jpeg\" \/>\n<meta name=\"author\" content=\"P\u00e1gina 10\" \/>\n<meta name=\"twitter:card\" content=\"summary_large_image\" \/>\n<meta name=\"twitter:creator\" content=\"@Pag10com\" \/>\n<meta name=\"twitter:site\" content=\"@Pag10com\" \/>\n<meta name=\"twitter:label1\" content=\"Escrito por\" \/>\n\t<meta name=\"twitter:data1\" content=\"P\u00e1gina 10\" \/>\n<script type=\"application\/ld+json\" class=\"yoast-schema-graph\">{\"@context\":\"https:\/\/schema.org\",\"@graph\":[{\"@type\":\"Article\",\"@id\":\"https:\/\/pagina10.com\/web\/camara-de-comercio-de-pasto-amplia-sus-horarios-de-atencion-al-publico\/#article\",\"isPartOf\":{\"@id\":\"https:\/\/pagina10.com\/web\/camara-de-comercio-de-pasto-amplia-sus-horarios-de-atencion-al-publico\/\"},\"author\":{\"name\":\"P\u00e1gina 10\",\"@id\":\"https:\/\/pagina10.com\/web\/#\/schema\/person\/2efc4a090d25b667d3bc796798a3a81b\"},\"headline\":\"C\u00e1mara de comercio de Pasto amplia sus horarios de atenci\u00f3n al p\u00fablico\",\"datePublished\":\"2022-10-22T00:41:05+00:00\",\"mainEntityOfPage\":{\"@id\":\"https:\/\/pagina10.com\/web\/camara-de-comercio-de-pasto-amplia-sus-horarios-de-atencion-al-publico\/\"},\"wordCount\":114,\"commentCount\":0,\"publisher\":{\"@id\":\"https:\/\/pagina10.com\/web\/#organization\"},\"image\":{\"@id\":\"https:\/\/pagina10.com\/web\/camara-de-comercio-de-pasto-amplia-sus-horarios-de-atencion-al-publico\/#primaryimage\"},\"thumbnailUrl\":\"https:\/\/pagina10.com\/web\/wp-content\/uploads\/2022\/10\/WhatsApp-Image-2022-10-20-at-6.07.32-PM.jpeg\",\"articleSection\":[\"Ciudad\"],\"inLanguage\":\"es\",\"potentialAction\":[{\"@type\":\"CommentAction\",\"name\":\"Comment\",\"target\":[\"https:\/\/pagina10.com\/web\/camara-de-comercio-de-pasto-amplia-sus-horarios-de-atencion-al-publico\/#respond\"]}]},{\"@type\":\"WebPage\",\"@id\":\"https:\/\/pagina10.com\/web\/camara-de-comercio-de-pasto-amplia-sus-horarios-de-atencion-al-publico\/\",\"url\":\"https:\/\/pagina10.com\/web\/camara-de-comercio-de-pasto-amplia-sus-horarios-de-atencion-al-publico\/\",\"name\":\"C\u00e1mara de comercio de Pasto amplia sus horarios de atenci\u00f3n al p\u00fablico | P\u00e1gina10\",\"isPartOf\":{\"@id\":\"https:\/\/pagina10.com\/web\/#website\"},\"primaryImageOfPage\":{\"@id\":\"https:\/\/pagina10.com\/web\/camara-de-comercio-de-pasto-amplia-sus-horarios-de-atencion-al-publico\/#primaryimage\"},\"image\":{\"@id\":\"https:\/\/pagina10.com\/web\/camara-de-comercio-de-pasto-amplia-sus-horarios-de-atencion-al-publico\/#primaryimage\"},\"thumbnailUrl\":\"https:\/\/pagina10.com\/web\/wp-content\/uploads\/2022\/10\/WhatsApp-Image-2022-10-20-at-6.07.32-PM.jpeg\",\"datePublished\":\"2022-10-22T00:41:05+00:00\",\"breadcrumb\":{\"@id\":\"https:\/\/pagina10.com\/web\/camara-de-comercio-de-pasto-amplia-sus-horarios-de-atencion-al-publico\/#breadcrumb\"},\"inLanguage\":\"es\",\"potentialAction\":[{\"@type\":\"ReadAction\",\"target\":[\"https:\/\/pagina10.com\/web\/camara-de-comercio-de-pasto-amplia-sus-horarios-de-atencion-al-publico\/\"]}]},{\"@type\":\"ImageObject\",\"inLanguage\":\"es\",\"@id\":\"https:\/\/pagina10.com\/web\/camara-de-comercio-de-pasto-amplia-sus-horarios-de-atencion-al-publico\/#primaryimage\",\"url\":\"https:\/\/pagina10.com\/web\/wp-content\/uploads\/2022\/10\/WhatsApp-Image-2022-10-20-at-6.07.32-PM.jpeg\",\"contentUrl\":\"https:\/\/pagina10.com\/web\/wp-content\/uploads\/2022\/10\/WhatsApp-Image-2022-10-20-at-6.07.32-PM.jpeg\",\"width\":1280,\"height\":672},{\"@type\":\"BreadcrumbList\",\"@id\":\"https:\/\/pagina10.com\/web\/camara-de-comercio-de-pasto-amplia-sus-horarios-de-atencion-al-publico\/#breadcrumb\",\"itemListElement\":[{\"@type\":\"ListItem\",\"position\":1,\"name\":\"Portada\",\"item\":\"https:\/\/pagina10.com\/web\/\"},{\"@type\":\"ListItem\",\"position\":2,\"name\":\"C\u00e1mara de comercio de Pasto amplia sus horarios de atenci\u00f3n al p\u00fablico\"}]},{\"@type\":\"WebSite\",\"@id\":\"https:\/\/pagina10.com\/web\/#website\",\"url\":\"https:\/\/pagina10.com\/web\/\",\"name\":\"P\u00e1gina10\",\"description\":\"Peri\u00f3dico Regional\",\"publisher\":{\"@id\":\"https:\/\/pagina10.com\/web\/#organization\"},\"alternateName\":\"P\u00e1gina10 Peri\u00f3dico Regional\",\"potentialAction\":[{\"@type\":\"SearchAction\",\"target\":{\"@type\":\"EntryPoint\",\"urlTemplate\":\"https:\/\/pagina10.com\/web\/?s={search_term_string}\"},\"query-input\":{\"@type\":\"PropertyValueSpecification\",\"valueRequired\":true,\"valueName\":\"search_term_string\"}}],\"inLanguage\":\"es\"},{\"@type\":\"Organization\",\"@id\":\"https:\/\/pagina10.com\/web\/#organization\",\"name\":\"P\u00e1gina10\",\"alternateName\":\"P\u00e1gina10 Peri\u00f3dico Regional\",\"url\":\"https:\/\/pagina10.com\/web\/\",\"logo\":{\"@type\":\"ImageObject\",\"inLanguage\":\"es\",\"@id\":\"https:\/\/pagina10.com\/web\/#\/schema\/logo\/image\/\",\"url\":\"https:\/\/pagina10.com\/web\/wp-content\/uploads\/2024\/01\/40-pagina-10-periodico-regional-pasto.jpg\",\"contentUrl\":\"https:\/\/pagina10.com\/web\/wp-content\/uploads\/2024\/01\/40-pagina-10-periodico-regional-pasto.jpg\",\"width\":1280,\"height\":720,\"caption\":\"P\u00e1gina10\"},\"image\":{\"@id\":\"https:\/\/pagina10.com\/web\/#\/schema\/logo\/image\/\"},\"sameAs\":[\"https:\/\/www.facebook.com\/pag10com\",\"https:\/\/x.com\/Pag10com\",\"https:\/\/www.instagram.com\/pagina10col\/\",\"https:\/\/youtube.com\/channel\/pag10\",\"https:\/\/www.tiktok.com\/@p10col\"]},{\"@type\":\"Person\",\"@id\":\"https:\/\/pagina10.com\/web\/#\/schema\/person\/2efc4a090d25b667d3bc796798a3a81b\",\"name\":\"P\u00e1gina 10\",\"description\":\"P\u00e1gina 10 es un peri\u00f3dico regional que nace en Colombia, en el departamento de Nari\u00f1o, con un enfoque global, fundamentado en cuatro pilares esenciales: la libertad, el pluralismo, la inclusi\u00f3n y la independencia. P\u00e1gina 10 hace referencia a Nari\u00f1o como el d\u00e9cimo departamento creado en Colombia, despu\u00e9s de un proceso pol\u00edtico liderado por actores y actrices regionales con el fin de obtener la independencia y autonom\u00eda de nuestros territorios. Con la creaci\u00f3n de P\u00e1gina 10 se pretende abrir un escenario para el dialogo, la reflexi\u00f3n y el debate que se extienda a otras geograf\u00edas de Am\u00e9rica Latina y del planeta, en una apuesta por transformar colectivamente los desaf\u00edos de un mundo contempor\u00e1neo, m\u00e1s all\u00e1 de las fronteras impuestas.\",\"url\":\"https:\/\/pagina10.com\/web\/author\/pdiezadmin\/\"}]}<\/script>\n<!-- \/ Yoast SEO plugin. -->","yoast_head_json":{"title":"C\u00e1mara de comercio de Pasto amplia sus horarios de atenci\u00f3n al p\u00fablico | P\u00e1gina10","robots":{"index":"index","follow":"follow","max-snippet":"max-snippet:-1","max-image-preview":"max-image-preview:large","max-video-preview":"max-video-preview:-1"},"canonical":"https:\/\/pagina10.com\/web\/camara-de-comercio-de-pasto-amplia-sus-horarios-de-atencion-al-publico\/","og_locale":"es_ES","og_type":"article","og_title":"C\u00e1mara de comercio de Pasto amplia sus horarios de atenci\u00f3n al p\u00fablico | P\u00e1gina10","og_description":"Para la C\u00e1mara de Comercio de Pasto, la atenci\u00f3n a los empresarios, comerciantes y emprendedores es una prioridad, teniendo en cuenta que muchos de nuestros empresarios requieren de atenci\u00f3n y servicio los d\u00edas s\u00e1bados por sus diferentes ocupaciones, una de las nuevas directrices establecidas por el Presidente Ejecutivo de la entidad, Arturo Alexander Ortega Cornejo, [&hellip;]","og_url":"https:\/\/pagina10.com\/web\/camara-de-comercio-de-pasto-amplia-sus-horarios-de-atencion-al-publico\/","og_site_name":"P\u00e1gina10","article_publisher":"https:\/\/www.facebook.com\/pag10com","article_published_time":"2022-10-22T00:41:05+00:00","og_image":[{"width":1280,"height":672,"url":"https:\/\/pagina10.com\/web\/wp-content\/uploads\/2022\/10\/WhatsApp-Image-2022-10-20-at-6.07.32-PM.jpeg","type":"image\/jpeg"}],"author":"P\u00e1gina 10","twitter_card":"summary_large_image","twitter_creator":"@Pag10com","twitter_site":"@Pag10com","twitter_misc":{"Escrito por":"P\u00e1gina 10"},"schema":{"@context":"https:\/\/schema.org","@graph":[{"@type":"Article","@id":"https:\/\/pagina10.com\/web\/camara-de-comercio-de-pasto-amplia-sus-horarios-de-atencion-al-publico\/#article","isPartOf":{"@id":"https:\/\/pagina10.com\/web\/camara-de-comercio-de-pasto-amplia-sus-horarios-de-atencion-al-publico\/"},"author":{"name":"P\u00e1gina 10","@id":"https:\/\/pagina10.com\/web\/#\/schema\/person\/2efc4a090d25b667d3bc796798a3a81b"},"headline":"C\u00e1mara de comercio de Pasto amplia sus horarios de atenci\u00f3n al p\u00fablico","datePublished":"2022-10-22T00:41:05+00:00","mainEntityOfPage":{"@id":"https:\/\/pagina10.com\/web\/camara-de-comercio-de-pasto-amplia-sus-horarios-de-atencion-al-publico\/"},"wordCount":114,"commentCount":0,"publisher":{"@id":"https:\/\/pagina10.com\/web\/#organization"},"image":{"@id":"https:\/\/pagina10.com\/web\/camara-de-comercio-de-pasto-amplia-sus-horarios-de-atencion-al-publico\/#primaryimage"},"thumbnailUrl":"https:\/\/pagina10.com\/web\/wp-content\/uploads\/2022\/10\/WhatsApp-Image-2022-10-20-at-6.07.32-PM.jpeg","articleSection":["Ciudad"],"inLanguage":"es","potentialAction":[{"@type":"CommentAction","name":"Comment","target":["https:\/\/pagina10.com\/web\/camara-de-comercio-de-pasto-amplia-sus-horarios-de-atencion-al-publico\/#respond"]}]},{"@type":"WebPage","@id":"https:\/\/pagina10.com\/web\/camara-de-comercio-de-pasto-amplia-sus-horarios-de-atencion-al-publico\/","url":"https:\/\/pagina10.com\/web\/camara-de-comercio-de-pasto-amplia-sus-horarios-de-atencion-al-publico\/","name":"C\u00e1mara de comercio de Pasto amplia sus horarios de atenci\u00f3n al p\u00fablico | P\u00e1gina10","isPartOf":{"@id":"https:\/\/pagina10.com\/web\/#website"},"primaryImageOfPage":{"@id":"https:\/\/pagina10.com\/web\/camara-de-comercio-de-pasto-amplia-sus-horarios-de-atencion-al-publico\/#primaryimage"},"image":{"@id":"https:\/\/pagina10.com\/web\/camara-de-comercio-de-pasto-amplia-sus-horarios-de-atencion-al-publico\/#primaryimage"},"thumbnailUrl":"https:\/\/pagina10.com\/web\/wp-content\/uploads\/2022\/10\/WhatsApp-Image-2022-10-20-at-6.07.32-PM.jpeg","datePublished":"2022-10-22T00:41:05+00:00","breadcrumb":{"@id":"https:\/\/pagina10.com\/web\/camara-de-comercio-de-pasto-amplia-sus-horarios-de-atencion-al-publico\/#breadcrumb"},"inLanguage":"es","potentialAction":[{"@type":"ReadAction","target":["https:\/\/pagina10.com\/web\/camara-de-comercio-de-pasto-amplia-sus-horarios-de-atencion-al-publico\/"]}]},{"@type":"ImageObject","inLanguage":"es","@id":"https:\/\/pagina10.com\/web\/camara-de-comercio-de-pasto-amplia-sus-horarios-de-atencion-al-publico\/#primaryimage","url":"https:\/\/pagina10.com\/web\/wp-content\/uploads\/2022\/10\/WhatsApp-Image-2022-10-20-at-6.07.32-PM.jpeg","contentUrl":"https:\/\/pagina10.com\/web\/wp-content\/uploads\/2022\/10\/WhatsApp-Image-2022-10-20-at-6.07.32-PM.jpeg","width":1280,"height":672},{"@type":"BreadcrumbList","@id":"https:\/\/pagina10.com\/web\/camara-de-comercio-de-pasto-amplia-sus-horarios-de-atencion-al-publico\/#breadcrumb","itemListElement":[{"@type":"ListItem","position":1,"name":"Portada","item":"https:\/\/pagina10.com\/web\/"},{"@type":"ListItem","position":2,"name":"C\u00e1mara de comercio de Pasto amplia sus horarios de atenci\u00f3n al p\u00fablico"}]},{"@type":"WebSite","@id":"https:\/\/pagina10.com\/web\/#website","url":"https:\/\/pagina10.com\/web\/","name":"P\u00e1gina10","description":"Peri\u00f3dico Regional","publisher":{"@id":"https:\/\/pagina10.com\/web\/#organization"},"alternateName":"P\u00e1gina10 Peri\u00f3dico Regional","potentialAction":[{"@type":"SearchAction","target":{"@type":"EntryPoint","urlTemplate":"https:\/\/pagina10.com\/web\/?s={search_term_string}"},"query-input":{"@type":"PropertyValueSpecification","valueRequired":true,"valueName":"search_term_string"}}],"inLanguage":"es"},{"@type":"Organization","@id":"https:\/\/pagina10.com\/web\/#organization","name":"P\u00e1gina10","alternateName":"P\u00e1gina10 Peri\u00f3dico Regional","url":"https:\/\/pagina10.com\/web\/","logo":{"@type":"ImageObject","inLanguage":"es","@id":"https:\/\/pagina10.com\/web\/#\/schema\/logo\/image\/","url":"https:\/\/pagina10.com\/web\/wp-content\/uploads\/2024\/01\/40-pagina-10-periodico-regional-pasto.jpg","contentUrl":"https:\/\/pagina10.com\/web\/wp-content\/uploads\/2024\/01\/40-pagina-10-periodico-regional-pasto.jpg","width":1280,"height":720,"caption":"P\u00e1gina10"},"image":{"@id":"https:\/\/pagina10.com\/web\/#\/schema\/logo\/image\/"},"sameAs":["https:\/\/www.facebook.com\/pag10com","https:\/\/x.com\/Pag10com","https:\/\/www.instagram.com\/pagina10col\/","https:\/\/youtube.com\/channel\/pag10","https:\/\/www.tiktok.com\/@p10col"]},{"@type":"Person","@id":"https:\/\/pagina10.com\/web\/#\/schema\/person\/2efc4a090d25b667d3bc796798a3a81b","name":"P\u00e1gina 10","description":"P\u00e1gina 10 es un peri\u00f3dico regional que nace en Colombia, en el departamento de Nari\u00f1o, con un enfoque global, fundamentado en cuatro pilares esenciales: la libertad, el pluralismo, la inclusi\u00f3n y la independencia. P\u00e1gina 10 hace referencia a Nari\u00f1o como el d\u00e9cimo departamento creado en Colombia, despu\u00e9s de un proceso pol\u00edtico liderado por actores y actrices regionales con el fin de obtener la independencia y autonom\u00eda de nuestros territorios. Con la creaci\u00f3n de P\u00e1gina 10 se pretende abrir un escenario para el dialogo, la reflexi\u00f3n y el debate que se extienda a otras geograf\u00edas de Am\u00e9rica Latina y del planeta, en una apuesta por transformar colectivamente los desaf\u00edos de un mundo contempor\u00e1neo, m\u00e1s all\u00e1 de las fronteras impuestas.","url":"https:\/\/pagina10.com\/web\/author\/pdiezadmin\/"}]}},"_links":{"self":[{"href":"https:\/\/pagina10.com\/web\/wp-json\/wp\/v2\/posts\/62381","targetHints":{"allow":["GET"]}}],"collection":[{"href":"https:\/\/pagina10.com\/web\/wp-json\/wp\/v2\/posts"}],"about":[{"href":"https:\/\/pagina10.com\/web\/wp-json\/wp\/v2\/types\/post"}],"author":[{"embeddable":true,"href":"https:\/\/pagina10.com\/web\/wp-json\/wp\/v2\/users\/1"}],"replies":[{"embeddable":true,"href":"https:\/\/pagina10.com\/web\/wp-json\/wp\/v2\/comments?post=62381"}],"version-history":[{"count":1,"href":"https:\/\/pagina10.com\/web\/wp-json\/wp\/v2\/posts\/62381\/revisions"}],"predecessor-version":[{"id":62383,"href":"https:\/\/pagina10.com\/web\/wp-json\/wp\/v2\/posts\/62381\/revisions\/62383"}],"wp:featuredmedia":[{"embeddable":true,"href":"https:\/\/pagina10.com\/web\/wp-json\/wp\/v2\/media\/62382"}],"wp:attachment":[{"href":"https:\/\/pagina10.com\/web\/wp-json\/wp\/v2\/media?parent=62381"}],"wp:term":[{"taxonomy":"category","embeddable":true,"href":"https:\/\/pagina10.com\/web\/wp-json\/wp\/v2\/categories?post=62381"},{"taxonomy":"post_tag","embeddable":true,"href":"https:\/\/pagina10.com\/web\/wp-json\/wp\/v2\/tags?post=62381"}],"curies":[{"name":"wp","href":"https:\/\/api.w.org\/{rel}","templated":true}]}}