{"id":62384,"date":"2022-10-21T20:13:01","date_gmt":"2022-10-22T01:13:01","guid":{"rendered":"https:\/\/pagina10.com\/web\/?p=62384"},"modified":"2022-10-21T20:13:01","modified_gmt":"2022-10-22T01:13:01","slug":"suspendieron-dialogos-regionales-en-ipiales-canciller-no-pudo-viajar-por-fallas-en-su-aeronave","status":"publish","type":"post","link":"https:\/\/pagina10.com\/web\/suspendieron-dialogos-regionales-en-ipiales-canciller-no-pudo-viajar-por-fallas-en-su-aeronave\/","title":{"rendered":"Suspendieron di\u00e1logos regionales en Ipiales, canciller no pudo viajar por fallas en su aeronave"},"content":{"rendered":"<p style=\"text-align: justify;\">Comunidades de la zona fronteriza entre Nari\u00f1o y Ecuador decidieron suspender la jornada de di\u00e1logos regionales vinculantes propuesta por el gobierno del presidente Gustavo Petro, debido a que el canciller \u00c1lvaro Leyva, quien iba a presidirlos, no asisti\u00f3 al municipio de Ipiales.<\/p>\n<p style=\"text-align: justify;\">La actividad estaba programada para las 8:00 de la ma\u00f1ana en la sede de la Universidad de Nari\u00f1o. Al sitio acudieron habitantes de varios municipios del sur del departamento y comunidades ind\u00edgenas de los pueblos Pastos y Quillasingas, las cuales tomaron la determinaci\u00f3n de dar por terminada la jornada.<\/p>\n<p style=\"text-align: justify;\">\u201cDesafortunadamente el canciller no asisti\u00f3 al evento, por eso como autoridades hemos tomado la decisi\u00f3n de retirarnos de esta asamblea y decirle al Gobierno Nacional que los vientos del sur siguen soplando a su favor, pero si necesitamos que el Presidente y sus Ministros est\u00e9n presentes\u201d, explic\u00f3 Carlos L\u00f3pez, Coordinador de la mesa Pastos y Quillasingas del municipio de Mallama.<\/p>\n<p style=\"text-align: justify;\">Ante lo ocurrido, el Ministerio de Relaciones Exteriores emiti\u00f3 un comunicado donde explic\u00f3 que la no presencia del canciller en Ipiales se debi\u00f3 a fallas mec\u00e1nicas que sufri\u00f3 la aeronave en la que iba a viajar el funcionario.<\/p>\n<p style=\"text-align: justify;\">\u201cAl realizar la revisi\u00f3n t\u00e9cnica para continuar con los vuelos previstos, la misma no fue aprobada ni autorizada para continuar con el plan de viaje que ten\u00eda. Esta es la raz\u00f3n de fuerza mayor que impidi\u00f3 su llegada a la ciudad. Ante esta situaci\u00f3n, el Canciller encomend\u00f3 a la Directora de desarrollo e integraci\u00f3n fronteriza, la Embajadora Nancy Ben\u00edtez, su representaci\u00f3n en este importante dialogo regional\u201d, dice la misiva.<\/p>\n<p style=\"text-align: justify;\">Adem\u00e1s, reafirmaron el compromiso del canciller \u201cde asistir tan pronto se estipule una nueva fecha, a los di\u00e1logos regionales vinculantes en la ciudad de Ipiales, para escuchar a la comunidad nari\u00f1ense\u201d.<\/p>\n","protected":false},"excerpt":{"rendered":"<p>Comunidades de la zona fronteriza entre Nari\u00f1o y Ecuador decidieron suspender la jornada de di\u00e1logos regionales vinculantes propuesta por el gobierno del presidente Gustavo Petro, debido a que el canciller \u00c1lvaro Leyva, quien iba a presidirlos, no asisti\u00f3 al municipio de Ipiales. La actividad estaba programada para las 8:00 de la ma\u00f1ana en la sede [&hellip;]<\/p>\n","protected":false},"author":1,"featured_media":62385,"comment_status":"open","ping_status":"open","sticky":false,"template":"","format":"standard","meta":{"footnotes":""},"categories":[53],"tags":[],"class_list":["post-62384","post","type-post","status-publish","format-standard","has-post-thumbnail","hentry","category-regiones"],"yoast_head":"<!-- This site is optimized with the Yoast SEO plugin v27.1.1 - https:\/\/yoast.com\/product\/yoast-seo-wordpress\/ -->\n<title>Suspendieron di\u00e1logos regionales en Ipiales, canciller no pudo viajar por fallas en su aeronave | P\u00e1gina10<\/title>\n<meta name=\"robots\" content=\"index, follow, max-snippet:-1, max-image-preview:large, max-video-preview:-1\" \/>\n<link rel=\"canonical\" href=\"https:\/\/pagina10.com\/web\/suspendieron-dialogos-regionales-en-ipiales-canciller-no-pudo-viajar-por-fallas-en-su-aeronave\/\" \/>\n<meta property=\"og:locale\" content=\"es_ES\" \/>\n<meta property=\"og:type\" content=\"article\" \/>\n<meta property=\"og:title\" content=\"Suspendieron di\u00e1logos regionales en Ipiales, canciller no pudo viajar por fallas en su aeronave | P\u00e1gina10\" \/>\n<meta property=\"og:description\" content=\"Comunidades de la zona fronteriza entre Nari\u00f1o y Ecuador decidieron suspender la jornada de di\u00e1logos regionales vinculantes propuesta por el gobierno del presidente Gustavo Petro, debido a que el canciller \u00c1lvaro Leyva, quien iba a presidirlos, no asisti\u00f3 al municipio de Ipiales. La actividad estaba programada para las 8:00 de la ma\u00f1ana en la sede [&hellip;]\" \/>\n<meta property=\"og:url\" content=\"https:\/\/pagina10.com\/web\/suspendieron-dialogos-regionales-en-ipiales-canciller-no-pudo-viajar-por-fallas-en-su-aeronave\/\" \/>\n<meta property=\"og:site_name\" content=\"P\u00e1gina10\" \/>\n<meta property=\"article:publisher\" content=\"https:\/\/www.facebook.com\/pag10com\" \/>\n<meta property=\"article:published_time\" content=\"2022-10-22T01:13:01+00:00\" \/>\n<meta property=\"og:image\" content=\"https:\/\/pagina10.com\/web\/wp-content\/uploads\/2022\/10\/311088394_483296480490919_467190765740554688_n.jpg\" \/>\n\t<meta property=\"og:image:width\" content=\"2048\" \/>\n\t<meta property=\"og:image:height\" content=\"1536\" \/>\n\t<meta property=\"og:image:type\" content=\"image\/jpeg\" \/>\n<meta name=\"author\" content=\"P\u00e1gina 10\" \/>\n<meta name=\"twitter:card\" content=\"summary_large_image\" \/>\n<meta name=\"twitter:creator\" content=\"@Pag10com\" \/>\n<meta name=\"twitter:site\" content=\"@Pag10com\" \/>\n<meta name=\"twitter:label1\" content=\"Escrito por\" \/>\n\t<meta name=\"twitter:data1\" content=\"P\u00e1gina 10\" \/>\n\t<meta name=\"twitter:label2\" content=\"Tiempo de lectura\" \/>\n\t<meta name=\"twitter:data2\" content=\"2 minutos\" \/>\n<script type=\"application\/ld+json\" class=\"yoast-schema-graph\">{\"@context\":\"https:\/\/schema.org\",\"@graph\":[{\"@type\":\"Article\",\"@id\":\"https:\/\/pagina10.com\/web\/suspendieron-dialogos-regionales-en-ipiales-canciller-no-pudo-viajar-por-fallas-en-su-aeronave\/#article\",\"isPartOf\":{\"@id\":\"https:\/\/pagina10.com\/web\/suspendieron-dialogos-regionales-en-ipiales-canciller-no-pudo-viajar-por-fallas-en-su-aeronave\/\"},\"author\":{\"name\":\"P\u00e1gina 10\",\"@id\":\"https:\/\/pagina10.com\/web\/#\/schema\/person\/2efc4a090d25b667d3bc796798a3a81b\"},\"headline\":\"Suspendieron di\u00e1logos regionales en Ipiales, canciller no pudo viajar por fallas en su aeronave\",\"datePublished\":\"2022-10-22T01:13:01+00:00\",\"mainEntityOfPage\":{\"@id\":\"https:\/\/pagina10.com\/web\/suspendieron-dialogos-regionales-en-ipiales-canciller-no-pudo-viajar-por-fallas-en-su-aeronave\/\"},\"wordCount\":324,\"commentCount\":0,\"publisher\":{\"@id\":\"https:\/\/pagina10.com\/web\/#organization\"},\"image\":{\"@id\":\"https:\/\/pagina10.com\/web\/suspendieron-dialogos-regionales-en-ipiales-canciller-no-pudo-viajar-por-fallas-en-su-aeronave\/#primaryimage\"},\"thumbnailUrl\":\"https:\/\/pagina10.com\/web\/wp-content\/uploads\/2022\/10\/311088394_483296480490919_467190765740554688_n.jpg\",\"articleSection\":[\"Regiones\"],\"inLanguage\":\"es\",\"potentialAction\":[{\"@type\":\"CommentAction\",\"name\":\"Comment\",\"target\":[\"https:\/\/pagina10.com\/web\/suspendieron-dialogos-regionales-en-ipiales-canciller-no-pudo-viajar-por-fallas-en-su-aeronave\/#respond\"]}]},{\"@type\":\"WebPage\",\"@id\":\"https:\/\/pagina10.com\/web\/suspendieron-dialogos-regionales-en-ipiales-canciller-no-pudo-viajar-por-fallas-en-su-aeronave\/\",\"url\":\"https:\/\/pagina10.com\/web\/suspendieron-dialogos-regionales-en-ipiales-canciller-no-pudo-viajar-por-fallas-en-su-aeronave\/\",\"name\":\"Suspendieron di\u00e1logos regionales en Ipiales, canciller no pudo viajar por fallas en su aeronave | P\u00e1gina10\",\"isPartOf\":{\"@id\":\"https:\/\/pagina10.com\/web\/#website\"},\"primaryImageOfPage\":{\"@id\":\"https:\/\/pagina10.com\/web\/suspendieron-dialogos-regionales-en-ipiales-canciller-no-pudo-viajar-por-fallas-en-su-aeronave\/#primaryimage\"},\"image\":{\"@id\":\"https:\/\/pagina10.com\/web\/suspendieron-dialogos-regionales-en-ipiales-canciller-no-pudo-viajar-por-fallas-en-su-aeronave\/#primaryimage\"},\"thumbnailUrl\":\"https:\/\/pagina10.com\/web\/wp-content\/uploads\/2022\/10\/311088394_483296480490919_467190765740554688_n.jpg\",\"datePublished\":\"2022-10-22T01:13:01+00:00\",\"breadcrumb\":{\"@id\":\"https:\/\/pagina10.com\/web\/suspendieron-dialogos-regionales-en-ipiales-canciller-no-pudo-viajar-por-fallas-en-su-aeronave\/#breadcrumb\"},\"inLanguage\":\"es\",\"potentialAction\":[{\"@type\":\"ReadAction\",\"target\":[\"https:\/\/pagina10.com\/web\/suspendieron-dialogos-regionales-en-ipiales-canciller-no-pudo-viajar-por-fallas-en-su-aeronave\/\"]}]},{\"@type\":\"ImageObject\",\"inLanguage\":\"es\",\"@id\":\"https:\/\/pagina10.com\/web\/suspendieron-dialogos-regionales-en-ipiales-canciller-no-pudo-viajar-por-fallas-en-su-aeronave\/#primaryimage\",\"url\":\"https:\/\/pagina10.com\/web\/wp-content\/uploads\/2022\/10\/311088394_483296480490919_467190765740554688_n.jpg\",\"contentUrl\":\"https:\/\/pagina10.com\/web\/wp-content\/uploads\/2022\/10\/311088394_483296480490919_467190765740554688_n.jpg\",\"width\":2048,\"height\":1536},{\"@type\":\"BreadcrumbList\",\"@id\":\"https:\/\/pagina10.com\/web\/suspendieron-dialogos-regionales-en-ipiales-canciller-no-pudo-viajar-por-fallas-en-su-aeronave\/#breadcrumb\",\"itemListElement\":[{\"@type\":\"ListItem\",\"position\":1,\"name\":\"Portada\",\"item\":\"https:\/\/pagina10.com\/web\/\"},{\"@type\":\"ListItem\",\"position\":2,\"name\":\"Suspendieron di\u00e1logos regionales en Ipiales, canciller no pudo viajar por fallas en su aeronave\"}]},{\"@type\":\"WebSite\",\"@id\":\"https:\/\/pagina10.com\/web\/#website\",\"url\":\"https:\/\/pagina10.com\/web\/\",\"name\":\"P\u00e1gina10\",\"description\":\"Peri\u00f3dico Regional\",\"publisher\":{\"@id\":\"https:\/\/pagina10.com\/web\/#organization\"},\"alternateName\":\"P\u00e1gina10 Peri\u00f3dico Regional\",\"potentialAction\":[{\"@type\":\"SearchAction\",\"target\":{\"@type\":\"EntryPoint\",\"urlTemplate\":\"https:\/\/pagina10.com\/web\/?s={search_term_string}\"},\"query-input\":{\"@type\":\"PropertyValueSpecification\",\"valueRequired\":true,\"valueName\":\"search_term_string\"}}],\"inLanguage\":\"es\"},{\"@type\":\"Organization\",\"@id\":\"https:\/\/pagina10.com\/web\/#organization\",\"name\":\"P\u00e1gina10\",\"alternateName\":\"P\u00e1gina10 Peri\u00f3dico Regional\",\"url\":\"https:\/\/pagina10.com\/web\/\",\"logo\":{\"@type\":\"ImageObject\",\"inLanguage\":\"es\",\"@id\":\"https:\/\/pagina10.com\/web\/#\/schema\/logo\/image\/\",\"url\":\"https:\/\/pagina10.com\/web\/wp-content\/uploads\/2024\/01\/40-pagina-10-periodico-regional-pasto.jpg\",\"contentUrl\":\"https:\/\/pagina10.com\/web\/wp-content\/uploads\/2024\/01\/40-pagina-10-periodico-regional-pasto.jpg\",\"width\":1280,\"height\":720,\"caption\":\"P\u00e1gina10\"},\"image\":{\"@id\":\"https:\/\/pagina10.com\/web\/#\/schema\/logo\/image\/\"},\"sameAs\":[\"https:\/\/www.facebook.com\/pag10com\",\"https:\/\/x.com\/Pag10com\",\"https:\/\/www.instagram.com\/pagina10col\/\",\"https:\/\/youtube.com\/channel\/pag10\",\"https:\/\/www.tiktok.com\/@p10col\"]},{\"@type\":\"Person\",\"@id\":\"https:\/\/pagina10.com\/web\/#\/schema\/person\/2efc4a090d25b667d3bc796798a3a81b\",\"name\":\"P\u00e1gina 10\",\"description\":\"P\u00e1gina 10 es un peri\u00f3dico regional que nace en Colombia, en el departamento de Nari\u00f1o, con un enfoque global, fundamentado en cuatro pilares esenciales: la libertad, el pluralismo, la inclusi\u00f3n y la independencia. P\u00e1gina 10 hace referencia a Nari\u00f1o como el d\u00e9cimo departamento creado en Colombia, despu\u00e9s de un proceso pol\u00edtico liderado por actores y actrices regionales con el fin de obtener la independencia y autonom\u00eda de nuestros territorios. Con la creaci\u00f3n de P\u00e1gina 10 se pretende abrir un escenario para el dialogo, la reflexi\u00f3n y el debate que se extienda a otras geograf\u00edas de Am\u00e9rica Latina y del planeta, en una apuesta por transformar colectivamente los desaf\u00edos de un mundo contempor\u00e1neo, m\u00e1s all\u00e1 de las fronteras impuestas.\",\"url\":\"https:\/\/pagina10.com\/web\/author\/pdiezadmin\/\"}]}<\/script>\n<!-- \/ Yoast SEO plugin. -->","yoast_head_json":{"title":"Suspendieron di\u00e1logos regionales en Ipiales, canciller no pudo viajar por fallas en su aeronave | P\u00e1gina10","robots":{"index":"index","follow":"follow","max-snippet":"max-snippet:-1","max-image-preview":"max-image-preview:large","max-video-preview":"max-video-preview:-1"},"canonical":"https:\/\/pagina10.com\/web\/suspendieron-dialogos-regionales-en-ipiales-canciller-no-pudo-viajar-por-fallas-en-su-aeronave\/","og_locale":"es_ES","og_type":"article","og_title":"Suspendieron di\u00e1logos regionales en Ipiales, canciller no pudo viajar por fallas en su aeronave | P\u00e1gina10","og_description":"Comunidades de la zona fronteriza entre Nari\u00f1o y Ecuador decidieron suspender la jornada de di\u00e1logos regionales vinculantes propuesta por el gobierno del presidente Gustavo Petro, debido a que el canciller \u00c1lvaro Leyva, quien iba a presidirlos, no asisti\u00f3 al municipio de Ipiales. La actividad estaba programada para las 8:00 de la ma\u00f1ana en la sede [&hellip;]","og_url":"https:\/\/pagina10.com\/web\/suspendieron-dialogos-regionales-en-ipiales-canciller-no-pudo-viajar-por-fallas-en-su-aeronave\/","og_site_name":"P\u00e1gina10","article_publisher":"https:\/\/www.facebook.com\/pag10com","article_published_time":"2022-10-22T01:13:01+00:00","og_image":[{"width":2048,"height":1536,"url":"https:\/\/pagina10.com\/web\/wp-content\/uploads\/2022\/10\/311088394_483296480490919_467190765740554688_n.jpg","type":"image\/jpeg"}],"author":"P\u00e1gina 10","twitter_card":"summary_large_image","twitter_creator":"@Pag10com","twitter_site":"@Pag10com","twitter_misc":{"Escrito por":"P\u00e1gina 10","Tiempo de lectura":"2 minutos"},"schema":{"@context":"https:\/\/schema.org","@graph":[{"@type":"Article","@id":"https:\/\/pagina10.com\/web\/suspendieron-dialogos-regionales-en-ipiales-canciller-no-pudo-viajar-por-fallas-en-su-aeronave\/#article","isPartOf":{"@id":"https:\/\/pagina10.com\/web\/suspendieron-dialogos-regionales-en-ipiales-canciller-no-pudo-viajar-por-fallas-en-su-aeronave\/"},"author":{"name":"P\u00e1gina 10","@id":"https:\/\/pagina10.com\/web\/#\/schema\/person\/2efc4a090d25b667d3bc796798a3a81b"},"headline":"Suspendieron di\u00e1logos regionales en Ipiales, canciller no pudo viajar por fallas en su aeronave","datePublished":"2022-10-22T01:13:01+00:00","mainEntityOfPage":{"@id":"https:\/\/pagina10.com\/web\/suspendieron-dialogos-regionales-en-ipiales-canciller-no-pudo-viajar-por-fallas-en-su-aeronave\/"},"wordCount":324,"commentCount":0,"publisher":{"@id":"https:\/\/pagina10.com\/web\/#organization"},"image":{"@id":"https:\/\/pagina10.com\/web\/suspendieron-dialogos-regionales-en-ipiales-canciller-no-pudo-viajar-por-fallas-en-su-aeronave\/#primaryimage"},"thumbnailUrl":"https:\/\/pagina10.com\/web\/wp-content\/uploads\/2022\/10\/311088394_483296480490919_467190765740554688_n.jpg","articleSection":["Regiones"],"inLanguage":"es","potentialAction":[{"@type":"CommentAction","name":"Comment","target":["https:\/\/pagina10.com\/web\/suspendieron-dialogos-regionales-en-ipiales-canciller-no-pudo-viajar-por-fallas-en-su-aeronave\/#respond"]}]},{"@type":"WebPage","@id":"https:\/\/pagina10.com\/web\/suspendieron-dialogos-regionales-en-ipiales-canciller-no-pudo-viajar-por-fallas-en-su-aeronave\/","url":"https:\/\/pagina10.com\/web\/suspendieron-dialogos-regionales-en-ipiales-canciller-no-pudo-viajar-por-fallas-en-su-aeronave\/","name":"Suspendieron di\u00e1logos regionales en Ipiales, canciller no pudo viajar por fallas en su aeronave | P\u00e1gina10","isPartOf":{"@id":"https:\/\/pagina10.com\/web\/#website"},"primaryImageOfPage":{"@id":"https:\/\/pagina10.com\/web\/suspendieron-dialogos-regionales-en-ipiales-canciller-no-pudo-viajar-por-fallas-en-su-aeronave\/#primaryimage"},"image":{"@id":"https:\/\/pagina10.com\/web\/suspendieron-dialogos-regionales-en-ipiales-canciller-no-pudo-viajar-por-fallas-en-su-aeronave\/#primaryimage"},"thumbnailUrl":"https:\/\/pagina10.com\/web\/wp-content\/uploads\/2022\/10\/311088394_483296480490919_467190765740554688_n.jpg","datePublished":"2022-10-22T01:13:01+00:00","breadcrumb":{"@id":"https:\/\/pagina10.com\/web\/suspendieron-dialogos-regionales-en-ipiales-canciller-no-pudo-viajar-por-fallas-en-su-aeronave\/#breadcrumb"},"inLanguage":"es","potentialAction":[{"@type":"ReadAction","target":["https:\/\/pagina10.com\/web\/suspendieron-dialogos-regionales-en-ipiales-canciller-no-pudo-viajar-por-fallas-en-su-aeronave\/"]}]},{"@type":"ImageObject","inLanguage":"es","@id":"https:\/\/pagina10.com\/web\/suspendieron-dialogos-regionales-en-ipiales-canciller-no-pudo-viajar-por-fallas-en-su-aeronave\/#primaryimage","url":"https:\/\/pagina10.com\/web\/wp-content\/uploads\/2022\/10\/311088394_483296480490919_467190765740554688_n.jpg","contentUrl":"https:\/\/pagina10.com\/web\/wp-content\/uploads\/2022\/10\/311088394_483296480490919_467190765740554688_n.jpg","width":2048,"height":1536},{"@type":"BreadcrumbList","@id":"https:\/\/pagina10.com\/web\/suspendieron-dialogos-regionales-en-ipiales-canciller-no-pudo-viajar-por-fallas-en-su-aeronave\/#breadcrumb","itemListElement":[{"@type":"ListItem","position":1,"name":"Portada","item":"https:\/\/pagina10.com\/web\/"},{"@type":"ListItem","position":2,"name":"Suspendieron di\u00e1logos regionales en Ipiales, canciller no pudo viajar por fallas en su aeronave"}]},{"@type":"WebSite","@id":"https:\/\/pagina10.com\/web\/#website","url":"https:\/\/pagina10.com\/web\/","name":"P\u00e1gina10","description":"Peri\u00f3dico Regional","publisher":{"@id":"https:\/\/pagina10.com\/web\/#organization"},"alternateName":"P\u00e1gina10 Peri\u00f3dico Regional","potentialAction":[{"@type":"SearchAction","target":{"@type":"EntryPoint","urlTemplate":"https:\/\/pagina10.com\/web\/?s={search_term_string}"},"query-input":{"@type":"PropertyValueSpecification","valueRequired":true,"valueName":"search_term_string"}}],"inLanguage":"es"},{"@type":"Organization","@id":"https:\/\/pagina10.com\/web\/#organization","name":"P\u00e1gina10","alternateName":"P\u00e1gina10 Peri\u00f3dico Regional","url":"https:\/\/pagina10.com\/web\/","logo":{"@type":"ImageObject","inLanguage":"es","@id":"https:\/\/pagina10.com\/web\/#\/schema\/logo\/image\/","url":"https:\/\/pagina10.com\/web\/wp-content\/uploads\/2024\/01\/40-pagina-10-periodico-regional-pasto.jpg","contentUrl":"https:\/\/pagina10.com\/web\/wp-content\/uploads\/2024\/01\/40-pagina-10-periodico-regional-pasto.jpg","width":1280,"height":720,"caption":"P\u00e1gina10"},"image":{"@id":"https:\/\/pagina10.com\/web\/#\/schema\/logo\/image\/"},"sameAs":["https:\/\/www.facebook.com\/pag10com","https:\/\/x.com\/Pag10com","https:\/\/www.instagram.com\/pagina10col\/","https:\/\/youtube.com\/channel\/pag10","https:\/\/www.tiktok.com\/@p10col"]},{"@type":"Person","@id":"https:\/\/pagina10.com\/web\/#\/schema\/person\/2efc4a090d25b667d3bc796798a3a81b","name":"P\u00e1gina 10","description":"P\u00e1gina 10 es un peri\u00f3dico regional que nace en Colombia, en el departamento de Nari\u00f1o, con un enfoque global, fundamentado en cuatro pilares esenciales: la libertad, el pluralismo, la inclusi\u00f3n y la independencia. P\u00e1gina 10 hace referencia a Nari\u00f1o como el d\u00e9cimo departamento creado en Colombia, despu\u00e9s de un proceso pol\u00edtico liderado por actores y actrices regionales con el fin de obtener la independencia y autonom\u00eda de nuestros territorios. Con la creaci\u00f3n de P\u00e1gina 10 se pretende abrir un escenario para el dialogo, la reflexi\u00f3n y el debate que se extienda a otras geograf\u00edas de Am\u00e9rica Latina y del planeta, en una apuesta por transformar colectivamente los desaf\u00edos de un mundo contempor\u00e1neo, m\u00e1s all\u00e1 de las fronteras impuestas.","url":"https:\/\/pagina10.com\/web\/author\/pdiezadmin\/"}]}},"_links":{"self":[{"href":"https:\/\/pagina10.com\/web\/wp-json\/wp\/v2\/posts\/62384","targetHints":{"allow":["GET"]}}],"collection":[{"href":"https:\/\/pagina10.com\/web\/wp-json\/wp\/v2\/posts"}],"about":[{"href":"https:\/\/pagina10.com\/web\/wp-json\/wp\/v2\/types\/post"}],"author":[{"embeddable":true,"href":"https:\/\/pagina10.com\/web\/wp-json\/wp\/v2\/users\/1"}],"replies":[{"embeddable":true,"href":"https:\/\/pagina10.com\/web\/wp-json\/wp\/v2\/comments?post=62384"}],"version-history":[{"count":1,"href":"https:\/\/pagina10.com\/web\/wp-json\/wp\/v2\/posts\/62384\/revisions"}],"predecessor-version":[{"id":62386,"href":"https:\/\/pagina10.com\/web\/wp-json\/wp\/v2\/posts\/62384\/revisions\/62386"}],"wp:featuredmedia":[{"embeddable":true,"href":"https:\/\/pagina10.com\/web\/wp-json\/wp\/v2\/media\/62385"}],"wp:attachment":[{"href":"https:\/\/pagina10.com\/web\/wp-json\/wp\/v2\/media?parent=62384"}],"wp:term":[{"taxonomy":"category","embeddable":true,"href":"https:\/\/pagina10.com\/web\/wp-json\/wp\/v2\/categories?post=62384"},{"taxonomy":"post_tag","embeddable":true,"href":"https:\/\/pagina10.com\/web\/wp-json\/wp\/v2\/tags?post=62384"}],"curies":[{"name":"wp","href":"https:\/\/api.w.org\/{rel}","templated":true}]}}