{"id":62390,"date":"2022-10-21T22:32:22","date_gmt":"2022-10-22T03:32:22","guid":{"rendered":"https:\/\/pagina10.com\/web\/?p=62390"},"modified":"2022-10-21T22:32:22","modified_gmt":"2022-10-22T03:32:22","slug":"luto-en-arboleda-tras-fallecimiento-de-una-familia-que-quedo-sepultada-por-un-deslizamiento-de-tierra","status":"publish","type":"post","link":"https:\/\/pagina10.com\/web\/luto-en-arboleda-tras-fallecimiento-de-una-familia-que-quedo-sepultada-por-un-deslizamiento-de-tierra\/","title":{"rendered":"Luto en Arboleda tras fallecimiento de una familia que qued\u00f3 sepultada por un deslizamiento de tierra"},"content":{"rendered":"<p style=\"text-align: justify;\">En la madrugada de este viernes fallecieron Carmen Luc\u00eda Cabreja, Alex Andrey L\u00f3pez y su hijo Dilan Santiago, quienes se encontraban al interior de su vivienda la cual fue arrasada por un enorme deslizamiento de tierra ocurrido en la vereda Olaya del municipio de Arboleda, norte de Nari\u00f1o.<\/p>\n<p style=\"text-align: justify;\">Seg\u00fan el reporte de las autoridades, el derrumbe se habr\u00eda provocado por las intensas lluvias que se precipitaron en la zona durante las \u00faltimas horas. Debido a la tragedia, organismos de socorro se desplazaron al sitio para rescatar los cuerpos y evacuar a 24 familias m\u00e1s que se encontraban en alto riesgo.<\/p>\n<p style=\"text-align: justify;\">Ante lo ocurrido, el gobernador de Nari\u00f1o Jhon Rojas indic\u00f3 que junto con la Direcci\u00f3n de Gesti\u00f3n del Riesgo y Desastres, se avanza en la recuperaci\u00f3n de la v\u00eda con maquinaria de la Gobernaci\u00f3n. Igualmente, ratific\u00f3 el compromiso del Plan Departamental de Agua para apoyar en la labor de restablecimiento del servicio de acueducto y se realiz\u00f3 el balance de viviendas y predios afectados para poder prestar la atenci\u00f3n correspondiente.<\/p>\n","protected":false},"excerpt":{"rendered":"<p>En la madrugada de este viernes fallecieron Carmen Luc\u00eda Cabreja, Alex Andrey L\u00f3pez y su hijo Dilan Santiago, quienes se encontraban al interior de su vivienda la cual fue arrasada por un enorme deslizamiento de tierra ocurrido en la vereda Olaya del municipio de Arboleda, norte de Nari\u00f1o. Seg\u00fan el reporte de las autoridades, el [&hellip;]<\/p>\n","protected":false},"author":1,"featured_media":62391,"comment_status":"open","ping_status":"open","sticky":false,"template":"","format":"standard","meta":{"footnotes":""},"categories":[61],"tags":[],"class_list":["post-62390","post","type-post","status-publish","format-standard","has-post-thumbnail","hentry","category-judicial"],"yoast_head":"<!-- This site is optimized with the Yoast SEO plugin v27.1.1 - https:\/\/yoast.com\/product\/yoast-seo-wordpress\/ -->\n<title>Luto en Arboleda tras fallecimiento de una familia que qued\u00f3 sepultada por un deslizamiento de tierra | P\u00e1gina10<\/title>\n<meta name=\"robots\" content=\"index, follow, max-snippet:-1, max-image-preview:large, max-video-preview:-1\" \/>\n<link rel=\"canonical\" href=\"https:\/\/pagina10.com\/web\/luto-en-arboleda-tras-fallecimiento-de-una-familia-que-quedo-sepultada-por-un-deslizamiento-de-tierra\/\" \/>\n<meta property=\"og:locale\" content=\"es_ES\" \/>\n<meta property=\"og:type\" content=\"article\" \/>\n<meta property=\"og:title\" content=\"Luto en Arboleda tras fallecimiento de una familia que qued\u00f3 sepultada por un deslizamiento de tierra | P\u00e1gina10\" \/>\n<meta property=\"og:description\" content=\"En la madrugada de este viernes fallecieron Carmen Luc\u00eda Cabreja, Alex Andrey L\u00f3pez y su hijo Dilan Santiago, quienes se encontraban al interior de su vivienda la cual fue arrasada por un enorme deslizamiento de tierra ocurrido en la vereda Olaya del municipio de Arboleda, norte de Nari\u00f1o. Seg\u00fan el reporte de las autoridades, el [&hellip;]\" \/>\n<meta property=\"og:url\" content=\"https:\/\/pagina10.com\/web\/luto-en-arboleda-tras-fallecimiento-de-una-familia-que-quedo-sepultada-por-un-deslizamiento-de-tierra\/\" \/>\n<meta property=\"og:site_name\" content=\"P\u00e1gina10\" \/>\n<meta property=\"article:publisher\" content=\"https:\/\/www.facebook.com\/pag10com\" \/>\n<meta property=\"article:published_time\" content=\"2022-10-22T03:32:22+00:00\" \/>\n<meta property=\"og:image\" content=\"https:\/\/pagina10.com\/web\/wp-content\/uploads\/2022\/10\/FOTO-2-ROBINSON-CHALAPUD-01-2.jpg\" \/>\n\t<meta property=\"og:image:width\" content=\"2358\" \/>\n\t<meta property=\"og:image:height\" content=\"1343\" \/>\n\t<meta property=\"og:image:type\" content=\"image\/jpeg\" \/>\n<meta name=\"author\" content=\"P\u00e1gina 10\" \/>\n<meta name=\"twitter:card\" content=\"summary_large_image\" \/>\n<meta name=\"twitter:creator\" content=\"@Pag10com\" \/>\n<meta name=\"twitter:site\" content=\"@Pag10com\" \/>\n<meta name=\"twitter:label1\" content=\"Escrito por\" \/>\n\t<meta name=\"twitter:data1\" content=\"P\u00e1gina 10\" \/>\n\t<meta name=\"twitter:label2\" content=\"Tiempo de lectura\" \/>\n\t<meta name=\"twitter:data2\" content=\"1 minuto\" \/>\n<script type=\"application\/ld+json\" class=\"yoast-schema-graph\">{\"@context\":\"https:\/\/schema.org\",\"@graph\":[{\"@type\":\"Article\",\"@id\":\"https:\/\/pagina10.com\/web\/luto-en-arboleda-tras-fallecimiento-de-una-familia-que-quedo-sepultada-por-un-deslizamiento-de-tierra\/#article\",\"isPartOf\":{\"@id\":\"https:\/\/pagina10.com\/web\/luto-en-arboleda-tras-fallecimiento-de-una-familia-que-quedo-sepultada-por-un-deslizamiento-de-tierra\/\"},\"author\":{\"name\":\"P\u00e1gina 10\",\"@id\":\"https:\/\/pagina10.com\/web\/#\/schema\/person\/2efc4a090d25b667d3bc796798a3a81b\"},\"headline\":\"Luto en Arboleda tras fallecimiento de una familia que qued\u00f3 sepultada por un deslizamiento de tierra\",\"datePublished\":\"2022-10-22T03:32:22+00:00\",\"mainEntityOfPage\":{\"@id\":\"https:\/\/pagina10.com\/web\/luto-en-arboleda-tras-fallecimiento-de-una-familia-que-quedo-sepultada-por-un-deslizamiento-de-tierra\/\"},\"wordCount\":198,\"commentCount\":0,\"publisher\":{\"@id\":\"https:\/\/pagina10.com\/web\/#organization\"},\"image\":{\"@id\":\"https:\/\/pagina10.com\/web\/luto-en-arboleda-tras-fallecimiento-de-una-familia-que-quedo-sepultada-por-un-deslizamiento-de-tierra\/#primaryimage\"},\"thumbnailUrl\":\"https:\/\/pagina10.com\/web\/wp-content\/uploads\/2022\/10\/FOTO-2-ROBINSON-CHALAPUD-01-2.jpg\",\"articleSection\":[\"Judicial\"],\"inLanguage\":\"es\",\"potentialAction\":[{\"@type\":\"CommentAction\",\"name\":\"Comment\",\"target\":[\"https:\/\/pagina10.com\/web\/luto-en-arboleda-tras-fallecimiento-de-una-familia-que-quedo-sepultada-por-un-deslizamiento-de-tierra\/#respond\"]}]},{\"@type\":\"WebPage\",\"@id\":\"https:\/\/pagina10.com\/web\/luto-en-arboleda-tras-fallecimiento-de-una-familia-que-quedo-sepultada-por-un-deslizamiento-de-tierra\/\",\"url\":\"https:\/\/pagina10.com\/web\/luto-en-arboleda-tras-fallecimiento-de-una-familia-que-quedo-sepultada-por-un-deslizamiento-de-tierra\/\",\"name\":\"Luto en Arboleda tras fallecimiento de una familia que qued\u00f3 sepultada por un deslizamiento de tierra | P\u00e1gina10\",\"isPartOf\":{\"@id\":\"https:\/\/pagina10.com\/web\/#website\"},\"primaryImageOfPage\":{\"@id\":\"https:\/\/pagina10.com\/web\/luto-en-arboleda-tras-fallecimiento-de-una-familia-que-quedo-sepultada-por-un-deslizamiento-de-tierra\/#primaryimage\"},\"image\":{\"@id\":\"https:\/\/pagina10.com\/web\/luto-en-arboleda-tras-fallecimiento-de-una-familia-que-quedo-sepultada-por-un-deslizamiento-de-tierra\/#primaryimage\"},\"thumbnailUrl\":\"https:\/\/pagina10.com\/web\/wp-content\/uploads\/2022\/10\/FOTO-2-ROBINSON-CHALAPUD-01-2.jpg\",\"datePublished\":\"2022-10-22T03:32:22+00:00\",\"breadcrumb\":{\"@id\":\"https:\/\/pagina10.com\/web\/luto-en-arboleda-tras-fallecimiento-de-una-familia-que-quedo-sepultada-por-un-deslizamiento-de-tierra\/#breadcrumb\"},\"inLanguage\":\"es\",\"potentialAction\":[{\"@type\":\"ReadAction\",\"target\":[\"https:\/\/pagina10.com\/web\/luto-en-arboleda-tras-fallecimiento-de-una-familia-que-quedo-sepultada-por-un-deslizamiento-de-tierra\/\"]}]},{\"@type\":\"ImageObject\",\"inLanguage\":\"es\",\"@id\":\"https:\/\/pagina10.com\/web\/luto-en-arboleda-tras-fallecimiento-de-una-familia-que-quedo-sepultada-por-un-deslizamiento-de-tierra\/#primaryimage\",\"url\":\"https:\/\/pagina10.com\/web\/wp-content\/uploads\/2022\/10\/FOTO-2-ROBINSON-CHALAPUD-01-2.jpg\",\"contentUrl\":\"https:\/\/pagina10.com\/web\/wp-content\/uploads\/2022\/10\/FOTO-2-ROBINSON-CHALAPUD-01-2.jpg\",\"width\":2358,\"height\":1343},{\"@type\":\"BreadcrumbList\",\"@id\":\"https:\/\/pagina10.com\/web\/luto-en-arboleda-tras-fallecimiento-de-una-familia-que-quedo-sepultada-por-un-deslizamiento-de-tierra\/#breadcrumb\",\"itemListElement\":[{\"@type\":\"ListItem\",\"position\":1,\"name\":\"Portada\",\"item\":\"https:\/\/pagina10.com\/web\/\"},{\"@type\":\"ListItem\",\"position\":2,\"name\":\"Luto en Arboleda tras fallecimiento de una familia que qued\u00f3 sepultada por un deslizamiento de tierra\"}]},{\"@type\":\"WebSite\",\"@id\":\"https:\/\/pagina10.com\/web\/#website\",\"url\":\"https:\/\/pagina10.com\/web\/\",\"name\":\"P\u00e1gina10\",\"description\":\"Peri\u00f3dico Regional\",\"publisher\":{\"@id\":\"https:\/\/pagina10.com\/web\/#organization\"},\"alternateName\":\"P\u00e1gina10 Peri\u00f3dico Regional\",\"potentialAction\":[{\"@type\":\"SearchAction\",\"target\":{\"@type\":\"EntryPoint\",\"urlTemplate\":\"https:\/\/pagina10.com\/web\/?s={search_term_string}\"},\"query-input\":{\"@type\":\"PropertyValueSpecification\",\"valueRequired\":true,\"valueName\":\"search_term_string\"}}],\"inLanguage\":\"es\"},{\"@type\":\"Organization\",\"@id\":\"https:\/\/pagina10.com\/web\/#organization\",\"name\":\"P\u00e1gina10\",\"alternateName\":\"P\u00e1gina10 Peri\u00f3dico Regional\",\"url\":\"https:\/\/pagina10.com\/web\/\",\"logo\":{\"@type\":\"ImageObject\",\"inLanguage\":\"es\",\"@id\":\"https:\/\/pagina10.com\/web\/#\/schema\/logo\/image\/\",\"url\":\"https:\/\/pagina10.com\/web\/wp-content\/uploads\/2024\/01\/40-pagina-10-periodico-regional-pasto.jpg\",\"contentUrl\":\"https:\/\/pagina10.com\/web\/wp-content\/uploads\/2024\/01\/40-pagina-10-periodico-regional-pasto.jpg\",\"width\":1280,\"height\":720,\"caption\":\"P\u00e1gina10\"},\"image\":{\"@id\":\"https:\/\/pagina10.com\/web\/#\/schema\/logo\/image\/\"},\"sameAs\":[\"https:\/\/www.facebook.com\/pag10com\",\"https:\/\/x.com\/Pag10com\",\"https:\/\/www.instagram.com\/pagina10col\/\",\"https:\/\/youtube.com\/channel\/pag10\",\"https:\/\/www.tiktok.com\/@p10col\"]},{\"@type\":\"Person\",\"@id\":\"https:\/\/pagina10.com\/web\/#\/schema\/person\/2efc4a090d25b667d3bc796798a3a81b\",\"name\":\"P\u00e1gina 10\",\"description\":\"P\u00e1gina 10 es un peri\u00f3dico regional que nace en Colombia, en el departamento de Nari\u00f1o, con un enfoque global, fundamentado en cuatro pilares esenciales: la libertad, el pluralismo, la inclusi\u00f3n y la independencia. P\u00e1gina 10 hace referencia a Nari\u00f1o como el d\u00e9cimo departamento creado en Colombia, despu\u00e9s de un proceso pol\u00edtico liderado por actores y actrices regionales con el fin de obtener la independencia y autonom\u00eda de nuestros territorios. Con la creaci\u00f3n de P\u00e1gina 10 se pretende abrir un escenario para el dialogo, la reflexi\u00f3n y el debate que se extienda a otras geograf\u00edas de Am\u00e9rica Latina y del planeta, en una apuesta por transformar colectivamente los desaf\u00edos de un mundo contempor\u00e1neo, m\u00e1s all\u00e1 de las fronteras impuestas.\",\"url\":\"https:\/\/pagina10.com\/web\/author\/pdiezadmin\/\"}]}<\/script>\n<!-- \/ Yoast SEO plugin. -->","yoast_head_json":{"title":"Luto en Arboleda tras fallecimiento de una familia que qued\u00f3 sepultada por un deslizamiento de tierra | P\u00e1gina10","robots":{"index":"index","follow":"follow","max-snippet":"max-snippet:-1","max-image-preview":"max-image-preview:large","max-video-preview":"max-video-preview:-1"},"canonical":"https:\/\/pagina10.com\/web\/luto-en-arboleda-tras-fallecimiento-de-una-familia-que-quedo-sepultada-por-un-deslizamiento-de-tierra\/","og_locale":"es_ES","og_type":"article","og_title":"Luto en Arboleda tras fallecimiento de una familia que qued\u00f3 sepultada por un deslizamiento de tierra | P\u00e1gina10","og_description":"En la madrugada de este viernes fallecieron Carmen Luc\u00eda Cabreja, Alex Andrey L\u00f3pez y su hijo Dilan Santiago, quienes se encontraban al interior de su vivienda la cual fue arrasada por un enorme deslizamiento de tierra ocurrido en la vereda Olaya del municipio de Arboleda, norte de Nari\u00f1o. Seg\u00fan el reporte de las autoridades, el [&hellip;]","og_url":"https:\/\/pagina10.com\/web\/luto-en-arboleda-tras-fallecimiento-de-una-familia-que-quedo-sepultada-por-un-deslizamiento-de-tierra\/","og_site_name":"P\u00e1gina10","article_publisher":"https:\/\/www.facebook.com\/pag10com","article_published_time":"2022-10-22T03:32:22+00:00","og_image":[{"width":2358,"height":1343,"url":"https:\/\/pagina10.com\/web\/wp-content\/uploads\/2022\/10\/FOTO-2-ROBINSON-CHALAPUD-01-2.jpg","type":"image\/jpeg"}],"author":"P\u00e1gina 10","twitter_card":"summary_large_image","twitter_creator":"@Pag10com","twitter_site":"@Pag10com","twitter_misc":{"Escrito por":"P\u00e1gina 10","Tiempo de lectura":"1 minuto"},"schema":{"@context":"https:\/\/schema.org","@graph":[{"@type":"Article","@id":"https:\/\/pagina10.com\/web\/luto-en-arboleda-tras-fallecimiento-de-una-familia-que-quedo-sepultada-por-un-deslizamiento-de-tierra\/#article","isPartOf":{"@id":"https:\/\/pagina10.com\/web\/luto-en-arboleda-tras-fallecimiento-de-una-familia-que-quedo-sepultada-por-un-deslizamiento-de-tierra\/"},"author":{"name":"P\u00e1gina 10","@id":"https:\/\/pagina10.com\/web\/#\/schema\/person\/2efc4a090d25b667d3bc796798a3a81b"},"headline":"Luto en Arboleda tras fallecimiento de una familia que qued\u00f3 sepultada por un deslizamiento de tierra","datePublished":"2022-10-22T03:32:22+00:00","mainEntityOfPage":{"@id":"https:\/\/pagina10.com\/web\/luto-en-arboleda-tras-fallecimiento-de-una-familia-que-quedo-sepultada-por-un-deslizamiento-de-tierra\/"},"wordCount":198,"commentCount":0,"publisher":{"@id":"https:\/\/pagina10.com\/web\/#organization"},"image":{"@id":"https:\/\/pagina10.com\/web\/luto-en-arboleda-tras-fallecimiento-de-una-familia-que-quedo-sepultada-por-un-deslizamiento-de-tierra\/#primaryimage"},"thumbnailUrl":"https:\/\/pagina10.com\/web\/wp-content\/uploads\/2022\/10\/FOTO-2-ROBINSON-CHALAPUD-01-2.jpg","articleSection":["Judicial"],"inLanguage":"es","potentialAction":[{"@type":"CommentAction","name":"Comment","target":["https:\/\/pagina10.com\/web\/luto-en-arboleda-tras-fallecimiento-de-una-familia-que-quedo-sepultada-por-un-deslizamiento-de-tierra\/#respond"]}]},{"@type":"WebPage","@id":"https:\/\/pagina10.com\/web\/luto-en-arboleda-tras-fallecimiento-de-una-familia-que-quedo-sepultada-por-un-deslizamiento-de-tierra\/","url":"https:\/\/pagina10.com\/web\/luto-en-arboleda-tras-fallecimiento-de-una-familia-que-quedo-sepultada-por-un-deslizamiento-de-tierra\/","name":"Luto en Arboleda tras fallecimiento de una familia que qued\u00f3 sepultada por un deslizamiento de tierra | P\u00e1gina10","isPartOf":{"@id":"https:\/\/pagina10.com\/web\/#website"},"primaryImageOfPage":{"@id":"https:\/\/pagina10.com\/web\/luto-en-arboleda-tras-fallecimiento-de-una-familia-que-quedo-sepultada-por-un-deslizamiento-de-tierra\/#primaryimage"},"image":{"@id":"https:\/\/pagina10.com\/web\/luto-en-arboleda-tras-fallecimiento-de-una-familia-que-quedo-sepultada-por-un-deslizamiento-de-tierra\/#primaryimage"},"thumbnailUrl":"https:\/\/pagina10.com\/web\/wp-content\/uploads\/2022\/10\/FOTO-2-ROBINSON-CHALAPUD-01-2.jpg","datePublished":"2022-10-22T03:32:22+00:00","breadcrumb":{"@id":"https:\/\/pagina10.com\/web\/luto-en-arboleda-tras-fallecimiento-de-una-familia-que-quedo-sepultada-por-un-deslizamiento-de-tierra\/#breadcrumb"},"inLanguage":"es","potentialAction":[{"@type":"ReadAction","target":["https:\/\/pagina10.com\/web\/luto-en-arboleda-tras-fallecimiento-de-una-familia-que-quedo-sepultada-por-un-deslizamiento-de-tierra\/"]}]},{"@type":"ImageObject","inLanguage":"es","@id":"https:\/\/pagina10.com\/web\/luto-en-arboleda-tras-fallecimiento-de-una-familia-que-quedo-sepultada-por-un-deslizamiento-de-tierra\/#primaryimage","url":"https:\/\/pagina10.com\/web\/wp-content\/uploads\/2022\/10\/FOTO-2-ROBINSON-CHALAPUD-01-2.jpg","contentUrl":"https:\/\/pagina10.com\/web\/wp-content\/uploads\/2022\/10\/FOTO-2-ROBINSON-CHALAPUD-01-2.jpg","width":2358,"height":1343},{"@type":"BreadcrumbList","@id":"https:\/\/pagina10.com\/web\/luto-en-arboleda-tras-fallecimiento-de-una-familia-que-quedo-sepultada-por-un-deslizamiento-de-tierra\/#breadcrumb","itemListElement":[{"@type":"ListItem","position":1,"name":"Portada","item":"https:\/\/pagina10.com\/web\/"},{"@type":"ListItem","position":2,"name":"Luto en Arboleda tras fallecimiento de una familia que qued\u00f3 sepultada por un deslizamiento de tierra"}]},{"@type":"WebSite","@id":"https:\/\/pagina10.com\/web\/#website","url":"https:\/\/pagina10.com\/web\/","name":"P\u00e1gina10","description":"Peri\u00f3dico Regional","publisher":{"@id":"https:\/\/pagina10.com\/web\/#organization"},"alternateName":"P\u00e1gina10 Peri\u00f3dico Regional","potentialAction":[{"@type":"SearchAction","target":{"@type":"EntryPoint","urlTemplate":"https:\/\/pagina10.com\/web\/?s={search_term_string}"},"query-input":{"@type":"PropertyValueSpecification","valueRequired":true,"valueName":"search_term_string"}}],"inLanguage":"es"},{"@type":"Organization","@id":"https:\/\/pagina10.com\/web\/#organization","name":"P\u00e1gina10","alternateName":"P\u00e1gina10 Peri\u00f3dico Regional","url":"https:\/\/pagina10.com\/web\/","logo":{"@type":"ImageObject","inLanguage":"es","@id":"https:\/\/pagina10.com\/web\/#\/schema\/logo\/image\/","url":"https:\/\/pagina10.com\/web\/wp-content\/uploads\/2024\/01\/40-pagina-10-periodico-regional-pasto.jpg","contentUrl":"https:\/\/pagina10.com\/web\/wp-content\/uploads\/2024\/01\/40-pagina-10-periodico-regional-pasto.jpg","width":1280,"height":720,"caption":"P\u00e1gina10"},"image":{"@id":"https:\/\/pagina10.com\/web\/#\/schema\/logo\/image\/"},"sameAs":["https:\/\/www.facebook.com\/pag10com","https:\/\/x.com\/Pag10com","https:\/\/www.instagram.com\/pagina10col\/","https:\/\/youtube.com\/channel\/pag10","https:\/\/www.tiktok.com\/@p10col"]},{"@type":"Person","@id":"https:\/\/pagina10.com\/web\/#\/schema\/person\/2efc4a090d25b667d3bc796798a3a81b","name":"P\u00e1gina 10","description":"P\u00e1gina 10 es un peri\u00f3dico regional que nace en Colombia, en el departamento de Nari\u00f1o, con un enfoque global, fundamentado en cuatro pilares esenciales: la libertad, el pluralismo, la inclusi\u00f3n y la independencia. P\u00e1gina 10 hace referencia a Nari\u00f1o como el d\u00e9cimo departamento creado en Colombia, despu\u00e9s de un proceso pol\u00edtico liderado por actores y actrices regionales con el fin de obtener la independencia y autonom\u00eda de nuestros territorios. Con la creaci\u00f3n de P\u00e1gina 10 se pretende abrir un escenario para el dialogo, la reflexi\u00f3n y el debate que se extienda a otras geograf\u00edas de Am\u00e9rica Latina y del planeta, en una apuesta por transformar colectivamente los desaf\u00edos de un mundo contempor\u00e1neo, m\u00e1s all\u00e1 de las fronteras impuestas.","url":"https:\/\/pagina10.com\/web\/author\/pdiezadmin\/"}]}},"_links":{"self":[{"href":"https:\/\/pagina10.com\/web\/wp-json\/wp\/v2\/posts\/62390","targetHints":{"allow":["GET"]}}],"collection":[{"href":"https:\/\/pagina10.com\/web\/wp-json\/wp\/v2\/posts"}],"about":[{"href":"https:\/\/pagina10.com\/web\/wp-json\/wp\/v2\/types\/post"}],"author":[{"embeddable":true,"href":"https:\/\/pagina10.com\/web\/wp-json\/wp\/v2\/users\/1"}],"replies":[{"embeddable":true,"href":"https:\/\/pagina10.com\/web\/wp-json\/wp\/v2\/comments?post=62390"}],"version-history":[{"count":1,"href":"https:\/\/pagina10.com\/web\/wp-json\/wp\/v2\/posts\/62390\/revisions"}],"predecessor-version":[{"id":62392,"href":"https:\/\/pagina10.com\/web\/wp-json\/wp\/v2\/posts\/62390\/revisions\/62392"}],"wp:featuredmedia":[{"embeddable":true,"href":"https:\/\/pagina10.com\/web\/wp-json\/wp\/v2\/media\/62391"}],"wp:attachment":[{"href":"https:\/\/pagina10.com\/web\/wp-json\/wp\/v2\/media?parent=62390"}],"wp:term":[{"taxonomy":"category","embeddable":true,"href":"https:\/\/pagina10.com\/web\/wp-json\/wp\/v2\/categories?post=62390"},{"taxonomy":"post_tag","embeddable":true,"href":"https:\/\/pagina10.com\/web\/wp-json\/wp\/v2\/tags?post=62390"}],"curies":[{"name":"wp","href":"https:\/\/api.w.org\/{rel}","templated":true}]}}