{"id":62460,"date":"2022-10-26T20:42:20","date_gmt":"2022-10-27T01:42:20","guid":{"rendered":"https:\/\/pagina10.com\/web\/?p=62460"},"modified":"2022-10-27T11:08:54","modified_gmt":"2022-10-27T16:08:54","slug":"hijo-del-presidente-petro-confunde-a-narinense-y-la-acusa-de-integrar-el-clan-de-los-char-en-barranquilla","status":"publish","type":"post","link":"https:\/\/pagina10.com\/web\/hijo-del-presidente-petro-confunde-a-narinense-y-la-acusa-de-integrar-el-clan-de-los-char-en-barranquilla\/","title":{"rendered":"Hijo del presidente Petro confunde a nari\u00f1ense y la acusa de integrar el Clan de los Char en Barranquilla"},"content":{"rendered":"<p style=\"text-align: justify;\">Con este trino: \u201cLos Char con los falsos progresistas piensan hacerle un gol al gobierno nacional, van a nombrar en el viceministerio de Ciencias, tecnolog\u00eda e innovaci\u00f3n a \u00c1ngela Yesenia Olaya Requene. Un insulto al Pacto Hist\u00f3rico\u201d, Nicol\u00e1s Petro Burgos hijo del presidente Gustavo Petro y diputado del Atl\u00e1ntico, caus\u00f3 pol\u00e9mica al confundir a la nari\u00f1ense como parte del clan pol\u00edtico barranquillero.<\/p>\n<p style=\"text-align: justify;\">De inmediato varios amigos de Olaya Requene, quien podr\u00eda ser nombrada como viceministra de talento y apropiaci\u00f3n social del conocimiento en el MinCiencias, salieron en su defensa y le pidieron al dirigente rectificar dicha informaci\u00f3n. \u201cQue irresponsabilidad que @nicolaspetroB est\u00e9 haciendo declaraciones falsas y malintencionadas. Muchas conocemos la impecable trayectoria de @YeseniaOlayaR y es una terrible difamaci\u00f3n vincularla con los Char. Incre\u00edble que esto pase en el gobierno del cambio @petrogustavo\u201d, escribi\u00f3 la usuaria Mar\u00eda C.<\/p>\n<p style=\"text-align: justify;\">\u201cEs mentira, conozco a @YeseniaOlayaR desde que milit\u00e1bamos en el movimiento estudiantil negro por el a\u00f1o 2007. Conozco su trabajo intelectual y ella no es parte de la casa Char. No podemos @nicolaspetroB lanzar este tipo de informaci\u00f3n sin conocer a fondos los contextos\u201d, replic\u00f3 la ususaria Rudy Amanda Hurtado.<\/p>\n<p>As\u00ed mismo, un grupo de acad\u00e9micos y profesionales destacados habilitaron la siguiente petici\u00f3n https:\/\/docs.google.com\/document\/d\/18inue1pM2F5w4uwG4HC0MiVjkG2tETFCN3eEzFJT1cg\/edit para fijar su respaldo hacia Olaya Requene.<\/p>\n","protected":false},"excerpt":{"rendered":"<p>Con este trino: \u201cLos Char con los falsos progresistas piensan hacerle un gol al gobierno nacional, van a nombrar en el viceministerio de Ciencias, tecnolog\u00eda e innovaci\u00f3n a \u00c1ngela Yesenia Olaya Requene. Un insulto al Pacto Hist\u00f3rico\u201d, Nicol\u00e1s Petro Burgos hijo del presidente Gustavo Petro y diputado del Atl\u00e1ntico, caus\u00f3 pol\u00e9mica al confundir a la [&hellip;]<\/p>\n","protected":false},"author":1,"featured_media":62464,"comment_status":"open","ping_status":"open","sticky":false,"template":"","format":"standard","meta":{"footnotes":""},"categories":[84],"tags":[],"class_list":["post-62460","post","type-post","status-publish","format-standard","has-post-thumbnail","hentry","category-global-2"],"yoast_head":"<!-- This site is optimized with the Yoast SEO plugin v27.1.1 - https:\/\/yoast.com\/product\/yoast-seo-wordpress\/ -->\n<title>Hijo del presidente Petro confunde a nari\u00f1ense y la acusa de integrar el Clan de los Char en Barranquilla | P\u00e1gina10<\/title>\n<meta name=\"robots\" content=\"index, follow, max-snippet:-1, max-image-preview:large, max-video-preview:-1\" \/>\n<link rel=\"canonical\" href=\"https:\/\/pagina10.com\/web\/hijo-del-presidente-petro-confunde-a-narinense-y-la-acusa-de-integrar-el-clan-de-los-char-en-barranquilla\/\" \/>\n<meta property=\"og:locale\" content=\"es_ES\" \/>\n<meta property=\"og:type\" content=\"article\" \/>\n<meta property=\"og:title\" content=\"Hijo del presidente Petro confunde a nari\u00f1ense y la acusa de integrar el Clan de los Char en Barranquilla | P\u00e1gina10\" \/>\n<meta property=\"og:description\" content=\"Con este trino: \u201cLos Char con los falsos progresistas piensan hacerle un gol al gobierno nacional, van a nombrar en el viceministerio de Ciencias, tecnolog\u00eda e innovaci\u00f3n a \u00c1ngela Yesenia Olaya Requene. Un insulto al Pacto Hist\u00f3rico\u201d, Nicol\u00e1s Petro Burgos hijo del presidente Gustavo Petro y diputado del Atl\u00e1ntico, caus\u00f3 pol\u00e9mica al confundir a la [&hellip;]\" \/>\n<meta property=\"og:url\" content=\"https:\/\/pagina10.com\/web\/hijo-del-presidente-petro-confunde-a-narinense-y-la-acusa-de-integrar-el-clan-de-los-char-en-barranquilla\/\" \/>\n<meta property=\"og:site_name\" content=\"P\u00e1gina10\" \/>\n<meta property=\"article:publisher\" content=\"https:\/\/www.facebook.com\/pag10com\" \/>\n<meta property=\"article:published_time\" content=\"2022-10-27T01:42:20+00:00\" \/>\n<meta property=\"article:modified_time\" content=\"2022-10-27T16:08:54+00:00\" \/>\n<meta property=\"og:image\" content=\"https:\/\/pagina10.com\/web\/wp-content\/uploads\/2022\/10\/WhatsApp-Image-2022-10-18-at-9.48.50-PM-01-2.jpg\" \/>\n\t<meta property=\"og:image:width\" content=\"2350\" \/>\n\t<meta property=\"og:image:height\" content=\"1535\" \/>\n\t<meta property=\"og:image:type\" content=\"image\/jpeg\" \/>\n<meta name=\"author\" content=\"P\u00e1gina 10\" \/>\n<meta name=\"twitter:card\" content=\"summary_large_image\" \/>\n<meta name=\"twitter:creator\" content=\"@Pag10com\" \/>\n<meta name=\"twitter:site\" content=\"@Pag10com\" \/>\n<meta name=\"twitter:label1\" content=\"Escrito por\" \/>\n\t<meta name=\"twitter:data1\" content=\"P\u00e1gina 10\" \/>\n\t<meta name=\"twitter:label2\" content=\"Tiempo de lectura\" \/>\n\t<meta name=\"twitter:data2\" content=\"1 minuto\" \/>\n<script type=\"application\/ld+json\" class=\"yoast-schema-graph\">{\"@context\":\"https:\/\/schema.org\",\"@graph\":[{\"@type\":\"Article\",\"@id\":\"https:\/\/pagina10.com\/web\/hijo-del-presidente-petro-confunde-a-narinense-y-la-acusa-de-integrar-el-clan-de-los-char-en-barranquilla\/#article\",\"isPartOf\":{\"@id\":\"https:\/\/pagina10.com\/web\/hijo-del-presidente-petro-confunde-a-narinense-y-la-acusa-de-integrar-el-clan-de-los-char-en-barranquilla\/\"},\"author\":{\"name\":\"P\u00e1gina 10\",\"@id\":\"https:\/\/pagina10.com\/web\/#\/schema\/person\/2efc4a090d25b667d3bc796798a3a81b\"},\"headline\":\"Hijo del presidente Petro confunde a nari\u00f1ense y la acusa de integrar el Clan de los Char en Barranquilla\",\"datePublished\":\"2022-10-27T01:42:20+00:00\",\"dateModified\":\"2022-10-27T16:08:54+00:00\",\"mainEntityOfPage\":{\"@id\":\"https:\/\/pagina10.com\/web\/hijo-del-presidente-petro-confunde-a-narinense-y-la-acusa-de-integrar-el-clan-de-los-char-en-barranquilla\/\"},\"wordCount\":263,\"commentCount\":0,\"publisher\":{\"@id\":\"https:\/\/pagina10.com\/web\/#organization\"},\"image\":{\"@id\":\"https:\/\/pagina10.com\/web\/hijo-del-presidente-petro-confunde-a-narinense-y-la-acusa-de-integrar-el-clan-de-los-char-en-barranquilla\/#primaryimage\"},\"thumbnailUrl\":\"https:\/\/pagina10.com\/web\/wp-content\/uploads\/2022\/10\/WhatsApp-Image-2022-10-18-at-9.48.50-PM-01-2.jpg\",\"articleSection\":[\"Global\"],\"inLanguage\":\"es\",\"potentialAction\":[{\"@type\":\"CommentAction\",\"name\":\"Comment\",\"target\":[\"https:\/\/pagina10.com\/web\/hijo-del-presidente-petro-confunde-a-narinense-y-la-acusa-de-integrar-el-clan-de-los-char-en-barranquilla\/#respond\"]}]},{\"@type\":\"WebPage\",\"@id\":\"https:\/\/pagina10.com\/web\/hijo-del-presidente-petro-confunde-a-narinense-y-la-acusa-de-integrar-el-clan-de-los-char-en-barranquilla\/\",\"url\":\"https:\/\/pagina10.com\/web\/hijo-del-presidente-petro-confunde-a-narinense-y-la-acusa-de-integrar-el-clan-de-los-char-en-barranquilla\/\",\"name\":\"Hijo del presidente Petro confunde a nari\u00f1ense y la acusa de integrar el Clan de los Char en Barranquilla | P\u00e1gina10\",\"isPartOf\":{\"@id\":\"https:\/\/pagina10.com\/web\/#website\"},\"primaryImageOfPage\":{\"@id\":\"https:\/\/pagina10.com\/web\/hijo-del-presidente-petro-confunde-a-narinense-y-la-acusa-de-integrar-el-clan-de-los-char-en-barranquilla\/#primaryimage\"},\"image\":{\"@id\":\"https:\/\/pagina10.com\/web\/hijo-del-presidente-petro-confunde-a-narinense-y-la-acusa-de-integrar-el-clan-de-los-char-en-barranquilla\/#primaryimage\"},\"thumbnailUrl\":\"https:\/\/pagina10.com\/web\/wp-content\/uploads\/2022\/10\/WhatsApp-Image-2022-10-18-at-9.48.50-PM-01-2.jpg\",\"datePublished\":\"2022-10-27T01:42:20+00:00\",\"dateModified\":\"2022-10-27T16:08:54+00:00\",\"breadcrumb\":{\"@id\":\"https:\/\/pagina10.com\/web\/hijo-del-presidente-petro-confunde-a-narinense-y-la-acusa-de-integrar-el-clan-de-los-char-en-barranquilla\/#breadcrumb\"},\"inLanguage\":\"es\",\"potentialAction\":[{\"@type\":\"ReadAction\",\"target\":[\"https:\/\/pagina10.com\/web\/hijo-del-presidente-petro-confunde-a-narinense-y-la-acusa-de-integrar-el-clan-de-los-char-en-barranquilla\/\"]}]},{\"@type\":\"ImageObject\",\"inLanguage\":\"es\",\"@id\":\"https:\/\/pagina10.com\/web\/hijo-del-presidente-petro-confunde-a-narinense-y-la-acusa-de-integrar-el-clan-de-los-char-en-barranquilla\/#primaryimage\",\"url\":\"https:\/\/pagina10.com\/web\/wp-content\/uploads\/2022\/10\/WhatsApp-Image-2022-10-18-at-9.48.50-PM-01-2.jpg\",\"contentUrl\":\"https:\/\/pagina10.com\/web\/wp-content\/uploads\/2022\/10\/WhatsApp-Image-2022-10-18-at-9.48.50-PM-01-2.jpg\",\"width\":2350,\"height\":1535},{\"@type\":\"BreadcrumbList\",\"@id\":\"https:\/\/pagina10.com\/web\/hijo-del-presidente-petro-confunde-a-narinense-y-la-acusa-de-integrar-el-clan-de-los-char-en-barranquilla\/#breadcrumb\",\"itemListElement\":[{\"@type\":\"ListItem\",\"position\":1,\"name\":\"Portada\",\"item\":\"https:\/\/pagina10.com\/web\/\"},{\"@type\":\"ListItem\",\"position\":2,\"name\":\"Hijo del presidente Petro confunde a nari\u00f1ense y la acusa de integrar el Clan de los Char en Barranquilla\"}]},{\"@type\":\"WebSite\",\"@id\":\"https:\/\/pagina10.com\/web\/#website\",\"url\":\"https:\/\/pagina10.com\/web\/\",\"name\":\"P\u00e1gina10\",\"description\":\"Peri\u00f3dico Regional\",\"publisher\":{\"@id\":\"https:\/\/pagina10.com\/web\/#organization\"},\"alternateName\":\"P\u00e1gina10 Peri\u00f3dico Regional\",\"potentialAction\":[{\"@type\":\"SearchAction\",\"target\":{\"@type\":\"EntryPoint\",\"urlTemplate\":\"https:\/\/pagina10.com\/web\/?s={search_term_string}\"},\"query-input\":{\"@type\":\"PropertyValueSpecification\",\"valueRequired\":true,\"valueName\":\"search_term_string\"}}],\"inLanguage\":\"es\"},{\"@type\":\"Organization\",\"@id\":\"https:\/\/pagina10.com\/web\/#organization\",\"name\":\"P\u00e1gina10\",\"alternateName\":\"P\u00e1gina10 Peri\u00f3dico Regional\",\"url\":\"https:\/\/pagina10.com\/web\/\",\"logo\":{\"@type\":\"ImageObject\",\"inLanguage\":\"es\",\"@id\":\"https:\/\/pagina10.com\/web\/#\/schema\/logo\/image\/\",\"url\":\"https:\/\/pagina10.com\/web\/wp-content\/uploads\/2024\/01\/40-pagina-10-periodico-regional-pasto.jpg\",\"contentUrl\":\"https:\/\/pagina10.com\/web\/wp-content\/uploads\/2024\/01\/40-pagina-10-periodico-regional-pasto.jpg\",\"width\":1280,\"height\":720,\"caption\":\"P\u00e1gina10\"},\"image\":{\"@id\":\"https:\/\/pagina10.com\/web\/#\/schema\/logo\/image\/\"},\"sameAs\":[\"https:\/\/www.facebook.com\/pag10com\",\"https:\/\/x.com\/Pag10com\",\"https:\/\/www.instagram.com\/pagina10col\/\",\"https:\/\/youtube.com\/channel\/pag10\",\"https:\/\/www.tiktok.com\/@p10col\"]},{\"@type\":\"Person\",\"@id\":\"https:\/\/pagina10.com\/web\/#\/schema\/person\/2efc4a090d25b667d3bc796798a3a81b\",\"name\":\"P\u00e1gina 10\",\"description\":\"P\u00e1gina 10 es un peri\u00f3dico regional que nace en Colombia, en el departamento de Nari\u00f1o, con un enfoque global, fundamentado en cuatro pilares esenciales: la libertad, el pluralismo, la inclusi\u00f3n y la independencia. P\u00e1gina 10 hace referencia a Nari\u00f1o como el d\u00e9cimo departamento creado en Colombia, despu\u00e9s de un proceso pol\u00edtico liderado por actores y actrices regionales con el fin de obtener la independencia y autonom\u00eda de nuestros territorios. Con la creaci\u00f3n de P\u00e1gina 10 se pretende abrir un escenario para el dialogo, la reflexi\u00f3n y el debate que se extienda a otras geograf\u00edas de Am\u00e9rica Latina y del planeta, en una apuesta por transformar colectivamente los desaf\u00edos de un mundo contempor\u00e1neo, m\u00e1s all\u00e1 de las fronteras impuestas.\",\"url\":\"https:\/\/pagina10.com\/web\/author\/pdiezadmin\/\"}]}<\/script>\n<!-- \/ Yoast SEO plugin. -->","yoast_head_json":{"title":"Hijo del presidente Petro confunde a nari\u00f1ense y la acusa de integrar el Clan de los Char en Barranquilla | P\u00e1gina10","robots":{"index":"index","follow":"follow","max-snippet":"max-snippet:-1","max-image-preview":"max-image-preview:large","max-video-preview":"max-video-preview:-1"},"canonical":"https:\/\/pagina10.com\/web\/hijo-del-presidente-petro-confunde-a-narinense-y-la-acusa-de-integrar-el-clan-de-los-char-en-barranquilla\/","og_locale":"es_ES","og_type":"article","og_title":"Hijo del presidente Petro confunde a nari\u00f1ense y la acusa de integrar el Clan de los Char en Barranquilla | P\u00e1gina10","og_description":"Con este trino: \u201cLos Char con los falsos progresistas piensan hacerle un gol al gobierno nacional, van a nombrar en el viceministerio de Ciencias, tecnolog\u00eda e innovaci\u00f3n a \u00c1ngela Yesenia Olaya Requene. Un insulto al Pacto Hist\u00f3rico\u201d, Nicol\u00e1s Petro Burgos hijo del presidente Gustavo Petro y diputado del Atl\u00e1ntico, caus\u00f3 pol\u00e9mica al confundir a la [&hellip;]","og_url":"https:\/\/pagina10.com\/web\/hijo-del-presidente-petro-confunde-a-narinense-y-la-acusa-de-integrar-el-clan-de-los-char-en-barranquilla\/","og_site_name":"P\u00e1gina10","article_publisher":"https:\/\/www.facebook.com\/pag10com","article_published_time":"2022-10-27T01:42:20+00:00","article_modified_time":"2022-10-27T16:08:54+00:00","og_image":[{"width":2350,"height":1535,"url":"https:\/\/pagina10.com\/web\/wp-content\/uploads\/2022\/10\/WhatsApp-Image-2022-10-18-at-9.48.50-PM-01-2.jpg","type":"image\/jpeg"}],"author":"P\u00e1gina 10","twitter_card":"summary_large_image","twitter_creator":"@Pag10com","twitter_site":"@Pag10com","twitter_misc":{"Escrito por":"P\u00e1gina 10","Tiempo de lectura":"1 minuto"},"schema":{"@context":"https:\/\/schema.org","@graph":[{"@type":"Article","@id":"https:\/\/pagina10.com\/web\/hijo-del-presidente-petro-confunde-a-narinense-y-la-acusa-de-integrar-el-clan-de-los-char-en-barranquilla\/#article","isPartOf":{"@id":"https:\/\/pagina10.com\/web\/hijo-del-presidente-petro-confunde-a-narinense-y-la-acusa-de-integrar-el-clan-de-los-char-en-barranquilla\/"},"author":{"name":"P\u00e1gina 10","@id":"https:\/\/pagina10.com\/web\/#\/schema\/person\/2efc4a090d25b667d3bc796798a3a81b"},"headline":"Hijo del presidente Petro confunde a nari\u00f1ense y la acusa de integrar el Clan de los Char en Barranquilla","datePublished":"2022-10-27T01:42:20+00:00","dateModified":"2022-10-27T16:08:54+00:00","mainEntityOfPage":{"@id":"https:\/\/pagina10.com\/web\/hijo-del-presidente-petro-confunde-a-narinense-y-la-acusa-de-integrar-el-clan-de-los-char-en-barranquilla\/"},"wordCount":263,"commentCount":0,"publisher":{"@id":"https:\/\/pagina10.com\/web\/#organization"},"image":{"@id":"https:\/\/pagina10.com\/web\/hijo-del-presidente-petro-confunde-a-narinense-y-la-acusa-de-integrar-el-clan-de-los-char-en-barranquilla\/#primaryimage"},"thumbnailUrl":"https:\/\/pagina10.com\/web\/wp-content\/uploads\/2022\/10\/WhatsApp-Image-2022-10-18-at-9.48.50-PM-01-2.jpg","articleSection":["Global"],"inLanguage":"es","potentialAction":[{"@type":"CommentAction","name":"Comment","target":["https:\/\/pagina10.com\/web\/hijo-del-presidente-petro-confunde-a-narinense-y-la-acusa-de-integrar-el-clan-de-los-char-en-barranquilla\/#respond"]}]},{"@type":"WebPage","@id":"https:\/\/pagina10.com\/web\/hijo-del-presidente-petro-confunde-a-narinense-y-la-acusa-de-integrar-el-clan-de-los-char-en-barranquilla\/","url":"https:\/\/pagina10.com\/web\/hijo-del-presidente-petro-confunde-a-narinense-y-la-acusa-de-integrar-el-clan-de-los-char-en-barranquilla\/","name":"Hijo del presidente Petro confunde a nari\u00f1ense y la acusa de integrar el Clan de los Char en Barranquilla | P\u00e1gina10","isPartOf":{"@id":"https:\/\/pagina10.com\/web\/#website"},"primaryImageOfPage":{"@id":"https:\/\/pagina10.com\/web\/hijo-del-presidente-petro-confunde-a-narinense-y-la-acusa-de-integrar-el-clan-de-los-char-en-barranquilla\/#primaryimage"},"image":{"@id":"https:\/\/pagina10.com\/web\/hijo-del-presidente-petro-confunde-a-narinense-y-la-acusa-de-integrar-el-clan-de-los-char-en-barranquilla\/#primaryimage"},"thumbnailUrl":"https:\/\/pagina10.com\/web\/wp-content\/uploads\/2022\/10\/WhatsApp-Image-2022-10-18-at-9.48.50-PM-01-2.jpg","datePublished":"2022-10-27T01:42:20+00:00","dateModified":"2022-10-27T16:08:54+00:00","breadcrumb":{"@id":"https:\/\/pagina10.com\/web\/hijo-del-presidente-petro-confunde-a-narinense-y-la-acusa-de-integrar-el-clan-de-los-char-en-barranquilla\/#breadcrumb"},"inLanguage":"es","potentialAction":[{"@type":"ReadAction","target":["https:\/\/pagina10.com\/web\/hijo-del-presidente-petro-confunde-a-narinense-y-la-acusa-de-integrar-el-clan-de-los-char-en-barranquilla\/"]}]},{"@type":"ImageObject","inLanguage":"es","@id":"https:\/\/pagina10.com\/web\/hijo-del-presidente-petro-confunde-a-narinense-y-la-acusa-de-integrar-el-clan-de-los-char-en-barranquilla\/#primaryimage","url":"https:\/\/pagina10.com\/web\/wp-content\/uploads\/2022\/10\/WhatsApp-Image-2022-10-18-at-9.48.50-PM-01-2.jpg","contentUrl":"https:\/\/pagina10.com\/web\/wp-content\/uploads\/2022\/10\/WhatsApp-Image-2022-10-18-at-9.48.50-PM-01-2.jpg","width":2350,"height":1535},{"@type":"BreadcrumbList","@id":"https:\/\/pagina10.com\/web\/hijo-del-presidente-petro-confunde-a-narinense-y-la-acusa-de-integrar-el-clan-de-los-char-en-barranquilla\/#breadcrumb","itemListElement":[{"@type":"ListItem","position":1,"name":"Portada","item":"https:\/\/pagina10.com\/web\/"},{"@type":"ListItem","position":2,"name":"Hijo del presidente Petro confunde a nari\u00f1ense y la acusa de integrar el Clan de los Char en Barranquilla"}]},{"@type":"WebSite","@id":"https:\/\/pagina10.com\/web\/#website","url":"https:\/\/pagina10.com\/web\/","name":"P\u00e1gina10","description":"Peri\u00f3dico Regional","publisher":{"@id":"https:\/\/pagina10.com\/web\/#organization"},"alternateName":"P\u00e1gina10 Peri\u00f3dico Regional","potentialAction":[{"@type":"SearchAction","target":{"@type":"EntryPoint","urlTemplate":"https:\/\/pagina10.com\/web\/?s={search_term_string}"},"query-input":{"@type":"PropertyValueSpecification","valueRequired":true,"valueName":"search_term_string"}}],"inLanguage":"es"},{"@type":"Organization","@id":"https:\/\/pagina10.com\/web\/#organization","name":"P\u00e1gina10","alternateName":"P\u00e1gina10 Peri\u00f3dico Regional","url":"https:\/\/pagina10.com\/web\/","logo":{"@type":"ImageObject","inLanguage":"es","@id":"https:\/\/pagina10.com\/web\/#\/schema\/logo\/image\/","url":"https:\/\/pagina10.com\/web\/wp-content\/uploads\/2024\/01\/40-pagina-10-periodico-regional-pasto.jpg","contentUrl":"https:\/\/pagina10.com\/web\/wp-content\/uploads\/2024\/01\/40-pagina-10-periodico-regional-pasto.jpg","width":1280,"height":720,"caption":"P\u00e1gina10"},"image":{"@id":"https:\/\/pagina10.com\/web\/#\/schema\/logo\/image\/"},"sameAs":["https:\/\/www.facebook.com\/pag10com","https:\/\/x.com\/Pag10com","https:\/\/www.instagram.com\/pagina10col\/","https:\/\/youtube.com\/channel\/pag10","https:\/\/www.tiktok.com\/@p10col"]},{"@type":"Person","@id":"https:\/\/pagina10.com\/web\/#\/schema\/person\/2efc4a090d25b667d3bc796798a3a81b","name":"P\u00e1gina 10","description":"P\u00e1gina 10 es un peri\u00f3dico regional que nace en Colombia, en el departamento de Nari\u00f1o, con un enfoque global, fundamentado en cuatro pilares esenciales: la libertad, el pluralismo, la inclusi\u00f3n y la independencia. P\u00e1gina 10 hace referencia a Nari\u00f1o como el d\u00e9cimo departamento creado en Colombia, despu\u00e9s de un proceso pol\u00edtico liderado por actores y actrices regionales con el fin de obtener la independencia y autonom\u00eda de nuestros territorios. Con la creaci\u00f3n de P\u00e1gina 10 se pretende abrir un escenario para el dialogo, la reflexi\u00f3n y el debate que se extienda a otras geograf\u00edas de Am\u00e9rica Latina y del planeta, en una apuesta por transformar colectivamente los desaf\u00edos de un mundo contempor\u00e1neo, m\u00e1s all\u00e1 de las fronteras impuestas.","url":"https:\/\/pagina10.com\/web\/author\/pdiezadmin\/"}]}},"_links":{"self":[{"href":"https:\/\/pagina10.com\/web\/wp-json\/wp\/v2\/posts\/62460","targetHints":{"allow":["GET"]}}],"collection":[{"href":"https:\/\/pagina10.com\/web\/wp-json\/wp\/v2\/posts"}],"about":[{"href":"https:\/\/pagina10.com\/web\/wp-json\/wp\/v2\/types\/post"}],"author":[{"embeddable":true,"href":"https:\/\/pagina10.com\/web\/wp-json\/wp\/v2\/users\/1"}],"replies":[{"embeddable":true,"href":"https:\/\/pagina10.com\/web\/wp-json\/wp\/v2\/comments?post=62460"}],"version-history":[{"count":4,"href":"https:\/\/pagina10.com\/web\/wp-json\/wp\/v2\/posts\/62460\/revisions"}],"predecessor-version":[{"id":62468,"href":"https:\/\/pagina10.com\/web\/wp-json\/wp\/v2\/posts\/62460\/revisions\/62468"}],"wp:featuredmedia":[{"embeddable":true,"href":"https:\/\/pagina10.com\/web\/wp-json\/wp\/v2\/media\/62464"}],"wp:attachment":[{"href":"https:\/\/pagina10.com\/web\/wp-json\/wp\/v2\/media?parent=62460"}],"wp:term":[{"taxonomy":"category","embeddable":true,"href":"https:\/\/pagina10.com\/web\/wp-json\/wp\/v2\/categories?post=62460"},{"taxonomy":"post_tag","embeddable":true,"href":"https:\/\/pagina10.com\/web\/wp-json\/wp\/v2\/tags?post=62460"}],"curies":[{"name":"wp","href":"https:\/\/api.w.org\/{rel}","templated":true}]}}