{"id":62479,"date":"2022-10-28T14:41:00","date_gmt":"2022-10-28T19:41:00","guid":{"rendered":"https:\/\/pagina10.com\/web\/?p=62479"},"modified":"2022-10-28T14:41:00","modified_gmt":"2022-10-28T19:41:00","slug":"disidentes-liberaron-a-16-personas-que-tenian-secuestradas","status":"publish","type":"post","link":"https:\/\/pagina10.com\/web\/disidentes-liberaron-a-16-personas-que-tenian-secuestradas\/","title":{"rendered":"Disidentes liberaron a 16 personas que ten\u00edan secuestradas"},"content":{"rendered":"<p style=\"text-align: justify;\">En las \u00faltimas horas el Comit\u00e9 Internacional de la Cruz Roja (CICR) recibi\u00f3 a 16 personas que se encontraban en poder de la Segunda Marquetalia. La operaci\u00f3n humanitaria, que tuvo lugar en zona rural de Nari\u00f1o, se desarroll\u00f3 en coordinaci\u00f3n con la Oficina del Alto Comisionado para la Paz, la Defensor\u00eda del Pueblo y la Iglesia Cat\u00f3lica. Esta liberaci\u00f3n se realiz\u00f3 en el contexto de los recientes enfrentamientos que se han dado entre grupos armados en la zona.<\/p>\n<p style=\"text-align: justify;\">&#8220;El derecho internacional humanitario protege principalmente a las personas que no participan o que han dejado de participar en las hostilidades y establece que estas deben ser tratadas con humanidad en todas las circunstancias. En ese sentido, apreciamos la colaboraci\u00f3n de las partes involucradas para llevar a buen t\u00e9rmino esta acci\u00f3n humanitaria y garantizar la liberaci\u00f3n de personas capturadas a ra\u00edz de conflictos armados&#8221;, expres\u00f3 Jos\u00e9 Antonio Delgado, jefe de operaciones de la delegaci\u00f3n del CICR en Colombia.<\/p>\n<p style=\"text-align: justify;\">El personal de salud del CICR, que acompa\u00f1\u00f3 la misi\u00f3n humanitaria, examin\u00f3 de manera preliminar a las personas liberadas y estableci\u00f3 que se encontraban en adecuadas condiciones de salud, por lo cual estas fueron trasladadas posteriormente a otras zonas del pa\u00eds.<\/p>\n<p style=\"text-align: justify;\">\u201cDetr\u00e1s de una persona que est\u00e1 en poder de un actor armado siempre hay una madre o padre, un hijo o hija o un ser querido que espera informaci\u00f3n. Por eso, saludamos estos gestos humanitarios que posibilitan la reunificaci\u00f3n familiar. El respeto del derecho internacional humanitario significa mucho para las personas afectadas por los conflictos armados: cuando se respeta la protecci\u00f3n que confieren estas normas, disminuye la magnitud del sufrimiento humano\u201d, a\u00f1adi\u00f3 Delgado.<\/p>\n","protected":false},"excerpt":{"rendered":"<p>En las \u00faltimas horas el Comit\u00e9 Internacional de la Cruz Roja (CICR) recibi\u00f3 a 16 personas que se encontraban en poder de la Segunda Marquetalia. La operaci\u00f3n humanitaria, que tuvo lugar en zona rural de Nari\u00f1o, se desarroll\u00f3 en coordinaci\u00f3n con la Oficina del Alto Comisionado para la Paz, la Defensor\u00eda del Pueblo y la [&hellip;]<\/p>\n","protected":false},"author":1,"featured_media":62480,"comment_status":"open","ping_status":"open","sticky":false,"template":"","format":"standard","meta":{"footnotes":""},"categories":[61],"tags":[],"class_list":["post-62479","post","type-post","status-publish","format-standard","has-post-thumbnail","hentry","category-judicial"],"yoast_head":"<!-- This site is optimized with the Yoast SEO plugin v27.1.1 - https:\/\/yoast.com\/product\/yoast-seo-wordpress\/ -->\n<title>Disidentes liberaron a 16 personas que ten\u00edan secuestradas | P\u00e1gina10<\/title>\n<meta name=\"robots\" content=\"index, follow, max-snippet:-1, max-image-preview:large, max-video-preview:-1\" \/>\n<link rel=\"canonical\" href=\"https:\/\/pagina10.com\/web\/disidentes-liberaron-a-16-personas-que-tenian-secuestradas\/\" \/>\n<meta property=\"og:locale\" content=\"es_ES\" \/>\n<meta property=\"og:type\" content=\"article\" \/>\n<meta property=\"og:title\" content=\"Disidentes liberaron a 16 personas que ten\u00edan secuestradas | P\u00e1gina10\" \/>\n<meta property=\"og:description\" content=\"En las \u00faltimas horas el Comit\u00e9 Internacional de la Cruz Roja (CICR) recibi\u00f3 a 16 personas que se encontraban en poder de la Segunda Marquetalia. La operaci\u00f3n humanitaria, que tuvo lugar en zona rural de Nari\u00f1o, se desarroll\u00f3 en coordinaci\u00f3n con la Oficina del Alto Comisionado para la Paz, la Defensor\u00eda del Pueblo y la [&hellip;]\" \/>\n<meta property=\"og:url\" content=\"https:\/\/pagina10.com\/web\/disidentes-liberaron-a-16-personas-que-tenian-secuestradas\/\" \/>\n<meta property=\"og:site_name\" content=\"P\u00e1gina10\" \/>\n<meta property=\"article:publisher\" content=\"https:\/\/www.facebook.com\/pag10com\" \/>\n<meta property=\"article:published_time\" content=\"2022-10-28T19:41:00+00:00\" \/>\n<meta property=\"og:image\" content=\"https:\/\/pagina10.com\/web\/wp-content\/uploads\/2022\/10\/cicr_liberacion_narino_colombia.jpg\" \/>\n\t<meta property=\"og:image:width\" content=\"730\" \/>\n\t<meta property=\"og:image:height\" content=\"579\" \/>\n\t<meta property=\"og:image:type\" content=\"image\/jpeg\" \/>\n<meta name=\"author\" content=\"P\u00e1gina 10\" \/>\n<meta name=\"twitter:card\" content=\"summary_large_image\" \/>\n<meta name=\"twitter:creator\" content=\"@Pag10com\" \/>\n<meta name=\"twitter:site\" content=\"@Pag10com\" \/>\n<meta name=\"twitter:label1\" content=\"Escrito por\" \/>\n\t<meta name=\"twitter:data1\" content=\"P\u00e1gina 10\" \/>\n\t<meta name=\"twitter:label2\" content=\"Tiempo de lectura\" \/>\n\t<meta name=\"twitter:data2\" content=\"1 minuto\" \/>\n<script type=\"application\/ld+json\" class=\"yoast-schema-graph\">{\"@context\":\"https:\/\/schema.org\",\"@graph\":[{\"@type\":\"Article\",\"@id\":\"https:\/\/pagina10.com\/web\/disidentes-liberaron-a-16-personas-que-tenian-secuestradas\/#article\",\"isPartOf\":{\"@id\":\"https:\/\/pagina10.com\/web\/disidentes-liberaron-a-16-personas-que-tenian-secuestradas\/\"},\"author\":{\"name\":\"P\u00e1gina 10\",\"@id\":\"https:\/\/pagina10.com\/web\/#\/schema\/person\/2efc4a090d25b667d3bc796798a3a81b\"},\"headline\":\"Disidentes liberaron a 16 personas que ten\u00edan secuestradas\",\"datePublished\":\"2022-10-28T19:41:00+00:00\",\"mainEntityOfPage\":{\"@id\":\"https:\/\/pagina10.com\/web\/disidentes-liberaron-a-16-personas-que-tenian-secuestradas\/\"},\"wordCount\":296,\"commentCount\":0,\"publisher\":{\"@id\":\"https:\/\/pagina10.com\/web\/#organization\"},\"image\":{\"@id\":\"https:\/\/pagina10.com\/web\/disidentes-liberaron-a-16-personas-que-tenian-secuestradas\/#primaryimage\"},\"thumbnailUrl\":\"https:\/\/pagina10.com\/web\/wp-content\/uploads\/2022\/10\/cicr_liberacion_narino_colombia.jpg\",\"articleSection\":[\"Judicial\"],\"inLanguage\":\"es\",\"potentialAction\":[{\"@type\":\"CommentAction\",\"name\":\"Comment\",\"target\":[\"https:\/\/pagina10.com\/web\/disidentes-liberaron-a-16-personas-que-tenian-secuestradas\/#respond\"]}]},{\"@type\":\"WebPage\",\"@id\":\"https:\/\/pagina10.com\/web\/disidentes-liberaron-a-16-personas-que-tenian-secuestradas\/\",\"url\":\"https:\/\/pagina10.com\/web\/disidentes-liberaron-a-16-personas-que-tenian-secuestradas\/\",\"name\":\"Disidentes liberaron a 16 personas que ten\u00edan secuestradas | P\u00e1gina10\",\"isPartOf\":{\"@id\":\"https:\/\/pagina10.com\/web\/#website\"},\"primaryImageOfPage\":{\"@id\":\"https:\/\/pagina10.com\/web\/disidentes-liberaron-a-16-personas-que-tenian-secuestradas\/#primaryimage\"},\"image\":{\"@id\":\"https:\/\/pagina10.com\/web\/disidentes-liberaron-a-16-personas-que-tenian-secuestradas\/#primaryimage\"},\"thumbnailUrl\":\"https:\/\/pagina10.com\/web\/wp-content\/uploads\/2022\/10\/cicr_liberacion_narino_colombia.jpg\",\"datePublished\":\"2022-10-28T19:41:00+00:00\",\"breadcrumb\":{\"@id\":\"https:\/\/pagina10.com\/web\/disidentes-liberaron-a-16-personas-que-tenian-secuestradas\/#breadcrumb\"},\"inLanguage\":\"es\",\"potentialAction\":[{\"@type\":\"ReadAction\",\"target\":[\"https:\/\/pagina10.com\/web\/disidentes-liberaron-a-16-personas-que-tenian-secuestradas\/\"]}]},{\"@type\":\"ImageObject\",\"inLanguage\":\"es\",\"@id\":\"https:\/\/pagina10.com\/web\/disidentes-liberaron-a-16-personas-que-tenian-secuestradas\/#primaryimage\",\"url\":\"https:\/\/pagina10.com\/web\/wp-content\/uploads\/2022\/10\/cicr_liberacion_narino_colombia.jpg\",\"contentUrl\":\"https:\/\/pagina10.com\/web\/wp-content\/uploads\/2022\/10\/cicr_liberacion_narino_colombia.jpg\",\"width\":730,\"height\":579,\"caption\":\"Foto: CICR\"},{\"@type\":\"BreadcrumbList\",\"@id\":\"https:\/\/pagina10.com\/web\/disidentes-liberaron-a-16-personas-que-tenian-secuestradas\/#breadcrumb\",\"itemListElement\":[{\"@type\":\"ListItem\",\"position\":1,\"name\":\"Portada\",\"item\":\"https:\/\/pagina10.com\/web\/\"},{\"@type\":\"ListItem\",\"position\":2,\"name\":\"Disidentes liberaron a 16 personas que ten\u00edan secuestradas\"}]},{\"@type\":\"WebSite\",\"@id\":\"https:\/\/pagina10.com\/web\/#website\",\"url\":\"https:\/\/pagina10.com\/web\/\",\"name\":\"P\u00e1gina10\",\"description\":\"Peri\u00f3dico Regional\",\"publisher\":{\"@id\":\"https:\/\/pagina10.com\/web\/#organization\"},\"alternateName\":\"P\u00e1gina10 Peri\u00f3dico Regional\",\"potentialAction\":[{\"@type\":\"SearchAction\",\"target\":{\"@type\":\"EntryPoint\",\"urlTemplate\":\"https:\/\/pagina10.com\/web\/?s={search_term_string}\"},\"query-input\":{\"@type\":\"PropertyValueSpecification\",\"valueRequired\":true,\"valueName\":\"search_term_string\"}}],\"inLanguage\":\"es\"},{\"@type\":\"Organization\",\"@id\":\"https:\/\/pagina10.com\/web\/#organization\",\"name\":\"P\u00e1gina10\",\"alternateName\":\"P\u00e1gina10 Peri\u00f3dico Regional\",\"url\":\"https:\/\/pagina10.com\/web\/\",\"logo\":{\"@type\":\"ImageObject\",\"inLanguage\":\"es\",\"@id\":\"https:\/\/pagina10.com\/web\/#\/schema\/logo\/image\/\",\"url\":\"https:\/\/pagina10.com\/web\/wp-content\/uploads\/2024\/01\/40-pagina-10-periodico-regional-pasto.jpg\",\"contentUrl\":\"https:\/\/pagina10.com\/web\/wp-content\/uploads\/2024\/01\/40-pagina-10-periodico-regional-pasto.jpg\",\"width\":1280,\"height\":720,\"caption\":\"P\u00e1gina10\"},\"image\":{\"@id\":\"https:\/\/pagina10.com\/web\/#\/schema\/logo\/image\/\"},\"sameAs\":[\"https:\/\/www.facebook.com\/pag10com\",\"https:\/\/x.com\/Pag10com\",\"https:\/\/www.instagram.com\/pagina10col\/\",\"https:\/\/youtube.com\/channel\/pag10\",\"https:\/\/www.tiktok.com\/@p10col\"]},{\"@type\":\"Person\",\"@id\":\"https:\/\/pagina10.com\/web\/#\/schema\/person\/2efc4a090d25b667d3bc796798a3a81b\",\"name\":\"P\u00e1gina 10\",\"description\":\"P\u00e1gina 10 es un peri\u00f3dico regional que nace en Colombia, en el departamento de Nari\u00f1o, con un enfoque global, fundamentado en cuatro pilares esenciales: la libertad, el pluralismo, la inclusi\u00f3n y la independencia. P\u00e1gina 10 hace referencia a Nari\u00f1o como el d\u00e9cimo departamento creado en Colombia, despu\u00e9s de un proceso pol\u00edtico liderado por actores y actrices regionales con el fin de obtener la independencia y autonom\u00eda de nuestros territorios. Con la creaci\u00f3n de P\u00e1gina 10 se pretende abrir un escenario para el dialogo, la reflexi\u00f3n y el debate que se extienda a otras geograf\u00edas de Am\u00e9rica Latina y del planeta, en una apuesta por transformar colectivamente los desaf\u00edos de un mundo contempor\u00e1neo, m\u00e1s all\u00e1 de las fronteras impuestas.\",\"url\":\"https:\/\/pagina10.com\/web\/author\/pdiezadmin\/\"}]}<\/script>\n<!-- \/ Yoast SEO plugin. -->","yoast_head_json":{"title":"Disidentes liberaron a 16 personas que ten\u00edan secuestradas | P\u00e1gina10","robots":{"index":"index","follow":"follow","max-snippet":"max-snippet:-1","max-image-preview":"max-image-preview:large","max-video-preview":"max-video-preview:-1"},"canonical":"https:\/\/pagina10.com\/web\/disidentes-liberaron-a-16-personas-que-tenian-secuestradas\/","og_locale":"es_ES","og_type":"article","og_title":"Disidentes liberaron a 16 personas que ten\u00edan secuestradas | P\u00e1gina10","og_description":"En las \u00faltimas horas el Comit\u00e9 Internacional de la Cruz Roja (CICR) recibi\u00f3 a 16 personas que se encontraban en poder de la Segunda Marquetalia. La operaci\u00f3n humanitaria, que tuvo lugar en zona rural de Nari\u00f1o, se desarroll\u00f3 en coordinaci\u00f3n con la Oficina del Alto Comisionado para la Paz, la Defensor\u00eda del Pueblo y la [&hellip;]","og_url":"https:\/\/pagina10.com\/web\/disidentes-liberaron-a-16-personas-que-tenian-secuestradas\/","og_site_name":"P\u00e1gina10","article_publisher":"https:\/\/www.facebook.com\/pag10com","article_published_time":"2022-10-28T19:41:00+00:00","og_image":[{"width":730,"height":579,"url":"https:\/\/pagina10.com\/web\/wp-content\/uploads\/2022\/10\/cicr_liberacion_narino_colombia.jpg","type":"image\/jpeg"}],"author":"P\u00e1gina 10","twitter_card":"summary_large_image","twitter_creator":"@Pag10com","twitter_site":"@Pag10com","twitter_misc":{"Escrito por":"P\u00e1gina 10","Tiempo de lectura":"1 minuto"},"schema":{"@context":"https:\/\/schema.org","@graph":[{"@type":"Article","@id":"https:\/\/pagina10.com\/web\/disidentes-liberaron-a-16-personas-que-tenian-secuestradas\/#article","isPartOf":{"@id":"https:\/\/pagina10.com\/web\/disidentes-liberaron-a-16-personas-que-tenian-secuestradas\/"},"author":{"name":"P\u00e1gina 10","@id":"https:\/\/pagina10.com\/web\/#\/schema\/person\/2efc4a090d25b667d3bc796798a3a81b"},"headline":"Disidentes liberaron a 16 personas que ten\u00edan secuestradas","datePublished":"2022-10-28T19:41:00+00:00","mainEntityOfPage":{"@id":"https:\/\/pagina10.com\/web\/disidentes-liberaron-a-16-personas-que-tenian-secuestradas\/"},"wordCount":296,"commentCount":0,"publisher":{"@id":"https:\/\/pagina10.com\/web\/#organization"},"image":{"@id":"https:\/\/pagina10.com\/web\/disidentes-liberaron-a-16-personas-que-tenian-secuestradas\/#primaryimage"},"thumbnailUrl":"https:\/\/pagina10.com\/web\/wp-content\/uploads\/2022\/10\/cicr_liberacion_narino_colombia.jpg","articleSection":["Judicial"],"inLanguage":"es","potentialAction":[{"@type":"CommentAction","name":"Comment","target":["https:\/\/pagina10.com\/web\/disidentes-liberaron-a-16-personas-que-tenian-secuestradas\/#respond"]}]},{"@type":"WebPage","@id":"https:\/\/pagina10.com\/web\/disidentes-liberaron-a-16-personas-que-tenian-secuestradas\/","url":"https:\/\/pagina10.com\/web\/disidentes-liberaron-a-16-personas-que-tenian-secuestradas\/","name":"Disidentes liberaron a 16 personas que ten\u00edan secuestradas | P\u00e1gina10","isPartOf":{"@id":"https:\/\/pagina10.com\/web\/#website"},"primaryImageOfPage":{"@id":"https:\/\/pagina10.com\/web\/disidentes-liberaron-a-16-personas-que-tenian-secuestradas\/#primaryimage"},"image":{"@id":"https:\/\/pagina10.com\/web\/disidentes-liberaron-a-16-personas-que-tenian-secuestradas\/#primaryimage"},"thumbnailUrl":"https:\/\/pagina10.com\/web\/wp-content\/uploads\/2022\/10\/cicr_liberacion_narino_colombia.jpg","datePublished":"2022-10-28T19:41:00+00:00","breadcrumb":{"@id":"https:\/\/pagina10.com\/web\/disidentes-liberaron-a-16-personas-que-tenian-secuestradas\/#breadcrumb"},"inLanguage":"es","potentialAction":[{"@type":"ReadAction","target":["https:\/\/pagina10.com\/web\/disidentes-liberaron-a-16-personas-que-tenian-secuestradas\/"]}]},{"@type":"ImageObject","inLanguage":"es","@id":"https:\/\/pagina10.com\/web\/disidentes-liberaron-a-16-personas-que-tenian-secuestradas\/#primaryimage","url":"https:\/\/pagina10.com\/web\/wp-content\/uploads\/2022\/10\/cicr_liberacion_narino_colombia.jpg","contentUrl":"https:\/\/pagina10.com\/web\/wp-content\/uploads\/2022\/10\/cicr_liberacion_narino_colombia.jpg","width":730,"height":579,"caption":"Foto: CICR"},{"@type":"BreadcrumbList","@id":"https:\/\/pagina10.com\/web\/disidentes-liberaron-a-16-personas-que-tenian-secuestradas\/#breadcrumb","itemListElement":[{"@type":"ListItem","position":1,"name":"Portada","item":"https:\/\/pagina10.com\/web\/"},{"@type":"ListItem","position":2,"name":"Disidentes liberaron a 16 personas que ten\u00edan secuestradas"}]},{"@type":"WebSite","@id":"https:\/\/pagina10.com\/web\/#website","url":"https:\/\/pagina10.com\/web\/","name":"P\u00e1gina10","description":"Peri\u00f3dico Regional","publisher":{"@id":"https:\/\/pagina10.com\/web\/#organization"},"alternateName":"P\u00e1gina10 Peri\u00f3dico Regional","potentialAction":[{"@type":"SearchAction","target":{"@type":"EntryPoint","urlTemplate":"https:\/\/pagina10.com\/web\/?s={search_term_string}"},"query-input":{"@type":"PropertyValueSpecification","valueRequired":true,"valueName":"search_term_string"}}],"inLanguage":"es"},{"@type":"Organization","@id":"https:\/\/pagina10.com\/web\/#organization","name":"P\u00e1gina10","alternateName":"P\u00e1gina10 Peri\u00f3dico Regional","url":"https:\/\/pagina10.com\/web\/","logo":{"@type":"ImageObject","inLanguage":"es","@id":"https:\/\/pagina10.com\/web\/#\/schema\/logo\/image\/","url":"https:\/\/pagina10.com\/web\/wp-content\/uploads\/2024\/01\/40-pagina-10-periodico-regional-pasto.jpg","contentUrl":"https:\/\/pagina10.com\/web\/wp-content\/uploads\/2024\/01\/40-pagina-10-periodico-regional-pasto.jpg","width":1280,"height":720,"caption":"P\u00e1gina10"},"image":{"@id":"https:\/\/pagina10.com\/web\/#\/schema\/logo\/image\/"},"sameAs":["https:\/\/www.facebook.com\/pag10com","https:\/\/x.com\/Pag10com","https:\/\/www.instagram.com\/pagina10col\/","https:\/\/youtube.com\/channel\/pag10","https:\/\/www.tiktok.com\/@p10col"]},{"@type":"Person","@id":"https:\/\/pagina10.com\/web\/#\/schema\/person\/2efc4a090d25b667d3bc796798a3a81b","name":"P\u00e1gina 10","description":"P\u00e1gina 10 es un peri\u00f3dico regional que nace en Colombia, en el departamento de Nari\u00f1o, con un enfoque global, fundamentado en cuatro pilares esenciales: la libertad, el pluralismo, la inclusi\u00f3n y la independencia. P\u00e1gina 10 hace referencia a Nari\u00f1o como el d\u00e9cimo departamento creado en Colombia, despu\u00e9s de un proceso pol\u00edtico liderado por actores y actrices regionales con el fin de obtener la independencia y autonom\u00eda de nuestros territorios. Con la creaci\u00f3n de P\u00e1gina 10 se pretende abrir un escenario para el dialogo, la reflexi\u00f3n y el debate que se extienda a otras geograf\u00edas de Am\u00e9rica Latina y del planeta, en una apuesta por transformar colectivamente los desaf\u00edos de un mundo contempor\u00e1neo, m\u00e1s all\u00e1 de las fronteras impuestas.","url":"https:\/\/pagina10.com\/web\/author\/pdiezadmin\/"}]}},"_links":{"self":[{"href":"https:\/\/pagina10.com\/web\/wp-json\/wp\/v2\/posts\/62479","targetHints":{"allow":["GET"]}}],"collection":[{"href":"https:\/\/pagina10.com\/web\/wp-json\/wp\/v2\/posts"}],"about":[{"href":"https:\/\/pagina10.com\/web\/wp-json\/wp\/v2\/types\/post"}],"author":[{"embeddable":true,"href":"https:\/\/pagina10.com\/web\/wp-json\/wp\/v2\/users\/1"}],"replies":[{"embeddable":true,"href":"https:\/\/pagina10.com\/web\/wp-json\/wp\/v2\/comments?post=62479"}],"version-history":[{"count":1,"href":"https:\/\/pagina10.com\/web\/wp-json\/wp\/v2\/posts\/62479\/revisions"}],"predecessor-version":[{"id":62481,"href":"https:\/\/pagina10.com\/web\/wp-json\/wp\/v2\/posts\/62479\/revisions\/62481"}],"wp:featuredmedia":[{"embeddable":true,"href":"https:\/\/pagina10.com\/web\/wp-json\/wp\/v2\/media\/62480"}],"wp:attachment":[{"href":"https:\/\/pagina10.com\/web\/wp-json\/wp\/v2\/media?parent=62479"}],"wp:term":[{"taxonomy":"category","embeddable":true,"href":"https:\/\/pagina10.com\/web\/wp-json\/wp\/v2\/categories?post=62479"},{"taxonomy":"post_tag","embeddable":true,"href":"https:\/\/pagina10.com\/web\/wp-json\/wp\/v2\/tags?post=62479"}],"curies":[{"name":"wp","href":"https:\/\/api.w.org\/{rel}","templated":true}]}}