{"id":62531,"date":"2022-10-30T23:20:22","date_gmt":"2022-10-31T04:20:22","guid":{"rendered":"https:\/\/pagina10.com\/web\/?p=62531"},"modified":"2022-10-30T23:20:22","modified_gmt":"2022-10-31T04:20:22","slug":"gobernador-de-narino-entrego-y-anuncio-obras-fundamentales-para-la-exprovincia-de-obando","status":"publish","type":"post","link":"https:\/\/pagina10.com\/web\/gobernador-de-narino-entrego-y-anuncio-obras-fundamentales-para-la-exprovincia-de-obando\/","title":{"rendered":"Gobernador de Nari\u00f1o entreg\u00f3 y anunci\u00f3 obras fundamentales para la Exprovincia de Obando"},"content":{"rendered":"<p style=\"text-align: justify;\">El Gobernador de Nari\u00f1o, Jhon Rojas, hizo anuncios fundamentales para el Municipio de Cuaspud Carlosama, en los que se destaca la obra de optimizaci\u00f3n del sistema de acueducto en la Vereda San Francisco, sectores\u00a0Arellanos, Montenegros y el Socorro, fase I, y la adecuaci\u00f3n de los acueductos de las veredas Carchi \u2013 Chavisn\u00e1n, implementaci\u00f3n del sistema de bombeo y construcci\u00f3n de la planta de tratamiento de agua potable convencional.<\/p>\n<p style=\"text-align: justify;\">El mandatario departamental visit\u00f3 el Municipio de Cuaspud Carlosama, para asistir al acto de entrega, inicio y avance de obras que se ejecutan actualmente en el municipio y que corresponden a:<br \/>\nEntregas de obras:<br \/>\n\u2022 Obra de mejoramiento de la placa huella, de la v\u00eda que comunica el municipio de Cuaspud con el municipio de Aldana, sector Vereda San Francisco de Montenegro.<\/p>\n<p>\u2022 Mejoramiento vial mediante la construcci\u00f3n de la placa huella en el sector vereda Macas que comunica al municipio de Cuaspud con los municipios de Cumbal y Guachucal<br \/>\nFirma de acta de inicio proyecto:<br \/>\n\u2022 Mejoramiento de vivienda en sitio propio en el sector urbano y rural del\u00a0municipio de Cuaspud<br \/>\nEntrega de primeras 60 viviendas proyecto:<br \/>\n\u2022 Construcci\u00f3n de vivienda de inter\u00e9s social \u2013 rural dispersa en lote propio, en la Subregi\u00f3n de la Ex Provincia de Obando.<br \/>\nInforme: Consecuci\u00f3n de recursos para nuevas acometidas, proyecto:<br \/>\n\u2022 Adecuaci\u00f3n de los acueductos de las veredas Carchi \u2013 Chavisn\u00e1n, implementaci\u00f3n del sistema de bombeo y construcci\u00f3n de la planta de tratamiento de agua potable PTAP convencional.<br \/>\nEste proyecto, tuvo un costo de $5.435.614.855 y beneficia a 726 viviendas\u00a0de las veredas Carchi y Chavisnan, sectores Yapulquer, Santa Rosa, Cruz Grande, Pe\u00f1a Blanca, Carchi, Puente Tierra y Chavisn\u00e1n. Posteriormente y\u00a0debido al proyecto de: \u2018Vivienda de inter\u00e9s social rural\u2019, tambi\u00e9n financiado con recursos de la Gobernaci\u00f3n de Nari\u00f1o, se mira la necesidad de garantizar el servicio de agua potable para 143 nuevas viviendas de estos sectores, lo que implica adicionar recursos por valor de $1.855.776.890, recursos que se encuentran aprobados en comit\u00e9 directivo del PDA Nari\u00f1o, con un costo final del proyecto de: $7.291.391.745, financiados de la siguiente manera:<\/p>\n<p style=\"text-align: justify;\">Total, de viviendas Beneficiadas: 869 viviendas de las veredas Carchi y Chavisn\u00e1n<br \/>\nSocializaci\u00f3n de obra proyecto:<br \/>\n\u2022 Optimizaci\u00f3n del sistema de acueducto en la Vereda San Francisco, sectores Arellanos, Montenegros y el Socorro, fase I.<br \/>\nCon la ejecuci\u00f3n del proyecto se pretende beneficiar a 957 habitantes de la vereda San Francisco, sectores Arellanos, Montenegros y el Socorro, mejorando as\u00ed la calidad de vida de los habitantes de estos importantes sectores, la inversi\u00f3n del proyecto es de $233.086.293<\/p>\n<p>\u201cEstos son recursos de Regal\u00edas bien invertidas en el campo, el beneficio es para todos ustedes y por eso cada vez que se invierten recursos para mejorar las v\u00edas mejoran las condiciones de vida de las comunidades, sus productos pueden salir sin ning\u00fan problema.<br \/>\nUn reconocimiento a los contratistas por\u00a0dejar una obra en muy buenas condiciones que nos permitir\u00e1 poderla utilizar, tambi\u00e9n un reconocimiento a mi equipo de trabajo que le han puesto todo el empe\u00f1o para sacar adelante estas obras\u201d, Afirm\u00f3 el Gobernador de Nari\u00f1o, Jhon Rojas.<\/p>\n<p style=\"text-align: justify;\">Por su parte, el Gestor del Plan Departamental de Agua -PDA, Dar\u00edo Ch\u00e1ves L\u00f3pez, afirm\u00f3 que: \u201cNos encontramos en el Municipio de Cuaspud, haciendo presencia con anuncios de proyectos de agua potable y saneamiento b\u00e1sico,\u00a0columna vertebral de desarrollo de nuestro Departamento. Agradezco la voluntad del Se\u00f1or Gobernador, para trabajar por nuestras comunidades, en inversiones que superan los 7.500 millones de pesos y de las que estamos\u00a0seguros, ser\u00e1n de gran beneficio en este territorio.\u201d<\/p>\n","protected":false},"excerpt":{"rendered":"<p>El Gobernador de Nari\u00f1o, Jhon Rojas, hizo anuncios fundamentales para el Municipio de Cuaspud Carlosama, en los que se destaca la obra de optimizaci\u00f3n del sistema de acueducto en la Vereda San Francisco, sectores\u00a0Arellanos, Montenegros y el Socorro, fase I, y la adecuaci\u00f3n de los acueductos de las veredas Carchi \u2013 Chavisn\u00e1n, implementaci\u00f3n del sistema [&hellip;]<\/p>\n","protected":false},"author":1,"featured_media":62532,"comment_status":"open","ping_status":"open","sticky":false,"template":"","format":"standard","meta":{"footnotes":""},"categories":[53],"tags":[],"class_list":["post-62531","post","type-post","status-publish","format-standard","has-post-thumbnail","hentry","category-regiones"],"yoast_head":"<!-- This site is optimized with the Yoast SEO plugin v27.1.1 - https:\/\/yoast.com\/product\/yoast-seo-wordpress\/ -->\n<title>Gobernador de Nari\u00f1o entreg\u00f3 y anunci\u00f3 obras fundamentales para la Exprovincia de Obando | P\u00e1gina10<\/title>\n<meta name=\"robots\" content=\"index, follow, max-snippet:-1, max-image-preview:large, max-video-preview:-1\" \/>\n<link rel=\"canonical\" href=\"https:\/\/pagina10.com\/web\/gobernador-de-narino-entrego-y-anuncio-obras-fundamentales-para-la-exprovincia-de-obando\/\" \/>\n<meta property=\"og:locale\" content=\"es_ES\" \/>\n<meta property=\"og:type\" content=\"article\" \/>\n<meta property=\"og:title\" content=\"Gobernador de Nari\u00f1o entreg\u00f3 y anunci\u00f3 obras fundamentales para la Exprovincia de Obando | P\u00e1gina10\" \/>\n<meta property=\"og:description\" content=\"El Gobernador de Nari\u00f1o, Jhon Rojas, hizo anuncios fundamentales para el Municipio de Cuaspud Carlosama, en los que se destaca la obra de optimizaci\u00f3n del sistema de acueducto en la Vereda San Francisco, sectores\u00a0Arellanos, Montenegros y el Socorro, fase I, y la adecuaci\u00f3n de los acueductos de las veredas Carchi \u2013 Chavisn\u00e1n, implementaci\u00f3n del sistema [&hellip;]\" \/>\n<meta property=\"og:url\" content=\"https:\/\/pagina10.com\/web\/gobernador-de-narino-entrego-y-anuncio-obras-fundamentales-para-la-exprovincia-de-obando\/\" \/>\n<meta property=\"og:site_name\" content=\"P\u00e1gina10\" \/>\n<meta property=\"article:publisher\" content=\"https:\/\/www.facebook.com\/pag10com\" \/>\n<meta property=\"article:published_time\" content=\"2022-10-31T04:20:22+00:00\" \/>\n<meta property=\"og:image\" content=\"https:\/\/pagina10.com\/web\/wp-content\/uploads\/2022\/10\/Captura-de-Pantalla-2022-10-30-a-las-11.19.40-p.-m..png\" \/>\n\t<meta property=\"og:image:width\" content=\"500\" \/>\n\t<meta property=\"og:image:height\" content=\"309\" \/>\n\t<meta property=\"og:image:type\" content=\"image\/png\" \/>\n<meta name=\"author\" content=\"P\u00e1gina 10\" \/>\n<meta name=\"twitter:card\" content=\"summary_large_image\" \/>\n<meta name=\"twitter:creator\" content=\"@Pag10com\" \/>\n<meta name=\"twitter:site\" content=\"@Pag10com\" \/>\n<meta name=\"twitter:label1\" content=\"Escrito por\" \/>\n\t<meta name=\"twitter:data1\" content=\"P\u00e1gina 10\" \/>\n\t<meta name=\"twitter:label2\" content=\"Tiempo de lectura\" \/>\n\t<meta name=\"twitter:data2\" content=\"3 minutos\" \/>\n<script type=\"application\/ld+json\" class=\"yoast-schema-graph\">{\"@context\":\"https:\/\/schema.org\",\"@graph\":[{\"@type\":\"Article\",\"@id\":\"https:\/\/pagina10.com\/web\/gobernador-de-narino-entrego-y-anuncio-obras-fundamentales-para-la-exprovincia-de-obando\/#article\",\"isPartOf\":{\"@id\":\"https:\/\/pagina10.com\/web\/gobernador-de-narino-entrego-y-anuncio-obras-fundamentales-para-la-exprovincia-de-obando\/\"},\"author\":{\"name\":\"P\u00e1gina 10\",\"@id\":\"https:\/\/pagina10.com\/web\/#\/schema\/person\/2efc4a090d25b667d3bc796798a3a81b\"},\"headline\":\"Gobernador de Nari\u00f1o entreg\u00f3 y anunci\u00f3 obras fundamentales para la Exprovincia de Obando\",\"datePublished\":\"2022-10-31T04:20:22+00:00\",\"mainEntityOfPage\":{\"@id\":\"https:\/\/pagina10.com\/web\/gobernador-de-narino-entrego-y-anuncio-obras-fundamentales-para-la-exprovincia-de-obando\/\"},\"wordCount\":624,\"commentCount\":0,\"publisher\":{\"@id\":\"https:\/\/pagina10.com\/web\/#organization\"},\"image\":{\"@id\":\"https:\/\/pagina10.com\/web\/gobernador-de-narino-entrego-y-anuncio-obras-fundamentales-para-la-exprovincia-de-obando\/#primaryimage\"},\"thumbnailUrl\":\"https:\/\/pagina10.com\/web\/wp-content\/uploads\/2022\/10\/Captura-de-Pantalla-2022-10-30-a-las-11.19.40-p.-m..png\",\"articleSection\":[\"Regiones\"],\"inLanguage\":\"es\",\"potentialAction\":[{\"@type\":\"CommentAction\",\"name\":\"Comment\",\"target\":[\"https:\/\/pagina10.com\/web\/gobernador-de-narino-entrego-y-anuncio-obras-fundamentales-para-la-exprovincia-de-obando\/#respond\"]}]},{\"@type\":\"WebPage\",\"@id\":\"https:\/\/pagina10.com\/web\/gobernador-de-narino-entrego-y-anuncio-obras-fundamentales-para-la-exprovincia-de-obando\/\",\"url\":\"https:\/\/pagina10.com\/web\/gobernador-de-narino-entrego-y-anuncio-obras-fundamentales-para-la-exprovincia-de-obando\/\",\"name\":\"Gobernador de Nari\u00f1o entreg\u00f3 y anunci\u00f3 obras fundamentales para la Exprovincia de Obando | P\u00e1gina10\",\"isPartOf\":{\"@id\":\"https:\/\/pagina10.com\/web\/#website\"},\"primaryImageOfPage\":{\"@id\":\"https:\/\/pagina10.com\/web\/gobernador-de-narino-entrego-y-anuncio-obras-fundamentales-para-la-exprovincia-de-obando\/#primaryimage\"},\"image\":{\"@id\":\"https:\/\/pagina10.com\/web\/gobernador-de-narino-entrego-y-anuncio-obras-fundamentales-para-la-exprovincia-de-obando\/#primaryimage\"},\"thumbnailUrl\":\"https:\/\/pagina10.com\/web\/wp-content\/uploads\/2022\/10\/Captura-de-Pantalla-2022-10-30-a-las-11.19.40-p.-m..png\",\"datePublished\":\"2022-10-31T04:20:22+00:00\",\"breadcrumb\":{\"@id\":\"https:\/\/pagina10.com\/web\/gobernador-de-narino-entrego-y-anuncio-obras-fundamentales-para-la-exprovincia-de-obando\/#breadcrumb\"},\"inLanguage\":\"es\",\"potentialAction\":[{\"@type\":\"ReadAction\",\"target\":[\"https:\/\/pagina10.com\/web\/gobernador-de-narino-entrego-y-anuncio-obras-fundamentales-para-la-exprovincia-de-obando\/\"]}]},{\"@type\":\"ImageObject\",\"inLanguage\":\"es\",\"@id\":\"https:\/\/pagina10.com\/web\/gobernador-de-narino-entrego-y-anuncio-obras-fundamentales-para-la-exprovincia-de-obando\/#primaryimage\",\"url\":\"https:\/\/pagina10.com\/web\/wp-content\/uploads\/2022\/10\/Captura-de-Pantalla-2022-10-30-a-las-11.19.40-p.-m..png\",\"contentUrl\":\"https:\/\/pagina10.com\/web\/wp-content\/uploads\/2022\/10\/Captura-de-Pantalla-2022-10-30-a-las-11.19.40-p.-m..png\",\"width\":500,\"height\":309},{\"@type\":\"BreadcrumbList\",\"@id\":\"https:\/\/pagina10.com\/web\/gobernador-de-narino-entrego-y-anuncio-obras-fundamentales-para-la-exprovincia-de-obando\/#breadcrumb\",\"itemListElement\":[{\"@type\":\"ListItem\",\"position\":1,\"name\":\"Portada\",\"item\":\"https:\/\/pagina10.com\/web\/\"},{\"@type\":\"ListItem\",\"position\":2,\"name\":\"Gobernador de Nari\u00f1o entreg\u00f3 y anunci\u00f3 obras fundamentales para la Exprovincia de Obando\"}]},{\"@type\":\"WebSite\",\"@id\":\"https:\/\/pagina10.com\/web\/#website\",\"url\":\"https:\/\/pagina10.com\/web\/\",\"name\":\"P\u00e1gina10\",\"description\":\"Peri\u00f3dico Regional\",\"publisher\":{\"@id\":\"https:\/\/pagina10.com\/web\/#organization\"},\"alternateName\":\"P\u00e1gina10 Peri\u00f3dico Regional\",\"potentialAction\":[{\"@type\":\"SearchAction\",\"target\":{\"@type\":\"EntryPoint\",\"urlTemplate\":\"https:\/\/pagina10.com\/web\/?s={search_term_string}\"},\"query-input\":{\"@type\":\"PropertyValueSpecification\",\"valueRequired\":true,\"valueName\":\"search_term_string\"}}],\"inLanguage\":\"es\"},{\"@type\":\"Organization\",\"@id\":\"https:\/\/pagina10.com\/web\/#organization\",\"name\":\"P\u00e1gina10\",\"alternateName\":\"P\u00e1gina10 Peri\u00f3dico Regional\",\"url\":\"https:\/\/pagina10.com\/web\/\",\"logo\":{\"@type\":\"ImageObject\",\"inLanguage\":\"es\",\"@id\":\"https:\/\/pagina10.com\/web\/#\/schema\/logo\/image\/\",\"url\":\"https:\/\/pagina10.com\/web\/wp-content\/uploads\/2024\/01\/40-pagina-10-periodico-regional-pasto.jpg\",\"contentUrl\":\"https:\/\/pagina10.com\/web\/wp-content\/uploads\/2024\/01\/40-pagina-10-periodico-regional-pasto.jpg\",\"width\":1280,\"height\":720,\"caption\":\"P\u00e1gina10\"},\"image\":{\"@id\":\"https:\/\/pagina10.com\/web\/#\/schema\/logo\/image\/\"},\"sameAs\":[\"https:\/\/www.facebook.com\/pag10com\",\"https:\/\/x.com\/Pag10com\",\"https:\/\/www.instagram.com\/pagina10col\/\",\"https:\/\/youtube.com\/channel\/pag10\",\"https:\/\/www.tiktok.com\/@p10col\"]},{\"@type\":\"Person\",\"@id\":\"https:\/\/pagina10.com\/web\/#\/schema\/person\/2efc4a090d25b667d3bc796798a3a81b\",\"name\":\"P\u00e1gina 10\",\"description\":\"P\u00e1gina 10 es un peri\u00f3dico regional que nace en Colombia, en el departamento de Nari\u00f1o, con un enfoque global, fundamentado en cuatro pilares esenciales: la libertad, el pluralismo, la inclusi\u00f3n y la independencia. P\u00e1gina 10 hace referencia a Nari\u00f1o como el d\u00e9cimo departamento creado en Colombia, despu\u00e9s de un proceso pol\u00edtico liderado por actores y actrices regionales con el fin de obtener la independencia y autonom\u00eda de nuestros territorios. Con la creaci\u00f3n de P\u00e1gina 10 se pretende abrir un escenario para el dialogo, la reflexi\u00f3n y el debate que se extienda a otras geograf\u00edas de Am\u00e9rica Latina y del planeta, en una apuesta por transformar colectivamente los desaf\u00edos de un mundo contempor\u00e1neo, m\u00e1s all\u00e1 de las fronteras impuestas.\",\"url\":\"https:\/\/pagina10.com\/web\/author\/pdiezadmin\/\"}]}<\/script>\n<!-- \/ Yoast SEO plugin. -->","yoast_head_json":{"title":"Gobernador de Nari\u00f1o entreg\u00f3 y anunci\u00f3 obras fundamentales para la Exprovincia de Obando | P\u00e1gina10","robots":{"index":"index","follow":"follow","max-snippet":"max-snippet:-1","max-image-preview":"max-image-preview:large","max-video-preview":"max-video-preview:-1"},"canonical":"https:\/\/pagina10.com\/web\/gobernador-de-narino-entrego-y-anuncio-obras-fundamentales-para-la-exprovincia-de-obando\/","og_locale":"es_ES","og_type":"article","og_title":"Gobernador de Nari\u00f1o entreg\u00f3 y anunci\u00f3 obras fundamentales para la Exprovincia de Obando | P\u00e1gina10","og_description":"El Gobernador de Nari\u00f1o, Jhon Rojas, hizo anuncios fundamentales para el Municipio de Cuaspud Carlosama, en los que se destaca la obra de optimizaci\u00f3n del sistema de acueducto en la Vereda San Francisco, sectores\u00a0Arellanos, Montenegros y el Socorro, fase I, y la adecuaci\u00f3n de los acueductos de las veredas Carchi \u2013 Chavisn\u00e1n, implementaci\u00f3n del sistema [&hellip;]","og_url":"https:\/\/pagina10.com\/web\/gobernador-de-narino-entrego-y-anuncio-obras-fundamentales-para-la-exprovincia-de-obando\/","og_site_name":"P\u00e1gina10","article_publisher":"https:\/\/www.facebook.com\/pag10com","article_published_time":"2022-10-31T04:20:22+00:00","og_image":[{"width":500,"height":309,"url":"https:\/\/pagina10.com\/web\/wp-content\/uploads\/2022\/10\/Captura-de-Pantalla-2022-10-30-a-las-11.19.40-p.-m..png","type":"image\/png"}],"author":"P\u00e1gina 10","twitter_card":"summary_large_image","twitter_creator":"@Pag10com","twitter_site":"@Pag10com","twitter_misc":{"Escrito por":"P\u00e1gina 10","Tiempo de lectura":"3 minutos"},"schema":{"@context":"https:\/\/schema.org","@graph":[{"@type":"Article","@id":"https:\/\/pagina10.com\/web\/gobernador-de-narino-entrego-y-anuncio-obras-fundamentales-para-la-exprovincia-de-obando\/#article","isPartOf":{"@id":"https:\/\/pagina10.com\/web\/gobernador-de-narino-entrego-y-anuncio-obras-fundamentales-para-la-exprovincia-de-obando\/"},"author":{"name":"P\u00e1gina 10","@id":"https:\/\/pagina10.com\/web\/#\/schema\/person\/2efc4a090d25b667d3bc796798a3a81b"},"headline":"Gobernador de Nari\u00f1o entreg\u00f3 y anunci\u00f3 obras fundamentales para la Exprovincia de Obando","datePublished":"2022-10-31T04:20:22+00:00","mainEntityOfPage":{"@id":"https:\/\/pagina10.com\/web\/gobernador-de-narino-entrego-y-anuncio-obras-fundamentales-para-la-exprovincia-de-obando\/"},"wordCount":624,"commentCount":0,"publisher":{"@id":"https:\/\/pagina10.com\/web\/#organization"},"image":{"@id":"https:\/\/pagina10.com\/web\/gobernador-de-narino-entrego-y-anuncio-obras-fundamentales-para-la-exprovincia-de-obando\/#primaryimage"},"thumbnailUrl":"https:\/\/pagina10.com\/web\/wp-content\/uploads\/2022\/10\/Captura-de-Pantalla-2022-10-30-a-las-11.19.40-p.-m..png","articleSection":["Regiones"],"inLanguage":"es","potentialAction":[{"@type":"CommentAction","name":"Comment","target":["https:\/\/pagina10.com\/web\/gobernador-de-narino-entrego-y-anuncio-obras-fundamentales-para-la-exprovincia-de-obando\/#respond"]}]},{"@type":"WebPage","@id":"https:\/\/pagina10.com\/web\/gobernador-de-narino-entrego-y-anuncio-obras-fundamentales-para-la-exprovincia-de-obando\/","url":"https:\/\/pagina10.com\/web\/gobernador-de-narino-entrego-y-anuncio-obras-fundamentales-para-la-exprovincia-de-obando\/","name":"Gobernador de Nari\u00f1o entreg\u00f3 y anunci\u00f3 obras fundamentales para la Exprovincia de Obando | P\u00e1gina10","isPartOf":{"@id":"https:\/\/pagina10.com\/web\/#website"},"primaryImageOfPage":{"@id":"https:\/\/pagina10.com\/web\/gobernador-de-narino-entrego-y-anuncio-obras-fundamentales-para-la-exprovincia-de-obando\/#primaryimage"},"image":{"@id":"https:\/\/pagina10.com\/web\/gobernador-de-narino-entrego-y-anuncio-obras-fundamentales-para-la-exprovincia-de-obando\/#primaryimage"},"thumbnailUrl":"https:\/\/pagina10.com\/web\/wp-content\/uploads\/2022\/10\/Captura-de-Pantalla-2022-10-30-a-las-11.19.40-p.-m..png","datePublished":"2022-10-31T04:20:22+00:00","breadcrumb":{"@id":"https:\/\/pagina10.com\/web\/gobernador-de-narino-entrego-y-anuncio-obras-fundamentales-para-la-exprovincia-de-obando\/#breadcrumb"},"inLanguage":"es","potentialAction":[{"@type":"ReadAction","target":["https:\/\/pagina10.com\/web\/gobernador-de-narino-entrego-y-anuncio-obras-fundamentales-para-la-exprovincia-de-obando\/"]}]},{"@type":"ImageObject","inLanguage":"es","@id":"https:\/\/pagina10.com\/web\/gobernador-de-narino-entrego-y-anuncio-obras-fundamentales-para-la-exprovincia-de-obando\/#primaryimage","url":"https:\/\/pagina10.com\/web\/wp-content\/uploads\/2022\/10\/Captura-de-Pantalla-2022-10-30-a-las-11.19.40-p.-m..png","contentUrl":"https:\/\/pagina10.com\/web\/wp-content\/uploads\/2022\/10\/Captura-de-Pantalla-2022-10-30-a-las-11.19.40-p.-m..png","width":500,"height":309},{"@type":"BreadcrumbList","@id":"https:\/\/pagina10.com\/web\/gobernador-de-narino-entrego-y-anuncio-obras-fundamentales-para-la-exprovincia-de-obando\/#breadcrumb","itemListElement":[{"@type":"ListItem","position":1,"name":"Portada","item":"https:\/\/pagina10.com\/web\/"},{"@type":"ListItem","position":2,"name":"Gobernador de Nari\u00f1o entreg\u00f3 y anunci\u00f3 obras fundamentales para la Exprovincia de Obando"}]},{"@type":"WebSite","@id":"https:\/\/pagina10.com\/web\/#website","url":"https:\/\/pagina10.com\/web\/","name":"P\u00e1gina10","description":"Peri\u00f3dico Regional","publisher":{"@id":"https:\/\/pagina10.com\/web\/#organization"},"alternateName":"P\u00e1gina10 Peri\u00f3dico Regional","potentialAction":[{"@type":"SearchAction","target":{"@type":"EntryPoint","urlTemplate":"https:\/\/pagina10.com\/web\/?s={search_term_string}"},"query-input":{"@type":"PropertyValueSpecification","valueRequired":true,"valueName":"search_term_string"}}],"inLanguage":"es"},{"@type":"Organization","@id":"https:\/\/pagina10.com\/web\/#organization","name":"P\u00e1gina10","alternateName":"P\u00e1gina10 Peri\u00f3dico Regional","url":"https:\/\/pagina10.com\/web\/","logo":{"@type":"ImageObject","inLanguage":"es","@id":"https:\/\/pagina10.com\/web\/#\/schema\/logo\/image\/","url":"https:\/\/pagina10.com\/web\/wp-content\/uploads\/2024\/01\/40-pagina-10-periodico-regional-pasto.jpg","contentUrl":"https:\/\/pagina10.com\/web\/wp-content\/uploads\/2024\/01\/40-pagina-10-periodico-regional-pasto.jpg","width":1280,"height":720,"caption":"P\u00e1gina10"},"image":{"@id":"https:\/\/pagina10.com\/web\/#\/schema\/logo\/image\/"},"sameAs":["https:\/\/www.facebook.com\/pag10com","https:\/\/x.com\/Pag10com","https:\/\/www.instagram.com\/pagina10col\/","https:\/\/youtube.com\/channel\/pag10","https:\/\/www.tiktok.com\/@p10col"]},{"@type":"Person","@id":"https:\/\/pagina10.com\/web\/#\/schema\/person\/2efc4a090d25b667d3bc796798a3a81b","name":"P\u00e1gina 10","description":"P\u00e1gina 10 es un peri\u00f3dico regional que nace en Colombia, en el departamento de Nari\u00f1o, con un enfoque global, fundamentado en cuatro pilares esenciales: la libertad, el pluralismo, la inclusi\u00f3n y la independencia. P\u00e1gina 10 hace referencia a Nari\u00f1o como el d\u00e9cimo departamento creado en Colombia, despu\u00e9s de un proceso pol\u00edtico liderado por actores y actrices regionales con el fin de obtener la independencia y autonom\u00eda de nuestros territorios. Con la creaci\u00f3n de P\u00e1gina 10 se pretende abrir un escenario para el dialogo, la reflexi\u00f3n y el debate que se extienda a otras geograf\u00edas de Am\u00e9rica Latina y del planeta, en una apuesta por transformar colectivamente los desaf\u00edos de un mundo contempor\u00e1neo, m\u00e1s all\u00e1 de las fronteras impuestas.","url":"https:\/\/pagina10.com\/web\/author\/pdiezadmin\/"}]}},"_links":{"self":[{"href":"https:\/\/pagina10.com\/web\/wp-json\/wp\/v2\/posts\/62531","targetHints":{"allow":["GET"]}}],"collection":[{"href":"https:\/\/pagina10.com\/web\/wp-json\/wp\/v2\/posts"}],"about":[{"href":"https:\/\/pagina10.com\/web\/wp-json\/wp\/v2\/types\/post"}],"author":[{"embeddable":true,"href":"https:\/\/pagina10.com\/web\/wp-json\/wp\/v2\/users\/1"}],"replies":[{"embeddable":true,"href":"https:\/\/pagina10.com\/web\/wp-json\/wp\/v2\/comments?post=62531"}],"version-history":[{"count":1,"href":"https:\/\/pagina10.com\/web\/wp-json\/wp\/v2\/posts\/62531\/revisions"}],"predecessor-version":[{"id":62533,"href":"https:\/\/pagina10.com\/web\/wp-json\/wp\/v2\/posts\/62531\/revisions\/62533"}],"wp:featuredmedia":[{"embeddable":true,"href":"https:\/\/pagina10.com\/web\/wp-json\/wp\/v2\/media\/62532"}],"wp:attachment":[{"href":"https:\/\/pagina10.com\/web\/wp-json\/wp\/v2\/media?parent=62531"}],"wp:term":[{"taxonomy":"category","embeddable":true,"href":"https:\/\/pagina10.com\/web\/wp-json\/wp\/v2\/categories?post=62531"},{"taxonomy":"post_tag","embeddable":true,"href":"https:\/\/pagina10.com\/web\/wp-json\/wp\/v2\/tags?post=62531"}],"curies":[{"name":"wp","href":"https:\/\/api.w.org\/{rel}","templated":true}]}}