{"id":62538,"date":"2022-10-31T13:39:16","date_gmt":"2022-10-31T18:39:16","guid":{"rendered":"https:\/\/pagina10.com\/web\/?p=62538"},"modified":"2022-10-31T17:20:10","modified_gmt":"2022-10-31T22:20:10","slug":"cabildo-indigena-de-samaniego-realizara-movilizacion-por-incumplimientos-de-la-alcaldia","status":"publish","type":"post","link":"https:\/\/pagina10.com\/web\/cabildo-indigena-de-samaniego-realizara-movilizacion-por-incumplimientos-de-la-alcaldia\/","title":{"rendered":"Cabildo Ind\u00edgena de Samaniego realizar\u00e1 movilizaci\u00f3n por incumplimientos de la Alcald\u00eda"},"content":{"rendered":"<p style=\"text-align: justify;\">El Cabildo Ind\u00edgena la Monta\u00f1a del Pueblo Pasto, municipio de Samaniego, participara en una gran movilizaci\u00f3n desde ma\u00f1ana con el fin de manifestar su inconformidad hacia la Alcald\u00eda, el gobierno departamental y nacional.<\/p>\n<p style=\"text-align: justify;\">El cabildo hizo un llamado al alcalde Oscar Pantoja para que cumpla con los compromisos que hizo durante su campa\u00f1a. \u201cLas comunidades hemos tenido que organizarnos para solventar con nuestros propios recursos algunas de las necesidades m\u00e1s urgentes, mediante los comit\u00e9s de trabajo que est\u00e1n organizados dentro de nuestro territorio\u201d, explican en un comunicado.<\/p>\n<p style=\"text-align: justify;\">Igualmente, indicaron la idea de crear una mesa de negociaci\u00f3n \u201cdonde concluyan nuestros l\u00edderes y lideresas para solicitarle a la administraci\u00f3n departamental que se cumpla con el mantenimiento de la v\u00eda terciaria en nuestro territorio, ya que esta es departamental y es nuestra \u00fanica v\u00eda de acceso a las comunidades de la monta\u00f1a\u201d.<\/p>\n<p style=\"text-align: justify;\">Por \u00faltimo, le exigieron al Ministerio del Interior y a la agencia nacional de tierras se haga la formalizaci\u00f3n de su resguardo \u201cya que se viene haciendo las solicitudes pertinentes desde el a\u00f1o 2012, se tiene un fallo de tutela a favor desde el a\u00f1o pasado y hasta el momento no se ha dado cumplimiento\u201d.<\/p>\n","protected":false},"excerpt":{"rendered":"<p>El Cabildo Ind\u00edgena la Monta\u00f1a del Pueblo Pasto, municipio de Samaniego, participara en una gran movilizaci\u00f3n desde ma\u00f1ana con el fin de manifestar su inconformidad hacia la Alcald\u00eda, el gobierno departamental y nacional. El cabildo hizo un llamado al alcalde Oscar Pantoja para que cumpla con los compromisos que hizo durante su campa\u00f1a. \u201cLas comunidades [&hellip;]<\/p>\n","protected":false},"author":1,"featured_media":62539,"comment_status":"open","ping_status":"open","sticky":false,"template":"","format":"standard","meta":{"footnotes":""},"categories":[53],"tags":[],"class_list":["post-62538","post","type-post","status-publish","format-standard","has-post-thumbnail","hentry","category-regiones"],"yoast_head":"<!-- This site is optimized with the Yoast SEO plugin v27.1.1 - https:\/\/yoast.com\/product\/yoast-seo-wordpress\/ -->\n<title>Cabildo Ind\u00edgena de Samaniego realizar\u00e1 movilizaci\u00f3n por incumplimientos de la Alcald\u00eda | P\u00e1gina10<\/title>\n<meta name=\"robots\" content=\"index, follow, max-snippet:-1, max-image-preview:large, max-video-preview:-1\" \/>\n<link rel=\"canonical\" href=\"https:\/\/pagina10.com\/web\/cabildo-indigena-de-samaniego-realizara-movilizacion-por-incumplimientos-de-la-alcaldia\/\" \/>\n<meta property=\"og:locale\" content=\"es_ES\" \/>\n<meta property=\"og:type\" content=\"article\" \/>\n<meta property=\"og:title\" content=\"Cabildo Ind\u00edgena de Samaniego realizar\u00e1 movilizaci\u00f3n por incumplimientos de la Alcald\u00eda | P\u00e1gina10\" \/>\n<meta property=\"og:description\" content=\"El Cabildo Ind\u00edgena la Monta\u00f1a del Pueblo Pasto, municipio de Samaniego, participara en una gran movilizaci\u00f3n desde ma\u00f1ana con el fin de manifestar su inconformidad hacia la Alcald\u00eda, el gobierno departamental y nacional. El cabildo hizo un llamado al alcalde Oscar Pantoja para que cumpla con los compromisos que hizo durante su campa\u00f1a. \u201cLas comunidades [&hellip;]\" \/>\n<meta property=\"og:url\" content=\"https:\/\/pagina10.com\/web\/cabildo-indigena-de-samaniego-realizara-movilizacion-por-incumplimientos-de-la-alcaldia\/\" \/>\n<meta property=\"og:site_name\" content=\"P\u00e1gina10\" \/>\n<meta property=\"article:publisher\" content=\"https:\/\/www.facebook.com\/pag10com\" \/>\n<meta property=\"article:published_time\" content=\"2022-10-31T18:39:16+00:00\" \/>\n<meta property=\"article:modified_time\" content=\"2022-10-31T22:20:10+00:00\" \/>\n<meta property=\"og:image\" content=\"https:\/\/pagina10.com\/web\/wp-content\/uploads\/2022\/10\/613807186e3b6.jpeg\" \/>\n\t<meta property=\"og:image:width\" content=\"640\" \/>\n\t<meta property=\"og:image:height\" content=\"428\" \/>\n\t<meta property=\"og:image:type\" content=\"image\/jpeg\" \/>\n<meta name=\"author\" content=\"P\u00e1gina 10\" \/>\n<meta name=\"twitter:card\" content=\"summary_large_image\" \/>\n<meta name=\"twitter:creator\" content=\"@Pag10com\" \/>\n<meta name=\"twitter:site\" content=\"@Pag10com\" \/>\n<meta name=\"twitter:label1\" content=\"Escrito por\" \/>\n\t<meta name=\"twitter:data1\" content=\"P\u00e1gina 10\" \/>\n\t<meta name=\"twitter:label2\" content=\"Tiempo de lectura\" \/>\n\t<meta name=\"twitter:data2\" content=\"1 minuto\" \/>\n<script type=\"application\/ld+json\" class=\"yoast-schema-graph\">{\"@context\":\"https:\/\/schema.org\",\"@graph\":[{\"@type\":\"Article\",\"@id\":\"https:\/\/pagina10.com\/web\/cabildo-indigena-de-samaniego-realizara-movilizacion-por-incumplimientos-de-la-alcaldia\/#article\",\"isPartOf\":{\"@id\":\"https:\/\/pagina10.com\/web\/cabildo-indigena-de-samaniego-realizara-movilizacion-por-incumplimientos-de-la-alcaldia\/\"},\"author\":{\"name\":\"P\u00e1gina 10\",\"@id\":\"https:\/\/pagina10.com\/web\/#\/schema\/person\/2efc4a090d25b667d3bc796798a3a81b\"},\"headline\":\"Cabildo Ind\u00edgena de Samaniego realizar\u00e1 movilizaci\u00f3n por incumplimientos de la Alcald\u00eda\",\"datePublished\":\"2022-10-31T18:39:16+00:00\",\"dateModified\":\"2022-10-31T22:20:10+00:00\",\"mainEntityOfPage\":{\"@id\":\"https:\/\/pagina10.com\/web\/cabildo-indigena-de-samaniego-realizara-movilizacion-por-incumplimientos-de-la-alcaldia\/\"},\"wordCount\":226,\"commentCount\":0,\"publisher\":{\"@id\":\"https:\/\/pagina10.com\/web\/#organization\"},\"image\":{\"@id\":\"https:\/\/pagina10.com\/web\/cabildo-indigena-de-samaniego-realizara-movilizacion-por-incumplimientos-de-la-alcaldia\/#primaryimage\"},\"thumbnailUrl\":\"https:\/\/pagina10.com\/web\/wp-content\/uploads\/2022\/10\/613807186e3b6.jpeg\",\"articleSection\":[\"Regiones\"],\"inLanguage\":\"es\",\"potentialAction\":[{\"@type\":\"CommentAction\",\"name\":\"Comment\",\"target\":[\"https:\/\/pagina10.com\/web\/cabildo-indigena-de-samaniego-realizara-movilizacion-por-incumplimientos-de-la-alcaldia\/#respond\"]}]},{\"@type\":\"WebPage\",\"@id\":\"https:\/\/pagina10.com\/web\/cabildo-indigena-de-samaniego-realizara-movilizacion-por-incumplimientos-de-la-alcaldia\/\",\"url\":\"https:\/\/pagina10.com\/web\/cabildo-indigena-de-samaniego-realizara-movilizacion-por-incumplimientos-de-la-alcaldia\/\",\"name\":\"Cabildo Ind\u00edgena de Samaniego realizar\u00e1 movilizaci\u00f3n por incumplimientos de la Alcald\u00eda | P\u00e1gina10\",\"isPartOf\":{\"@id\":\"https:\/\/pagina10.com\/web\/#website\"},\"primaryImageOfPage\":{\"@id\":\"https:\/\/pagina10.com\/web\/cabildo-indigena-de-samaniego-realizara-movilizacion-por-incumplimientos-de-la-alcaldia\/#primaryimage\"},\"image\":{\"@id\":\"https:\/\/pagina10.com\/web\/cabildo-indigena-de-samaniego-realizara-movilizacion-por-incumplimientos-de-la-alcaldia\/#primaryimage\"},\"thumbnailUrl\":\"https:\/\/pagina10.com\/web\/wp-content\/uploads\/2022\/10\/613807186e3b6.jpeg\",\"datePublished\":\"2022-10-31T18:39:16+00:00\",\"dateModified\":\"2022-10-31T22:20:10+00:00\",\"breadcrumb\":{\"@id\":\"https:\/\/pagina10.com\/web\/cabildo-indigena-de-samaniego-realizara-movilizacion-por-incumplimientos-de-la-alcaldia\/#breadcrumb\"},\"inLanguage\":\"es\",\"potentialAction\":[{\"@type\":\"ReadAction\",\"target\":[\"https:\/\/pagina10.com\/web\/cabildo-indigena-de-samaniego-realizara-movilizacion-por-incumplimientos-de-la-alcaldia\/\"]}]},{\"@type\":\"ImageObject\",\"inLanguage\":\"es\",\"@id\":\"https:\/\/pagina10.com\/web\/cabildo-indigena-de-samaniego-realizara-movilizacion-por-incumplimientos-de-la-alcaldia\/#primaryimage\",\"url\":\"https:\/\/pagina10.com\/web\/wp-content\/uploads\/2022\/10\/613807186e3b6.jpeg\",\"contentUrl\":\"https:\/\/pagina10.com\/web\/wp-content\/uploads\/2022\/10\/613807186e3b6.jpeg\",\"width\":640,\"height\":428,\"caption\":\"Foto tomada de El Tiempo\"},{\"@type\":\"BreadcrumbList\",\"@id\":\"https:\/\/pagina10.com\/web\/cabildo-indigena-de-samaniego-realizara-movilizacion-por-incumplimientos-de-la-alcaldia\/#breadcrumb\",\"itemListElement\":[{\"@type\":\"ListItem\",\"position\":1,\"name\":\"Portada\",\"item\":\"https:\/\/pagina10.com\/web\/\"},{\"@type\":\"ListItem\",\"position\":2,\"name\":\"Cabildo Ind\u00edgena de Samaniego realizar\u00e1 movilizaci\u00f3n por incumplimientos de la Alcald\u00eda\"}]},{\"@type\":\"WebSite\",\"@id\":\"https:\/\/pagina10.com\/web\/#website\",\"url\":\"https:\/\/pagina10.com\/web\/\",\"name\":\"P\u00e1gina10\",\"description\":\"Peri\u00f3dico Regional\",\"publisher\":{\"@id\":\"https:\/\/pagina10.com\/web\/#organization\"},\"alternateName\":\"P\u00e1gina10 Peri\u00f3dico Regional\",\"potentialAction\":[{\"@type\":\"SearchAction\",\"target\":{\"@type\":\"EntryPoint\",\"urlTemplate\":\"https:\/\/pagina10.com\/web\/?s={search_term_string}\"},\"query-input\":{\"@type\":\"PropertyValueSpecification\",\"valueRequired\":true,\"valueName\":\"search_term_string\"}}],\"inLanguage\":\"es\"},{\"@type\":\"Organization\",\"@id\":\"https:\/\/pagina10.com\/web\/#organization\",\"name\":\"P\u00e1gina10\",\"alternateName\":\"P\u00e1gina10 Peri\u00f3dico Regional\",\"url\":\"https:\/\/pagina10.com\/web\/\",\"logo\":{\"@type\":\"ImageObject\",\"inLanguage\":\"es\",\"@id\":\"https:\/\/pagina10.com\/web\/#\/schema\/logo\/image\/\",\"url\":\"https:\/\/pagina10.com\/web\/wp-content\/uploads\/2024\/01\/40-pagina-10-periodico-regional-pasto.jpg\",\"contentUrl\":\"https:\/\/pagina10.com\/web\/wp-content\/uploads\/2024\/01\/40-pagina-10-periodico-regional-pasto.jpg\",\"width\":1280,\"height\":720,\"caption\":\"P\u00e1gina10\"},\"image\":{\"@id\":\"https:\/\/pagina10.com\/web\/#\/schema\/logo\/image\/\"},\"sameAs\":[\"https:\/\/www.facebook.com\/pag10com\",\"https:\/\/x.com\/Pag10com\",\"https:\/\/www.instagram.com\/pagina10col\/\",\"https:\/\/youtube.com\/channel\/pag10\",\"https:\/\/www.tiktok.com\/@p10col\"]},{\"@type\":\"Person\",\"@id\":\"https:\/\/pagina10.com\/web\/#\/schema\/person\/2efc4a090d25b667d3bc796798a3a81b\",\"name\":\"P\u00e1gina 10\",\"description\":\"P\u00e1gina 10 es un peri\u00f3dico regional que nace en Colombia, en el departamento de Nari\u00f1o, con un enfoque global, fundamentado en cuatro pilares esenciales: la libertad, el pluralismo, la inclusi\u00f3n y la independencia. P\u00e1gina 10 hace referencia a Nari\u00f1o como el d\u00e9cimo departamento creado en Colombia, despu\u00e9s de un proceso pol\u00edtico liderado por actores y actrices regionales con el fin de obtener la independencia y autonom\u00eda de nuestros territorios. Con la creaci\u00f3n de P\u00e1gina 10 se pretende abrir un escenario para el dialogo, la reflexi\u00f3n y el debate que se extienda a otras geograf\u00edas de Am\u00e9rica Latina y del planeta, en una apuesta por transformar colectivamente los desaf\u00edos de un mundo contempor\u00e1neo, m\u00e1s all\u00e1 de las fronteras impuestas.\",\"url\":\"https:\/\/pagina10.com\/web\/author\/pdiezadmin\/\"}]}<\/script>\n<!-- \/ Yoast SEO plugin. -->","yoast_head_json":{"title":"Cabildo Ind\u00edgena de Samaniego realizar\u00e1 movilizaci\u00f3n por incumplimientos de la Alcald\u00eda | P\u00e1gina10","robots":{"index":"index","follow":"follow","max-snippet":"max-snippet:-1","max-image-preview":"max-image-preview:large","max-video-preview":"max-video-preview:-1"},"canonical":"https:\/\/pagina10.com\/web\/cabildo-indigena-de-samaniego-realizara-movilizacion-por-incumplimientos-de-la-alcaldia\/","og_locale":"es_ES","og_type":"article","og_title":"Cabildo Ind\u00edgena de Samaniego realizar\u00e1 movilizaci\u00f3n por incumplimientos de la Alcald\u00eda | P\u00e1gina10","og_description":"El Cabildo Ind\u00edgena la Monta\u00f1a del Pueblo Pasto, municipio de Samaniego, participara en una gran movilizaci\u00f3n desde ma\u00f1ana con el fin de manifestar su inconformidad hacia la Alcald\u00eda, el gobierno departamental y nacional. El cabildo hizo un llamado al alcalde Oscar Pantoja para que cumpla con los compromisos que hizo durante su campa\u00f1a. \u201cLas comunidades [&hellip;]","og_url":"https:\/\/pagina10.com\/web\/cabildo-indigena-de-samaniego-realizara-movilizacion-por-incumplimientos-de-la-alcaldia\/","og_site_name":"P\u00e1gina10","article_publisher":"https:\/\/www.facebook.com\/pag10com","article_published_time":"2022-10-31T18:39:16+00:00","article_modified_time":"2022-10-31T22:20:10+00:00","og_image":[{"width":640,"height":428,"url":"https:\/\/pagina10.com\/web\/wp-content\/uploads\/2022\/10\/613807186e3b6.jpeg","type":"image\/jpeg"}],"author":"P\u00e1gina 10","twitter_card":"summary_large_image","twitter_creator":"@Pag10com","twitter_site":"@Pag10com","twitter_misc":{"Escrito por":"P\u00e1gina 10","Tiempo de lectura":"1 minuto"},"schema":{"@context":"https:\/\/schema.org","@graph":[{"@type":"Article","@id":"https:\/\/pagina10.com\/web\/cabildo-indigena-de-samaniego-realizara-movilizacion-por-incumplimientos-de-la-alcaldia\/#article","isPartOf":{"@id":"https:\/\/pagina10.com\/web\/cabildo-indigena-de-samaniego-realizara-movilizacion-por-incumplimientos-de-la-alcaldia\/"},"author":{"name":"P\u00e1gina 10","@id":"https:\/\/pagina10.com\/web\/#\/schema\/person\/2efc4a090d25b667d3bc796798a3a81b"},"headline":"Cabildo Ind\u00edgena de Samaniego realizar\u00e1 movilizaci\u00f3n por incumplimientos de la Alcald\u00eda","datePublished":"2022-10-31T18:39:16+00:00","dateModified":"2022-10-31T22:20:10+00:00","mainEntityOfPage":{"@id":"https:\/\/pagina10.com\/web\/cabildo-indigena-de-samaniego-realizara-movilizacion-por-incumplimientos-de-la-alcaldia\/"},"wordCount":226,"commentCount":0,"publisher":{"@id":"https:\/\/pagina10.com\/web\/#organization"},"image":{"@id":"https:\/\/pagina10.com\/web\/cabildo-indigena-de-samaniego-realizara-movilizacion-por-incumplimientos-de-la-alcaldia\/#primaryimage"},"thumbnailUrl":"https:\/\/pagina10.com\/web\/wp-content\/uploads\/2022\/10\/613807186e3b6.jpeg","articleSection":["Regiones"],"inLanguage":"es","potentialAction":[{"@type":"CommentAction","name":"Comment","target":["https:\/\/pagina10.com\/web\/cabildo-indigena-de-samaniego-realizara-movilizacion-por-incumplimientos-de-la-alcaldia\/#respond"]}]},{"@type":"WebPage","@id":"https:\/\/pagina10.com\/web\/cabildo-indigena-de-samaniego-realizara-movilizacion-por-incumplimientos-de-la-alcaldia\/","url":"https:\/\/pagina10.com\/web\/cabildo-indigena-de-samaniego-realizara-movilizacion-por-incumplimientos-de-la-alcaldia\/","name":"Cabildo Ind\u00edgena de Samaniego realizar\u00e1 movilizaci\u00f3n por incumplimientos de la Alcald\u00eda | P\u00e1gina10","isPartOf":{"@id":"https:\/\/pagina10.com\/web\/#website"},"primaryImageOfPage":{"@id":"https:\/\/pagina10.com\/web\/cabildo-indigena-de-samaniego-realizara-movilizacion-por-incumplimientos-de-la-alcaldia\/#primaryimage"},"image":{"@id":"https:\/\/pagina10.com\/web\/cabildo-indigena-de-samaniego-realizara-movilizacion-por-incumplimientos-de-la-alcaldia\/#primaryimage"},"thumbnailUrl":"https:\/\/pagina10.com\/web\/wp-content\/uploads\/2022\/10\/613807186e3b6.jpeg","datePublished":"2022-10-31T18:39:16+00:00","dateModified":"2022-10-31T22:20:10+00:00","breadcrumb":{"@id":"https:\/\/pagina10.com\/web\/cabildo-indigena-de-samaniego-realizara-movilizacion-por-incumplimientos-de-la-alcaldia\/#breadcrumb"},"inLanguage":"es","potentialAction":[{"@type":"ReadAction","target":["https:\/\/pagina10.com\/web\/cabildo-indigena-de-samaniego-realizara-movilizacion-por-incumplimientos-de-la-alcaldia\/"]}]},{"@type":"ImageObject","inLanguage":"es","@id":"https:\/\/pagina10.com\/web\/cabildo-indigena-de-samaniego-realizara-movilizacion-por-incumplimientos-de-la-alcaldia\/#primaryimage","url":"https:\/\/pagina10.com\/web\/wp-content\/uploads\/2022\/10\/613807186e3b6.jpeg","contentUrl":"https:\/\/pagina10.com\/web\/wp-content\/uploads\/2022\/10\/613807186e3b6.jpeg","width":640,"height":428,"caption":"Foto tomada de El Tiempo"},{"@type":"BreadcrumbList","@id":"https:\/\/pagina10.com\/web\/cabildo-indigena-de-samaniego-realizara-movilizacion-por-incumplimientos-de-la-alcaldia\/#breadcrumb","itemListElement":[{"@type":"ListItem","position":1,"name":"Portada","item":"https:\/\/pagina10.com\/web\/"},{"@type":"ListItem","position":2,"name":"Cabildo Ind\u00edgena de Samaniego realizar\u00e1 movilizaci\u00f3n por incumplimientos de la Alcald\u00eda"}]},{"@type":"WebSite","@id":"https:\/\/pagina10.com\/web\/#website","url":"https:\/\/pagina10.com\/web\/","name":"P\u00e1gina10","description":"Peri\u00f3dico Regional","publisher":{"@id":"https:\/\/pagina10.com\/web\/#organization"},"alternateName":"P\u00e1gina10 Peri\u00f3dico Regional","potentialAction":[{"@type":"SearchAction","target":{"@type":"EntryPoint","urlTemplate":"https:\/\/pagina10.com\/web\/?s={search_term_string}"},"query-input":{"@type":"PropertyValueSpecification","valueRequired":true,"valueName":"search_term_string"}}],"inLanguage":"es"},{"@type":"Organization","@id":"https:\/\/pagina10.com\/web\/#organization","name":"P\u00e1gina10","alternateName":"P\u00e1gina10 Peri\u00f3dico Regional","url":"https:\/\/pagina10.com\/web\/","logo":{"@type":"ImageObject","inLanguage":"es","@id":"https:\/\/pagina10.com\/web\/#\/schema\/logo\/image\/","url":"https:\/\/pagina10.com\/web\/wp-content\/uploads\/2024\/01\/40-pagina-10-periodico-regional-pasto.jpg","contentUrl":"https:\/\/pagina10.com\/web\/wp-content\/uploads\/2024\/01\/40-pagina-10-periodico-regional-pasto.jpg","width":1280,"height":720,"caption":"P\u00e1gina10"},"image":{"@id":"https:\/\/pagina10.com\/web\/#\/schema\/logo\/image\/"},"sameAs":["https:\/\/www.facebook.com\/pag10com","https:\/\/x.com\/Pag10com","https:\/\/www.instagram.com\/pagina10col\/","https:\/\/youtube.com\/channel\/pag10","https:\/\/www.tiktok.com\/@p10col"]},{"@type":"Person","@id":"https:\/\/pagina10.com\/web\/#\/schema\/person\/2efc4a090d25b667d3bc796798a3a81b","name":"P\u00e1gina 10","description":"P\u00e1gina 10 es un peri\u00f3dico regional que nace en Colombia, en el departamento de Nari\u00f1o, con un enfoque global, fundamentado en cuatro pilares esenciales: la libertad, el pluralismo, la inclusi\u00f3n y la independencia. P\u00e1gina 10 hace referencia a Nari\u00f1o como el d\u00e9cimo departamento creado en Colombia, despu\u00e9s de un proceso pol\u00edtico liderado por actores y actrices regionales con el fin de obtener la independencia y autonom\u00eda de nuestros territorios. Con la creaci\u00f3n de P\u00e1gina 10 se pretende abrir un escenario para el dialogo, la reflexi\u00f3n y el debate que se extienda a otras geograf\u00edas de Am\u00e9rica Latina y del planeta, en una apuesta por transformar colectivamente los desaf\u00edos de un mundo contempor\u00e1neo, m\u00e1s all\u00e1 de las fronteras impuestas.","url":"https:\/\/pagina10.com\/web\/author\/pdiezadmin\/"}]}},"_links":{"self":[{"href":"https:\/\/pagina10.com\/web\/wp-json\/wp\/v2\/posts\/62538","targetHints":{"allow":["GET"]}}],"collection":[{"href":"https:\/\/pagina10.com\/web\/wp-json\/wp\/v2\/posts"}],"about":[{"href":"https:\/\/pagina10.com\/web\/wp-json\/wp\/v2\/types\/post"}],"author":[{"embeddable":true,"href":"https:\/\/pagina10.com\/web\/wp-json\/wp\/v2\/users\/1"}],"replies":[{"embeddable":true,"href":"https:\/\/pagina10.com\/web\/wp-json\/wp\/v2\/comments?post=62538"}],"version-history":[{"count":1,"href":"https:\/\/pagina10.com\/web\/wp-json\/wp\/v2\/posts\/62538\/revisions"}],"predecessor-version":[{"id":62540,"href":"https:\/\/pagina10.com\/web\/wp-json\/wp\/v2\/posts\/62538\/revisions\/62540"}],"wp:featuredmedia":[{"embeddable":true,"href":"https:\/\/pagina10.com\/web\/wp-json\/wp\/v2\/media\/62539"}],"wp:attachment":[{"href":"https:\/\/pagina10.com\/web\/wp-json\/wp\/v2\/media?parent=62538"}],"wp:term":[{"taxonomy":"category","embeddable":true,"href":"https:\/\/pagina10.com\/web\/wp-json\/wp\/v2\/categories?post=62538"},{"taxonomy":"post_tag","embeddable":true,"href":"https:\/\/pagina10.com\/web\/wp-json\/wp\/v2\/tags?post=62538"}],"curies":[{"name":"wp","href":"https:\/\/api.w.org\/{rel}","templated":true}]}}