{"id":62542,"date":"2022-10-31T17:27:08","date_gmt":"2022-10-31T22:27:08","guid":{"rendered":"https:\/\/pagina10.com\/web\/?p=62542"},"modified":"2022-10-31T17:27:08","modified_gmt":"2022-10-31T22:27:08","slug":"narino-suma-19-asesinatos-de-lideres-sociales-tras-crimen-de-dos-primos-en-zona-rural-de-ipiales","status":"publish","type":"post","link":"https:\/\/pagina10.com\/web\/narino-suma-19-asesinatos-de-lideres-sociales-tras-crimen-de-dos-primos-en-zona-rural-de-ipiales\/","title":{"rendered":"Nari\u00f1o suma 19 asesinatos de l\u00edderes sociales tras crimen de dos primos en zona rural de Ipiales"},"content":{"rendered":"<p>Como Jon\u00e1s Carabal\u00ed, presidente del Consejo Comunitario Afro Nuevo Amanecer en el corregimiento Jardines de Sucumb\u00edos, y Faustino Carabal\u00ed, dirigente afro del corregimiento Jardines de Sucumb\u00edos, fueron identificados los dos l\u00edderes ind\u00edgenas asesinados en zona rural del municipio de Ipiales.<\/p>\n<p>Las v\u00edctimas fueron acribilladas el domingo por presuntos integrantes del grupo armado organizado ilegal \u2018Comandos de Frontera\u2019. Las autoridades investigan si sus cr\u00edmenes estar\u00edan relacionados con la labor social que adelantaban en favor de sus comunidades en esa zona lim\u00edtrofe con el departamento del Putumayo.<\/p>\n<p>De acuerdo con el Instituto de estudios para el desarrollo y la paz (Indepaz), ya son 154 los l\u00edderes sociales ultimados este a\u00f1o y a 1.374 los que murieron de forma violenta desde la firma del acuerdo de paz. En Nari\u00f1o, la cifra asciende a 19 l\u00edderes asesinados hasta la fecha.<\/p>\n","protected":false},"excerpt":{"rendered":"<p>Como Jon\u00e1s Carabal\u00ed, presidente del Consejo Comunitario Afro Nuevo Amanecer en el corregimiento Jardines de Sucumb\u00edos, y Faustino Carabal\u00ed, dirigente afro del corregimiento Jardines de Sucumb\u00edos, fueron identificados los dos l\u00edderes ind\u00edgenas asesinados en zona rural del municipio de Ipiales. Las v\u00edctimas fueron acribilladas el domingo por presuntos integrantes del grupo armado organizado ilegal \u2018Comandos [&hellip;]<\/p>\n","protected":false},"author":1,"featured_media":62543,"comment_status":"open","ping_status":"open","sticky":false,"template":"","format":"standard","meta":{"footnotes":""},"categories":[61],"tags":[],"class_list":["post-62542","post","type-post","status-publish","format-standard","has-post-thumbnail","hentry","category-judicial"],"yoast_head":"<!-- This site is optimized with the Yoast SEO plugin v27.1.1 - https:\/\/yoast.com\/product\/yoast-seo-wordpress\/ -->\n<title>Nari\u00f1o suma 19 asesinatos de l\u00edderes sociales tras crimen de dos primos en zona rural de Ipiales | P\u00e1gina10<\/title>\n<meta name=\"robots\" content=\"index, follow, max-snippet:-1, max-image-preview:large, max-video-preview:-1\" \/>\n<link rel=\"canonical\" href=\"https:\/\/pagina10.com\/web\/narino-suma-19-asesinatos-de-lideres-sociales-tras-crimen-de-dos-primos-en-zona-rural-de-ipiales\/\" \/>\n<meta property=\"og:locale\" content=\"es_ES\" \/>\n<meta property=\"og:type\" content=\"article\" \/>\n<meta property=\"og:title\" content=\"Nari\u00f1o suma 19 asesinatos de l\u00edderes sociales tras crimen de dos primos en zona rural de Ipiales | P\u00e1gina10\" \/>\n<meta property=\"og:description\" content=\"Como Jon\u00e1s Carabal\u00ed, presidente del Consejo Comunitario Afro Nuevo Amanecer en el corregimiento Jardines de Sucumb\u00edos, y Faustino Carabal\u00ed, dirigente afro del corregimiento Jardines de Sucumb\u00edos, fueron identificados los dos l\u00edderes ind\u00edgenas asesinados en zona rural del municipio de Ipiales. Las v\u00edctimas fueron acribilladas el domingo por presuntos integrantes del grupo armado organizado ilegal \u2018Comandos [&hellip;]\" \/>\n<meta property=\"og:url\" content=\"https:\/\/pagina10.com\/web\/narino-suma-19-asesinatos-de-lideres-sociales-tras-crimen-de-dos-primos-en-zona-rural-de-ipiales\/\" \/>\n<meta property=\"og:site_name\" content=\"P\u00e1gina10\" \/>\n<meta property=\"article:publisher\" content=\"https:\/\/www.facebook.com\/pag10com\" \/>\n<meta property=\"article:published_time\" content=\"2022-10-31T22:27:08+00:00\" \/>\n<meta property=\"og:image\" content=\"https:\/\/pagina10.com\/web\/wp-content\/uploads\/2022\/10\/FgXIOIiXkAAAoT4-e1667255201528.jpg\" \/>\n\t<meta property=\"og:image:width\" content=\"680\" \/>\n\t<meta property=\"og:image:height\" content=\"372\" \/>\n\t<meta property=\"og:image:type\" content=\"image\/jpeg\" \/>\n<meta name=\"author\" content=\"P\u00e1gina 10\" \/>\n<meta name=\"twitter:card\" content=\"summary_large_image\" \/>\n<meta name=\"twitter:creator\" content=\"@Pag10com\" \/>\n<meta name=\"twitter:site\" content=\"@Pag10com\" \/>\n<meta name=\"twitter:label1\" content=\"Escrito por\" \/>\n\t<meta name=\"twitter:data1\" content=\"P\u00e1gina 10\" \/>\n\t<meta name=\"twitter:label2\" content=\"Tiempo de lectura\" \/>\n\t<meta name=\"twitter:data2\" content=\"1 minuto\" \/>\n<script type=\"application\/ld+json\" class=\"yoast-schema-graph\">{\"@context\":\"https:\/\/schema.org\",\"@graph\":[{\"@type\":\"Article\",\"@id\":\"https:\/\/pagina10.com\/web\/narino-suma-19-asesinatos-de-lideres-sociales-tras-crimen-de-dos-primos-en-zona-rural-de-ipiales\/#article\",\"isPartOf\":{\"@id\":\"https:\/\/pagina10.com\/web\/narino-suma-19-asesinatos-de-lideres-sociales-tras-crimen-de-dos-primos-en-zona-rural-de-ipiales\/\"},\"author\":{\"name\":\"P\u00e1gina 10\",\"@id\":\"https:\/\/pagina10.com\/web\/#\/schema\/person\/2efc4a090d25b667d3bc796798a3a81b\"},\"headline\":\"Nari\u00f1o suma 19 asesinatos de l\u00edderes sociales tras crimen de dos primos en zona rural de Ipiales\",\"datePublished\":\"2022-10-31T22:27:08+00:00\",\"mainEntityOfPage\":{\"@id\":\"https:\/\/pagina10.com\/web\/narino-suma-19-asesinatos-de-lideres-sociales-tras-crimen-de-dos-primos-en-zona-rural-de-ipiales\/\"},\"wordCount\":164,\"commentCount\":0,\"publisher\":{\"@id\":\"https:\/\/pagina10.com\/web\/#organization\"},\"image\":{\"@id\":\"https:\/\/pagina10.com\/web\/narino-suma-19-asesinatos-de-lideres-sociales-tras-crimen-de-dos-primos-en-zona-rural-de-ipiales\/#primaryimage\"},\"thumbnailUrl\":\"https:\/\/pagina10.com\/web\/wp-content\/uploads\/2022\/10\/FgXIOIiXkAAAoT4-e1667255201528.jpg\",\"articleSection\":[\"Judicial\"],\"inLanguage\":\"es\",\"potentialAction\":[{\"@type\":\"CommentAction\",\"name\":\"Comment\",\"target\":[\"https:\/\/pagina10.com\/web\/narino-suma-19-asesinatos-de-lideres-sociales-tras-crimen-de-dos-primos-en-zona-rural-de-ipiales\/#respond\"]}]},{\"@type\":\"WebPage\",\"@id\":\"https:\/\/pagina10.com\/web\/narino-suma-19-asesinatos-de-lideres-sociales-tras-crimen-de-dos-primos-en-zona-rural-de-ipiales\/\",\"url\":\"https:\/\/pagina10.com\/web\/narino-suma-19-asesinatos-de-lideres-sociales-tras-crimen-de-dos-primos-en-zona-rural-de-ipiales\/\",\"name\":\"Nari\u00f1o suma 19 asesinatos de l\u00edderes sociales tras crimen de dos primos en zona rural de Ipiales | P\u00e1gina10\",\"isPartOf\":{\"@id\":\"https:\/\/pagina10.com\/web\/#website\"},\"primaryImageOfPage\":{\"@id\":\"https:\/\/pagina10.com\/web\/narino-suma-19-asesinatos-de-lideres-sociales-tras-crimen-de-dos-primos-en-zona-rural-de-ipiales\/#primaryimage\"},\"image\":{\"@id\":\"https:\/\/pagina10.com\/web\/narino-suma-19-asesinatos-de-lideres-sociales-tras-crimen-de-dos-primos-en-zona-rural-de-ipiales\/#primaryimage\"},\"thumbnailUrl\":\"https:\/\/pagina10.com\/web\/wp-content\/uploads\/2022\/10\/FgXIOIiXkAAAoT4-e1667255201528.jpg\",\"datePublished\":\"2022-10-31T22:27:08+00:00\",\"breadcrumb\":{\"@id\":\"https:\/\/pagina10.com\/web\/narino-suma-19-asesinatos-de-lideres-sociales-tras-crimen-de-dos-primos-en-zona-rural-de-ipiales\/#breadcrumb\"},\"inLanguage\":\"es\",\"potentialAction\":[{\"@type\":\"ReadAction\",\"target\":[\"https:\/\/pagina10.com\/web\/narino-suma-19-asesinatos-de-lideres-sociales-tras-crimen-de-dos-primos-en-zona-rural-de-ipiales\/\"]}]},{\"@type\":\"ImageObject\",\"inLanguage\":\"es\",\"@id\":\"https:\/\/pagina10.com\/web\/narino-suma-19-asesinatos-de-lideres-sociales-tras-crimen-de-dos-primos-en-zona-rural-de-ipiales\/#primaryimage\",\"url\":\"https:\/\/pagina10.com\/web\/wp-content\/uploads\/2022\/10\/FgXIOIiXkAAAoT4-e1667255201528.jpg\",\"contentUrl\":\"https:\/\/pagina10.com\/web\/wp-content\/uploads\/2022\/10\/FgXIOIiXkAAAoT4-e1667255201528.jpg\",\"width\":680,\"height\":372},{\"@type\":\"BreadcrumbList\",\"@id\":\"https:\/\/pagina10.com\/web\/narino-suma-19-asesinatos-de-lideres-sociales-tras-crimen-de-dos-primos-en-zona-rural-de-ipiales\/#breadcrumb\",\"itemListElement\":[{\"@type\":\"ListItem\",\"position\":1,\"name\":\"Portada\",\"item\":\"https:\/\/pagina10.com\/web\/\"},{\"@type\":\"ListItem\",\"position\":2,\"name\":\"Nari\u00f1o suma 19 asesinatos de l\u00edderes sociales tras crimen de dos primos en zona rural de Ipiales\"}]},{\"@type\":\"WebSite\",\"@id\":\"https:\/\/pagina10.com\/web\/#website\",\"url\":\"https:\/\/pagina10.com\/web\/\",\"name\":\"P\u00e1gina10\",\"description\":\"Peri\u00f3dico Regional\",\"publisher\":{\"@id\":\"https:\/\/pagina10.com\/web\/#organization\"},\"alternateName\":\"P\u00e1gina10 Peri\u00f3dico Regional\",\"potentialAction\":[{\"@type\":\"SearchAction\",\"target\":{\"@type\":\"EntryPoint\",\"urlTemplate\":\"https:\/\/pagina10.com\/web\/?s={search_term_string}\"},\"query-input\":{\"@type\":\"PropertyValueSpecification\",\"valueRequired\":true,\"valueName\":\"search_term_string\"}}],\"inLanguage\":\"es\"},{\"@type\":\"Organization\",\"@id\":\"https:\/\/pagina10.com\/web\/#organization\",\"name\":\"P\u00e1gina10\",\"alternateName\":\"P\u00e1gina10 Peri\u00f3dico Regional\",\"url\":\"https:\/\/pagina10.com\/web\/\",\"logo\":{\"@type\":\"ImageObject\",\"inLanguage\":\"es\",\"@id\":\"https:\/\/pagina10.com\/web\/#\/schema\/logo\/image\/\",\"url\":\"https:\/\/pagina10.com\/web\/wp-content\/uploads\/2024\/01\/40-pagina-10-periodico-regional-pasto.jpg\",\"contentUrl\":\"https:\/\/pagina10.com\/web\/wp-content\/uploads\/2024\/01\/40-pagina-10-periodico-regional-pasto.jpg\",\"width\":1280,\"height\":720,\"caption\":\"P\u00e1gina10\"},\"image\":{\"@id\":\"https:\/\/pagina10.com\/web\/#\/schema\/logo\/image\/\"},\"sameAs\":[\"https:\/\/www.facebook.com\/pag10com\",\"https:\/\/x.com\/Pag10com\",\"https:\/\/www.instagram.com\/pagina10col\/\",\"https:\/\/youtube.com\/channel\/pag10\",\"https:\/\/www.tiktok.com\/@p10col\"]},{\"@type\":\"Person\",\"@id\":\"https:\/\/pagina10.com\/web\/#\/schema\/person\/2efc4a090d25b667d3bc796798a3a81b\",\"name\":\"P\u00e1gina 10\",\"description\":\"P\u00e1gina 10 es un peri\u00f3dico regional que nace en Colombia, en el departamento de Nari\u00f1o, con un enfoque global, fundamentado en cuatro pilares esenciales: la libertad, el pluralismo, la inclusi\u00f3n y la independencia. P\u00e1gina 10 hace referencia a Nari\u00f1o como el d\u00e9cimo departamento creado en Colombia, despu\u00e9s de un proceso pol\u00edtico liderado por actores y actrices regionales con el fin de obtener la independencia y autonom\u00eda de nuestros territorios. Con la creaci\u00f3n de P\u00e1gina 10 se pretende abrir un escenario para el dialogo, la reflexi\u00f3n y el debate que se extienda a otras geograf\u00edas de Am\u00e9rica Latina y del planeta, en una apuesta por transformar colectivamente los desaf\u00edos de un mundo contempor\u00e1neo, m\u00e1s all\u00e1 de las fronteras impuestas.\",\"url\":\"https:\/\/pagina10.com\/web\/author\/pdiezadmin\/\"}]}<\/script>\n<!-- \/ Yoast SEO plugin. -->","yoast_head_json":{"title":"Nari\u00f1o suma 19 asesinatos de l\u00edderes sociales tras crimen de dos primos en zona rural de Ipiales | P\u00e1gina10","robots":{"index":"index","follow":"follow","max-snippet":"max-snippet:-1","max-image-preview":"max-image-preview:large","max-video-preview":"max-video-preview:-1"},"canonical":"https:\/\/pagina10.com\/web\/narino-suma-19-asesinatos-de-lideres-sociales-tras-crimen-de-dos-primos-en-zona-rural-de-ipiales\/","og_locale":"es_ES","og_type":"article","og_title":"Nari\u00f1o suma 19 asesinatos de l\u00edderes sociales tras crimen de dos primos en zona rural de Ipiales | P\u00e1gina10","og_description":"Como Jon\u00e1s Carabal\u00ed, presidente del Consejo Comunitario Afro Nuevo Amanecer en el corregimiento Jardines de Sucumb\u00edos, y Faustino Carabal\u00ed, dirigente afro del corregimiento Jardines de Sucumb\u00edos, fueron identificados los dos l\u00edderes ind\u00edgenas asesinados en zona rural del municipio de Ipiales. Las v\u00edctimas fueron acribilladas el domingo por presuntos integrantes del grupo armado organizado ilegal \u2018Comandos [&hellip;]","og_url":"https:\/\/pagina10.com\/web\/narino-suma-19-asesinatos-de-lideres-sociales-tras-crimen-de-dos-primos-en-zona-rural-de-ipiales\/","og_site_name":"P\u00e1gina10","article_publisher":"https:\/\/www.facebook.com\/pag10com","article_published_time":"2022-10-31T22:27:08+00:00","og_image":[{"width":680,"height":372,"url":"https:\/\/pagina10.com\/web\/wp-content\/uploads\/2022\/10\/FgXIOIiXkAAAoT4-e1667255201528.jpg","type":"image\/jpeg"}],"author":"P\u00e1gina 10","twitter_card":"summary_large_image","twitter_creator":"@Pag10com","twitter_site":"@Pag10com","twitter_misc":{"Escrito por":"P\u00e1gina 10","Tiempo de lectura":"1 minuto"},"schema":{"@context":"https:\/\/schema.org","@graph":[{"@type":"Article","@id":"https:\/\/pagina10.com\/web\/narino-suma-19-asesinatos-de-lideres-sociales-tras-crimen-de-dos-primos-en-zona-rural-de-ipiales\/#article","isPartOf":{"@id":"https:\/\/pagina10.com\/web\/narino-suma-19-asesinatos-de-lideres-sociales-tras-crimen-de-dos-primos-en-zona-rural-de-ipiales\/"},"author":{"name":"P\u00e1gina 10","@id":"https:\/\/pagina10.com\/web\/#\/schema\/person\/2efc4a090d25b667d3bc796798a3a81b"},"headline":"Nari\u00f1o suma 19 asesinatos de l\u00edderes sociales tras crimen de dos primos en zona rural de Ipiales","datePublished":"2022-10-31T22:27:08+00:00","mainEntityOfPage":{"@id":"https:\/\/pagina10.com\/web\/narino-suma-19-asesinatos-de-lideres-sociales-tras-crimen-de-dos-primos-en-zona-rural-de-ipiales\/"},"wordCount":164,"commentCount":0,"publisher":{"@id":"https:\/\/pagina10.com\/web\/#organization"},"image":{"@id":"https:\/\/pagina10.com\/web\/narino-suma-19-asesinatos-de-lideres-sociales-tras-crimen-de-dos-primos-en-zona-rural-de-ipiales\/#primaryimage"},"thumbnailUrl":"https:\/\/pagina10.com\/web\/wp-content\/uploads\/2022\/10\/FgXIOIiXkAAAoT4-e1667255201528.jpg","articleSection":["Judicial"],"inLanguage":"es","potentialAction":[{"@type":"CommentAction","name":"Comment","target":["https:\/\/pagina10.com\/web\/narino-suma-19-asesinatos-de-lideres-sociales-tras-crimen-de-dos-primos-en-zona-rural-de-ipiales\/#respond"]}]},{"@type":"WebPage","@id":"https:\/\/pagina10.com\/web\/narino-suma-19-asesinatos-de-lideres-sociales-tras-crimen-de-dos-primos-en-zona-rural-de-ipiales\/","url":"https:\/\/pagina10.com\/web\/narino-suma-19-asesinatos-de-lideres-sociales-tras-crimen-de-dos-primos-en-zona-rural-de-ipiales\/","name":"Nari\u00f1o suma 19 asesinatos de l\u00edderes sociales tras crimen de dos primos en zona rural de Ipiales | P\u00e1gina10","isPartOf":{"@id":"https:\/\/pagina10.com\/web\/#website"},"primaryImageOfPage":{"@id":"https:\/\/pagina10.com\/web\/narino-suma-19-asesinatos-de-lideres-sociales-tras-crimen-de-dos-primos-en-zona-rural-de-ipiales\/#primaryimage"},"image":{"@id":"https:\/\/pagina10.com\/web\/narino-suma-19-asesinatos-de-lideres-sociales-tras-crimen-de-dos-primos-en-zona-rural-de-ipiales\/#primaryimage"},"thumbnailUrl":"https:\/\/pagina10.com\/web\/wp-content\/uploads\/2022\/10\/FgXIOIiXkAAAoT4-e1667255201528.jpg","datePublished":"2022-10-31T22:27:08+00:00","breadcrumb":{"@id":"https:\/\/pagina10.com\/web\/narino-suma-19-asesinatos-de-lideres-sociales-tras-crimen-de-dos-primos-en-zona-rural-de-ipiales\/#breadcrumb"},"inLanguage":"es","potentialAction":[{"@type":"ReadAction","target":["https:\/\/pagina10.com\/web\/narino-suma-19-asesinatos-de-lideres-sociales-tras-crimen-de-dos-primos-en-zona-rural-de-ipiales\/"]}]},{"@type":"ImageObject","inLanguage":"es","@id":"https:\/\/pagina10.com\/web\/narino-suma-19-asesinatos-de-lideres-sociales-tras-crimen-de-dos-primos-en-zona-rural-de-ipiales\/#primaryimage","url":"https:\/\/pagina10.com\/web\/wp-content\/uploads\/2022\/10\/FgXIOIiXkAAAoT4-e1667255201528.jpg","contentUrl":"https:\/\/pagina10.com\/web\/wp-content\/uploads\/2022\/10\/FgXIOIiXkAAAoT4-e1667255201528.jpg","width":680,"height":372},{"@type":"BreadcrumbList","@id":"https:\/\/pagina10.com\/web\/narino-suma-19-asesinatos-de-lideres-sociales-tras-crimen-de-dos-primos-en-zona-rural-de-ipiales\/#breadcrumb","itemListElement":[{"@type":"ListItem","position":1,"name":"Portada","item":"https:\/\/pagina10.com\/web\/"},{"@type":"ListItem","position":2,"name":"Nari\u00f1o suma 19 asesinatos de l\u00edderes sociales tras crimen de dos primos en zona rural de Ipiales"}]},{"@type":"WebSite","@id":"https:\/\/pagina10.com\/web\/#website","url":"https:\/\/pagina10.com\/web\/","name":"P\u00e1gina10","description":"Peri\u00f3dico Regional","publisher":{"@id":"https:\/\/pagina10.com\/web\/#organization"},"alternateName":"P\u00e1gina10 Peri\u00f3dico Regional","potentialAction":[{"@type":"SearchAction","target":{"@type":"EntryPoint","urlTemplate":"https:\/\/pagina10.com\/web\/?s={search_term_string}"},"query-input":{"@type":"PropertyValueSpecification","valueRequired":true,"valueName":"search_term_string"}}],"inLanguage":"es"},{"@type":"Organization","@id":"https:\/\/pagina10.com\/web\/#organization","name":"P\u00e1gina10","alternateName":"P\u00e1gina10 Peri\u00f3dico Regional","url":"https:\/\/pagina10.com\/web\/","logo":{"@type":"ImageObject","inLanguage":"es","@id":"https:\/\/pagina10.com\/web\/#\/schema\/logo\/image\/","url":"https:\/\/pagina10.com\/web\/wp-content\/uploads\/2024\/01\/40-pagina-10-periodico-regional-pasto.jpg","contentUrl":"https:\/\/pagina10.com\/web\/wp-content\/uploads\/2024\/01\/40-pagina-10-periodico-regional-pasto.jpg","width":1280,"height":720,"caption":"P\u00e1gina10"},"image":{"@id":"https:\/\/pagina10.com\/web\/#\/schema\/logo\/image\/"},"sameAs":["https:\/\/www.facebook.com\/pag10com","https:\/\/x.com\/Pag10com","https:\/\/www.instagram.com\/pagina10col\/","https:\/\/youtube.com\/channel\/pag10","https:\/\/www.tiktok.com\/@p10col"]},{"@type":"Person","@id":"https:\/\/pagina10.com\/web\/#\/schema\/person\/2efc4a090d25b667d3bc796798a3a81b","name":"P\u00e1gina 10","description":"P\u00e1gina 10 es un peri\u00f3dico regional que nace en Colombia, en el departamento de Nari\u00f1o, con un enfoque global, fundamentado en cuatro pilares esenciales: la libertad, el pluralismo, la inclusi\u00f3n y la independencia. P\u00e1gina 10 hace referencia a Nari\u00f1o como el d\u00e9cimo departamento creado en Colombia, despu\u00e9s de un proceso pol\u00edtico liderado por actores y actrices regionales con el fin de obtener la independencia y autonom\u00eda de nuestros territorios. Con la creaci\u00f3n de P\u00e1gina 10 se pretende abrir un escenario para el dialogo, la reflexi\u00f3n y el debate que se extienda a otras geograf\u00edas de Am\u00e9rica Latina y del planeta, en una apuesta por transformar colectivamente los desaf\u00edos de un mundo contempor\u00e1neo, m\u00e1s all\u00e1 de las fronteras impuestas.","url":"https:\/\/pagina10.com\/web\/author\/pdiezadmin\/"}]}},"_links":{"self":[{"href":"https:\/\/pagina10.com\/web\/wp-json\/wp\/v2\/posts\/62542","targetHints":{"allow":["GET"]}}],"collection":[{"href":"https:\/\/pagina10.com\/web\/wp-json\/wp\/v2\/posts"}],"about":[{"href":"https:\/\/pagina10.com\/web\/wp-json\/wp\/v2\/types\/post"}],"author":[{"embeddable":true,"href":"https:\/\/pagina10.com\/web\/wp-json\/wp\/v2\/users\/1"}],"replies":[{"embeddable":true,"href":"https:\/\/pagina10.com\/web\/wp-json\/wp\/v2\/comments?post=62542"}],"version-history":[{"count":1,"href":"https:\/\/pagina10.com\/web\/wp-json\/wp\/v2\/posts\/62542\/revisions"}],"predecessor-version":[{"id":62544,"href":"https:\/\/pagina10.com\/web\/wp-json\/wp\/v2\/posts\/62542\/revisions\/62544"}],"wp:featuredmedia":[{"embeddable":true,"href":"https:\/\/pagina10.com\/web\/wp-json\/wp\/v2\/media\/62543"}],"wp:attachment":[{"href":"https:\/\/pagina10.com\/web\/wp-json\/wp\/v2\/media?parent=62542"}],"wp:term":[{"taxonomy":"category","embeddable":true,"href":"https:\/\/pagina10.com\/web\/wp-json\/wp\/v2\/categories?post=62542"},{"taxonomy":"post_tag","embeddable":true,"href":"https:\/\/pagina10.com\/web\/wp-json\/wp\/v2\/tags?post=62542"}],"curies":[{"name":"wp","href":"https:\/\/api.w.org\/{rel}","templated":true}]}}