{"id":62545,"date":"2022-10-31T18:10:45","date_gmt":"2022-10-31T23:10:45","guid":{"rendered":"https:\/\/pagina10.com\/web\/?p=62545"},"modified":"2022-11-01T10:26:22","modified_gmt":"2022-11-01T15:26:22","slug":"por-futura-renuncia-de-senador-gustavo-bolivar-se-recuperaria-una-curul-para-narino","status":"publish","type":"post","link":"https:\/\/pagina10.com\/web\/por-futura-renuncia-de-senador-gustavo-bolivar-se-recuperaria-una-curul-para-narino\/","title":{"rendered":"Por futura renuncia de senador Gustavo Bol\u00edvar se recuperar\u00eda una curul para Nari\u00f1o"},"content":{"rendered":"<p style=\"text-align: justify;\">Luego del anuncio hecho por el senador del Pacto Hist\u00f3rico, Gustavo Bol\u00edvar, de querer renunciar al congreso debido a problemas econ\u00f3micos, se reabri\u00f3 la posibilidad de que esa curul sea ocupada por el dirigente nari\u00f1ense Carlos Alberto Benavides. De darse esa opci\u00f3n, Nari\u00f1o recuperar\u00eda el esca\u00f1o perdido con la renuncia de Berner Zambrano.<\/p>\n<p style=\"text-align: justify;\">Cabe mencionar que la lista del Pacto Hist\u00f3rico logr\u00f3 20 curules en las pasadas elecciones. En este caso particular, asumir\u00eda la posici\u00f3n de Bol\u00edvar quien ocupe el puesto 21 que corresponde a Benavides. Es importante anotar que el pol\u00edtico nari\u00f1ense, estuvo a punto de entrar al congreso debido al esc\u00e1ndalo protagonizado por el senador Alex Fl\u00f3rez.<\/p>\n<p style=\"text-align: justify;\">En su momento, el movimiento anunci\u00f3 una investigaci\u00f3n disciplinaria y posible p\u00e9rdida de la investidura para el legislador que, en estado de embriaguez, agredi\u00f3 verbalmente a miembros de la Polic\u00eda Nacional. Sin embargo, al final su proceso no prosper\u00f3 y sigui\u00f3 ocupando su cargo normalmente.<\/p>\n<p style=\"text-align: justify;\">Ahora la posibilidad de que Benavides sea senador renaci\u00f3 con el anuncio de Bol\u00edvar quien renunciar\u00eda una vez termine la presente legislatura, o sea, en los primeros meses del pr\u00f3ximo a\u00f1o. Actualmente, Nari\u00f1o cuenta \u00fanicamente con tres senadores: Liliana Benavides, Polivio Rosales y Robert Daza.<\/p>\n","protected":false},"excerpt":{"rendered":"<p>Luego del anuncio hecho por el senador del Pacto Hist\u00f3rico, Gustavo Bol\u00edvar, de querer renunciar al congreso debido a problemas econ\u00f3micos, se reabri\u00f3 la posibilidad de que esa curul sea ocupada por el dirigente nari\u00f1ense Carlos Alberto Benavides. De darse esa opci\u00f3n, Nari\u00f1o recuperar\u00eda el esca\u00f1o perdido con la renuncia de Berner Zambrano. Cabe mencionar [&hellip;]<\/p>\n","protected":false},"author":1,"featured_media":62546,"comment_status":"open","ping_status":"open","sticky":false,"template":"","format":"standard","meta":{"footnotes":""},"categories":[94],"tags":[],"class_list":["post-62545","post","type-post","status-publish","format-standard","has-post-thumbnail","hentry","category-nacional-global-2"],"yoast_head":"<!-- This site is optimized with the Yoast SEO plugin v27.1.1 - https:\/\/yoast.com\/product\/yoast-seo-wordpress\/ -->\n<title>Por futura renuncia de senador Gustavo Bol\u00edvar se recuperar\u00eda una curul para Nari\u00f1o | P\u00e1gina10<\/title>\n<meta name=\"robots\" content=\"index, follow, max-snippet:-1, max-image-preview:large, max-video-preview:-1\" \/>\n<link rel=\"canonical\" href=\"https:\/\/pagina10.com\/web\/por-futura-renuncia-de-senador-gustavo-bolivar-se-recuperaria-una-curul-para-narino\/\" \/>\n<meta property=\"og:locale\" content=\"es_ES\" \/>\n<meta property=\"og:type\" content=\"article\" \/>\n<meta property=\"og:title\" content=\"Por futura renuncia de senador Gustavo Bol\u00edvar se recuperar\u00eda una curul para Nari\u00f1o | P\u00e1gina10\" \/>\n<meta property=\"og:description\" content=\"Luego del anuncio hecho por el senador del Pacto Hist\u00f3rico, Gustavo Bol\u00edvar, de querer renunciar al congreso debido a problemas econ\u00f3micos, se reabri\u00f3 la posibilidad de que esa curul sea ocupada por el dirigente nari\u00f1ense Carlos Alberto Benavides. De darse esa opci\u00f3n, Nari\u00f1o recuperar\u00eda el esca\u00f1o perdido con la renuncia de Berner Zambrano. Cabe mencionar [&hellip;]\" \/>\n<meta property=\"og:url\" content=\"https:\/\/pagina10.com\/web\/por-futura-renuncia-de-senador-gustavo-bolivar-se-recuperaria-una-curul-para-narino\/\" \/>\n<meta property=\"og:site_name\" content=\"P\u00e1gina10\" \/>\n<meta property=\"article:publisher\" content=\"https:\/\/www.facebook.com\/pag10com\" \/>\n<meta property=\"article:published_time\" content=\"2022-10-31T23:10:45+00:00\" \/>\n<meta property=\"article:modified_time\" content=\"2022-11-01T15:26:22+00:00\" \/>\n<meta property=\"og:image\" content=\"https:\/\/pagina10.com\/web\/wp-content\/uploads\/2022\/10\/bolivar-01.jpg\" \/>\n\t<meta property=\"og:image:width\" content=\"2350\" \/>\n\t<meta property=\"og:image:height\" content=\"1535\" \/>\n\t<meta property=\"og:image:type\" content=\"image\/jpeg\" \/>\n<meta name=\"author\" content=\"P\u00e1gina 10\" \/>\n<meta name=\"twitter:card\" content=\"summary_large_image\" \/>\n<meta name=\"twitter:creator\" content=\"@Pag10com\" \/>\n<meta name=\"twitter:site\" content=\"@Pag10com\" \/>\n<meta name=\"twitter:label1\" content=\"Escrito por\" \/>\n\t<meta name=\"twitter:data1\" content=\"P\u00e1gina 10\" \/>\n\t<meta name=\"twitter:label2\" content=\"Tiempo de lectura\" \/>\n\t<meta name=\"twitter:data2\" content=\"1 minuto\" \/>\n<script type=\"application\/ld+json\" class=\"yoast-schema-graph\">{\"@context\":\"https:\/\/schema.org\",\"@graph\":[{\"@type\":\"Article\",\"@id\":\"https:\/\/pagina10.com\/web\/por-futura-renuncia-de-senador-gustavo-bolivar-se-recuperaria-una-curul-para-narino\/#article\",\"isPartOf\":{\"@id\":\"https:\/\/pagina10.com\/web\/por-futura-renuncia-de-senador-gustavo-bolivar-se-recuperaria-una-curul-para-narino\/\"},\"author\":{\"name\":\"P\u00e1gina 10\",\"@id\":\"https:\/\/pagina10.com\/web\/#\/schema\/person\/2efc4a090d25b667d3bc796798a3a81b\"},\"headline\":\"Por futura renuncia de senador Gustavo Bol\u00edvar se recuperar\u00eda una curul para Nari\u00f1o\",\"datePublished\":\"2022-10-31T23:10:45+00:00\",\"dateModified\":\"2022-11-01T15:26:22+00:00\",\"mainEntityOfPage\":{\"@id\":\"https:\/\/pagina10.com\/web\/por-futura-renuncia-de-senador-gustavo-bolivar-se-recuperaria-una-curul-para-narino\/\"},\"wordCount\":237,\"commentCount\":0,\"publisher\":{\"@id\":\"https:\/\/pagina10.com\/web\/#organization\"},\"image\":{\"@id\":\"https:\/\/pagina10.com\/web\/por-futura-renuncia-de-senador-gustavo-bolivar-se-recuperaria-una-curul-para-narino\/#primaryimage\"},\"thumbnailUrl\":\"https:\/\/pagina10.com\/web\/wp-content\/uploads\/2022\/10\/bolivar-01.jpg\",\"articleSection\":[\"Nacional\"],\"inLanguage\":\"es\",\"potentialAction\":[{\"@type\":\"CommentAction\",\"name\":\"Comment\",\"target\":[\"https:\/\/pagina10.com\/web\/por-futura-renuncia-de-senador-gustavo-bolivar-se-recuperaria-una-curul-para-narino\/#respond\"]}]},{\"@type\":\"WebPage\",\"@id\":\"https:\/\/pagina10.com\/web\/por-futura-renuncia-de-senador-gustavo-bolivar-se-recuperaria-una-curul-para-narino\/\",\"url\":\"https:\/\/pagina10.com\/web\/por-futura-renuncia-de-senador-gustavo-bolivar-se-recuperaria-una-curul-para-narino\/\",\"name\":\"Por futura renuncia de senador Gustavo Bol\u00edvar se recuperar\u00eda una curul para Nari\u00f1o | P\u00e1gina10\",\"isPartOf\":{\"@id\":\"https:\/\/pagina10.com\/web\/#website\"},\"primaryImageOfPage\":{\"@id\":\"https:\/\/pagina10.com\/web\/por-futura-renuncia-de-senador-gustavo-bolivar-se-recuperaria-una-curul-para-narino\/#primaryimage\"},\"image\":{\"@id\":\"https:\/\/pagina10.com\/web\/por-futura-renuncia-de-senador-gustavo-bolivar-se-recuperaria-una-curul-para-narino\/#primaryimage\"},\"thumbnailUrl\":\"https:\/\/pagina10.com\/web\/wp-content\/uploads\/2022\/10\/bolivar-01.jpg\",\"datePublished\":\"2022-10-31T23:10:45+00:00\",\"dateModified\":\"2022-11-01T15:26:22+00:00\",\"breadcrumb\":{\"@id\":\"https:\/\/pagina10.com\/web\/por-futura-renuncia-de-senador-gustavo-bolivar-se-recuperaria-una-curul-para-narino\/#breadcrumb\"},\"inLanguage\":\"es\",\"potentialAction\":[{\"@type\":\"ReadAction\",\"target\":[\"https:\/\/pagina10.com\/web\/por-futura-renuncia-de-senador-gustavo-bolivar-se-recuperaria-una-curul-para-narino\/\"]}]},{\"@type\":\"ImageObject\",\"inLanguage\":\"es\",\"@id\":\"https:\/\/pagina10.com\/web\/por-futura-renuncia-de-senador-gustavo-bolivar-se-recuperaria-una-curul-para-narino\/#primaryimage\",\"url\":\"https:\/\/pagina10.com\/web\/wp-content\/uploads\/2022\/10\/bolivar-01.jpg\",\"contentUrl\":\"https:\/\/pagina10.com\/web\/wp-content\/uploads\/2022\/10\/bolivar-01.jpg\",\"width\":2350,\"height\":1535},{\"@type\":\"BreadcrumbList\",\"@id\":\"https:\/\/pagina10.com\/web\/por-futura-renuncia-de-senador-gustavo-bolivar-se-recuperaria-una-curul-para-narino\/#breadcrumb\",\"itemListElement\":[{\"@type\":\"ListItem\",\"position\":1,\"name\":\"Portada\",\"item\":\"https:\/\/pagina10.com\/web\/\"},{\"@type\":\"ListItem\",\"position\":2,\"name\":\"Por futura renuncia de senador Gustavo Bol\u00edvar se recuperar\u00eda una curul para Nari\u00f1o\"}]},{\"@type\":\"WebSite\",\"@id\":\"https:\/\/pagina10.com\/web\/#website\",\"url\":\"https:\/\/pagina10.com\/web\/\",\"name\":\"P\u00e1gina10\",\"description\":\"Peri\u00f3dico Regional\",\"publisher\":{\"@id\":\"https:\/\/pagina10.com\/web\/#organization\"},\"alternateName\":\"P\u00e1gina10 Peri\u00f3dico Regional\",\"potentialAction\":[{\"@type\":\"SearchAction\",\"target\":{\"@type\":\"EntryPoint\",\"urlTemplate\":\"https:\/\/pagina10.com\/web\/?s={search_term_string}\"},\"query-input\":{\"@type\":\"PropertyValueSpecification\",\"valueRequired\":true,\"valueName\":\"search_term_string\"}}],\"inLanguage\":\"es\"},{\"@type\":\"Organization\",\"@id\":\"https:\/\/pagina10.com\/web\/#organization\",\"name\":\"P\u00e1gina10\",\"alternateName\":\"P\u00e1gina10 Peri\u00f3dico Regional\",\"url\":\"https:\/\/pagina10.com\/web\/\",\"logo\":{\"@type\":\"ImageObject\",\"inLanguage\":\"es\",\"@id\":\"https:\/\/pagina10.com\/web\/#\/schema\/logo\/image\/\",\"url\":\"https:\/\/pagina10.com\/web\/wp-content\/uploads\/2024\/01\/40-pagina-10-periodico-regional-pasto.jpg\",\"contentUrl\":\"https:\/\/pagina10.com\/web\/wp-content\/uploads\/2024\/01\/40-pagina-10-periodico-regional-pasto.jpg\",\"width\":1280,\"height\":720,\"caption\":\"P\u00e1gina10\"},\"image\":{\"@id\":\"https:\/\/pagina10.com\/web\/#\/schema\/logo\/image\/\"},\"sameAs\":[\"https:\/\/www.facebook.com\/pag10com\",\"https:\/\/x.com\/Pag10com\",\"https:\/\/www.instagram.com\/pagina10col\/\",\"https:\/\/youtube.com\/channel\/pag10\",\"https:\/\/www.tiktok.com\/@p10col\"]},{\"@type\":\"Person\",\"@id\":\"https:\/\/pagina10.com\/web\/#\/schema\/person\/2efc4a090d25b667d3bc796798a3a81b\",\"name\":\"P\u00e1gina 10\",\"description\":\"P\u00e1gina 10 es un peri\u00f3dico regional que nace en Colombia, en el departamento de Nari\u00f1o, con un enfoque global, fundamentado en cuatro pilares esenciales: la libertad, el pluralismo, la inclusi\u00f3n y la independencia. P\u00e1gina 10 hace referencia a Nari\u00f1o como el d\u00e9cimo departamento creado en Colombia, despu\u00e9s de un proceso pol\u00edtico liderado por actores y actrices regionales con el fin de obtener la independencia y autonom\u00eda de nuestros territorios. Con la creaci\u00f3n de P\u00e1gina 10 se pretende abrir un escenario para el dialogo, la reflexi\u00f3n y el debate que se extienda a otras geograf\u00edas de Am\u00e9rica Latina y del planeta, en una apuesta por transformar colectivamente los desaf\u00edos de un mundo contempor\u00e1neo, m\u00e1s all\u00e1 de las fronteras impuestas.\",\"url\":\"https:\/\/pagina10.com\/web\/author\/pdiezadmin\/\"}]}<\/script>\n<!-- \/ Yoast SEO plugin. -->","yoast_head_json":{"title":"Por futura renuncia de senador Gustavo Bol\u00edvar se recuperar\u00eda una curul para Nari\u00f1o | P\u00e1gina10","robots":{"index":"index","follow":"follow","max-snippet":"max-snippet:-1","max-image-preview":"max-image-preview:large","max-video-preview":"max-video-preview:-1"},"canonical":"https:\/\/pagina10.com\/web\/por-futura-renuncia-de-senador-gustavo-bolivar-se-recuperaria-una-curul-para-narino\/","og_locale":"es_ES","og_type":"article","og_title":"Por futura renuncia de senador Gustavo Bol\u00edvar se recuperar\u00eda una curul para Nari\u00f1o | P\u00e1gina10","og_description":"Luego del anuncio hecho por el senador del Pacto Hist\u00f3rico, Gustavo Bol\u00edvar, de querer renunciar al congreso debido a problemas econ\u00f3micos, se reabri\u00f3 la posibilidad de que esa curul sea ocupada por el dirigente nari\u00f1ense Carlos Alberto Benavides. De darse esa opci\u00f3n, Nari\u00f1o recuperar\u00eda el esca\u00f1o perdido con la renuncia de Berner Zambrano. Cabe mencionar [&hellip;]","og_url":"https:\/\/pagina10.com\/web\/por-futura-renuncia-de-senador-gustavo-bolivar-se-recuperaria-una-curul-para-narino\/","og_site_name":"P\u00e1gina10","article_publisher":"https:\/\/www.facebook.com\/pag10com","article_published_time":"2022-10-31T23:10:45+00:00","article_modified_time":"2022-11-01T15:26:22+00:00","og_image":[{"width":2350,"height":1535,"url":"https:\/\/pagina10.com\/web\/wp-content\/uploads\/2022\/10\/bolivar-01.jpg","type":"image\/jpeg"}],"author":"P\u00e1gina 10","twitter_card":"summary_large_image","twitter_creator":"@Pag10com","twitter_site":"@Pag10com","twitter_misc":{"Escrito por":"P\u00e1gina 10","Tiempo de lectura":"1 minuto"},"schema":{"@context":"https:\/\/schema.org","@graph":[{"@type":"Article","@id":"https:\/\/pagina10.com\/web\/por-futura-renuncia-de-senador-gustavo-bolivar-se-recuperaria-una-curul-para-narino\/#article","isPartOf":{"@id":"https:\/\/pagina10.com\/web\/por-futura-renuncia-de-senador-gustavo-bolivar-se-recuperaria-una-curul-para-narino\/"},"author":{"name":"P\u00e1gina 10","@id":"https:\/\/pagina10.com\/web\/#\/schema\/person\/2efc4a090d25b667d3bc796798a3a81b"},"headline":"Por futura renuncia de senador Gustavo Bol\u00edvar se recuperar\u00eda una curul para Nari\u00f1o","datePublished":"2022-10-31T23:10:45+00:00","dateModified":"2022-11-01T15:26:22+00:00","mainEntityOfPage":{"@id":"https:\/\/pagina10.com\/web\/por-futura-renuncia-de-senador-gustavo-bolivar-se-recuperaria-una-curul-para-narino\/"},"wordCount":237,"commentCount":0,"publisher":{"@id":"https:\/\/pagina10.com\/web\/#organization"},"image":{"@id":"https:\/\/pagina10.com\/web\/por-futura-renuncia-de-senador-gustavo-bolivar-se-recuperaria-una-curul-para-narino\/#primaryimage"},"thumbnailUrl":"https:\/\/pagina10.com\/web\/wp-content\/uploads\/2022\/10\/bolivar-01.jpg","articleSection":["Nacional"],"inLanguage":"es","potentialAction":[{"@type":"CommentAction","name":"Comment","target":["https:\/\/pagina10.com\/web\/por-futura-renuncia-de-senador-gustavo-bolivar-se-recuperaria-una-curul-para-narino\/#respond"]}]},{"@type":"WebPage","@id":"https:\/\/pagina10.com\/web\/por-futura-renuncia-de-senador-gustavo-bolivar-se-recuperaria-una-curul-para-narino\/","url":"https:\/\/pagina10.com\/web\/por-futura-renuncia-de-senador-gustavo-bolivar-se-recuperaria-una-curul-para-narino\/","name":"Por futura renuncia de senador Gustavo Bol\u00edvar se recuperar\u00eda una curul para Nari\u00f1o | P\u00e1gina10","isPartOf":{"@id":"https:\/\/pagina10.com\/web\/#website"},"primaryImageOfPage":{"@id":"https:\/\/pagina10.com\/web\/por-futura-renuncia-de-senador-gustavo-bolivar-se-recuperaria-una-curul-para-narino\/#primaryimage"},"image":{"@id":"https:\/\/pagina10.com\/web\/por-futura-renuncia-de-senador-gustavo-bolivar-se-recuperaria-una-curul-para-narino\/#primaryimage"},"thumbnailUrl":"https:\/\/pagina10.com\/web\/wp-content\/uploads\/2022\/10\/bolivar-01.jpg","datePublished":"2022-10-31T23:10:45+00:00","dateModified":"2022-11-01T15:26:22+00:00","breadcrumb":{"@id":"https:\/\/pagina10.com\/web\/por-futura-renuncia-de-senador-gustavo-bolivar-se-recuperaria-una-curul-para-narino\/#breadcrumb"},"inLanguage":"es","potentialAction":[{"@type":"ReadAction","target":["https:\/\/pagina10.com\/web\/por-futura-renuncia-de-senador-gustavo-bolivar-se-recuperaria-una-curul-para-narino\/"]}]},{"@type":"ImageObject","inLanguage":"es","@id":"https:\/\/pagina10.com\/web\/por-futura-renuncia-de-senador-gustavo-bolivar-se-recuperaria-una-curul-para-narino\/#primaryimage","url":"https:\/\/pagina10.com\/web\/wp-content\/uploads\/2022\/10\/bolivar-01.jpg","contentUrl":"https:\/\/pagina10.com\/web\/wp-content\/uploads\/2022\/10\/bolivar-01.jpg","width":2350,"height":1535},{"@type":"BreadcrumbList","@id":"https:\/\/pagina10.com\/web\/por-futura-renuncia-de-senador-gustavo-bolivar-se-recuperaria-una-curul-para-narino\/#breadcrumb","itemListElement":[{"@type":"ListItem","position":1,"name":"Portada","item":"https:\/\/pagina10.com\/web\/"},{"@type":"ListItem","position":2,"name":"Por futura renuncia de senador Gustavo Bol\u00edvar se recuperar\u00eda una curul para Nari\u00f1o"}]},{"@type":"WebSite","@id":"https:\/\/pagina10.com\/web\/#website","url":"https:\/\/pagina10.com\/web\/","name":"P\u00e1gina10","description":"Peri\u00f3dico Regional","publisher":{"@id":"https:\/\/pagina10.com\/web\/#organization"},"alternateName":"P\u00e1gina10 Peri\u00f3dico Regional","potentialAction":[{"@type":"SearchAction","target":{"@type":"EntryPoint","urlTemplate":"https:\/\/pagina10.com\/web\/?s={search_term_string}"},"query-input":{"@type":"PropertyValueSpecification","valueRequired":true,"valueName":"search_term_string"}}],"inLanguage":"es"},{"@type":"Organization","@id":"https:\/\/pagina10.com\/web\/#organization","name":"P\u00e1gina10","alternateName":"P\u00e1gina10 Peri\u00f3dico Regional","url":"https:\/\/pagina10.com\/web\/","logo":{"@type":"ImageObject","inLanguage":"es","@id":"https:\/\/pagina10.com\/web\/#\/schema\/logo\/image\/","url":"https:\/\/pagina10.com\/web\/wp-content\/uploads\/2024\/01\/40-pagina-10-periodico-regional-pasto.jpg","contentUrl":"https:\/\/pagina10.com\/web\/wp-content\/uploads\/2024\/01\/40-pagina-10-periodico-regional-pasto.jpg","width":1280,"height":720,"caption":"P\u00e1gina10"},"image":{"@id":"https:\/\/pagina10.com\/web\/#\/schema\/logo\/image\/"},"sameAs":["https:\/\/www.facebook.com\/pag10com","https:\/\/x.com\/Pag10com","https:\/\/www.instagram.com\/pagina10col\/","https:\/\/youtube.com\/channel\/pag10","https:\/\/www.tiktok.com\/@p10col"]},{"@type":"Person","@id":"https:\/\/pagina10.com\/web\/#\/schema\/person\/2efc4a090d25b667d3bc796798a3a81b","name":"P\u00e1gina 10","description":"P\u00e1gina 10 es un peri\u00f3dico regional que nace en Colombia, en el departamento de Nari\u00f1o, con un enfoque global, fundamentado en cuatro pilares esenciales: la libertad, el pluralismo, la inclusi\u00f3n y la independencia. P\u00e1gina 10 hace referencia a Nari\u00f1o como el d\u00e9cimo departamento creado en Colombia, despu\u00e9s de un proceso pol\u00edtico liderado por actores y actrices regionales con el fin de obtener la independencia y autonom\u00eda de nuestros territorios. Con la creaci\u00f3n de P\u00e1gina 10 se pretende abrir un escenario para el dialogo, la reflexi\u00f3n y el debate que se extienda a otras geograf\u00edas de Am\u00e9rica Latina y del planeta, en una apuesta por transformar colectivamente los desaf\u00edos de un mundo contempor\u00e1neo, m\u00e1s all\u00e1 de las fronteras impuestas.","url":"https:\/\/pagina10.com\/web\/author\/pdiezadmin\/"}]}},"_links":{"self":[{"href":"https:\/\/pagina10.com\/web\/wp-json\/wp\/v2\/posts\/62545","targetHints":{"allow":["GET"]}}],"collection":[{"href":"https:\/\/pagina10.com\/web\/wp-json\/wp\/v2\/posts"}],"about":[{"href":"https:\/\/pagina10.com\/web\/wp-json\/wp\/v2\/types\/post"}],"author":[{"embeddable":true,"href":"https:\/\/pagina10.com\/web\/wp-json\/wp\/v2\/users\/1"}],"replies":[{"embeddable":true,"href":"https:\/\/pagina10.com\/web\/wp-json\/wp\/v2\/comments?post=62545"}],"version-history":[{"count":2,"href":"https:\/\/pagina10.com\/web\/wp-json\/wp\/v2\/posts\/62545\/revisions"}],"predecessor-version":[{"id":62560,"href":"https:\/\/pagina10.com\/web\/wp-json\/wp\/v2\/posts\/62545\/revisions\/62560"}],"wp:featuredmedia":[{"embeddable":true,"href":"https:\/\/pagina10.com\/web\/wp-json\/wp\/v2\/media\/62546"}],"wp:attachment":[{"href":"https:\/\/pagina10.com\/web\/wp-json\/wp\/v2\/media?parent=62545"}],"wp:term":[{"taxonomy":"category","embeddable":true,"href":"https:\/\/pagina10.com\/web\/wp-json\/wp\/v2\/categories?post=62545"},{"taxonomy":"post_tag","embeddable":true,"href":"https:\/\/pagina10.com\/web\/wp-json\/wp\/v2\/tags?post=62545"}],"curies":[{"name":"wp","href":"https:\/\/api.w.org\/{rel}","templated":true}]}}