{"id":62557,"date":"2022-11-01T10:23:26","date_gmt":"2022-11-01T15:23:26","guid":{"rendered":"https:\/\/pagina10.com\/web\/?p=62557"},"modified":"2022-11-01T10:23:26","modified_gmt":"2022-11-01T15:23:26","slug":"rector-del-cesmag-se-pronuncio-tras-denuncias-sobre-acoso-sexual-presuntamente-ocurridas-en-la-institucion","status":"publish","type":"post","link":"https:\/\/pagina10.com\/web\/rector-del-cesmag-se-pronuncio-tras-denuncias-sobre-acoso-sexual-presuntamente-ocurridas-en-la-institucion\/","title":{"rendered":"Rector del Cesmag se pronunci\u00f3 tras denuncias sobre acoso sexual, presuntamente, ocurridas en la instituci\u00f3n"},"content":{"rendered":"<p style=\"text-align: justify;\">Recientemente varios estudiantes de la Universidad Cesmag se tomaron las v\u00edas de hecho para denunciar presuntos hechos de acoso sexual que estar\u00edan ocurriendo al interior de esa instituci\u00f3n. Ante el reclamo, el rector Fray Daniel Sarria emiti\u00f3 un comunicado donde rechaz\u00f3 los hechos y manifest\u00f3 abrir las correspondientes acciones investigativas.<\/p>\n<p style=\"text-align: justify;\">\u201cEn atenci\u00f3n a la denuncia p\u00fablica difundida a trav\u00e9s de redes sociales y radicada en la Instituci\u00f3n, la Universidad se permite informar a la comunidad universitaria y a la comunidad en general que fiel al pensamiento de su fundador en torno a la mujer, rechaza tajantemente cualquier acto de violencia de g\u00e9nero o acoso sexual presentado al interior o por fuera de la Universidad\u201d, se\u00f1ala el comunicado.<\/p>\n<p style=\"text-align: justify;\">As\u00ed mismo, la misiva firmada se especifica: \u201cse ha activado el Protocolo de Atenci\u00f3n de Violencia de G\u00e9nero, de manera articulada con las autoridades competentes. Adem\u00e1s, se encuentra realizando labores tendientes a lograr el esclarecimiento de los hechos con el respeto al debido proceso\u201d.<\/p>\n","protected":false},"excerpt":{"rendered":"<p>Recientemente varios estudiantes de la Universidad Cesmag se tomaron las v\u00edas de hecho para denunciar presuntos hechos de acoso sexual que estar\u00edan ocurriendo al interior de esa instituci\u00f3n. Ante el reclamo, el rector Fray Daniel Sarria emiti\u00f3 un comunicado donde rechaz\u00f3 los hechos y manifest\u00f3 abrir las correspondientes acciones investigativas. \u201cEn atenci\u00f3n a la denuncia [&hellip;]<\/p>\n","protected":false},"author":1,"featured_media":62558,"comment_status":"open","ping_status":"open","sticky":false,"template":"","format":"standard","meta":{"footnotes":""},"categories":[84],"tags":[],"class_list":["post-62557","post","type-post","status-publish","format-standard","has-post-thumbnail","hentry","category-global-2"],"yoast_head":"<!-- This site is optimized with the Yoast SEO plugin v27.1.1 - https:\/\/yoast.com\/product\/yoast-seo-wordpress\/ -->\n<title>Rector del Cesmag se pronunci\u00f3 tras denuncias sobre acoso sexual, presuntamente, ocurridas en la instituci\u00f3n | P\u00e1gina10<\/title>\n<meta name=\"robots\" content=\"index, follow, max-snippet:-1, max-image-preview:large, max-video-preview:-1\" \/>\n<link rel=\"canonical\" href=\"https:\/\/pagina10.com\/web\/rector-del-cesmag-se-pronuncio-tras-denuncias-sobre-acoso-sexual-presuntamente-ocurridas-en-la-institucion\/\" \/>\n<meta property=\"og:locale\" content=\"es_ES\" \/>\n<meta property=\"og:type\" content=\"article\" \/>\n<meta property=\"og:title\" content=\"Rector del Cesmag se pronunci\u00f3 tras denuncias sobre acoso sexual, presuntamente, ocurridas en la instituci\u00f3n | P\u00e1gina10\" \/>\n<meta property=\"og:description\" content=\"Recientemente varios estudiantes de la Universidad Cesmag se tomaron las v\u00edas de hecho para denunciar presuntos hechos de acoso sexual que estar\u00edan ocurriendo al interior de esa instituci\u00f3n. Ante el reclamo, el rector Fray Daniel Sarria emiti\u00f3 un comunicado donde rechaz\u00f3 los hechos y manifest\u00f3 abrir las correspondientes acciones investigativas. \u201cEn atenci\u00f3n a la denuncia [&hellip;]\" \/>\n<meta property=\"og:url\" content=\"https:\/\/pagina10.com\/web\/rector-del-cesmag-se-pronuncio-tras-denuncias-sobre-acoso-sexual-presuntamente-ocurridas-en-la-institucion\/\" \/>\n<meta property=\"og:site_name\" content=\"P\u00e1gina10\" \/>\n<meta property=\"article:publisher\" content=\"https:\/\/www.facebook.com\/pag10com\" \/>\n<meta property=\"article:published_time\" content=\"2022-11-01T15:23:26+00:00\" \/>\n<meta property=\"og:image\" content=\"https:\/\/pagina10.com\/web\/wp-content\/uploads\/2022\/11\/Foto-2-condiciones-de-calidad-scaled-1.jpg\" \/>\n\t<meta property=\"og:image:width\" content=\"2560\" \/>\n\t<meta property=\"og:image:height\" content=\"1440\" \/>\n\t<meta property=\"og:image:type\" content=\"image\/jpeg\" \/>\n<meta name=\"author\" content=\"P\u00e1gina 10\" \/>\n<meta name=\"twitter:card\" content=\"summary_large_image\" \/>\n<meta name=\"twitter:creator\" content=\"@Pag10com\" \/>\n<meta name=\"twitter:site\" content=\"@Pag10com\" \/>\n<meta name=\"twitter:label1\" content=\"Escrito por\" \/>\n\t<meta name=\"twitter:data1\" content=\"P\u00e1gina 10\" \/>\n\t<meta name=\"twitter:label2\" content=\"Tiempo de lectura\" \/>\n\t<meta name=\"twitter:data2\" content=\"1 minuto\" \/>\n<script type=\"application\/ld+json\" class=\"yoast-schema-graph\">{\"@context\":\"https:\/\/schema.org\",\"@graph\":[{\"@type\":\"Article\",\"@id\":\"https:\/\/pagina10.com\/web\/rector-del-cesmag-se-pronuncio-tras-denuncias-sobre-acoso-sexual-presuntamente-ocurridas-en-la-institucion\/#article\",\"isPartOf\":{\"@id\":\"https:\/\/pagina10.com\/web\/rector-del-cesmag-se-pronuncio-tras-denuncias-sobre-acoso-sexual-presuntamente-ocurridas-en-la-institucion\/\"},\"author\":{\"name\":\"P\u00e1gina 10\",\"@id\":\"https:\/\/pagina10.com\/web\/#\/schema\/person\/2efc4a090d25b667d3bc796798a3a81b\"},\"headline\":\"Rector del Cesmag se pronunci\u00f3 tras denuncias sobre acoso sexual, presuntamente, ocurridas en la instituci\u00f3n\",\"datePublished\":\"2022-11-01T15:23:26+00:00\",\"mainEntityOfPage\":{\"@id\":\"https:\/\/pagina10.com\/web\/rector-del-cesmag-se-pronuncio-tras-denuncias-sobre-acoso-sexual-presuntamente-ocurridas-en-la-institucion\/\"},\"wordCount\":189,\"commentCount\":0,\"publisher\":{\"@id\":\"https:\/\/pagina10.com\/web\/#organization\"},\"image\":{\"@id\":\"https:\/\/pagina10.com\/web\/rector-del-cesmag-se-pronuncio-tras-denuncias-sobre-acoso-sexual-presuntamente-ocurridas-en-la-institucion\/#primaryimage\"},\"thumbnailUrl\":\"https:\/\/pagina10.com\/web\/wp-content\/uploads\/2022\/11\/Foto-2-condiciones-de-calidad-scaled-1.jpg\",\"articleSection\":[\"Global\"],\"inLanguage\":\"es\",\"potentialAction\":[{\"@type\":\"CommentAction\",\"name\":\"Comment\",\"target\":[\"https:\/\/pagina10.com\/web\/rector-del-cesmag-se-pronuncio-tras-denuncias-sobre-acoso-sexual-presuntamente-ocurridas-en-la-institucion\/#respond\"]}]},{\"@type\":\"WebPage\",\"@id\":\"https:\/\/pagina10.com\/web\/rector-del-cesmag-se-pronuncio-tras-denuncias-sobre-acoso-sexual-presuntamente-ocurridas-en-la-institucion\/\",\"url\":\"https:\/\/pagina10.com\/web\/rector-del-cesmag-se-pronuncio-tras-denuncias-sobre-acoso-sexual-presuntamente-ocurridas-en-la-institucion\/\",\"name\":\"Rector del Cesmag se pronunci\u00f3 tras denuncias sobre acoso sexual, presuntamente, ocurridas en la instituci\u00f3n | P\u00e1gina10\",\"isPartOf\":{\"@id\":\"https:\/\/pagina10.com\/web\/#website\"},\"primaryImageOfPage\":{\"@id\":\"https:\/\/pagina10.com\/web\/rector-del-cesmag-se-pronuncio-tras-denuncias-sobre-acoso-sexual-presuntamente-ocurridas-en-la-institucion\/#primaryimage\"},\"image\":{\"@id\":\"https:\/\/pagina10.com\/web\/rector-del-cesmag-se-pronuncio-tras-denuncias-sobre-acoso-sexual-presuntamente-ocurridas-en-la-institucion\/#primaryimage\"},\"thumbnailUrl\":\"https:\/\/pagina10.com\/web\/wp-content\/uploads\/2022\/11\/Foto-2-condiciones-de-calidad-scaled-1.jpg\",\"datePublished\":\"2022-11-01T15:23:26+00:00\",\"breadcrumb\":{\"@id\":\"https:\/\/pagina10.com\/web\/rector-del-cesmag-se-pronuncio-tras-denuncias-sobre-acoso-sexual-presuntamente-ocurridas-en-la-institucion\/#breadcrumb\"},\"inLanguage\":\"es\",\"potentialAction\":[{\"@type\":\"ReadAction\",\"target\":[\"https:\/\/pagina10.com\/web\/rector-del-cesmag-se-pronuncio-tras-denuncias-sobre-acoso-sexual-presuntamente-ocurridas-en-la-institucion\/\"]}]},{\"@type\":\"ImageObject\",\"inLanguage\":\"es\",\"@id\":\"https:\/\/pagina10.com\/web\/rector-del-cesmag-se-pronuncio-tras-denuncias-sobre-acoso-sexual-presuntamente-ocurridas-en-la-institucion\/#primaryimage\",\"url\":\"https:\/\/pagina10.com\/web\/wp-content\/uploads\/2022\/11\/Foto-2-condiciones-de-calidad-scaled-1.jpg\",\"contentUrl\":\"https:\/\/pagina10.com\/web\/wp-content\/uploads\/2022\/11\/Foto-2-condiciones-de-calidad-scaled-1.jpg\",\"width\":2560,\"height\":1440},{\"@type\":\"BreadcrumbList\",\"@id\":\"https:\/\/pagina10.com\/web\/rector-del-cesmag-se-pronuncio-tras-denuncias-sobre-acoso-sexual-presuntamente-ocurridas-en-la-institucion\/#breadcrumb\",\"itemListElement\":[{\"@type\":\"ListItem\",\"position\":1,\"name\":\"Portada\",\"item\":\"https:\/\/pagina10.com\/web\/\"},{\"@type\":\"ListItem\",\"position\":2,\"name\":\"Rector del Cesmag se pronunci\u00f3 tras denuncias sobre acoso sexual, presuntamente, ocurridas en la instituci\u00f3n\"}]},{\"@type\":\"WebSite\",\"@id\":\"https:\/\/pagina10.com\/web\/#website\",\"url\":\"https:\/\/pagina10.com\/web\/\",\"name\":\"P\u00e1gina10\",\"description\":\"Peri\u00f3dico Regional\",\"publisher\":{\"@id\":\"https:\/\/pagina10.com\/web\/#organization\"},\"alternateName\":\"P\u00e1gina10 Peri\u00f3dico Regional\",\"potentialAction\":[{\"@type\":\"SearchAction\",\"target\":{\"@type\":\"EntryPoint\",\"urlTemplate\":\"https:\/\/pagina10.com\/web\/?s={search_term_string}\"},\"query-input\":{\"@type\":\"PropertyValueSpecification\",\"valueRequired\":true,\"valueName\":\"search_term_string\"}}],\"inLanguage\":\"es\"},{\"@type\":\"Organization\",\"@id\":\"https:\/\/pagina10.com\/web\/#organization\",\"name\":\"P\u00e1gina10\",\"alternateName\":\"P\u00e1gina10 Peri\u00f3dico Regional\",\"url\":\"https:\/\/pagina10.com\/web\/\",\"logo\":{\"@type\":\"ImageObject\",\"inLanguage\":\"es\",\"@id\":\"https:\/\/pagina10.com\/web\/#\/schema\/logo\/image\/\",\"url\":\"https:\/\/pagina10.com\/web\/wp-content\/uploads\/2024\/01\/40-pagina-10-periodico-regional-pasto.jpg\",\"contentUrl\":\"https:\/\/pagina10.com\/web\/wp-content\/uploads\/2024\/01\/40-pagina-10-periodico-regional-pasto.jpg\",\"width\":1280,\"height\":720,\"caption\":\"P\u00e1gina10\"},\"image\":{\"@id\":\"https:\/\/pagina10.com\/web\/#\/schema\/logo\/image\/\"},\"sameAs\":[\"https:\/\/www.facebook.com\/pag10com\",\"https:\/\/x.com\/Pag10com\",\"https:\/\/www.instagram.com\/pagina10col\/\",\"https:\/\/youtube.com\/channel\/pag10\",\"https:\/\/www.tiktok.com\/@p10col\"]},{\"@type\":\"Person\",\"@id\":\"https:\/\/pagina10.com\/web\/#\/schema\/person\/2efc4a090d25b667d3bc796798a3a81b\",\"name\":\"P\u00e1gina 10\",\"description\":\"P\u00e1gina 10 es un peri\u00f3dico regional que nace en Colombia, en el departamento de Nari\u00f1o, con un enfoque global, fundamentado en cuatro pilares esenciales: la libertad, el pluralismo, la inclusi\u00f3n y la independencia. P\u00e1gina 10 hace referencia a Nari\u00f1o como el d\u00e9cimo departamento creado en Colombia, despu\u00e9s de un proceso pol\u00edtico liderado por actores y actrices regionales con el fin de obtener la independencia y autonom\u00eda de nuestros territorios. Con la creaci\u00f3n de P\u00e1gina 10 se pretende abrir un escenario para el dialogo, la reflexi\u00f3n y el debate que se extienda a otras geograf\u00edas de Am\u00e9rica Latina y del planeta, en una apuesta por transformar colectivamente los desaf\u00edos de un mundo contempor\u00e1neo, m\u00e1s all\u00e1 de las fronteras impuestas.\",\"url\":\"https:\/\/pagina10.com\/web\/author\/pdiezadmin\/\"}]}<\/script>\n<!-- \/ Yoast SEO plugin. -->","yoast_head_json":{"title":"Rector del Cesmag se pronunci\u00f3 tras denuncias sobre acoso sexual, presuntamente, ocurridas en la instituci\u00f3n | P\u00e1gina10","robots":{"index":"index","follow":"follow","max-snippet":"max-snippet:-1","max-image-preview":"max-image-preview:large","max-video-preview":"max-video-preview:-1"},"canonical":"https:\/\/pagina10.com\/web\/rector-del-cesmag-se-pronuncio-tras-denuncias-sobre-acoso-sexual-presuntamente-ocurridas-en-la-institucion\/","og_locale":"es_ES","og_type":"article","og_title":"Rector del Cesmag se pronunci\u00f3 tras denuncias sobre acoso sexual, presuntamente, ocurridas en la instituci\u00f3n | P\u00e1gina10","og_description":"Recientemente varios estudiantes de la Universidad Cesmag se tomaron las v\u00edas de hecho para denunciar presuntos hechos de acoso sexual que estar\u00edan ocurriendo al interior de esa instituci\u00f3n. Ante el reclamo, el rector Fray Daniel Sarria emiti\u00f3 un comunicado donde rechaz\u00f3 los hechos y manifest\u00f3 abrir las correspondientes acciones investigativas. \u201cEn atenci\u00f3n a la denuncia [&hellip;]","og_url":"https:\/\/pagina10.com\/web\/rector-del-cesmag-se-pronuncio-tras-denuncias-sobre-acoso-sexual-presuntamente-ocurridas-en-la-institucion\/","og_site_name":"P\u00e1gina10","article_publisher":"https:\/\/www.facebook.com\/pag10com","article_published_time":"2022-11-01T15:23:26+00:00","og_image":[{"width":2560,"height":1440,"url":"https:\/\/pagina10.com\/web\/wp-content\/uploads\/2022\/11\/Foto-2-condiciones-de-calidad-scaled-1.jpg","type":"image\/jpeg"}],"author":"P\u00e1gina 10","twitter_card":"summary_large_image","twitter_creator":"@Pag10com","twitter_site":"@Pag10com","twitter_misc":{"Escrito por":"P\u00e1gina 10","Tiempo de lectura":"1 minuto"},"schema":{"@context":"https:\/\/schema.org","@graph":[{"@type":"Article","@id":"https:\/\/pagina10.com\/web\/rector-del-cesmag-se-pronuncio-tras-denuncias-sobre-acoso-sexual-presuntamente-ocurridas-en-la-institucion\/#article","isPartOf":{"@id":"https:\/\/pagina10.com\/web\/rector-del-cesmag-se-pronuncio-tras-denuncias-sobre-acoso-sexual-presuntamente-ocurridas-en-la-institucion\/"},"author":{"name":"P\u00e1gina 10","@id":"https:\/\/pagina10.com\/web\/#\/schema\/person\/2efc4a090d25b667d3bc796798a3a81b"},"headline":"Rector del Cesmag se pronunci\u00f3 tras denuncias sobre acoso sexual, presuntamente, ocurridas en la instituci\u00f3n","datePublished":"2022-11-01T15:23:26+00:00","mainEntityOfPage":{"@id":"https:\/\/pagina10.com\/web\/rector-del-cesmag-se-pronuncio-tras-denuncias-sobre-acoso-sexual-presuntamente-ocurridas-en-la-institucion\/"},"wordCount":189,"commentCount":0,"publisher":{"@id":"https:\/\/pagina10.com\/web\/#organization"},"image":{"@id":"https:\/\/pagina10.com\/web\/rector-del-cesmag-se-pronuncio-tras-denuncias-sobre-acoso-sexual-presuntamente-ocurridas-en-la-institucion\/#primaryimage"},"thumbnailUrl":"https:\/\/pagina10.com\/web\/wp-content\/uploads\/2022\/11\/Foto-2-condiciones-de-calidad-scaled-1.jpg","articleSection":["Global"],"inLanguage":"es","potentialAction":[{"@type":"CommentAction","name":"Comment","target":["https:\/\/pagina10.com\/web\/rector-del-cesmag-se-pronuncio-tras-denuncias-sobre-acoso-sexual-presuntamente-ocurridas-en-la-institucion\/#respond"]}]},{"@type":"WebPage","@id":"https:\/\/pagina10.com\/web\/rector-del-cesmag-se-pronuncio-tras-denuncias-sobre-acoso-sexual-presuntamente-ocurridas-en-la-institucion\/","url":"https:\/\/pagina10.com\/web\/rector-del-cesmag-se-pronuncio-tras-denuncias-sobre-acoso-sexual-presuntamente-ocurridas-en-la-institucion\/","name":"Rector del Cesmag se pronunci\u00f3 tras denuncias sobre acoso sexual, presuntamente, ocurridas en la instituci\u00f3n | P\u00e1gina10","isPartOf":{"@id":"https:\/\/pagina10.com\/web\/#website"},"primaryImageOfPage":{"@id":"https:\/\/pagina10.com\/web\/rector-del-cesmag-se-pronuncio-tras-denuncias-sobre-acoso-sexual-presuntamente-ocurridas-en-la-institucion\/#primaryimage"},"image":{"@id":"https:\/\/pagina10.com\/web\/rector-del-cesmag-se-pronuncio-tras-denuncias-sobre-acoso-sexual-presuntamente-ocurridas-en-la-institucion\/#primaryimage"},"thumbnailUrl":"https:\/\/pagina10.com\/web\/wp-content\/uploads\/2022\/11\/Foto-2-condiciones-de-calidad-scaled-1.jpg","datePublished":"2022-11-01T15:23:26+00:00","breadcrumb":{"@id":"https:\/\/pagina10.com\/web\/rector-del-cesmag-se-pronuncio-tras-denuncias-sobre-acoso-sexual-presuntamente-ocurridas-en-la-institucion\/#breadcrumb"},"inLanguage":"es","potentialAction":[{"@type":"ReadAction","target":["https:\/\/pagina10.com\/web\/rector-del-cesmag-se-pronuncio-tras-denuncias-sobre-acoso-sexual-presuntamente-ocurridas-en-la-institucion\/"]}]},{"@type":"ImageObject","inLanguage":"es","@id":"https:\/\/pagina10.com\/web\/rector-del-cesmag-se-pronuncio-tras-denuncias-sobre-acoso-sexual-presuntamente-ocurridas-en-la-institucion\/#primaryimage","url":"https:\/\/pagina10.com\/web\/wp-content\/uploads\/2022\/11\/Foto-2-condiciones-de-calidad-scaled-1.jpg","contentUrl":"https:\/\/pagina10.com\/web\/wp-content\/uploads\/2022\/11\/Foto-2-condiciones-de-calidad-scaled-1.jpg","width":2560,"height":1440},{"@type":"BreadcrumbList","@id":"https:\/\/pagina10.com\/web\/rector-del-cesmag-se-pronuncio-tras-denuncias-sobre-acoso-sexual-presuntamente-ocurridas-en-la-institucion\/#breadcrumb","itemListElement":[{"@type":"ListItem","position":1,"name":"Portada","item":"https:\/\/pagina10.com\/web\/"},{"@type":"ListItem","position":2,"name":"Rector del Cesmag se pronunci\u00f3 tras denuncias sobre acoso sexual, presuntamente, ocurridas en la instituci\u00f3n"}]},{"@type":"WebSite","@id":"https:\/\/pagina10.com\/web\/#website","url":"https:\/\/pagina10.com\/web\/","name":"P\u00e1gina10","description":"Peri\u00f3dico Regional","publisher":{"@id":"https:\/\/pagina10.com\/web\/#organization"},"alternateName":"P\u00e1gina10 Peri\u00f3dico Regional","potentialAction":[{"@type":"SearchAction","target":{"@type":"EntryPoint","urlTemplate":"https:\/\/pagina10.com\/web\/?s={search_term_string}"},"query-input":{"@type":"PropertyValueSpecification","valueRequired":true,"valueName":"search_term_string"}}],"inLanguage":"es"},{"@type":"Organization","@id":"https:\/\/pagina10.com\/web\/#organization","name":"P\u00e1gina10","alternateName":"P\u00e1gina10 Peri\u00f3dico Regional","url":"https:\/\/pagina10.com\/web\/","logo":{"@type":"ImageObject","inLanguage":"es","@id":"https:\/\/pagina10.com\/web\/#\/schema\/logo\/image\/","url":"https:\/\/pagina10.com\/web\/wp-content\/uploads\/2024\/01\/40-pagina-10-periodico-regional-pasto.jpg","contentUrl":"https:\/\/pagina10.com\/web\/wp-content\/uploads\/2024\/01\/40-pagina-10-periodico-regional-pasto.jpg","width":1280,"height":720,"caption":"P\u00e1gina10"},"image":{"@id":"https:\/\/pagina10.com\/web\/#\/schema\/logo\/image\/"},"sameAs":["https:\/\/www.facebook.com\/pag10com","https:\/\/x.com\/Pag10com","https:\/\/www.instagram.com\/pagina10col\/","https:\/\/youtube.com\/channel\/pag10","https:\/\/www.tiktok.com\/@p10col"]},{"@type":"Person","@id":"https:\/\/pagina10.com\/web\/#\/schema\/person\/2efc4a090d25b667d3bc796798a3a81b","name":"P\u00e1gina 10","description":"P\u00e1gina 10 es un peri\u00f3dico regional que nace en Colombia, en el departamento de Nari\u00f1o, con un enfoque global, fundamentado en cuatro pilares esenciales: la libertad, el pluralismo, la inclusi\u00f3n y la independencia. P\u00e1gina 10 hace referencia a Nari\u00f1o como el d\u00e9cimo departamento creado en Colombia, despu\u00e9s de un proceso pol\u00edtico liderado por actores y actrices regionales con el fin de obtener la independencia y autonom\u00eda de nuestros territorios. Con la creaci\u00f3n de P\u00e1gina 10 se pretende abrir un escenario para el dialogo, la reflexi\u00f3n y el debate que se extienda a otras geograf\u00edas de Am\u00e9rica Latina y del planeta, en una apuesta por transformar colectivamente los desaf\u00edos de un mundo contempor\u00e1neo, m\u00e1s all\u00e1 de las fronteras impuestas.","url":"https:\/\/pagina10.com\/web\/author\/pdiezadmin\/"}]}},"_links":{"self":[{"href":"https:\/\/pagina10.com\/web\/wp-json\/wp\/v2\/posts\/62557","targetHints":{"allow":["GET"]}}],"collection":[{"href":"https:\/\/pagina10.com\/web\/wp-json\/wp\/v2\/posts"}],"about":[{"href":"https:\/\/pagina10.com\/web\/wp-json\/wp\/v2\/types\/post"}],"author":[{"embeddable":true,"href":"https:\/\/pagina10.com\/web\/wp-json\/wp\/v2\/users\/1"}],"replies":[{"embeddable":true,"href":"https:\/\/pagina10.com\/web\/wp-json\/wp\/v2\/comments?post=62557"}],"version-history":[{"count":1,"href":"https:\/\/pagina10.com\/web\/wp-json\/wp\/v2\/posts\/62557\/revisions"}],"predecessor-version":[{"id":62559,"href":"https:\/\/pagina10.com\/web\/wp-json\/wp\/v2\/posts\/62557\/revisions\/62559"}],"wp:featuredmedia":[{"embeddable":true,"href":"https:\/\/pagina10.com\/web\/wp-json\/wp\/v2\/media\/62558"}],"wp:attachment":[{"href":"https:\/\/pagina10.com\/web\/wp-json\/wp\/v2\/media?parent=62557"}],"wp:term":[{"taxonomy":"category","embeddable":true,"href":"https:\/\/pagina10.com\/web\/wp-json\/wp\/v2\/categories?post=62557"},{"taxonomy":"post_tag","embeddable":true,"href":"https:\/\/pagina10.com\/web\/wp-json\/wp\/v2\/tags?post=62557"}],"curies":[{"name":"wp","href":"https:\/\/api.w.org\/{rel}","templated":true}]}}