{"id":62561,"date":"2022-11-01T17:28:12","date_gmt":"2022-11-01T22:28:12","guid":{"rendered":"https:\/\/pagina10.com\/web\/?p=62561"},"modified":"2022-11-01T17:28:12","modified_gmt":"2022-11-01T22:28:12","slug":"comunidad-awa-denuncio-asesinato-de-joven-indigena","status":"publish","type":"post","link":"https:\/\/pagina10.com\/web\/comunidad-awa-denuncio-asesinato-de-joven-indigena\/","title":{"rendered":"Comunidad Aw\u00e1 denunci\u00f3 asesinato de joven ind\u00edgena"},"content":{"rendered":"<p style=\"text-align: justify;\">La Organizaci\u00f3n de Resguardos Ind\u00edgenas del pueblo Aw\u00e1 del pac\u00edfico-ORIPAP, denunci\u00f3 un nuevo crimen en contra de un integrante de su organizaci\u00f3n. Ante estos hechos, la organizaci\u00f3n hizo un llamado a las autoridades para que adelanten acciones que permitan disminuir estos actos violentos.<\/p>\n<p style=\"text-align: justify;\">El asesinato de Carlos Alberto Garc\u00eda Sep\u00falveda de 22 a\u00f1os, ocurri\u00f3 en la noche del domingo 30 de octubre cuando fue abordado por tres sujetos encapuchados quienes lo obligaron a descender del automotor en el que se desplazaba junto a otro miembro de la comunidad al que le ordenaron se retirara del lugar.<\/p>\n<p style=\"text-align: justify;\">El joven se encontraba a tan solo 300 metros de su casa de habitaci\u00f3n donde sus padres y su hijo lo esperaban. Al conocer del hecho, sus familiares fueron hasta el lugar con intenci\u00f3n de socorrerle, pero al llegar lo encontraron sin vida con una herida de arma blanca en su pecho y un corte o la altura del cuello.<\/p>\n<p style=\"text-align: justify;\">La v\u00edctima se distingu\u00eda por ser l\u00edder activo del proceso organizativo de ORIPAP. Precisamente, en el a\u00f1o 2021 fue coordinador de la Guardia Ind\u00edgena de la comunidad Pilvicito de su resguardo Indo Sabaleta y comunero.<\/p>\n<p style=\"text-align: justify;\">\u201cHechos como este evidencian lo visceral del odio contra los guardianes y protectores del territorio ancestral del pueblo Aw\u00e1 del pacifico Nari\u00f1ense y nos cuestionan profundamente sobre la posibilidad real de materializar la llamada paz total en el territorio nacional. Hoy la sangre de nuestro l\u00edder ind\u00edgena ti\u00f1e de rojo el suelo de nuestra sagrado monta\u00f1a\u201d, expres\u00f3 la comunidad.<\/p>\n<p style=\"text-align: justify;\">Ante lo ocurrido, hicieron un llamado a las autoridades regionales y nacionales para que \u201ccumplan con su funci\u00f3n constitucional de proteger la vida y hagan presencia institucional de manera permanente y eficaz en los territorios ind\u00edgenas del pueblo Aw\u00e1 del Pac\u00edfico\u201d.<\/p>\n","protected":false},"excerpt":{"rendered":"<p>La Organizaci\u00f3n de Resguardos Ind\u00edgenas del pueblo Aw\u00e1 del pac\u00edfico-ORIPAP, denunci\u00f3 un nuevo crimen en contra de un integrante de su organizaci\u00f3n. Ante estos hechos, la organizaci\u00f3n hizo un llamado a las autoridades para que adelanten acciones que permitan disminuir estos actos violentos. El asesinato de Carlos Alberto Garc\u00eda Sep\u00falveda de 22 a\u00f1os, ocurri\u00f3 en [&hellip;]<\/p>\n","protected":false},"author":1,"featured_media":62562,"comment_status":"open","ping_status":"open","sticky":false,"template":"","format":"standard","meta":{"footnotes":""},"categories":[61],"tags":[],"class_list":["post-62561","post","type-post","status-publish","format-standard","has-post-thumbnail","hentry","category-judicial"],"yoast_head":"<!-- This site is optimized with the Yoast SEO plugin v27.1.1 - https:\/\/yoast.com\/product\/yoast-seo-wordpress\/ -->\n<title>Comunidad Aw\u00e1 denunci\u00f3 asesinato de joven ind\u00edgena | P\u00e1gina10<\/title>\n<meta name=\"robots\" content=\"index, follow, max-snippet:-1, max-image-preview:large, max-video-preview:-1\" \/>\n<link rel=\"canonical\" href=\"https:\/\/pagina10.com\/web\/comunidad-awa-denuncio-asesinato-de-joven-indigena\/\" \/>\n<meta property=\"og:locale\" content=\"es_ES\" \/>\n<meta property=\"og:type\" content=\"article\" \/>\n<meta property=\"og:title\" content=\"Comunidad Aw\u00e1 denunci\u00f3 asesinato de joven ind\u00edgena | P\u00e1gina10\" \/>\n<meta property=\"og:description\" content=\"La Organizaci\u00f3n de Resguardos Ind\u00edgenas del pueblo Aw\u00e1 del pac\u00edfico-ORIPAP, denunci\u00f3 un nuevo crimen en contra de un integrante de su organizaci\u00f3n. Ante estos hechos, la organizaci\u00f3n hizo un llamado a las autoridades para que adelanten acciones que permitan disminuir estos actos violentos. El asesinato de Carlos Alberto Garc\u00eda Sep\u00falveda de 22 a\u00f1os, ocurri\u00f3 en [&hellip;]\" \/>\n<meta property=\"og:url\" content=\"https:\/\/pagina10.com\/web\/comunidad-awa-denuncio-asesinato-de-joven-indigena\/\" \/>\n<meta property=\"og:site_name\" content=\"P\u00e1gina10\" \/>\n<meta property=\"article:publisher\" content=\"https:\/\/www.facebook.com\/pag10com\" \/>\n<meta property=\"article:published_time\" content=\"2022-11-01T22:28:12+00:00\" \/>\n<meta property=\"og:image\" content=\"https:\/\/pagina10.com\/web\/wp-content\/uploads\/2022\/11\/313405875_142413915203232_6139222225936835689_n-e1667341663314.jpg\" \/>\n\t<meta property=\"og:image:width\" content=\"1078\" \/>\n\t<meta property=\"og:image:height\" content=\"683\" \/>\n\t<meta property=\"og:image:type\" content=\"image\/jpeg\" \/>\n<meta name=\"author\" content=\"P\u00e1gina 10\" \/>\n<meta name=\"twitter:card\" content=\"summary_large_image\" \/>\n<meta name=\"twitter:creator\" content=\"@Pag10com\" \/>\n<meta name=\"twitter:site\" content=\"@Pag10com\" \/>\n<meta name=\"twitter:label1\" content=\"Escrito por\" \/>\n\t<meta name=\"twitter:data1\" content=\"P\u00e1gina 10\" \/>\n\t<meta name=\"twitter:label2\" content=\"Tiempo de lectura\" \/>\n\t<meta name=\"twitter:data2\" content=\"2 minutos\" \/>\n<script type=\"application\/ld+json\" class=\"yoast-schema-graph\">{\"@context\":\"https:\/\/schema.org\",\"@graph\":[{\"@type\":\"Article\",\"@id\":\"https:\/\/pagina10.com\/web\/comunidad-awa-denuncio-asesinato-de-joven-indigena\/#article\",\"isPartOf\":{\"@id\":\"https:\/\/pagina10.com\/web\/comunidad-awa-denuncio-asesinato-de-joven-indigena\/\"},\"author\":{\"name\":\"P\u00e1gina 10\",\"@id\":\"https:\/\/pagina10.com\/web\/#\/schema\/person\/2efc4a090d25b667d3bc796798a3a81b\"},\"headline\":\"Comunidad Aw\u00e1 denunci\u00f3 asesinato de joven ind\u00edgena\",\"datePublished\":\"2022-11-01T22:28:12+00:00\",\"mainEntityOfPage\":{\"@id\":\"https:\/\/pagina10.com\/web\/comunidad-awa-denuncio-asesinato-de-joven-indigena\/\"},\"wordCount\":318,\"commentCount\":0,\"publisher\":{\"@id\":\"https:\/\/pagina10.com\/web\/#organization\"},\"image\":{\"@id\":\"https:\/\/pagina10.com\/web\/comunidad-awa-denuncio-asesinato-de-joven-indigena\/#primaryimage\"},\"thumbnailUrl\":\"https:\/\/pagina10.com\/web\/wp-content\/uploads\/2022\/11\/313405875_142413915203232_6139222225936835689_n-e1667341663314.jpg\",\"articleSection\":[\"Judicial\"],\"inLanguage\":\"es\",\"potentialAction\":[{\"@type\":\"CommentAction\",\"name\":\"Comment\",\"target\":[\"https:\/\/pagina10.com\/web\/comunidad-awa-denuncio-asesinato-de-joven-indigena\/#respond\"]}]},{\"@type\":\"WebPage\",\"@id\":\"https:\/\/pagina10.com\/web\/comunidad-awa-denuncio-asesinato-de-joven-indigena\/\",\"url\":\"https:\/\/pagina10.com\/web\/comunidad-awa-denuncio-asesinato-de-joven-indigena\/\",\"name\":\"Comunidad Aw\u00e1 denunci\u00f3 asesinato de joven ind\u00edgena | P\u00e1gina10\",\"isPartOf\":{\"@id\":\"https:\/\/pagina10.com\/web\/#website\"},\"primaryImageOfPage\":{\"@id\":\"https:\/\/pagina10.com\/web\/comunidad-awa-denuncio-asesinato-de-joven-indigena\/#primaryimage\"},\"image\":{\"@id\":\"https:\/\/pagina10.com\/web\/comunidad-awa-denuncio-asesinato-de-joven-indigena\/#primaryimage\"},\"thumbnailUrl\":\"https:\/\/pagina10.com\/web\/wp-content\/uploads\/2022\/11\/313405875_142413915203232_6139222225936835689_n-e1667341663314.jpg\",\"datePublished\":\"2022-11-01T22:28:12+00:00\",\"breadcrumb\":{\"@id\":\"https:\/\/pagina10.com\/web\/comunidad-awa-denuncio-asesinato-de-joven-indigena\/#breadcrumb\"},\"inLanguage\":\"es\",\"potentialAction\":[{\"@type\":\"ReadAction\",\"target\":[\"https:\/\/pagina10.com\/web\/comunidad-awa-denuncio-asesinato-de-joven-indigena\/\"]}]},{\"@type\":\"ImageObject\",\"inLanguage\":\"es\",\"@id\":\"https:\/\/pagina10.com\/web\/comunidad-awa-denuncio-asesinato-de-joven-indigena\/#primaryimage\",\"url\":\"https:\/\/pagina10.com\/web\/wp-content\/uploads\/2022\/11\/313405875_142413915203232_6139222225936835689_n-e1667341663314.jpg\",\"contentUrl\":\"https:\/\/pagina10.com\/web\/wp-content\/uploads\/2022\/11\/313405875_142413915203232_6139222225936835689_n-e1667341663314.jpg\",\"width\":1078,\"height\":683},{\"@type\":\"BreadcrumbList\",\"@id\":\"https:\/\/pagina10.com\/web\/comunidad-awa-denuncio-asesinato-de-joven-indigena\/#breadcrumb\",\"itemListElement\":[{\"@type\":\"ListItem\",\"position\":1,\"name\":\"Portada\",\"item\":\"https:\/\/pagina10.com\/web\/\"},{\"@type\":\"ListItem\",\"position\":2,\"name\":\"Comunidad Aw\u00e1 denunci\u00f3 asesinato de joven ind\u00edgena\"}]},{\"@type\":\"WebSite\",\"@id\":\"https:\/\/pagina10.com\/web\/#website\",\"url\":\"https:\/\/pagina10.com\/web\/\",\"name\":\"P\u00e1gina10\",\"description\":\"Peri\u00f3dico Regional\",\"publisher\":{\"@id\":\"https:\/\/pagina10.com\/web\/#organization\"},\"alternateName\":\"P\u00e1gina10 Peri\u00f3dico Regional\",\"potentialAction\":[{\"@type\":\"SearchAction\",\"target\":{\"@type\":\"EntryPoint\",\"urlTemplate\":\"https:\/\/pagina10.com\/web\/?s={search_term_string}\"},\"query-input\":{\"@type\":\"PropertyValueSpecification\",\"valueRequired\":true,\"valueName\":\"search_term_string\"}}],\"inLanguage\":\"es\"},{\"@type\":\"Organization\",\"@id\":\"https:\/\/pagina10.com\/web\/#organization\",\"name\":\"P\u00e1gina10\",\"alternateName\":\"P\u00e1gina10 Peri\u00f3dico Regional\",\"url\":\"https:\/\/pagina10.com\/web\/\",\"logo\":{\"@type\":\"ImageObject\",\"inLanguage\":\"es\",\"@id\":\"https:\/\/pagina10.com\/web\/#\/schema\/logo\/image\/\",\"url\":\"https:\/\/pagina10.com\/web\/wp-content\/uploads\/2024\/01\/40-pagina-10-periodico-regional-pasto.jpg\",\"contentUrl\":\"https:\/\/pagina10.com\/web\/wp-content\/uploads\/2024\/01\/40-pagina-10-periodico-regional-pasto.jpg\",\"width\":1280,\"height\":720,\"caption\":\"P\u00e1gina10\"},\"image\":{\"@id\":\"https:\/\/pagina10.com\/web\/#\/schema\/logo\/image\/\"},\"sameAs\":[\"https:\/\/www.facebook.com\/pag10com\",\"https:\/\/x.com\/Pag10com\",\"https:\/\/www.instagram.com\/pagina10col\/\",\"https:\/\/youtube.com\/channel\/pag10\",\"https:\/\/www.tiktok.com\/@p10col\"]},{\"@type\":\"Person\",\"@id\":\"https:\/\/pagina10.com\/web\/#\/schema\/person\/2efc4a090d25b667d3bc796798a3a81b\",\"name\":\"P\u00e1gina 10\",\"description\":\"P\u00e1gina 10 es un peri\u00f3dico regional que nace en Colombia, en el departamento de Nari\u00f1o, con un enfoque global, fundamentado en cuatro pilares esenciales: la libertad, el pluralismo, la inclusi\u00f3n y la independencia. P\u00e1gina 10 hace referencia a Nari\u00f1o como el d\u00e9cimo departamento creado en Colombia, despu\u00e9s de un proceso pol\u00edtico liderado por actores y actrices regionales con el fin de obtener la independencia y autonom\u00eda de nuestros territorios. Con la creaci\u00f3n de P\u00e1gina 10 se pretende abrir un escenario para el dialogo, la reflexi\u00f3n y el debate que se extienda a otras geograf\u00edas de Am\u00e9rica Latina y del planeta, en una apuesta por transformar colectivamente los desaf\u00edos de un mundo contempor\u00e1neo, m\u00e1s all\u00e1 de las fronteras impuestas.\",\"url\":\"https:\/\/pagina10.com\/web\/author\/pdiezadmin\/\"}]}<\/script>\n<!-- \/ Yoast SEO plugin. -->","yoast_head_json":{"title":"Comunidad Aw\u00e1 denunci\u00f3 asesinato de joven ind\u00edgena | P\u00e1gina10","robots":{"index":"index","follow":"follow","max-snippet":"max-snippet:-1","max-image-preview":"max-image-preview:large","max-video-preview":"max-video-preview:-1"},"canonical":"https:\/\/pagina10.com\/web\/comunidad-awa-denuncio-asesinato-de-joven-indigena\/","og_locale":"es_ES","og_type":"article","og_title":"Comunidad Aw\u00e1 denunci\u00f3 asesinato de joven ind\u00edgena | P\u00e1gina10","og_description":"La Organizaci\u00f3n de Resguardos Ind\u00edgenas del pueblo Aw\u00e1 del pac\u00edfico-ORIPAP, denunci\u00f3 un nuevo crimen en contra de un integrante de su organizaci\u00f3n. Ante estos hechos, la organizaci\u00f3n hizo un llamado a las autoridades para que adelanten acciones que permitan disminuir estos actos violentos. El asesinato de Carlos Alberto Garc\u00eda Sep\u00falveda de 22 a\u00f1os, ocurri\u00f3 en [&hellip;]","og_url":"https:\/\/pagina10.com\/web\/comunidad-awa-denuncio-asesinato-de-joven-indigena\/","og_site_name":"P\u00e1gina10","article_publisher":"https:\/\/www.facebook.com\/pag10com","article_published_time":"2022-11-01T22:28:12+00:00","og_image":[{"width":1078,"height":683,"url":"https:\/\/pagina10.com\/web\/wp-content\/uploads\/2022\/11\/313405875_142413915203232_6139222225936835689_n-e1667341663314.jpg","type":"image\/jpeg"}],"author":"P\u00e1gina 10","twitter_card":"summary_large_image","twitter_creator":"@Pag10com","twitter_site":"@Pag10com","twitter_misc":{"Escrito por":"P\u00e1gina 10","Tiempo de lectura":"2 minutos"},"schema":{"@context":"https:\/\/schema.org","@graph":[{"@type":"Article","@id":"https:\/\/pagina10.com\/web\/comunidad-awa-denuncio-asesinato-de-joven-indigena\/#article","isPartOf":{"@id":"https:\/\/pagina10.com\/web\/comunidad-awa-denuncio-asesinato-de-joven-indigena\/"},"author":{"name":"P\u00e1gina 10","@id":"https:\/\/pagina10.com\/web\/#\/schema\/person\/2efc4a090d25b667d3bc796798a3a81b"},"headline":"Comunidad Aw\u00e1 denunci\u00f3 asesinato de joven ind\u00edgena","datePublished":"2022-11-01T22:28:12+00:00","mainEntityOfPage":{"@id":"https:\/\/pagina10.com\/web\/comunidad-awa-denuncio-asesinato-de-joven-indigena\/"},"wordCount":318,"commentCount":0,"publisher":{"@id":"https:\/\/pagina10.com\/web\/#organization"},"image":{"@id":"https:\/\/pagina10.com\/web\/comunidad-awa-denuncio-asesinato-de-joven-indigena\/#primaryimage"},"thumbnailUrl":"https:\/\/pagina10.com\/web\/wp-content\/uploads\/2022\/11\/313405875_142413915203232_6139222225936835689_n-e1667341663314.jpg","articleSection":["Judicial"],"inLanguage":"es","potentialAction":[{"@type":"CommentAction","name":"Comment","target":["https:\/\/pagina10.com\/web\/comunidad-awa-denuncio-asesinato-de-joven-indigena\/#respond"]}]},{"@type":"WebPage","@id":"https:\/\/pagina10.com\/web\/comunidad-awa-denuncio-asesinato-de-joven-indigena\/","url":"https:\/\/pagina10.com\/web\/comunidad-awa-denuncio-asesinato-de-joven-indigena\/","name":"Comunidad Aw\u00e1 denunci\u00f3 asesinato de joven ind\u00edgena | P\u00e1gina10","isPartOf":{"@id":"https:\/\/pagina10.com\/web\/#website"},"primaryImageOfPage":{"@id":"https:\/\/pagina10.com\/web\/comunidad-awa-denuncio-asesinato-de-joven-indigena\/#primaryimage"},"image":{"@id":"https:\/\/pagina10.com\/web\/comunidad-awa-denuncio-asesinato-de-joven-indigena\/#primaryimage"},"thumbnailUrl":"https:\/\/pagina10.com\/web\/wp-content\/uploads\/2022\/11\/313405875_142413915203232_6139222225936835689_n-e1667341663314.jpg","datePublished":"2022-11-01T22:28:12+00:00","breadcrumb":{"@id":"https:\/\/pagina10.com\/web\/comunidad-awa-denuncio-asesinato-de-joven-indigena\/#breadcrumb"},"inLanguage":"es","potentialAction":[{"@type":"ReadAction","target":["https:\/\/pagina10.com\/web\/comunidad-awa-denuncio-asesinato-de-joven-indigena\/"]}]},{"@type":"ImageObject","inLanguage":"es","@id":"https:\/\/pagina10.com\/web\/comunidad-awa-denuncio-asesinato-de-joven-indigena\/#primaryimage","url":"https:\/\/pagina10.com\/web\/wp-content\/uploads\/2022\/11\/313405875_142413915203232_6139222225936835689_n-e1667341663314.jpg","contentUrl":"https:\/\/pagina10.com\/web\/wp-content\/uploads\/2022\/11\/313405875_142413915203232_6139222225936835689_n-e1667341663314.jpg","width":1078,"height":683},{"@type":"BreadcrumbList","@id":"https:\/\/pagina10.com\/web\/comunidad-awa-denuncio-asesinato-de-joven-indigena\/#breadcrumb","itemListElement":[{"@type":"ListItem","position":1,"name":"Portada","item":"https:\/\/pagina10.com\/web\/"},{"@type":"ListItem","position":2,"name":"Comunidad Aw\u00e1 denunci\u00f3 asesinato de joven ind\u00edgena"}]},{"@type":"WebSite","@id":"https:\/\/pagina10.com\/web\/#website","url":"https:\/\/pagina10.com\/web\/","name":"P\u00e1gina10","description":"Peri\u00f3dico Regional","publisher":{"@id":"https:\/\/pagina10.com\/web\/#organization"},"alternateName":"P\u00e1gina10 Peri\u00f3dico Regional","potentialAction":[{"@type":"SearchAction","target":{"@type":"EntryPoint","urlTemplate":"https:\/\/pagina10.com\/web\/?s={search_term_string}"},"query-input":{"@type":"PropertyValueSpecification","valueRequired":true,"valueName":"search_term_string"}}],"inLanguage":"es"},{"@type":"Organization","@id":"https:\/\/pagina10.com\/web\/#organization","name":"P\u00e1gina10","alternateName":"P\u00e1gina10 Peri\u00f3dico Regional","url":"https:\/\/pagina10.com\/web\/","logo":{"@type":"ImageObject","inLanguage":"es","@id":"https:\/\/pagina10.com\/web\/#\/schema\/logo\/image\/","url":"https:\/\/pagina10.com\/web\/wp-content\/uploads\/2024\/01\/40-pagina-10-periodico-regional-pasto.jpg","contentUrl":"https:\/\/pagina10.com\/web\/wp-content\/uploads\/2024\/01\/40-pagina-10-periodico-regional-pasto.jpg","width":1280,"height":720,"caption":"P\u00e1gina10"},"image":{"@id":"https:\/\/pagina10.com\/web\/#\/schema\/logo\/image\/"},"sameAs":["https:\/\/www.facebook.com\/pag10com","https:\/\/x.com\/Pag10com","https:\/\/www.instagram.com\/pagina10col\/","https:\/\/youtube.com\/channel\/pag10","https:\/\/www.tiktok.com\/@p10col"]},{"@type":"Person","@id":"https:\/\/pagina10.com\/web\/#\/schema\/person\/2efc4a090d25b667d3bc796798a3a81b","name":"P\u00e1gina 10","description":"P\u00e1gina 10 es un peri\u00f3dico regional que nace en Colombia, en el departamento de Nari\u00f1o, con un enfoque global, fundamentado en cuatro pilares esenciales: la libertad, el pluralismo, la inclusi\u00f3n y la independencia. P\u00e1gina 10 hace referencia a Nari\u00f1o como el d\u00e9cimo departamento creado en Colombia, despu\u00e9s de un proceso pol\u00edtico liderado por actores y actrices regionales con el fin de obtener la independencia y autonom\u00eda de nuestros territorios. Con la creaci\u00f3n de P\u00e1gina 10 se pretende abrir un escenario para el dialogo, la reflexi\u00f3n y el debate que se extienda a otras geograf\u00edas de Am\u00e9rica Latina y del planeta, en una apuesta por transformar colectivamente los desaf\u00edos de un mundo contempor\u00e1neo, m\u00e1s all\u00e1 de las fronteras impuestas.","url":"https:\/\/pagina10.com\/web\/author\/pdiezadmin\/"}]}},"_links":{"self":[{"href":"https:\/\/pagina10.com\/web\/wp-json\/wp\/v2\/posts\/62561","targetHints":{"allow":["GET"]}}],"collection":[{"href":"https:\/\/pagina10.com\/web\/wp-json\/wp\/v2\/posts"}],"about":[{"href":"https:\/\/pagina10.com\/web\/wp-json\/wp\/v2\/types\/post"}],"author":[{"embeddable":true,"href":"https:\/\/pagina10.com\/web\/wp-json\/wp\/v2\/users\/1"}],"replies":[{"embeddable":true,"href":"https:\/\/pagina10.com\/web\/wp-json\/wp\/v2\/comments?post=62561"}],"version-history":[{"count":1,"href":"https:\/\/pagina10.com\/web\/wp-json\/wp\/v2\/posts\/62561\/revisions"}],"predecessor-version":[{"id":62563,"href":"https:\/\/pagina10.com\/web\/wp-json\/wp\/v2\/posts\/62561\/revisions\/62563"}],"wp:featuredmedia":[{"embeddable":true,"href":"https:\/\/pagina10.com\/web\/wp-json\/wp\/v2\/media\/62562"}],"wp:attachment":[{"href":"https:\/\/pagina10.com\/web\/wp-json\/wp\/v2\/media?parent=62561"}],"wp:term":[{"taxonomy":"category","embeddable":true,"href":"https:\/\/pagina10.com\/web\/wp-json\/wp\/v2\/categories?post=62561"},{"taxonomy":"post_tag","embeddable":true,"href":"https:\/\/pagina10.com\/web\/wp-json\/wp\/v2\/tags?post=62561"}],"curies":[{"name":"wp","href":"https:\/\/api.w.org\/{rel}","templated":true}]}}