{"id":62588,"date":"2022-11-02T14:44:38","date_gmt":"2022-11-02T19:44:38","guid":{"rendered":"https:\/\/pagina10.com\/web\/?p=62588"},"modified":"2022-11-02T14:44:38","modified_gmt":"2022-11-02T19:44:38","slug":"lluvias-tienen-en-alerta-a-22-municipios-de-narino","status":"publish","type":"post","link":"https:\/\/pagina10.com\/web\/lluvias-tienen-en-alerta-a-22-municipios-de-narino\/","title":{"rendered":"Lluvias tienen en alerta a 22 municipios de Nari\u00f1o"},"content":{"rendered":"<p style=\"text-align: justify;\">Desde el inicio de la temporada de lluvias que corresponde al 15 de septiembre y hasta la fecha un total de 22 municipios han sido afectados por las lluvias. Estas emergencias corresponden a 19 deslizamientos, 8 inundaciones y 3 avenidas torrenciales, lamentablemente tres personas fallecieron en el municipio de Arboleda, 378 familias han resultado damnificadas, que corresponden a 1045 personas, se han perdido 38 viviendas y otras 199 est\u00e1n averiadas. Uno de los sectores m\u00e1s afectados ha sido el vial, con 101 carreteras afectadas; adem\u00e1s, 9 acueductos y 8 centros educativos resultaron da\u00f1ados.<\/p>\n<p style=\"text-align: justify;\">Ante esta crisis, el director (e) de la Direcci\u00f3n Administrativa de Gesti\u00f3n del Riesgo de Desastres en Nari\u00f1o, Mario Benavides, indic\u00f3 que con la \u00faltima medida nacional adoptada por el Gobierno del Presidente, Gustavo Petro, es urgente priorizar la atenci\u00f3n para el departamento de Nari\u00f1o fuertemente golpeado, tanto por la primera temporada de lluvias como en esta segunda que se encuentra en curso.<\/p>\n<p style=\"text-align: justify;\">\u201cDesde la Gobernaci\u00f3n de Nari\u00f1o se espera que, con la declaratoria de desastre nacional emitida por el Gobierno Central, a causa de las lluvias, se atienda de forma urgente y prioritaria al departamento\u201d, se\u00f1al\u00f3 el funcionario.<\/p>\n","protected":false},"excerpt":{"rendered":"<p>Desde el inicio de la temporada de lluvias que corresponde al 15 de septiembre y hasta la fecha un total de 22 municipios han sido afectados por las lluvias. Estas emergencias corresponden a 19 deslizamientos, 8 inundaciones y 3 avenidas torrenciales, lamentablemente tres personas fallecieron en el municipio de Arboleda, 378 familias han resultado damnificadas, [&hellip;]<\/p>\n","protected":false},"author":1,"featured_media":62589,"comment_status":"open","ping_status":"open","sticky":false,"template":"","format":"standard","meta":{"footnotes":""},"categories":[53],"tags":[],"class_list":["post-62588","post","type-post","status-publish","format-standard","has-post-thumbnail","hentry","category-regiones"],"yoast_head":"<!-- This site is optimized with the Yoast SEO plugin v27.1.1 - https:\/\/yoast.com\/product\/yoast-seo-wordpress\/ -->\n<title>Lluvias tienen en alerta a 22 municipios de Nari\u00f1o | P\u00e1gina10<\/title>\n<meta name=\"robots\" content=\"index, follow, max-snippet:-1, max-image-preview:large, max-video-preview:-1\" \/>\n<link rel=\"canonical\" href=\"https:\/\/pagina10.com\/web\/lluvias-tienen-en-alerta-a-22-municipios-de-narino\/\" \/>\n<meta property=\"og:locale\" content=\"es_ES\" \/>\n<meta property=\"og:type\" content=\"article\" \/>\n<meta property=\"og:title\" content=\"Lluvias tienen en alerta a 22 municipios de Nari\u00f1o | P\u00e1gina10\" \/>\n<meta property=\"og:description\" content=\"Desde el inicio de la temporada de lluvias que corresponde al 15 de septiembre y hasta la fecha un total de 22 municipios han sido afectados por las lluvias. Estas emergencias corresponden a 19 deslizamientos, 8 inundaciones y 3 avenidas torrenciales, lamentablemente tres personas fallecieron en el municipio de Arboleda, 378 familias han resultado damnificadas, [&hellip;]\" \/>\n<meta property=\"og:url\" content=\"https:\/\/pagina10.com\/web\/lluvias-tienen-en-alerta-a-22-municipios-de-narino\/\" \/>\n<meta property=\"og:site_name\" content=\"P\u00e1gina10\" \/>\n<meta property=\"article:publisher\" content=\"https:\/\/www.facebook.com\/pag10com\" \/>\n<meta property=\"article:published_time\" content=\"2022-11-02T19:44:38+00:00\" \/>\n<meta property=\"og:image\" content=\"https:\/\/pagina10.com\/web\/wp-content\/uploads\/2022\/11\/Lluvias-Narino.jpg\" \/>\n\t<meta property=\"og:image:width\" content=\"1200\" \/>\n\t<meta property=\"og:image:height\" content=\"675\" \/>\n\t<meta property=\"og:image:type\" content=\"image\/jpeg\" \/>\n<meta name=\"author\" content=\"P\u00e1gina 10\" \/>\n<meta name=\"twitter:card\" content=\"summary_large_image\" \/>\n<meta name=\"twitter:creator\" content=\"@Pag10com\" \/>\n<meta name=\"twitter:site\" content=\"@Pag10com\" \/>\n<meta name=\"twitter:label1\" content=\"Escrito por\" \/>\n\t<meta name=\"twitter:data1\" content=\"P\u00e1gina 10\" \/>\n\t<meta name=\"twitter:label2\" content=\"Tiempo de lectura\" \/>\n\t<meta name=\"twitter:data2\" content=\"1 minuto\" \/>\n<script type=\"application\/ld+json\" class=\"yoast-schema-graph\">{\"@context\":\"https:\/\/schema.org\",\"@graph\":[{\"@type\":\"Article\",\"@id\":\"https:\/\/pagina10.com\/web\/lluvias-tienen-en-alerta-a-22-municipios-de-narino\/#article\",\"isPartOf\":{\"@id\":\"https:\/\/pagina10.com\/web\/lluvias-tienen-en-alerta-a-22-municipios-de-narino\/\"},\"author\":{\"name\":\"P\u00e1gina 10\",\"@id\":\"https:\/\/pagina10.com\/web\/#\/schema\/person\/2efc4a090d25b667d3bc796798a3a81b\"},\"headline\":\"Lluvias tienen en alerta a 22 municipios de Nari\u00f1o\",\"datePublished\":\"2022-11-02T19:44:38+00:00\",\"mainEntityOfPage\":{\"@id\":\"https:\/\/pagina10.com\/web\/lluvias-tienen-en-alerta-a-22-municipios-de-narino\/\"},\"wordCount\":201,\"commentCount\":0,\"publisher\":{\"@id\":\"https:\/\/pagina10.com\/web\/#organization\"},\"image\":{\"@id\":\"https:\/\/pagina10.com\/web\/lluvias-tienen-en-alerta-a-22-municipios-de-narino\/#primaryimage\"},\"thumbnailUrl\":\"https:\/\/pagina10.com\/web\/wp-content\/uploads\/2022\/11\/Lluvias-Narino.jpg\",\"articleSection\":[\"Regiones\"],\"inLanguage\":\"es\",\"potentialAction\":[{\"@type\":\"CommentAction\",\"name\":\"Comment\",\"target\":[\"https:\/\/pagina10.com\/web\/lluvias-tienen-en-alerta-a-22-municipios-de-narino\/#respond\"]}]},{\"@type\":\"WebPage\",\"@id\":\"https:\/\/pagina10.com\/web\/lluvias-tienen-en-alerta-a-22-municipios-de-narino\/\",\"url\":\"https:\/\/pagina10.com\/web\/lluvias-tienen-en-alerta-a-22-municipios-de-narino\/\",\"name\":\"Lluvias tienen en alerta a 22 municipios de Nari\u00f1o | P\u00e1gina10\",\"isPartOf\":{\"@id\":\"https:\/\/pagina10.com\/web\/#website\"},\"primaryImageOfPage\":{\"@id\":\"https:\/\/pagina10.com\/web\/lluvias-tienen-en-alerta-a-22-municipios-de-narino\/#primaryimage\"},\"image\":{\"@id\":\"https:\/\/pagina10.com\/web\/lluvias-tienen-en-alerta-a-22-municipios-de-narino\/#primaryimage\"},\"thumbnailUrl\":\"https:\/\/pagina10.com\/web\/wp-content\/uploads\/2022\/11\/Lluvias-Narino.jpg\",\"datePublished\":\"2022-11-02T19:44:38+00:00\",\"breadcrumb\":{\"@id\":\"https:\/\/pagina10.com\/web\/lluvias-tienen-en-alerta-a-22-municipios-de-narino\/#breadcrumb\"},\"inLanguage\":\"es\",\"potentialAction\":[{\"@type\":\"ReadAction\",\"target\":[\"https:\/\/pagina10.com\/web\/lluvias-tienen-en-alerta-a-22-municipios-de-narino\/\"]}]},{\"@type\":\"ImageObject\",\"inLanguage\":\"es\",\"@id\":\"https:\/\/pagina10.com\/web\/lluvias-tienen-en-alerta-a-22-municipios-de-narino\/#primaryimage\",\"url\":\"https:\/\/pagina10.com\/web\/wp-content\/uploads\/2022\/11\/Lluvias-Narino.jpg\",\"contentUrl\":\"https:\/\/pagina10.com\/web\/wp-content\/uploads\/2022\/11\/Lluvias-Narino.jpg\",\"width\":1200,\"height\":675},{\"@type\":\"BreadcrumbList\",\"@id\":\"https:\/\/pagina10.com\/web\/lluvias-tienen-en-alerta-a-22-municipios-de-narino\/#breadcrumb\",\"itemListElement\":[{\"@type\":\"ListItem\",\"position\":1,\"name\":\"Portada\",\"item\":\"https:\/\/pagina10.com\/web\/\"},{\"@type\":\"ListItem\",\"position\":2,\"name\":\"Lluvias tienen en alerta a 22 municipios de Nari\u00f1o\"}]},{\"@type\":\"WebSite\",\"@id\":\"https:\/\/pagina10.com\/web\/#website\",\"url\":\"https:\/\/pagina10.com\/web\/\",\"name\":\"P\u00e1gina10\",\"description\":\"Peri\u00f3dico Regional\",\"publisher\":{\"@id\":\"https:\/\/pagina10.com\/web\/#organization\"},\"alternateName\":\"P\u00e1gina10 Peri\u00f3dico Regional\",\"potentialAction\":[{\"@type\":\"SearchAction\",\"target\":{\"@type\":\"EntryPoint\",\"urlTemplate\":\"https:\/\/pagina10.com\/web\/?s={search_term_string}\"},\"query-input\":{\"@type\":\"PropertyValueSpecification\",\"valueRequired\":true,\"valueName\":\"search_term_string\"}}],\"inLanguage\":\"es\"},{\"@type\":\"Organization\",\"@id\":\"https:\/\/pagina10.com\/web\/#organization\",\"name\":\"P\u00e1gina10\",\"alternateName\":\"P\u00e1gina10 Peri\u00f3dico Regional\",\"url\":\"https:\/\/pagina10.com\/web\/\",\"logo\":{\"@type\":\"ImageObject\",\"inLanguage\":\"es\",\"@id\":\"https:\/\/pagina10.com\/web\/#\/schema\/logo\/image\/\",\"url\":\"https:\/\/pagina10.com\/web\/wp-content\/uploads\/2024\/01\/40-pagina-10-periodico-regional-pasto.jpg\",\"contentUrl\":\"https:\/\/pagina10.com\/web\/wp-content\/uploads\/2024\/01\/40-pagina-10-periodico-regional-pasto.jpg\",\"width\":1280,\"height\":720,\"caption\":\"P\u00e1gina10\"},\"image\":{\"@id\":\"https:\/\/pagina10.com\/web\/#\/schema\/logo\/image\/\"},\"sameAs\":[\"https:\/\/www.facebook.com\/pag10com\",\"https:\/\/x.com\/Pag10com\",\"https:\/\/www.instagram.com\/pagina10col\/\",\"https:\/\/youtube.com\/channel\/pag10\",\"https:\/\/www.tiktok.com\/@p10col\"]},{\"@type\":\"Person\",\"@id\":\"https:\/\/pagina10.com\/web\/#\/schema\/person\/2efc4a090d25b667d3bc796798a3a81b\",\"name\":\"P\u00e1gina 10\",\"description\":\"P\u00e1gina 10 es un peri\u00f3dico regional que nace en Colombia, en el departamento de Nari\u00f1o, con un enfoque global, fundamentado en cuatro pilares esenciales: la libertad, el pluralismo, la inclusi\u00f3n y la independencia. P\u00e1gina 10 hace referencia a Nari\u00f1o como el d\u00e9cimo departamento creado en Colombia, despu\u00e9s de un proceso pol\u00edtico liderado por actores y actrices regionales con el fin de obtener la independencia y autonom\u00eda de nuestros territorios. Con la creaci\u00f3n de P\u00e1gina 10 se pretende abrir un escenario para el dialogo, la reflexi\u00f3n y el debate que se extienda a otras geograf\u00edas de Am\u00e9rica Latina y del planeta, en una apuesta por transformar colectivamente los desaf\u00edos de un mundo contempor\u00e1neo, m\u00e1s all\u00e1 de las fronteras impuestas.\",\"url\":\"https:\/\/pagina10.com\/web\/author\/pdiezadmin\/\"}]}<\/script>\n<!-- \/ Yoast SEO plugin. -->","yoast_head_json":{"title":"Lluvias tienen en alerta a 22 municipios de Nari\u00f1o | P\u00e1gina10","robots":{"index":"index","follow":"follow","max-snippet":"max-snippet:-1","max-image-preview":"max-image-preview:large","max-video-preview":"max-video-preview:-1"},"canonical":"https:\/\/pagina10.com\/web\/lluvias-tienen-en-alerta-a-22-municipios-de-narino\/","og_locale":"es_ES","og_type":"article","og_title":"Lluvias tienen en alerta a 22 municipios de Nari\u00f1o | P\u00e1gina10","og_description":"Desde el inicio de la temporada de lluvias que corresponde al 15 de septiembre y hasta la fecha un total de 22 municipios han sido afectados por las lluvias. Estas emergencias corresponden a 19 deslizamientos, 8 inundaciones y 3 avenidas torrenciales, lamentablemente tres personas fallecieron en el municipio de Arboleda, 378 familias han resultado damnificadas, [&hellip;]","og_url":"https:\/\/pagina10.com\/web\/lluvias-tienen-en-alerta-a-22-municipios-de-narino\/","og_site_name":"P\u00e1gina10","article_publisher":"https:\/\/www.facebook.com\/pag10com","article_published_time":"2022-11-02T19:44:38+00:00","og_image":[{"width":1200,"height":675,"url":"https:\/\/pagina10.com\/web\/wp-content\/uploads\/2022\/11\/Lluvias-Narino.jpg","type":"image\/jpeg"}],"author":"P\u00e1gina 10","twitter_card":"summary_large_image","twitter_creator":"@Pag10com","twitter_site":"@Pag10com","twitter_misc":{"Escrito por":"P\u00e1gina 10","Tiempo de lectura":"1 minuto"},"schema":{"@context":"https:\/\/schema.org","@graph":[{"@type":"Article","@id":"https:\/\/pagina10.com\/web\/lluvias-tienen-en-alerta-a-22-municipios-de-narino\/#article","isPartOf":{"@id":"https:\/\/pagina10.com\/web\/lluvias-tienen-en-alerta-a-22-municipios-de-narino\/"},"author":{"name":"P\u00e1gina 10","@id":"https:\/\/pagina10.com\/web\/#\/schema\/person\/2efc4a090d25b667d3bc796798a3a81b"},"headline":"Lluvias tienen en alerta a 22 municipios de Nari\u00f1o","datePublished":"2022-11-02T19:44:38+00:00","mainEntityOfPage":{"@id":"https:\/\/pagina10.com\/web\/lluvias-tienen-en-alerta-a-22-municipios-de-narino\/"},"wordCount":201,"commentCount":0,"publisher":{"@id":"https:\/\/pagina10.com\/web\/#organization"},"image":{"@id":"https:\/\/pagina10.com\/web\/lluvias-tienen-en-alerta-a-22-municipios-de-narino\/#primaryimage"},"thumbnailUrl":"https:\/\/pagina10.com\/web\/wp-content\/uploads\/2022\/11\/Lluvias-Narino.jpg","articleSection":["Regiones"],"inLanguage":"es","potentialAction":[{"@type":"CommentAction","name":"Comment","target":["https:\/\/pagina10.com\/web\/lluvias-tienen-en-alerta-a-22-municipios-de-narino\/#respond"]}]},{"@type":"WebPage","@id":"https:\/\/pagina10.com\/web\/lluvias-tienen-en-alerta-a-22-municipios-de-narino\/","url":"https:\/\/pagina10.com\/web\/lluvias-tienen-en-alerta-a-22-municipios-de-narino\/","name":"Lluvias tienen en alerta a 22 municipios de Nari\u00f1o | P\u00e1gina10","isPartOf":{"@id":"https:\/\/pagina10.com\/web\/#website"},"primaryImageOfPage":{"@id":"https:\/\/pagina10.com\/web\/lluvias-tienen-en-alerta-a-22-municipios-de-narino\/#primaryimage"},"image":{"@id":"https:\/\/pagina10.com\/web\/lluvias-tienen-en-alerta-a-22-municipios-de-narino\/#primaryimage"},"thumbnailUrl":"https:\/\/pagina10.com\/web\/wp-content\/uploads\/2022\/11\/Lluvias-Narino.jpg","datePublished":"2022-11-02T19:44:38+00:00","breadcrumb":{"@id":"https:\/\/pagina10.com\/web\/lluvias-tienen-en-alerta-a-22-municipios-de-narino\/#breadcrumb"},"inLanguage":"es","potentialAction":[{"@type":"ReadAction","target":["https:\/\/pagina10.com\/web\/lluvias-tienen-en-alerta-a-22-municipios-de-narino\/"]}]},{"@type":"ImageObject","inLanguage":"es","@id":"https:\/\/pagina10.com\/web\/lluvias-tienen-en-alerta-a-22-municipios-de-narino\/#primaryimage","url":"https:\/\/pagina10.com\/web\/wp-content\/uploads\/2022\/11\/Lluvias-Narino.jpg","contentUrl":"https:\/\/pagina10.com\/web\/wp-content\/uploads\/2022\/11\/Lluvias-Narino.jpg","width":1200,"height":675},{"@type":"BreadcrumbList","@id":"https:\/\/pagina10.com\/web\/lluvias-tienen-en-alerta-a-22-municipios-de-narino\/#breadcrumb","itemListElement":[{"@type":"ListItem","position":1,"name":"Portada","item":"https:\/\/pagina10.com\/web\/"},{"@type":"ListItem","position":2,"name":"Lluvias tienen en alerta a 22 municipios de Nari\u00f1o"}]},{"@type":"WebSite","@id":"https:\/\/pagina10.com\/web\/#website","url":"https:\/\/pagina10.com\/web\/","name":"P\u00e1gina10","description":"Peri\u00f3dico Regional","publisher":{"@id":"https:\/\/pagina10.com\/web\/#organization"},"alternateName":"P\u00e1gina10 Peri\u00f3dico Regional","potentialAction":[{"@type":"SearchAction","target":{"@type":"EntryPoint","urlTemplate":"https:\/\/pagina10.com\/web\/?s={search_term_string}"},"query-input":{"@type":"PropertyValueSpecification","valueRequired":true,"valueName":"search_term_string"}}],"inLanguage":"es"},{"@type":"Organization","@id":"https:\/\/pagina10.com\/web\/#organization","name":"P\u00e1gina10","alternateName":"P\u00e1gina10 Peri\u00f3dico Regional","url":"https:\/\/pagina10.com\/web\/","logo":{"@type":"ImageObject","inLanguage":"es","@id":"https:\/\/pagina10.com\/web\/#\/schema\/logo\/image\/","url":"https:\/\/pagina10.com\/web\/wp-content\/uploads\/2024\/01\/40-pagina-10-periodico-regional-pasto.jpg","contentUrl":"https:\/\/pagina10.com\/web\/wp-content\/uploads\/2024\/01\/40-pagina-10-periodico-regional-pasto.jpg","width":1280,"height":720,"caption":"P\u00e1gina10"},"image":{"@id":"https:\/\/pagina10.com\/web\/#\/schema\/logo\/image\/"},"sameAs":["https:\/\/www.facebook.com\/pag10com","https:\/\/x.com\/Pag10com","https:\/\/www.instagram.com\/pagina10col\/","https:\/\/youtube.com\/channel\/pag10","https:\/\/www.tiktok.com\/@p10col"]},{"@type":"Person","@id":"https:\/\/pagina10.com\/web\/#\/schema\/person\/2efc4a090d25b667d3bc796798a3a81b","name":"P\u00e1gina 10","description":"P\u00e1gina 10 es un peri\u00f3dico regional que nace en Colombia, en el departamento de Nari\u00f1o, con un enfoque global, fundamentado en cuatro pilares esenciales: la libertad, el pluralismo, la inclusi\u00f3n y la independencia. P\u00e1gina 10 hace referencia a Nari\u00f1o como el d\u00e9cimo departamento creado en Colombia, despu\u00e9s de un proceso pol\u00edtico liderado por actores y actrices regionales con el fin de obtener la independencia y autonom\u00eda de nuestros territorios. Con la creaci\u00f3n de P\u00e1gina 10 se pretende abrir un escenario para el dialogo, la reflexi\u00f3n y el debate que se extienda a otras geograf\u00edas de Am\u00e9rica Latina y del planeta, en una apuesta por transformar colectivamente los desaf\u00edos de un mundo contempor\u00e1neo, m\u00e1s all\u00e1 de las fronteras impuestas.","url":"https:\/\/pagina10.com\/web\/author\/pdiezadmin\/"}]}},"_links":{"self":[{"href":"https:\/\/pagina10.com\/web\/wp-json\/wp\/v2\/posts\/62588","targetHints":{"allow":["GET"]}}],"collection":[{"href":"https:\/\/pagina10.com\/web\/wp-json\/wp\/v2\/posts"}],"about":[{"href":"https:\/\/pagina10.com\/web\/wp-json\/wp\/v2\/types\/post"}],"author":[{"embeddable":true,"href":"https:\/\/pagina10.com\/web\/wp-json\/wp\/v2\/users\/1"}],"replies":[{"embeddable":true,"href":"https:\/\/pagina10.com\/web\/wp-json\/wp\/v2\/comments?post=62588"}],"version-history":[{"count":1,"href":"https:\/\/pagina10.com\/web\/wp-json\/wp\/v2\/posts\/62588\/revisions"}],"predecessor-version":[{"id":62590,"href":"https:\/\/pagina10.com\/web\/wp-json\/wp\/v2\/posts\/62588\/revisions\/62590"}],"wp:featuredmedia":[{"embeddable":true,"href":"https:\/\/pagina10.com\/web\/wp-json\/wp\/v2\/media\/62589"}],"wp:attachment":[{"href":"https:\/\/pagina10.com\/web\/wp-json\/wp\/v2\/media?parent=62588"}],"wp:term":[{"taxonomy":"category","embeddable":true,"href":"https:\/\/pagina10.com\/web\/wp-json\/wp\/v2\/categories?post=62588"},{"taxonomy":"post_tag","embeddable":true,"href":"https:\/\/pagina10.com\/web\/wp-json\/wp\/v2\/tags?post=62588"}],"curies":[{"name":"wp","href":"https:\/\/api.w.org\/{rel}","templated":true}]}}