{"id":6259,"date":"2014-01-11T23:35:51","date_gmt":"2014-01-11T23:35:51","guid":{"rendered":"https:\/\/pagina10.com\/web\/sabado-25-jornada-nacional-de-vacunacion\/"},"modified":"2014-01-11T23:35:51","modified_gmt":"2014-01-11T23:35:51","slug":"sabado-25-jornada-nacional-de-vacunacion","status":"publish","type":"post","link":"https:\/\/pagina10.com\/web\/sabado-25-jornada-nacional-de-vacunacion\/","title":{"rendered":"S\u00e1bado 25 jornada nacional de vacunaci\u00f3n"},"content":{"rendered":"<p><img fetchpriority=\"high\" decoding=\"async\" class=\" size-full wp-image-6258\" src=\"https:\/\/pagina10.com\/web\/wp-content\/uploads\/2014\/01\/c7e4e038b97737aa2a915c87ed6377d0.jpg\" alt=\"\" width=\"679\" height=\"340\" srcset=\"https:\/\/pagina10.com\/web\/wp-content\/uploads\/2014\/01\/c7e4e038b97737aa2a915c87ed6377d0.jpg 679w, https:\/\/pagina10.com\/web\/wp-content\/uploads\/2014\/01\/c7e4e038b97737aa2a915c87ed6377d0-300x150.jpg 300w\" sizes=\"(max-width: 679px) 100vw, 679px\" \/><\/p>\n<p style=\"text-align: justify;\">Este s\u00e1bado 25 de enero se realizar\u00e1 la primera Jornada Nacional de Vacunaci\u00f3n del a\u00f1o, la cual est\u00e1 encaminada a fortalecer las acciones de informaci\u00f3n, educaci\u00f3n y comunicaci\u00f3n para continuar y completar los esquemas de vacunaci\u00f3n, los cuales deben alcanzar coberturas iguales o superiores al 95% con cada uno.<\/p>\n<p style=\"text-align: justify;\">&nbsp;<\/p>\n<p style=\"text-align: justify;\">La meta es vacunar durante el mes, cerca de 7.618 ni\u00f1os y ni\u00f1as menores de un a\u00f1o, 6.518 ni\u00f1os y ni\u00f1as de un a\u00f1o de edad. Poblaci\u00f3n prioritaria, ni\u00f1os y ni\u00f1as menores de seis a\u00f1os de edad, mujeres embarazadas y en edad f\u00e9rtil de 10 a 49 a\u00f1os de edad, poblaci\u00f3n de 1 a 59 a\u00f1os de edad, residente en municipios de riesgo para fiebre amarilla, entre 1 y 4 a\u00f1os.<\/p>\n<p style=\"text-align: justify;\">&nbsp;<\/p>\n<p style=\"text-align: justify;\">Todas las Empresas Administradoras de Planes de Beneficios \u2013EAPB, de los reg\u00edmenes contributivo, subsidiado, especial y de excepci\u00f3n, como responsables de la atenci\u00f3n en salud, deben garantizar la vacunaci\u00f3n de su poblaci\u00f3n afiliada, fortaleciendo la inducci\u00f3n a la demanda, conforme al Plan Decenal de Salud, al Plan de Salud P\u00fablica de Intervenciones Colectivas, a la Resoluci\u00f3n 5521 de 2013, y dem\u00e1s normatividad vigente. Todos los centros de salud e IPS privadas de la red sur, norte, oriente y occidente; prestar\u00e1n el servicio.<\/p>\n<p style=\"text-align: justify;\">&nbsp;<\/p>\n<p style=\"text-align: justify;\">Las vacunas suministradas ser\u00e1n contra la poliomielitis, tuberculosis, difteria, t\u00e9tano y tosferina. Adem\u00e1s de las vacunas contra neumon\u00edas causas por neumococo, diarreas causadas por rotavirus, hepatitis Ay B, sarampi\u00f3n, rub\u00e9ola, paperas, y la del Virus del Papiloma Humano (HPV) para todas las ni\u00f1as cuarto grado hasta once.<\/p>\n<p>&nbsp;<\/p>\n<p><strong>Jornada vacunaci\u00f3n Emssanar<\/strong><\/p>\n<p style=\"text-align: justify;\">Los afiliados a Emssanar podr\u00e1n acercarse a su IPS para recibir las vacunas correspondientes. As\u00ed mismo, la fundaci\u00f3n Emssanar estar\u00e1 realizando actividades comunitarias en los municipios.&nbsp;Es necesario unir esfuerzos para lograr la meta propuesta por el Ministerio de Salud y Protecci\u00f3n Social, y contribuir al mejoramiento de la salud de nuestra poblaci\u00f3n.<\/p>\n<p style=\"text-align: justify;\">&nbsp;<\/p>\n<p style=\"text-align: justify;\"><strong>Consulta los puestos de vacunaci\u00f3n aqui:<\/strong>&nbsp;<\/p>\n<p style=\"text-align: justify;\"><a href=\"http:\/\/190.253.108.242\/pdf\/PUESTOS%20DE%20VACUNACION%20ENERO%20DEL%202014.pdf\" target=\"_blank\">http:\/\/190.253.108.242\/pdf\/PUESTOS%20DE%20VACUNACION%20ENERO%20DEL%202014.pdf<\/a><\/p>\n<p>&nbsp;<\/p>\n<p>&nbsp;<\/p>\n","protected":false},"excerpt":{"rendered":"<p>Este s\u00e1bado 25 de enero se realizar\u00e1 la primera Jornada Nacional de Vacunaci\u00f3n del a\u00f1o, la cual est\u00e1 encaminada a fortalecer las acciones de informaci\u00f3n, educaci\u00f3n y comunicaci\u00f3n para continuar y completar los esquemas de vacunaci\u00f3n, los cuales deben alcanzar coberturas iguales o superiores al 95% con cada uno. &nbsp; La meta es vacunar durante [&hellip;]<\/p>\n","protected":false},"author":29,"featured_media":6258,"comment_status":"open","ping_status":"open","sticky":false,"template":"","format":"standard","meta":{"footnotes":""},"categories":[82],"tags":[],"class_list":["post-6259","post","type-post","status-publish","format-standard","has-post-thumbnail","hentry","category-ciudad-2"],"yoast_head":"<!-- This site is optimized with the Yoast SEO plugin v27.1.1 - https:\/\/yoast.com\/product\/yoast-seo-wordpress\/ -->\n<title>S\u00e1bado 25 jornada nacional de vacunaci\u00f3n | P\u00e1gina10<\/title>\n<meta name=\"robots\" content=\"index, follow, max-snippet:-1, max-image-preview:large, max-video-preview:-1\" \/>\n<link rel=\"canonical\" href=\"https:\/\/pagina10.com\/web\/sabado-25-jornada-nacional-de-vacunacion\/\" \/>\n<meta property=\"og:locale\" content=\"es_ES\" \/>\n<meta property=\"og:type\" content=\"article\" \/>\n<meta property=\"og:title\" content=\"S\u00e1bado 25 jornada nacional de vacunaci\u00f3n | P\u00e1gina10\" \/>\n<meta property=\"og:description\" content=\"Este s\u00e1bado 25 de enero se realizar\u00e1 la primera Jornada Nacional de Vacunaci\u00f3n del a\u00f1o, la cual est\u00e1 encaminada a fortalecer las acciones de informaci\u00f3n, educaci\u00f3n y comunicaci\u00f3n para continuar y completar los esquemas de vacunaci\u00f3n, los cuales deben alcanzar coberturas iguales o superiores al 95% con cada uno. &nbsp; La meta es vacunar durante [&hellip;]\" \/>\n<meta property=\"og:url\" content=\"https:\/\/pagina10.com\/web\/sabado-25-jornada-nacional-de-vacunacion\/\" \/>\n<meta property=\"og:site_name\" content=\"P\u00e1gina10\" \/>\n<meta property=\"article:publisher\" content=\"https:\/\/www.facebook.com\/pag10com\" \/>\n<meta property=\"article:published_time\" content=\"2014-01-11T23:35:51+00:00\" \/>\n<meta property=\"og:image\" content=\"https:\/\/pagina10.com\/web\/wp-content\/uploads\/2014\/01\/c7e4e038b97737aa2a915c87ed6377d0.jpg\" \/>\n\t<meta property=\"og:image:width\" content=\"679\" \/>\n\t<meta property=\"og:image:height\" content=\"340\" \/>\n\t<meta property=\"og:image:type\" content=\"image\/jpeg\" \/>\n<meta name=\"author\" content=\"P\u00e1gina 10\" \/>\n<meta name=\"twitter:card\" content=\"summary_large_image\" \/>\n<meta name=\"twitter:creator\" content=\"@Pag10com\" \/>\n<meta name=\"twitter:site\" content=\"@Pag10com\" \/>\n<meta name=\"twitter:label1\" content=\"Escrito por\" \/>\n\t<meta name=\"twitter:data1\" content=\"P\u00e1gina 10\" \/>\n\t<meta name=\"twitter:label2\" content=\"Tiempo de lectura\" \/>\n\t<meta name=\"twitter:data2\" content=\"2 minutos\" \/>\n<script type=\"application\/ld+json\" class=\"yoast-schema-graph\">{\"@context\":\"https:\/\/schema.org\",\"@graph\":[{\"@type\":\"Article\",\"@id\":\"https:\/\/pagina10.com\/web\/sabado-25-jornada-nacional-de-vacunacion\/#article\",\"isPartOf\":{\"@id\":\"https:\/\/pagina10.com\/web\/sabado-25-jornada-nacional-de-vacunacion\/\"},\"author\":{\"name\":\"P\u00e1gina 10\",\"@id\":\"https:\/\/pagina10.com\/web\/#\/schema\/person\/a7a5d38f0629dfc107f619fbae4f6cc3\"},\"headline\":\"S\u00e1bado 25 jornada nacional de vacunaci\u00f3n\",\"datePublished\":\"2014-01-11T23:35:51+00:00\",\"mainEntityOfPage\":{\"@id\":\"https:\/\/pagina10.com\/web\/sabado-25-jornada-nacional-de-vacunacion\/\"},\"wordCount\":368,\"commentCount\":0,\"publisher\":{\"@id\":\"https:\/\/pagina10.com\/web\/#organization\"},\"image\":{\"@id\":\"https:\/\/pagina10.com\/web\/sabado-25-jornada-nacional-de-vacunacion\/#primaryimage\"},\"thumbnailUrl\":\"https:\/\/pagina10.com\/web\/wp-content\/uploads\/2014\/01\/c7e4e038b97737aa2a915c87ed6377d0.jpg\",\"articleSection\":[\"Ciudad\"],\"inLanguage\":\"es\",\"potentialAction\":[{\"@type\":\"CommentAction\",\"name\":\"Comment\",\"target\":[\"https:\/\/pagina10.com\/web\/sabado-25-jornada-nacional-de-vacunacion\/#respond\"]}]},{\"@type\":\"WebPage\",\"@id\":\"https:\/\/pagina10.com\/web\/sabado-25-jornada-nacional-de-vacunacion\/\",\"url\":\"https:\/\/pagina10.com\/web\/sabado-25-jornada-nacional-de-vacunacion\/\",\"name\":\"S\u00e1bado 25 jornada nacional de vacunaci\u00f3n | P\u00e1gina10\",\"isPartOf\":{\"@id\":\"https:\/\/pagina10.com\/web\/#website\"},\"primaryImageOfPage\":{\"@id\":\"https:\/\/pagina10.com\/web\/sabado-25-jornada-nacional-de-vacunacion\/#primaryimage\"},\"image\":{\"@id\":\"https:\/\/pagina10.com\/web\/sabado-25-jornada-nacional-de-vacunacion\/#primaryimage\"},\"thumbnailUrl\":\"https:\/\/pagina10.com\/web\/wp-content\/uploads\/2014\/01\/c7e4e038b97737aa2a915c87ed6377d0.jpg\",\"datePublished\":\"2014-01-11T23:35:51+00:00\",\"breadcrumb\":{\"@id\":\"https:\/\/pagina10.com\/web\/sabado-25-jornada-nacional-de-vacunacion\/#breadcrumb\"},\"inLanguage\":\"es\",\"potentialAction\":[{\"@type\":\"ReadAction\",\"target\":[\"https:\/\/pagina10.com\/web\/sabado-25-jornada-nacional-de-vacunacion\/\"]}]},{\"@type\":\"ImageObject\",\"inLanguage\":\"es\",\"@id\":\"https:\/\/pagina10.com\/web\/sabado-25-jornada-nacional-de-vacunacion\/#primaryimage\",\"url\":\"https:\/\/pagina10.com\/web\/wp-content\/uploads\/2014\/01\/c7e4e038b97737aa2a915c87ed6377d0.jpg\",\"contentUrl\":\"https:\/\/pagina10.com\/web\/wp-content\/uploads\/2014\/01\/c7e4e038b97737aa2a915c87ed6377d0.jpg\",\"width\":679,\"height\":340},{\"@type\":\"BreadcrumbList\",\"@id\":\"https:\/\/pagina10.com\/web\/sabado-25-jornada-nacional-de-vacunacion\/#breadcrumb\",\"itemListElement\":[{\"@type\":\"ListItem\",\"position\":1,\"name\":\"Portada\",\"item\":\"https:\/\/pagina10.com\/web\/\"},{\"@type\":\"ListItem\",\"position\":2,\"name\":\"S\u00e1bado 25 jornada nacional de vacunaci\u00f3n\"}]},{\"@type\":\"WebSite\",\"@id\":\"https:\/\/pagina10.com\/web\/#website\",\"url\":\"https:\/\/pagina10.com\/web\/\",\"name\":\"P\u00e1gina10\",\"description\":\"Peri\u00f3dico Regional\",\"publisher\":{\"@id\":\"https:\/\/pagina10.com\/web\/#organization\"},\"alternateName\":\"P\u00e1gina10 Peri\u00f3dico Regional\",\"potentialAction\":[{\"@type\":\"SearchAction\",\"target\":{\"@type\":\"EntryPoint\",\"urlTemplate\":\"https:\/\/pagina10.com\/web\/?s={search_term_string}\"},\"query-input\":{\"@type\":\"PropertyValueSpecification\",\"valueRequired\":true,\"valueName\":\"search_term_string\"}}],\"inLanguage\":\"es\"},{\"@type\":\"Organization\",\"@id\":\"https:\/\/pagina10.com\/web\/#organization\",\"name\":\"P\u00e1gina10\",\"alternateName\":\"P\u00e1gina10 Peri\u00f3dico Regional\",\"url\":\"https:\/\/pagina10.com\/web\/\",\"logo\":{\"@type\":\"ImageObject\",\"inLanguage\":\"es\",\"@id\":\"https:\/\/pagina10.com\/web\/#\/schema\/logo\/image\/\",\"url\":\"https:\/\/pagina10.com\/web\/wp-content\/uploads\/2024\/01\/40-pagina-10-periodico-regional-pasto.jpg\",\"contentUrl\":\"https:\/\/pagina10.com\/web\/wp-content\/uploads\/2024\/01\/40-pagina-10-periodico-regional-pasto.jpg\",\"width\":1280,\"height\":720,\"caption\":\"P\u00e1gina10\"},\"image\":{\"@id\":\"https:\/\/pagina10.com\/web\/#\/schema\/logo\/image\/\"},\"sameAs\":[\"https:\/\/www.facebook.com\/pag10com\",\"https:\/\/x.com\/Pag10com\",\"https:\/\/www.instagram.com\/pagina10col\/\",\"https:\/\/youtube.com\/channel\/pag10\",\"https:\/\/www.tiktok.com\/@p10col\"]},{\"@type\":\"Person\",\"@id\":\"https:\/\/pagina10.com\/web\/#\/schema\/person\/a7a5d38f0629dfc107f619fbae4f6cc3\",\"name\":\"P\u00e1gina 10\",\"description\":\"P\u00e1gina10.com es un peri\u00f3dico digital que nace en Colombia, en el departamento de Nari\u00f1o, con un enfoque global, fundamentado en cuatro pilares esenciales: la libertad, el pluralismo, la inclusi\u00f3n y la independencia. P\u00e1gina10.com hace referencia a Nari\u00f1o como el d\u00e9cimo departamento creado en Colombia, despu\u00e9s de un proceso pol\u00edtico liderado por actores y actrices regionales con el fin de obtener la independencia y autonom\u00eda de nuestros territorios. Con la creaci\u00f3n de P\u00e1gina10.com se pretende abrir un escenario para el dialogo, la reflexi\u00f3n y el debate que se extienda a otras geograf\u00edas de Am\u00e9rica Latina y del planeta, en una apuesta por transformar colectivamente los desaf\u00edos de un mundo contempor\u00e1neo, m\u00e1s all\u00e1 de las fronteras impuestas.\",\"url\":\"https:\/\/pagina10.com\/web\/author\/mcepeda\/\"}]}<\/script>\n<!-- \/ Yoast SEO plugin. -->","yoast_head_json":{"title":"S\u00e1bado 25 jornada nacional de vacunaci\u00f3n | P\u00e1gina10","robots":{"index":"index","follow":"follow","max-snippet":"max-snippet:-1","max-image-preview":"max-image-preview:large","max-video-preview":"max-video-preview:-1"},"canonical":"https:\/\/pagina10.com\/web\/sabado-25-jornada-nacional-de-vacunacion\/","og_locale":"es_ES","og_type":"article","og_title":"S\u00e1bado 25 jornada nacional de vacunaci\u00f3n | P\u00e1gina10","og_description":"Este s\u00e1bado 25 de enero se realizar\u00e1 la primera Jornada Nacional de Vacunaci\u00f3n del a\u00f1o, la cual est\u00e1 encaminada a fortalecer las acciones de informaci\u00f3n, educaci\u00f3n y comunicaci\u00f3n para continuar y completar los esquemas de vacunaci\u00f3n, los cuales deben alcanzar coberturas iguales o superiores al 95% con cada uno. &nbsp; La meta es vacunar durante [&hellip;]","og_url":"https:\/\/pagina10.com\/web\/sabado-25-jornada-nacional-de-vacunacion\/","og_site_name":"P\u00e1gina10","article_publisher":"https:\/\/www.facebook.com\/pag10com","article_published_time":"2014-01-11T23:35:51+00:00","og_image":[{"width":679,"height":340,"url":"https:\/\/pagina10.com\/web\/wp-content\/uploads\/2014\/01\/c7e4e038b97737aa2a915c87ed6377d0.jpg","type":"image\/jpeg"}],"author":"P\u00e1gina 10","twitter_card":"summary_large_image","twitter_creator":"@Pag10com","twitter_site":"@Pag10com","twitter_misc":{"Escrito por":"P\u00e1gina 10","Tiempo de lectura":"2 minutos"},"schema":{"@context":"https:\/\/schema.org","@graph":[{"@type":"Article","@id":"https:\/\/pagina10.com\/web\/sabado-25-jornada-nacional-de-vacunacion\/#article","isPartOf":{"@id":"https:\/\/pagina10.com\/web\/sabado-25-jornada-nacional-de-vacunacion\/"},"author":{"name":"P\u00e1gina 10","@id":"https:\/\/pagina10.com\/web\/#\/schema\/person\/a7a5d38f0629dfc107f619fbae4f6cc3"},"headline":"S\u00e1bado 25 jornada nacional de vacunaci\u00f3n","datePublished":"2014-01-11T23:35:51+00:00","mainEntityOfPage":{"@id":"https:\/\/pagina10.com\/web\/sabado-25-jornada-nacional-de-vacunacion\/"},"wordCount":368,"commentCount":0,"publisher":{"@id":"https:\/\/pagina10.com\/web\/#organization"},"image":{"@id":"https:\/\/pagina10.com\/web\/sabado-25-jornada-nacional-de-vacunacion\/#primaryimage"},"thumbnailUrl":"https:\/\/pagina10.com\/web\/wp-content\/uploads\/2014\/01\/c7e4e038b97737aa2a915c87ed6377d0.jpg","articleSection":["Ciudad"],"inLanguage":"es","potentialAction":[{"@type":"CommentAction","name":"Comment","target":["https:\/\/pagina10.com\/web\/sabado-25-jornada-nacional-de-vacunacion\/#respond"]}]},{"@type":"WebPage","@id":"https:\/\/pagina10.com\/web\/sabado-25-jornada-nacional-de-vacunacion\/","url":"https:\/\/pagina10.com\/web\/sabado-25-jornada-nacional-de-vacunacion\/","name":"S\u00e1bado 25 jornada nacional de vacunaci\u00f3n | P\u00e1gina10","isPartOf":{"@id":"https:\/\/pagina10.com\/web\/#website"},"primaryImageOfPage":{"@id":"https:\/\/pagina10.com\/web\/sabado-25-jornada-nacional-de-vacunacion\/#primaryimage"},"image":{"@id":"https:\/\/pagina10.com\/web\/sabado-25-jornada-nacional-de-vacunacion\/#primaryimage"},"thumbnailUrl":"https:\/\/pagina10.com\/web\/wp-content\/uploads\/2014\/01\/c7e4e038b97737aa2a915c87ed6377d0.jpg","datePublished":"2014-01-11T23:35:51+00:00","breadcrumb":{"@id":"https:\/\/pagina10.com\/web\/sabado-25-jornada-nacional-de-vacunacion\/#breadcrumb"},"inLanguage":"es","potentialAction":[{"@type":"ReadAction","target":["https:\/\/pagina10.com\/web\/sabado-25-jornada-nacional-de-vacunacion\/"]}]},{"@type":"ImageObject","inLanguage":"es","@id":"https:\/\/pagina10.com\/web\/sabado-25-jornada-nacional-de-vacunacion\/#primaryimage","url":"https:\/\/pagina10.com\/web\/wp-content\/uploads\/2014\/01\/c7e4e038b97737aa2a915c87ed6377d0.jpg","contentUrl":"https:\/\/pagina10.com\/web\/wp-content\/uploads\/2014\/01\/c7e4e038b97737aa2a915c87ed6377d0.jpg","width":679,"height":340},{"@type":"BreadcrumbList","@id":"https:\/\/pagina10.com\/web\/sabado-25-jornada-nacional-de-vacunacion\/#breadcrumb","itemListElement":[{"@type":"ListItem","position":1,"name":"Portada","item":"https:\/\/pagina10.com\/web\/"},{"@type":"ListItem","position":2,"name":"S\u00e1bado 25 jornada nacional de vacunaci\u00f3n"}]},{"@type":"WebSite","@id":"https:\/\/pagina10.com\/web\/#website","url":"https:\/\/pagina10.com\/web\/","name":"P\u00e1gina10","description":"Peri\u00f3dico Regional","publisher":{"@id":"https:\/\/pagina10.com\/web\/#organization"},"alternateName":"P\u00e1gina10 Peri\u00f3dico Regional","potentialAction":[{"@type":"SearchAction","target":{"@type":"EntryPoint","urlTemplate":"https:\/\/pagina10.com\/web\/?s={search_term_string}"},"query-input":{"@type":"PropertyValueSpecification","valueRequired":true,"valueName":"search_term_string"}}],"inLanguage":"es"},{"@type":"Organization","@id":"https:\/\/pagina10.com\/web\/#organization","name":"P\u00e1gina10","alternateName":"P\u00e1gina10 Peri\u00f3dico Regional","url":"https:\/\/pagina10.com\/web\/","logo":{"@type":"ImageObject","inLanguage":"es","@id":"https:\/\/pagina10.com\/web\/#\/schema\/logo\/image\/","url":"https:\/\/pagina10.com\/web\/wp-content\/uploads\/2024\/01\/40-pagina-10-periodico-regional-pasto.jpg","contentUrl":"https:\/\/pagina10.com\/web\/wp-content\/uploads\/2024\/01\/40-pagina-10-periodico-regional-pasto.jpg","width":1280,"height":720,"caption":"P\u00e1gina10"},"image":{"@id":"https:\/\/pagina10.com\/web\/#\/schema\/logo\/image\/"},"sameAs":["https:\/\/www.facebook.com\/pag10com","https:\/\/x.com\/Pag10com","https:\/\/www.instagram.com\/pagina10col\/","https:\/\/youtube.com\/channel\/pag10","https:\/\/www.tiktok.com\/@p10col"]},{"@type":"Person","@id":"https:\/\/pagina10.com\/web\/#\/schema\/person\/a7a5d38f0629dfc107f619fbae4f6cc3","name":"P\u00e1gina 10","description":"P\u00e1gina10.com es un peri\u00f3dico digital que nace en Colombia, en el departamento de Nari\u00f1o, con un enfoque global, fundamentado en cuatro pilares esenciales: la libertad, el pluralismo, la inclusi\u00f3n y la independencia. P\u00e1gina10.com hace referencia a Nari\u00f1o como el d\u00e9cimo departamento creado en Colombia, despu\u00e9s de un proceso pol\u00edtico liderado por actores y actrices regionales con el fin de obtener la independencia y autonom\u00eda de nuestros territorios. Con la creaci\u00f3n de P\u00e1gina10.com se pretende abrir un escenario para el dialogo, la reflexi\u00f3n y el debate que se extienda a otras geograf\u00edas de Am\u00e9rica Latina y del planeta, en una apuesta por transformar colectivamente los desaf\u00edos de un mundo contempor\u00e1neo, m\u00e1s all\u00e1 de las fronteras impuestas.","url":"https:\/\/pagina10.com\/web\/author\/mcepeda\/"}]}},"_links":{"self":[{"href":"https:\/\/pagina10.com\/web\/wp-json\/wp\/v2\/posts\/6259","targetHints":{"allow":["GET"]}}],"collection":[{"href":"https:\/\/pagina10.com\/web\/wp-json\/wp\/v2\/posts"}],"about":[{"href":"https:\/\/pagina10.com\/web\/wp-json\/wp\/v2\/types\/post"}],"author":[{"embeddable":true,"href":"https:\/\/pagina10.com\/web\/wp-json\/wp\/v2\/users\/29"}],"replies":[{"embeddable":true,"href":"https:\/\/pagina10.com\/web\/wp-json\/wp\/v2\/comments?post=6259"}],"version-history":[{"count":0,"href":"https:\/\/pagina10.com\/web\/wp-json\/wp\/v2\/posts\/6259\/revisions"}],"wp:featuredmedia":[{"embeddable":true,"href":"https:\/\/pagina10.com\/web\/wp-json\/wp\/v2\/media\/6258"}],"wp:attachment":[{"href":"https:\/\/pagina10.com\/web\/wp-json\/wp\/v2\/media?parent=6259"}],"wp:term":[{"taxonomy":"category","embeddable":true,"href":"https:\/\/pagina10.com\/web\/wp-json\/wp\/v2\/categories?post=6259"},{"taxonomy":"post_tag","embeddable":true,"href":"https:\/\/pagina10.com\/web\/wp-json\/wp\/v2\/tags?post=6259"}],"curies":[{"name":"wp","href":"https:\/\/api.w.org\/{rel}","templated":true}]}}