{"id":62608,"date":"2022-11-03T14:42:15","date_gmt":"2022-11-03T19:42:15","guid":{"rendered":"https:\/\/pagina10.com\/web\/?p=62608"},"modified":"2022-11-03T14:42:15","modified_gmt":"2022-11-03T19:42:15","slug":"en-policarpa-destruyeron-laboratorio-con-cinco-toneladas-de-coca","status":"publish","type":"post","link":"https:\/\/pagina10.com\/web\/en-policarpa-destruyeron-laboratorio-con-cinco-toneladas-de-coca\/","title":{"rendered":"En Policarpa destruyeron laboratorio con cinco toneladas de coca"},"content":{"rendered":"<p style=\"text-align: justify;\">Tropas del Ej\u00e9rcito Nacional y Fuerza A\u00e9rea en conjunto con funcionarios de la Fiscal\u00eda General de la Naci\u00f3n, arribaron hasta la vereda Negrita Cuchilla del municipio de Policarpa, para desmantelar un laboratorio para el procesamiento de clorhidrato de coca\u00edna que albergaba cerca de cinco toneladas del narc\u00f3tico.<\/p>\n<p style=\"text-align: justify;\">Tras una maniobra de asalto a\u00e9reo efectuada por tropas especiales del Comando contra el Narcotr\u00e1fico y Amenazas Transnacionales, en apoyo a la Vig\u00e9sima Tercera Brigada, de la Tercera Divisi\u00f3n del Ej\u00e9rcito Nacional, se incautaron tambi\u00e9n m\u00e1s de 13.000 galones de insumos l\u00edquidos, 1500 kilogramos de insumos s\u00f3lidos, as\u00ed como equipos y precursores qu\u00edmicos para la elaboraci\u00f3n del estupefaciente. Seg\u00fan informaciones de inteligencia militar, todos estos insumos y materiales pertenecer\u00edan al grupo armado organizado residual Estructura Franco Benavides.<\/p>\n<p style=\"text-align: justify;\">Este complejo contaba con una extensi\u00f3n de filtrado de m\u00e1s de 300 metros, adem\u00e1s de una estructura de secado de 50 metros y tendr\u00eda la capacidad de producir mensualmente 8 toneladas de clorhidrato de coca\u00edna, por lo que esta operaci\u00f3n deja una afectaci\u00f3n a las finanzas ilegales en m\u00e1s de 24.000 millones de pesos.<\/p>\n<p style=\"text-align: justify;\">Durante la interdicci\u00f3n, los uniformados fueron hostigados para impedir la realizaci\u00f3n de la operaci\u00f3n, pero la pericia y destreza de los soldados permiti\u00f3 incautar todo el material que qued\u00f3 a disposici\u00f3n de la autoridad competente.<\/p>\n","protected":false},"excerpt":{"rendered":"<p>Tropas del Ej\u00e9rcito Nacional y Fuerza A\u00e9rea en conjunto con funcionarios de la Fiscal\u00eda General de la Naci\u00f3n, arribaron hasta la vereda Negrita Cuchilla del municipio de Policarpa, para desmantelar un laboratorio para el procesamiento de clorhidrato de coca\u00edna que albergaba cerca de cinco toneladas del narc\u00f3tico. Tras una maniobra de asalto a\u00e9reo efectuada por [&hellip;]<\/p>\n","protected":false},"author":1,"featured_media":62609,"comment_status":"open","ping_status":"open","sticky":false,"template":"","format":"standard","meta":{"footnotes":""},"categories":[61],"tags":[],"class_list":["post-62608","post","type-post","status-publish","format-standard","has-post-thumbnail","hentry","category-judicial"],"yoast_head":"<!-- This site is optimized with the Yoast SEO plugin v27.1.1 - https:\/\/yoast.com\/product\/yoast-seo-wordpress\/ -->\n<title>En Policarpa destruyeron laboratorio con cinco toneladas de coca | P\u00e1gina10<\/title>\n<meta name=\"robots\" content=\"index, follow, max-snippet:-1, max-image-preview:large, max-video-preview:-1\" \/>\n<link rel=\"canonical\" href=\"https:\/\/pagina10.com\/web\/en-policarpa-destruyeron-laboratorio-con-cinco-toneladas-de-coca\/\" \/>\n<meta property=\"og:locale\" content=\"es_ES\" \/>\n<meta property=\"og:type\" content=\"article\" \/>\n<meta property=\"og:title\" content=\"En Policarpa destruyeron laboratorio con cinco toneladas de coca | P\u00e1gina10\" \/>\n<meta property=\"og:description\" content=\"Tropas del Ej\u00e9rcito Nacional y Fuerza A\u00e9rea en conjunto con funcionarios de la Fiscal\u00eda General de la Naci\u00f3n, arribaron hasta la vereda Negrita Cuchilla del municipio de Policarpa, para desmantelar un laboratorio para el procesamiento de clorhidrato de coca\u00edna que albergaba cerca de cinco toneladas del narc\u00f3tico. Tras una maniobra de asalto a\u00e9reo efectuada por [&hellip;]\" \/>\n<meta property=\"og:url\" content=\"https:\/\/pagina10.com\/web\/en-policarpa-destruyeron-laboratorio-con-cinco-toneladas-de-coca\/\" \/>\n<meta property=\"og:site_name\" content=\"P\u00e1gina10\" \/>\n<meta property=\"article:publisher\" content=\"https:\/\/www.facebook.com\/pag10com\" \/>\n<meta property=\"article:published_time\" content=\"2022-11-03T19:42:15+00:00\" \/>\n<meta property=\"og:image\" content=\"https:\/\/pagina10.com\/web\/wp-content\/uploads\/2022\/11\/WhatsApp-Image-2022-11-02-at-9.11.24-AM.jpeg\" \/>\n\t<meta property=\"og:image:width\" content=\"1024\" \/>\n\t<meta property=\"og:image:height\" content=\"768\" \/>\n\t<meta property=\"og:image:type\" content=\"image\/jpeg\" \/>\n<meta name=\"author\" content=\"P\u00e1gina 10\" \/>\n<meta name=\"twitter:card\" content=\"summary_large_image\" \/>\n<meta name=\"twitter:creator\" content=\"@Pag10com\" \/>\n<meta name=\"twitter:site\" content=\"@Pag10com\" \/>\n<meta name=\"twitter:label1\" content=\"Escrito por\" \/>\n\t<meta name=\"twitter:data1\" content=\"P\u00e1gina 10\" \/>\n\t<meta name=\"twitter:label2\" content=\"Tiempo de lectura\" \/>\n\t<meta name=\"twitter:data2\" content=\"1 minuto\" \/>\n<script type=\"application\/ld+json\" class=\"yoast-schema-graph\">{\"@context\":\"https:\/\/schema.org\",\"@graph\":[{\"@type\":\"Article\",\"@id\":\"https:\/\/pagina10.com\/web\/en-policarpa-destruyeron-laboratorio-con-cinco-toneladas-de-coca\/#article\",\"isPartOf\":{\"@id\":\"https:\/\/pagina10.com\/web\/en-policarpa-destruyeron-laboratorio-con-cinco-toneladas-de-coca\/\"},\"author\":{\"name\":\"P\u00e1gina 10\",\"@id\":\"https:\/\/pagina10.com\/web\/#\/schema\/person\/2efc4a090d25b667d3bc796798a3a81b\"},\"headline\":\"En Policarpa destruyeron laboratorio con cinco toneladas de coca\",\"datePublished\":\"2022-11-03T19:42:15+00:00\",\"mainEntityOfPage\":{\"@id\":\"https:\/\/pagina10.com\/web\/en-policarpa-destruyeron-laboratorio-con-cinco-toneladas-de-coca\/\"},\"wordCount\":247,\"commentCount\":0,\"publisher\":{\"@id\":\"https:\/\/pagina10.com\/web\/#organization\"},\"image\":{\"@id\":\"https:\/\/pagina10.com\/web\/en-policarpa-destruyeron-laboratorio-con-cinco-toneladas-de-coca\/#primaryimage\"},\"thumbnailUrl\":\"https:\/\/pagina10.com\/web\/wp-content\/uploads\/2022\/11\/WhatsApp-Image-2022-11-02-at-9.11.24-AM.jpeg\",\"articleSection\":[\"Judicial\"],\"inLanguage\":\"es\",\"potentialAction\":[{\"@type\":\"CommentAction\",\"name\":\"Comment\",\"target\":[\"https:\/\/pagina10.com\/web\/en-policarpa-destruyeron-laboratorio-con-cinco-toneladas-de-coca\/#respond\"]}]},{\"@type\":\"WebPage\",\"@id\":\"https:\/\/pagina10.com\/web\/en-policarpa-destruyeron-laboratorio-con-cinco-toneladas-de-coca\/\",\"url\":\"https:\/\/pagina10.com\/web\/en-policarpa-destruyeron-laboratorio-con-cinco-toneladas-de-coca\/\",\"name\":\"En Policarpa destruyeron laboratorio con cinco toneladas de coca | P\u00e1gina10\",\"isPartOf\":{\"@id\":\"https:\/\/pagina10.com\/web\/#website\"},\"primaryImageOfPage\":{\"@id\":\"https:\/\/pagina10.com\/web\/en-policarpa-destruyeron-laboratorio-con-cinco-toneladas-de-coca\/#primaryimage\"},\"image\":{\"@id\":\"https:\/\/pagina10.com\/web\/en-policarpa-destruyeron-laboratorio-con-cinco-toneladas-de-coca\/#primaryimage\"},\"thumbnailUrl\":\"https:\/\/pagina10.com\/web\/wp-content\/uploads\/2022\/11\/WhatsApp-Image-2022-11-02-at-9.11.24-AM.jpeg\",\"datePublished\":\"2022-11-03T19:42:15+00:00\",\"breadcrumb\":{\"@id\":\"https:\/\/pagina10.com\/web\/en-policarpa-destruyeron-laboratorio-con-cinco-toneladas-de-coca\/#breadcrumb\"},\"inLanguage\":\"es\",\"potentialAction\":[{\"@type\":\"ReadAction\",\"target\":[\"https:\/\/pagina10.com\/web\/en-policarpa-destruyeron-laboratorio-con-cinco-toneladas-de-coca\/\"]}]},{\"@type\":\"ImageObject\",\"inLanguage\":\"es\",\"@id\":\"https:\/\/pagina10.com\/web\/en-policarpa-destruyeron-laboratorio-con-cinco-toneladas-de-coca\/#primaryimage\",\"url\":\"https:\/\/pagina10.com\/web\/wp-content\/uploads\/2022\/11\/WhatsApp-Image-2022-11-02-at-9.11.24-AM.jpeg\",\"contentUrl\":\"https:\/\/pagina10.com\/web\/wp-content\/uploads\/2022\/11\/WhatsApp-Image-2022-11-02-at-9.11.24-AM.jpeg\",\"width\":1024,\"height\":768},{\"@type\":\"BreadcrumbList\",\"@id\":\"https:\/\/pagina10.com\/web\/en-policarpa-destruyeron-laboratorio-con-cinco-toneladas-de-coca\/#breadcrumb\",\"itemListElement\":[{\"@type\":\"ListItem\",\"position\":1,\"name\":\"Portada\",\"item\":\"https:\/\/pagina10.com\/web\/\"},{\"@type\":\"ListItem\",\"position\":2,\"name\":\"En Policarpa destruyeron laboratorio con cinco toneladas de coca\"}]},{\"@type\":\"WebSite\",\"@id\":\"https:\/\/pagina10.com\/web\/#website\",\"url\":\"https:\/\/pagina10.com\/web\/\",\"name\":\"P\u00e1gina10\",\"description\":\"Peri\u00f3dico Regional\",\"publisher\":{\"@id\":\"https:\/\/pagina10.com\/web\/#organization\"},\"alternateName\":\"P\u00e1gina10 Peri\u00f3dico Regional\",\"potentialAction\":[{\"@type\":\"SearchAction\",\"target\":{\"@type\":\"EntryPoint\",\"urlTemplate\":\"https:\/\/pagina10.com\/web\/?s={search_term_string}\"},\"query-input\":{\"@type\":\"PropertyValueSpecification\",\"valueRequired\":true,\"valueName\":\"search_term_string\"}}],\"inLanguage\":\"es\"},{\"@type\":\"Organization\",\"@id\":\"https:\/\/pagina10.com\/web\/#organization\",\"name\":\"P\u00e1gina10\",\"alternateName\":\"P\u00e1gina10 Peri\u00f3dico Regional\",\"url\":\"https:\/\/pagina10.com\/web\/\",\"logo\":{\"@type\":\"ImageObject\",\"inLanguage\":\"es\",\"@id\":\"https:\/\/pagina10.com\/web\/#\/schema\/logo\/image\/\",\"url\":\"https:\/\/pagina10.com\/web\/wp-content\/uploads\/2024\/01\/40-pagina-10-periodico-regional-pasto.jpg\",\"contentUrl\":\"https:\/\/pagina10.com\/web\/wp-content\/uploads\/2024\/01\/40-pagina-10-periodico-regional-pasto.jpg\",\"width\":1280,\"height\":720,\"caption\":\"P\u00e1gina10\"},\"image\":{\"@id\":\"https:\/\/pagina10.com\/web\/#\/schema\/logo\/image\/\"},\"sameAs\":[\"https:\/\/www.facebook.com\/pag10com\",\"https:\/\/x.com\/Pag10com\",\"https:\/\/www.instagram.com\/pagina10col\/\",\"https:\/\/youtube.com\/channel\/pag10\",\"https:\/\/www.tiktok.com\/@p10col\"]},{\"@type\":\"Person\",\"@id\":\"https:\/\/pagina10.com\/web\/#\/schema\/person\/2efc4a090d25b667d3bc796798a3a81b\",\"name\":\"P\u00e1gina 10\",\"description\":\"P\u00e1gina 10 es un peri\u00f3dico regional que nace en Colombia, en el departamento de Nari\u00f1o, con un enfoque global, fundamentado en cuatro pilares esenciales: la libertad, el pluralismo, la inclusi\u00f3n y la independencia. P\u00e1gina 10 hace referencia a Nari\u00f1o como el d\u00e9cimo departamento creado en Colombia, despu\u00e9s de un proceso pol\u00edtico liderado por actores y actrices regionales con el fin de obtener la independencia y autonom\u00eda de nuestros territorios. Con la creaci\u00f3n de P\u00e1gina 10 se pretende abrir un escenario para el dialogo, la reflexi\u00f3n y el debate que se extienda a otras geograf\u00edas de Am\u00e9rica Latina y del planeta, en una apuesta por transformar colectivamente los desaf\u00edos de un mundo contempor\u00e1neo, m\u00e1s all\u00e1 de las fronteras impuestas.\",\"url\":\"https:\/\/pagina10.com\/web\/author\/pdiezadmin\/\"}]}<\/script>\n<!-- \/ Yoast SEO plugin. -->","yoast_head_json":{"title":"En Policarpa destruyeron laboratorio con cinco toneladas de coca | P\u00e1gina10","robots":{"index":"index","follow":"follow","max-snippet":"max-snippet:-1","max-image-preview":"max-image-preview:large","max-video-preview":"max-video-preview:-1"},"canonical":"https:\/\/pagina10.com\/web\/en-policarpa-destruyeron-laboratorio-con-cinco-toneladas-de-coca\/","og_locale":"es_ES","og_type":"article","og_title":"En Policarpa destruyeron laboratorio con cinco toneladas de coca | P\u00e1gina10","og_description":"Tropas del Ej\u00e9rcito Nacional y Fuerza A\u00e9rea en conjunto con funcionarios de la Fiscal\u00eda General de la Naci\u00f3n, arribaron hasta la vereda Negrita Cuchilla del municipio de Policarpa, para desmantelar un laboratorio para el procesamiento de clorhidrato de coca\u00edna que albergaba cerca de cinco toneladas del narc\u00f3tico. Tras una maniobra de asalto a\u00e9reo efectuada por [&hellip;]","og_url":"https:\/\/pagina10.com\/web\/en-policarpa-destruyeron-laboratorio-con-cinco-toneladas-de-coca\/","og_site_name":"P\u00e1gina10","article_publisher":"https:\/\/www.facebook.com\/pag10com","article_published_time":"2022-11-03T19:42:15+00:00","og_image":[{"width":1024,"height":768,"url":"https:\/\/pagina10.com\/web\/wp-content\/uploads\/2022\/11\/WhatsApp-Image-2022-11-02-at-9.11.24-AM.jpeg","type":"image\/jpeg"}],"author":"P\u00e1gina 10","twitter_card":"summary_large_image","twitter_creator":"@Pag10com","twitter_site":"@Pag10com","twitter_misc":{"Escrito por":"P\u00e1gina 10","Tiempo de lectura":"1 minuto"},"schema":{"@context":"https:\/\/schema.org","@graph":[{"@type":"Article","@id":"https:\/\/pagina10.com\/web\/en-policarpa-destruyeron-laboratorio-con-cinco-toneladas-de-coca\/#article","isPartOf":{"@id":"https:\/\/pagina10.com\/web\/en-policarpa-destruyeron-laboratorio-con-cinco-toneladas-de-coca\/"},"author":{"name":"P\u00e1gina 10","@id":"https:\/\/pagina10.com\/web\/#\/schema\/person\/2efc4a090d25b667d3bc796798a3a81b"},"headline":"En Policarpa destruyeron laboratorio con cinco toneladas de coca","datePublished":"2022-11-03T19:42:15+00:00","mainEntityOfPage":{"@id":"https:\/\/pagina10.com\/web\/en-policarpa-destruyeron-laboratorio-con-cinco-toneladas-de-coca\/"},"wordCount":247,"commentCount":0,"publisher":{"@id":"https:\/\/pagina10.com\/web\/#organization"},"image":{"@id":"https:\/\/pagina10.com\/web\/en-policarpa-destruyeron-laboratorio-con-cinco-toneladas-de-coca\/#primaryimage"},"thumbnailUrl":"https:\/\/pagina10.com\/web\/wp-content\/uploads\/2022\/11\/WhatsApp-Image-2022-11-02-at-9.11.24-AM.jpeg","articleSection":["Judicial"],"inLanguage":"es","potentialAction":[{"@type":"CommentAction","name":"Comment","target":["https:\/\/pagina10.com\/web\/en-policarpa-destruyeron-laboratorio-con-cinco-toneladas-de-coca\/#respond"]}]},{"@type":"WebPage","@id":"https:\/\/pagina10.com\/web\/en-policarpa-destruyeron-laboratorio-con-cinco-toneladas-de-coca\/","url":"https:\/\/pagina10.com\/web\/en-policarpa-destruyeron-laboratorio-con-cinco-toneladas-de-coca\/","name":"En Policarpa destruyeron laboratorio con cinco toneladas de coca | P\u00e1gina10","isPartOf":{"@id":"https:\/\/pagina10.com\/web\/#website"},"primaryImageOfPage":{"@id":"https:\/\/pagina10.com\/web\/en-policarpa-destruyeron-laboratorio-con-cinco-toneladas-de-coca\/#primaryimage"},"image":{"@id":"https:\/\/pagina10.com\/web\/en-policarpa-destruyeron-laboratorio-con-cinco-toneladas-de-coca\/#primaryimage"},"thumbnailUrl":"https:\/\/pagina10.com\/web\/wp-content\/uploads\/2022\/11\/WhatsApp-Image-2022-11-02-at-9.11.24-AM.jpeg","datePublished":"2022-11-03T19:42:15+00:00","breadcrumb":{"@id":"https:\/\/pagina10.com\/web\/en-policarpa-destruyeron-laboratorio-con-cinco-toneladas-de-coca\/#breadcrumb"},"inLanguage":"es","potentialAction":[{"@type":"ReadAction","target":["https:\/\/pagina10.com\/web\/en-policarpa-destruyeron-laboratorio-con-cinco-toneladas-de-coca\/"]}]},{"@type":"ImageObject","inLanguage":"es","@id":"https:\/\/pagina10.com\/web\/en-policarpa-destruyeron-laboratorio-con-cinco-toneladas-de-coca\/#primaryimage","url":"https:\/\/pagina10.com\/web\/wp-content\/uploads\/2022\/11\/WhatsApp-Image-2022-11-02-at-9.11.24-AM.jpeg","contentUrl":"https:\/\/pagina10.com\/web\/wp-content\/uploads\/2022\/11\/WhatsApp-Image-2022-11-02-at-9.11.24-AM.jpeg","width":1024,"height":768},{"@type":"BreadcrumbList","@id":"https:\/\/pagina10.com\/web\/en-policarpa-destruyeron-laboratorio-con-cinco-toneladas-de-coca\/#breadcrumb","itemListElement":[{"@type":"ListItem","position":1,"name":"Portada","item":"https:\/\/pagina10.com\/web\/"},{"@type":"ListItem","position":2,"name":"En Policarpa destruyeron laboratorio con cinco toneladas de coca"}]},{"@type":"WebSite","@id":"https:\/\/pagina10.com\/web\/#website","url":"https:\/\/pagina10.com\/web\/","name":"P\u00e1gina10","description":"Peri\u00f3dico Regional","publisher":{"@id":"https:\/\/pagina10.com\/web\/#organization"},"alternateName":"P\u00e1gina10 Peri\u00f3dico Regional","potentialAction":[{"@type":"SearchAction","target":{"@type":"EntryPoint","urlTemplate":"https:\/\/pagina10.com\/web\/?s={search_term_string}"},"query-input":{"@type":"PropertyValueSpecification","valueRequired":true,"valueName":"search_term_string"}}],"inLanguage":"es"},{"@type":"Organization","@id":"https:\/\/pagina10.com\/web\/#organization","name":"P\u00e1gina10","alternateName":"P\u00e1gina10 Peri\u00f3dico Regional","url":"https:\/\/pagina10.com\/web\/","logo":{"@type":"ImageObject","inLanguage":"es","@id":"https:\/\/pagina10.com\/web\/#\/schema\/logo\/image\/","url":"https:\/\/pagina10.com\/web\/wp-content\/uploads\/2024\/01\/40-pagina-10-periodico-regional-pasto.jpg","contentUrl":"https:\/\/pagina10.com\/web\/wp-content\/uploads\/2024\/01\/40-pagina-10-periodico-regional-pasto.jpg","width":1280,"height":720,"caption":"P\u00e1gina10"},"image":{"@id":"https:\/\/pagina10.com\/web\/#\/schema\/logo\/image\/"},"sameAs":["https:\/\/www.facebook.com\/pag10com","https:\/\/x.com\/Pag10com","https:\/\/www.instagram.com\/pagina10col\/","https:\/\/youtube.com\/channel\/pag10","https:\/\/www.tiktok.com\/@p10col"]},{"@type":"Person","@id":"https:\/\/pagina10.com\/web\/#\/schema\/person\/2efc4a090d25b667d3bc796798a3a81b","name":"P\u00e1gina 10","description":"P\u00e1gina 10 es un peri\u00f3dico regional que nace en Colombia, en el departamento de Nari\u00f1o, con un enfoque global, fundamentado en cuatro pilares esenciales: la libertad, el pluralismo, la inclusi\u00f3n y la independencia. P\u00e1gina 10 hace referencia a Nari\u00f1o como el d\u00e9cimo departamento creado en Colombia, despu\u00e9s de un proceso pol\u00edtico liderado por actores y actrices regionales con el fin de obtener la independencia y autonom\u00eda de nuestros territorios. Con la creaci\u00f3n de P\u00e1gina 10 se pretende abrir un escenario para el dialogo, la reflexi\u00f3n y el debate que se extienda a otras geograf\u00edas de Am\u00e9rica Latina y del planeta, en una apuesta por transformar colectivamente los desaf\u00edos de un mundo contempor\u00e1neo, m\u00e1s all\u00e1 de las fronteras impuestas.","url":"https:\/\/pagina10.com\/web\/author\/pdiezadmin\/"}]}},"_links":{"self":[{"href":"https:\/\/pagina10.com\/web\/wp-json\/wp\/v2\/posts\/62608","targetHints":{"allow":["GET"]}}],"collection":[{"href":"https:\/\/pagina10.com\/web\/wp-json\/wp\/v2\/posts"}],"about":[{"href":"https:\/\/pagina10.com\/web\/wp-json\/wp\/v2\/types\/post"}],"author":[{"embeddable":true,"href":"https:\/\/pagina10.com\/web\/wp-json\/wp\/v2\/users\/1"}],"replies":[{"embeddable":true,"href":"https:\/\/pagina10.com\/web\/wp-json\/wp\/v2\/comments?post=62608"}],"version-history":[{"count":1,"href":"https:\/\/pagina10.com\/web\/wp-json\/wp\/v2\/posts\/62608\/revisions"}],"predecessor-version":[{"id":62610,"href":"https:\/\/pagina10.com\/web\/wp-json\/wp\/v2\/posts\/62608\/revisions\/62610"}],"wp:featuredmedia":[{"embeddable":true,"href":"https:\/\/pagina10.com\/web\/wp-json\/wp\/v2\/media\/62609"}],"wp:attachment":[{"href":"https:\/\/pagina10.com\/web\/wp-json\/wp\/v2\/media?parent=62608"}],"wp:term":[{"taxonomy":"category","embeddable":true,"href":"https:\/\/pagina10.com\/web\/wp-json\/wp\/v2\/categories?post=62608"},{"taxonomy":"post_tag","embeddable":true,"href":"https:\/\/pagina10.com\/web\/wp-json\/wp\/v2\/tags?post=62608"}],"curies":[{"name":"wp","href":"https:\/\/api.w.org\/{rel}","templated":true}]}}