{"id":62622,"date":"2022-11-03T19:16:14","date_gmt":"2022-11-04T00:16:14","guid":{"rendered":"https:\/\/pagina10.com\/web\/?p=62622"},"modified":"2022-11-03T19:16:14","modified_gmt":"2022-11-04T00:16:14","slug":"diputado-narinense-se-estrena-como-columnista-en-noticias-rcn","status":"publish","type":"post","link":"https:\/\/pagina10.com\/web\/diputado-narinense-se-estrena-como-columnista-en-noticias-rcn\/","title":{"rendered":"Diputado nari\u00f1ense se estrena como columnista en Noticias RCN"},"content":{"rendered":"<p style=\"text-align: justify;\">Con la columna \u201cLa gran expectativa en Nari\u00f1o por el Gobierno Petro\u201d, el diputado Jes\u00fas Armando Eraso se integr\u00f3 al grupo de opini\u00f3n de la web de noticias RCN. En su redacci\u00f3n el asamble\u00edsta hace menci\u00f3n sobre el gran apoyo brindado al presidente de la Rep\u00fablica por parte de los nari\u00f1enses y las expectativas que tiene la poblaci\u00f3n con relaci\u00f3n al nuevo gobierno.<\/p>\n<p style=\"text-align: justify;\">\u201c(\u2026)En Nari\u00f1o se tiene muchas expectativas en materia de inversi\u00f3n, pues se espera que este gobierno logre materializar la tan anhelada construcci\u00f3n de la doble calzada entre Pasto y Popay\u00e1n, as\u00ed como que se d\u00e9 inicio real a la construcci\u00f3n de la variante entre San Francisco y Mocoa y se culmine de manera exitosa la doble calzada entre Pasto y Rumichaca.<\/p>\n<p style=\"text-align: justify;\">Adem\u00e1s de las v\u00edas nacionales, Nari\u00f1o presenta un alto deficit en materia de v\u00edas terciarias y secundarias, hoy destruidas por la ola invernal y que han impedido el progreso del agro de nuestra tierra (\u2026)\u201d, se\u00f1ala un aparte de la columna.<\/p>\n","protected":false},"excerpt":{"rendered":"<p>Con la columna \u201cLa gran expectativa en Nari\u00f1o por el Gobierno Petro\u201d, el diputado Jes\u00fas Armando Eraso se integr\u00f3 al grupo de opini\u00f3n de la web de noticias RCN. En su redacci\u00f3n el asamble\u00edsta hace menci\u00f3n sobre el gran apoyo brindado al presidente de la Rep\u00fablica por parte de los nari\u00f1enses y las expectativas que [&hellip;]<\/p>\n","protected":false},"author":1,"featured_media":62623,"comment_status":"open","ping_status":"open","sticky":false,"template":"","format":"standard","meta":{"footnotes":""},"categories":[94],"tags":[],"class_list":["post-62622","post","type-post","status-publish","format-standard","has-post-thumbnail","hentry","category-nacional-global-2"],"yoast_head":"<!-- This site is optimized with the Yoast SEO plugin v27.1.1 - https:\/\/yoast.com\/product\/yoast-seo-wordpress\/ -->\n<title>Diputado nari\u00f1ense se estrena como columnista en Noticias RCN | P\u00e1gina10<\/title>\n<meta name=\"robots\" content=\"index, follow, max-snippet:-1, max-image-preview:large, max-video-preview:-1\" \/>\n<link rel=\"canonical\" href=\"https:\/\/pagina10.com\/web\/diputado-narinense-se-estrena-como-columnista-en-noticias-rcn\/\" \/>\n<meta property=\"og:locale\" content=\"es_ES\" \/>\n<meta property=\"og:type\" content=\"article\" \/>\n<meta property=\"og:title\" content=\"Diputado nari\u00f1ense se estrena como columnista en Noticias RCN | P\u00e1gina10\" \/>\n<meta property=\"og:description\" content=\"Con la columna \u201cLa gran expectativa en Nari\u00f1o por el Gobierno Petro\u201d, el diputado Jes\u00fas Armando Eraso se integr\u00f3 al grupo de opini\u00f3n de la web de noticias RCN. En su redacci\u00f3n el asamble\u00edsta hace menci\u00f3n sobre el gran apoyo brindado al presidente de la Rep\u00fablica por parte de los nari\u00f1enses y las expectativas que [&hellip;]\" \/>\n<meta property=\"og:url\" content=\"https:\/\/pagina10.com\/web\/diputado-narinense-se-estrena-como-columnista-en-noticias-rcn\/\" \/>\n<meta property=\"og:site_name\" content=\"P\u00e1gina10\" \/>\n<meta property=\"article:publisher\" content=\"https:\/\/www.facebook.com\/pag10com\" \/>\n<meta property=\"article:published_time\" content=\"2022-11-04T00:16:14+00:00\" \/>\n<meta property=\"og:image\" content=\"https:\/\/pagina10.com\/web\/wp-content\/uploads\/2022\/11\/314197307_557486729716167_32822227830915543_n-e1667520969801.jpg\" \/>\n\t<meta property=\"og:image:width\" content=\"1439\" \/>\n\t<meta property=\"og:image:height\" content=\"763\" \/>\n\t<meta property=\"og:image:type\" content=\"image\/jpeg\" \/>\n<meta name=\"author\" content=\"P\u00e1gina 10\" \/>\n<meta name=\"twitter:card\" content=\"summary_large_image\" \/>\n<meta name=\"twitter:creator\" content=\"@Pag10com\" \/>\n<meta name=\"twitter:site\" content=\"@Pag10com\" \/>\n<meta name=\"twitter:label1\" content=\"Escrito por\" \/>\n\t<meta name=\"twitter:data1\" content=\"P\u00e1gina 10\" \/>\n\t<meta name=\"twitter:label2\" content=\"Tiempo de lectura\" \/>\n\t<meta name=\"twitter:data2\" content=\"1 minuto\" \/>\n<script type=\"application\/ld+json\" class=\"yoast-schema-graph\">{\"@context\":\"https:\/\/schema.org\",\"@graph\":[{\"@type\":\"Article\",\"@id\":\"https:\/\/pagina10.com\/web\/diputado-narinense-se-estrena-como-columnista-en-noticias-rcn\/#article\",\"isPartOf\":{\"@id\":\"https:\/\/pagina10.com\/web\/diputado-narinense-se-estrena-como-columnista-en-noticias-rcn\/\"},\"author\":{\"name\":\"P\u00e1gina 10\",\"@id\":\"https:\/\/pagina10.com\/web\/#\/schema\/person\/2efc4a090d25b667d3bc796798a3a81b\"},\"headline\":\"Diputado nari\u00f1ense se estrena como columnista en Noticias RCN\",\"datePublished\":\"2022-11-04T00:16:14+00:00\",\"mainEntityOfPage\":{\"@id\":\"https:\/\/pagina10.com\/web\/diputado-narinense-se-estrena-como-columnista-en-noticias-rcn\/\"},\"wordCount\":194,\"commentCount\":0,\"publisher\":{\"@id\":\"https:\/\/pagina10.com\/web\/#organization\"},\"image\":{\"@id\":\"https:\/\/pagina10.com\/web\/diputado-narinense-se-estrena-como-columnista-en-noticias-rcn\/#primaryimage\"},\"thumbnailUrl\":\"https:\/\/pagina10.com\/web\/wp-content\/uploads\/2022\/11\/314197307_557486729716167_32822227830915543_n-e1667520969801.jpg\",\"articleSection\":[\"Nacional\"],\"inLanguage\":\"es\",\"potentialAction\":[{\"@type\":\"CommentAction\",\"name\":\"Comment\",\"target\":[\"https:\/\/pagina10.com\/web\/diputado-narinense-se-estrena-como-columnista-en-noticias-rcn\/#respond\"]}]},{\"@type\":\"WebPage\",\"@id\":\"https:\/\/pagina10.com\/web\/diputado-narinense-se-estrena-como-columnista-en-noticias-rcn\/\",\"url\":\"https:\/\/pagina10.com\/web\/diputado-narinense-se-estrena-como-columnista-en-noticias-rcn\/\",\"name\":\"Diputado nari\u00f1ense se estrena como columnista en Noticias RCN | P\u00e1gina10\",\"isPartOf\":{\"@id\":\"https:\/\/pagina10.com\/web\/#website\"},\"primaryImageOfPage\":{\"@id\":\"https:\/\/pagina10.com\/web\/diputado-narinense-se-estrena-como-columnista-en-noticias-rcn\/#primaryimage\"},\"image\":{\"@id\":\"https:\/\/pagina10.com\/web\/diputado-narinense-se-estrena-como-columnista-en-noticias-rcn\/#primaryimage\"},\"thumbnailUrl\":\"https:\/\/pagina10.com\/web\/wp-content\/uploads\/2022\/11\/314197307_557486729716167_32822227830915543_n-e1667520969801.jpg\",\"datePublished\":\"2022-11-04T00:16:14+00:00\",\"breadcrumb\":{\"@id\":\"https:\/\/pagina10.com\/web\/diputado-narinense-se-estrena-como-columnista-en-noticias-rcn\/#breadcrumb\"},\"inLanguage\":\"es\",\"potentialAction\":[{\"@type\":\"ReadAction\",\"target\":[\"https:\/\/pagina10.com\/web\/diputado-narinense-se-estrena-como-columnista-en-noticias-rcn\/\"]}]},{\"@type\":\"ImageObject\",\"inLanguage\":\"es\",\"@id\":\"https:\/\/pagina10.com\/web\/diputado-narinense-se-estrena-como-columnista-en-noticias-rcn\/#primaryimage\",\"url\":\"https:\/\/pagina10.com\/web\/wp-content\/uploads\/2022\/11\/314197307_557486729716167_32822227830915543_n-e1667520969801.jpg\",\"contentUrl\":\"https:\/\/pagina10.com\/web\/wp-content\/uploads\/2022\/11\/314197307_557486729716167_32822227830915543_n-e1667520969801.jpg\",\"width\":1439,\"height\":763},{\"@type\":\"BreadcrumbList\",\"@id\":\"https:\/\/pagina10.com\/web\/diputado-narinense-se-estrena-como-columnista-en-noticias-rcn\/#breadcrumb\",\"itemListElement\":[{\"@type\":\"ListItem\",\"position\":1,\"name\":\"Portada\",\"item\":\"https:\/\/pagina10.com\/web\/\"},{\"@type\":\"ListItem\",\"position\":2,\"name\":\"Diputado nari\u00f1ense se estrena como columnista en Noticias RCN\"}]},{\"@type\":\"WebSite\",\"@id\":\"https:\/\/pagina10.com\/web\/#website\",\"url\":\"https:\/\/pagina10.com\/web\/\",\"name\":\"P\u00e1gina10\",\"description\":\"Peri\u00f3dico Regional\",\"publisher\":{\"@id\":\"https:\/\/pagina10.com\/web\/#organization\"},\"alternateName\":\"P\u00e1gina10 Peri\u00f3dico Regional\",\"potentialAction\":[{\"@type\":\"SearchAction\",\"target\":{\"@type\":\"EntryPoint\",\"urlTemplate\":\"https:\/\/pagina10.com\/web\/?s={search_term_string}\"},\"query-input\":{\"@type\":\"PropertyValueSpecification\",\"valueRequired\":true,\"valueName\":\"search_term_string\"}}],\"inLanguage\":\"es\"},{\"@type\":\"Organization\",\"@id\":\"https:\/\/pagina10.com\/web\/#organization\",\"name\":\"P\u00e1gina10\",\"alternateName\":\"P\u00e1gina10 Peri\u00f3dico Regional\",\"url\":\"https:\/\/pagina10.com\/web\/\",\"logo\":{\"@type\":\"ImageObject\",\"inLanguage\":\"es\",\"@id\":\"https:\/\/pagina10.com\/web\/#\/schema\/logo\/image\/\",\"url\":\"https:\/\/pagina10.com\/web\/wp-content\/uploads\/2024\/01\/40-pagina-10-periodico-regional-pasto.jpg\",\"contentUrl\":\"https:\/\/pagina10.com\/web\/wp-content\/uploads\/2024\/01\/40-pagina-10-periodico-regional-pasto.jpg\",\"width\":1280,\"height\":720,\"caption\":\"P\u00e1gina10\"},\"image\":{\"@id\":\"https:\/\/pagina10.com\/web\/#\/schema\/logo\/image\/\"},\"sameAs\":[\"https:\/\/www.facebook.com\/pag10com\",\"https:\/\/x.com\/Pag10com\",\"https:\/\/www.instagram.com\/pagina10col\/\",\"https:\/\/youtube.com\/channel\/pag10\",\"https:\/\/www.tiktok.com\/@p10col\"]},{\"@type\":\"Person\",\"@id\":\"https:\/\/pagina10.com\/web\/#\/schema\/person\/2efc4a090d25b667d3bc796798a3a81b\",\"name\":\"P\u00e1gina 10\",\"description\":\"P\u00e1gina 10 es un peri\u00f3dico regional que nace en Colombia, en el departamento de Nari\u00f1o, con un enfoque global, fundamentado en cuatro pilares esenciales: la libertad, el pluralismo, la inclusi\u00f3n y la independencia. P\u00e1gina 10 hace referencia a Nari\u00f1o como el d\u00e9cimo departamento creado en Colombia, despu\u00e9s de un proceso pol\u00edtico liderado por actores y actrices regionales con el fin de obtener la independencia y autonom\u00eda de nuestros territorios. Con la creaci\u00f3n de P\u00e1gina 10 se pretende abrir un escenario para el dialogo, la reflexi\u00f3n y el debate que se extienda a otras geograf\u00edas de Am\u00e9rica Latina y del planeta, en una apuesta por transformar colectivamente los desaf\u00edos de un mundo contempor\u00e1neo, m\u00e1s all\u00e1 de las fronteras impuestas.\",\"url\":\"https:\/\/pagina10.com\/web\/author\/pdiezadmin\/\"}]}<\/script>\n<!-- \/ Yoast SEO plugin. -->","yoast_head_json":{"title":"Diputado nari\u00f1ense se estrena como columnista en Noticias RCN | P\u00e1gina10","robots":{"index":"index","follow":"follow","max-snippet":"max-snippet:-1","max-image-preview":"max-image-preview:large","max-video-preview":"max-video-preview:-1"},"canonical":"https:\/\/pagina10.com\/web\/diputado-narinense-se-estrena-como-columnista-en-noticias-rcn\/","og_locale":"es_ES","og_type":"article","og_title":"Diputado nari\u00f1ense se estrena como columnista en Noticias RCN | P\u00e1gina10","og_description":"Con la columna \u201cLa gran expectativa en Nari\u00f1o por el Gobierno Petro\u201d, el diputado Jes\u00fas Armando Eraso se integr\u00f3 al grupo de opini\u00f3n de la web de noticias RCN. En su redacci\u00f3n el asamble\u00edsta hace menci\u00f3n sobre el gran apoyo brindado al presidente de la Rep\u00fablica por parte de los nari\u00f1enses y las expectativas que [&hellip;]","og_url":"https:\/\/pagina10.com\/web\/diputado-narinense-se-estrena-como-columnista-en-noticias-rcn\/","og_site_name":"P\u00e1gina10","article_publisher":"https:\/\/www.facebook.com\/pag10com","article_published_time":"2022-11-04T00:16:14+00:00","og_image":[{"width":1439,"height":763,"url":"https:\/\/pagina10.com\/web\/wp-content\/uploads\/2022\/11\/314197307_557486729716167_32822227830915543_n-e1667520969801.jpg","type":"image\/jpeg"}],"author":"P\u00e1gina 10","twitter_card":"summary_large_image","twitter_creator":"@Pag10com","twitter_site":"@Pag10com","twitter_misc":{"Escrito por":"P\u00e1gina 10","Tiempo de lectura":"1 minuto"},"schema":{"@context":"https:\/\/schema.org","@graph":[{"@type":"Article","@id":"https:\/\/pagina10.com\/web\/diputado-narinense-se-estrena-como-columnista-en-noticias-rcn\/#article","isPartOf":{"@id":"https:\/\/pagina10.com\/web\/diputado-narinense-se-estrena-como-columnista-en-noticias-rcn\/"},"author":{"name":"P\u00e1gina 10","@id":"https:\/\/pagina10.com\/web\/#\/schema\/person\/2efc4a090d25b667d3bc796798a3a81b"},"headline":"Diputado nari\u00f1ense se estrena como columnista en Noticias RCN","datePublished":"2022-11-04T00:16:14+00:00","mainEntityOfPage":{"@id":"https:\/\/pagina10.com\/web\/diputado-narinense-se-estrena-como-columnista-en-noticias-rcn\/"},"wordCount":194,"commentCount":0,"publisher":{"@id":"https:\/\/pagina10.com\/web\/#organization"},"image":{"@id":"https:\/\/pagina10.com\/web\/diputado-narinense-se-estrena-como-columnista-en-noticias-rcn\/#primaryimage"},"thumbnailUrl":"https:\/\/pagina10.com\/web\/wp-content\/uploads\/2022\/11\/314197307_557486729716167_32822227830915543_n-e1667520969801.jpg","articleSection":["Nacional"],"inLanguage":"es","potentialAction":[{"@type":"CommentAction","name":"Comment","target":["https:\/\/pagina10.com\/web\/diputado-narinense-se-estrena-como-columnista-en-noticias-rcn\/#respond"]}]},{"@type":"WebPage","@id":"https:\/\/pagina10.com\/web\/diputado-narinense-se-estrena-como-columnista-en-noticias-rcn\/","url":"https:\/\/pagina10.com\/web\/diputado-narinense-se-estrena-como-columnista-en-noticias-rcn\/","name":"Diputado nari\u00f1ense se estrena como columnista en Noticias RCN | P\u00e1gina10","isPartOf":{"@id":"https:\/\/pagina10.com\/web\/#website"},"primaryImageOfPage":{"@id":"https:\/\/pagina10.com\/web\/diputado-narinense-se-estrena-como-columnista-en-noticias-rcn\/#primaryimage"},"image":{"@id":"https:\/\/pagina10.com\/web\/diputado-narinense-se-estrena-como-columnista-en-noticias-rcn\/#primaryimage"},"thumbnailUrl":"https:\/\/pagina10.com\/web\/wp-content\/uploads\/2022\/11\/314197307_557486729716167_32822227830915543_n-e1667520969801.jpg","datePublished":"2022-11-04T00:16:14+00:00","breadcrumb":{"@id":"https:\/\/pagina10.com\/web\/diputado-narinense-se-estrena-como-columnista-en-noticias-rcn\/#breadcrumb"},"inLanguage":"es","potentialAction":[{"@type":"ReadAction","target":["https:\/\/pagina10.com\/web\/diputado-narinense-se-estrena-como-columnista-en-noticias-rcn\/"]}]},{"@type":"ImageObject","inLanguage":"es","@id":"https:\/\/pagina10.com\/web\/diputado-narinense-se-estrena-como-columnista-en-noticias-rcn\/#primaryimage","url":"https:\/\/pagina10.com\/web\/wp-content\/uploads\/2022\/11\/314197307_557486729716167_32822227830915543_n-e1667520969801.jpg","contentUrl":"https:\/\/pagina10.com\/web\/wp-content\/uploads\/2022\/11\/314197307_557486729716167_32822227830915543_n-e1667520969801.jpg","width":1439,"height":763},{"@type":"BreadcrumbList","@id":"https:\/\/pagina10.com\/web\/diputado-narinense-se-estrena-como-columnista-en-noticias-rcn\/#breadcrumb","itemListElement":[{"@type":"ListItem","position":1,"name":"Portada","item":"https:\/\/pagina10.com\/web\/"},{"@type":"ListItem","position":2,"name":"Diputado nari\u00f1ense se estrena como columnista en Noticias RCN"}]},{"@type":"WebSite","@id":"https:\/\/pagina10.com\/web\/#website","url":"https:\/\/pagina10.com\/web\/","name":"P\u00e1gina10","description":"Peri\u00f3dico Regional","publisher":{"@id":"https:\/\/pagina10.com\/web\/#organization"},"alternateName":"P\u00e1gina10 Peri\u00f3dico Regional","potentialAction":[{"@type":"SearchAction","target":{"@type":"EntryPoint","urlTemplate":"https:\/\/pagina10.com\/web\/?s={search_term_string}"},"query-input":{"@type":"PropertyValueSpecification","valueRequired":true,"valueName":"search_term_string"}}],"inLanguage":"es"},{"@type":"Organization","@id":"https:\/\/pagina10.com\/web\/#organization","name":"P\u00e1gina10","alternateName":"P\u00e1gina10 Peri\u00f3dico Regional","url":"https:\/\/pagina10.com\/web\/","logo":{"@type":"ImageObject","inLanguage":"es","@id":"https:\/\/pagina10.com\/web\/#\/schema\/logo\/image\/","url":"https:\/\/pagina10.com\/web\/wp-content\/uploads\/2024\/01\/40-pagina-10-periodico-regional-pasto.jpg","contentUrl":"https:\/\/pagina10.com\/web\/wp-content\/uploads\/2024\/01\/40-pagina-10-periodico-regional-pasto.jpg","width":1280,"height":720,"caption":"P\u00e1gina10"},"image":{"@id":"https:\/\/pagina10.com\/web\/#\/schema\/logo\/image\/"},"sameAs":["https:\/\/www.facebook.com\/pag10com","https:\/\/x.com\/Pag10com","https:\/\/www.instagram.com\/pagina10col\/","https:\/\/youtube.com\/channel\/pag10","https:\/\/www.tiktok.com\/@p10col"]},{"@type":"Person","@id":"https:\/\/pagina10.com\/web\/#\/schema\/person\/2efc4a090d25b667d3bc796798a3a81b","name":"P\u00e1gina 10","description":"P\u00e1gina 10 es un peri\u00f3dico regional que nace en Colombia, en el departamento de Nari\u00f1o, con un enfoque global, fundamentado en cuatro pilares esenciales: la libertad, el pluralismo, la inclusi\u00f3n y la independencia. P\u00e1gina 10 hace referencia a Nari\u00f1o como el d\u00e9cimo departamento creado en Colombia, despu\u00e9s de un proceso pol\u00edtico liderado por actores y actrices regionales con el fin de obtener la independencia y autonom\u00eda de nuestros territorios. Con la creaci\u00f3n de P\u00e1gina 10 se pretende abrir un escenario para el dialogo, la reflexi\u00f3n y el debate que se extienda a otras geograf\u00edas de Am\u00e9rica Latina y del planeta, en una apuesta por transformar colectivamente los desaf\u00edos de un mundo contempor\u00e1neo, m\u00e1s all\u00e1 de las fronteras impuestas.","url":"https:\/\/pagina10.com\/web\/author\/pdiezadmin\/"}]}},"_links":{"self":[{"href":"https:\/\/pagina10.com\/web\/wp-json\/wp\/v2\/posts\/62622","targetHints":{"allow":["GET"]}}],"collection":[{"href":"https:\/\/pagina10.com\/web\/wp-json\/wp\/v2\/posts"}],"about":[{"href":"https:\/\/pagina10.com\/web\/wp-json\/wp\/v2\/types\/post"}],"author":[{"embeddable":true,"href":"https:\/\/pagina10.com\/web\/wp-json\/wp\/v2\/users\/1"}],"replies":[{"embeddable":true,"href":"https:\/\/pagina10.com\/web\/wp-json\/wp\/v2\/comments?post=62622"}],"version-history":[{"count":1,"href":"https:\/\/pagina10.com\/web\/wp-json\/wp\/v2\/posts\/62622\/revisions"}],"predecessor-version":[{"id":62624,"href":"https:\/\/pagina10.com\/web\/wp-json\/wp\/v2\/posts\/62622\/revisions\/62624"}],"wp:featuredmedia":[{"embeddable":true,"href":"https:\/\/pagina10.com\/web\/wp-json\/wp\/v2\/media\/62623"}],"wp:attachment":[{"href":"https:\/\/pagina10.com\/web\/wp-json\/wp\/v2\/media?parent=62622"}],"wp:term":[{"taxonomy":"category","embeddable":true,"href":"https:\/\/pagina10.com\/web\/wp-json\/wp\/v2\/categories?post=62622"},{"taxonomy":"post_tag","embeddable":true,"href":"https:\/\/pagina10.com\/web\/wp-json\/wp\/v2\/tags?post=62622"}],"curies":[{"name":"wp","href":"https:\/\/api.w.org\/{rel}","templated":true}]}}