{"id":62628,"date":"2022-11-04T08:22:25","date_gmt":"2022-11-04T13:22:25","guid":{"rendered":"https:\/\/pagina10.com\/web\/?p=62628"},"modified":"2022-11-04T08:22:25","modified_gmt":"2022-11-04T13:22:25","slug":"indigenas-y-campesinos-retuvieron-a-36-soldados-en-zona-rural-de-tumaco","status":"publish","type":"post","link":"https:\/\/pagina10.com\/web\/indigenas-y-campesinos-retuvieron-a-36-soldados-en-zona-rural-de-tumaco\/","title":{"rendered":"Ind\u00edgenas y campesinos retuvieron a 36 soldados en zona rural de Tumaco"},"content":{"rendered":"<p>El secretario de Gobierno de Nari\u00f1o, Juan Pablo Llanos, confirm\u00f3 que la retenci\u00f3n de un grupo de 36 soldados pertenecientes a las unidades Fudra 2 y Bagra 5 ocurri\u00f3 luego de la captura de dos personas que portaban, presuntamente, prendas de vestir de uno privativo de la Fuerza P\u00fablica.<\/p>\n<p>Seg\u00fan fuentes militares, los hechos ocurrieron en la vereda Restrepo de Tumaco. Especificaron que los militares estuvieron m\u00e1s de 24 horas retenidos \u201csin alimentos e incomunicados, ya que les quitaron los radios y celulares\u201d. Una comisi\u00f3n con integrantes de la Defensor\u00eda del Pueblo dialogaba con la comunidad, hasta el cierre de esta nota, para lograr su liberaci\u00f3n.<\/p>\n<p>Se conoci\u00f3 por parte de la comunidad que la retenci\u00f3n de los uniformados se dio luego de la captura de dos personas que fueron abordadas en un puesto de control. Dentro del veh\u00edculo, les habr\u00edan hallado tres camuflados. Sin embargo, la poblaci\u00f3n no tiene certeza si estas prendas de vestir las llevaban los capturados o fueron puestas all\u00ed por los militares.<\/p>\n","protected":false},"excerpt":{"rendered":"<p>El secretario de Gobierno de Nari\u00f1o, Juan Pablo Llanos, confirm\u00f3 que la retenci\u00f3n de un grupo de 36 soldados pertenecientes a las unidades Fudra 2 y Bagra 5 ocurri\u00f3 luego de la captura de dos personas que portaban, presuntamente, prendas de vestir de uno privativo de la Fuerza P\u00fablica. Seg\u00fan fuentes militares, los hechos ocurrieron [&hellip;]<\/p>\n","protected":false},"author":1,"featured_media":62629,"comment_status":"open","ping_status":"open","sticky":false,"template":"","format":"standard","meta":{"footnotes":""},"categories":[61],"tags":[],"class_list":["post-62628","post","type-post","status-publish","format-standard","has-post-thumbnail","hentry","category-judicial"],"yoast_head":"<!-- This site is optimized with the Yoast SEO plugin v27.1.1 - https:\/\/yoast.com\/product\/yoast-seo-wordpress\/ -->\n<title>Ind\u00edgenas y campesinos retuvieron a 36 soldados en zona rural de Tumaco | P\u00e1gina10<\/title>\n<meta name=\"robots\" content=\"index, follow, max-snippet:-1, max-image-preview:large, max-video-preview:-1\" \/>\n<link rel=\"canonical\" href=\"https:\/\/pagina10.com\/web\/indigenas-y-campesinos-retuvieron-a-36-soldados-en-zona-rural-de-tumaco\/\" \/>\n<meta property=\"og:locale\" content=\"es_ES\" \/>\n<meta property=\"og:type\" content=\"article\" \/>\n<meta property=\"og:title\" content=\"Ind\u00edgenas y campesinos retuvieron a 36 soldados en zona rural de Tumaco | P\u00e1gina10\" \/>\n<meta property=\"og:description\" content=\"El secretario de Gobierno de Nari\u00f1o, Juan Pablo Llanos, confirm\u00f3 que la retenci\u00f3n de un grupo de 36 soldados pertenecientes a las unidades Fudra 2 y Bagra 5 ocurri\u00f3 luego de la captura de dos personas que portaban, presuntamente, prendas de vestir de uno privativo de la Fuerza P\u00fablica. Seg\u00fan fuentes militares, los hechos ocurrieron [&hellip;]\" \/>\n<meta property=\"og:url\" content=\"https:\/\/pagina10.com\/web\/indigenas-y-campesinos-retuvieron-a-36-soldados-en-zona-rural-de-tumaco\/\" \/>\n<meta property=\"og:site_name\" content=\"P\u00e1gina10\" \/>\n<meta property=\"article:publisher\" content=\"https:\/\/www.facebook.com\/pag10com\" \/>\n<meta property=\"article:published_time\" content=\"2022-11-04T13:22:25+00:00\" \/>\n<meta property=\"og:image\" content=\"https:\/\/pagina10.com\/web\/wp-content\/uploads\/2022\/11\/whatsapp-image-2022-11-03-at-16-02-07_40997320_20221103160651.jpg\" \/>\n\t<meta property=\"og:image:width\" content=\"780\" \/>\n\t<meta property=\"og:image:height\" content=\"565\" \/>\n\t<meta property=\"og:image:type\" content=\"image\/jpeg\" \/>\n<meta name=\"author\" content=\"P\u00e1gina 10\" \/>\n<meta name=\"twitter:card\" content=\"summary_large_image\" \/>\n<meta name=\"twitter:creator\" content=\"@Pag10com\" \/>\n<meta name=\"twitter:site\" content=\"@Pag10com\" \/>\n<meta name=\"twitter:label1\" content=\"Escrito por\" \/>\n\t<meta name=\"twitter:data1\" content=\"P\u00e1gina 10\" \/>\n\t<meta name=\"twitter:label2\" content=\"Tiempo de lectura\" \/>\n\t<meta name=\"twitter:data2\" content=\"1 minuto\" \/>\n<script type=\"application\/ld+json\" class=\"yoast-schema-graph\">{\"@context\":\"https:\/\/schema.org\",\"@graph\":[{\"@type\":\"Article\",\"@id\":\"https:\/\/pagina10.com\/web\/indigenas-y-campesinos-retuvieron-a-36-soldados-en-zona-rural-de-tumaco\/#article\",\"isPartOf\":{\"@id\":\"https:\/\/pagina10.com\/web\/indigenas-y-campesinos-retuvieron-a-36-soldados-en-zona-rural-de-tumaco\/\"},\"author\":{\"name\":\"P\u00e1gina 10\",\"@id\":\"https:\/\/pagina10.com\/web\/#\/schema\/person\/2efc4a090d25b667d3bc796798a3a81b\"},\"headline\":\"Ind\u00edgenas y campesinos retuvieron a 36 soldados en zona rural de Tumaco\",\"datePublished\":\"2022-11-04T13:22:25+00:00\",\"mainEntityOfPage\":{\"@id\":\"https:\/\/pagina10.com\/web\/indigenas-y-campesinos-retuvieron-a-36-soldados-en-zona-rural-de-tumaco\/\"},\"wordCount\":187,\"commentCount\":0,\"publisher\":{\"@id\":\"https:\/\/pagina10.com\/web\/#organization\"},\"image\":{\"@id\":\"https:\/\/pagina10.com\/web\/indigenas-y-campesinos-retuvieron-a-36-soldados-en-zona-rural-de-tumaco\/#primaryimage\"},\"thumbnailUrl\":\"https:\/\/pagina10.com\/web\/wp-content\/uploads\/2022\/11\/whatsapp-image-2022-11-03-at-16-02-07_40997320_20221103160651.jpg\",\"articleSection\":[\"Judicial\"],\"inLanguage\":\"es\",\"potentialAction\":[{\"@type\":\"CommentAction\",\"name\":\"Comment\",\"target\":[\"https:\/\/pagina10.com\/web\/indigenas-y-campesinos-retuvieron-a-36-soldados-en-zona-rural-de-tumaco\/#respond\"]}]},{\"@type\":\"WebPage\",\"@id\":\"https:\/\/pagina10.com\/web\/indigenas-y-campesinos-retuvieron-a-36-soldados-en-zona-rural-de-tumaco\/\",\"url\":\"https:\/\/pagina10.com\/web\/indigenas-y-campesinos-retuvieron-a-36-soldados-en-zona-rural-de-tumaco\/\",\"name\":\"Ind\u00edgenas y campesinos retuvieron a 36 soldados en zona rural de Tumaco | P\u00e1gina10\",\"isPartOf\":{\"@id\":\"https:\/\/pagina10.com\/web\/#website\"},\"primaryImageOfPage\":{\"@id\":\"https:\/\/pagina10.com\/web\/indigenas-y-campesinos-retuvieron-a-36-soldados-en-zona-rural-de-tumaco\/#primaryimage\"},\"image\":{\"@id\":\"https:\/\/pagina10.com\/web\/indigenas-y-campesinos-retuvieron-a-36-soldados-en-zona-rural-de-tumaco\/#primaryimage\"},\"thumbnailUrl\":\"https:\/\/pagina10.com\/web\/wp-content\/uploads\/2022\/11\/whatsapp-image-2022-11-03-at-16-02-07_40997320_20221103160651.jpg\",\"datePublished\":\"2022-11-04T13:22:25+00:00\",\"breadcrumb\":{\"@id\":\"https:\/\/pagina10.com\/web\/indigenas-y-campesinos-retuvieron-a-36-soldados-en-zona-rural-de-tumaco\/#breadcrumb\"},\"inLanguage\":\"es\",\"potentialAction\":[{\"@type\":\"ReadAction\",\"target\":[\"https:\/\/pagina10.com\/web\/indigenas-y-campesinos-retuvieron-a-36-soldados-en-zona-rural-de-tumaco\/\"]}]},{\"@type\":\"ImageObject\",\"inLanguage\":\"es\",\"@id\":\"https:\/\/pagina10.com\/web\/indigenas-y-campesinos-retuvieron-a-36-soldados-en-zona-rural-de-tumaco\/#primaryimage\",\"url\":\"https:\/\/pagina10.com\/web\/wp-content\/uploads\/2022\/11\/whatsapp-image-2022-11-03-at-16-02-07_40997320_20221103160651.jpg\",\"contentUrl\":\"https:\/\/pagina10.com\/web\/wp-content\/uploads\/2022\/11\/whatsapp-image-2022-11-03-at-16-02-07_40997320_20221103160651.jpg\",\"width\":780,\"height\":565},{\"@type\":\"BreadcrumbList\",\"@id\":\"https:\/\/pagina10.com\/web\/indigenas-y-campesinos-retuvieron-a-36-soldados-en-zona-rural-de-tumaco\/#breadcrumb\",\"itemListElement\":[{\"@type\":\"ListItem\",\"position\":1,\"name\":\"Portada\",\"item\":\"https:\/\/pagina10.com\/web\/\"},{\"@type\":\"ListItem\",\"position\":2,\"name\":\"Ind\u00edgenas y campesinos retuvieron a 36 soldados en zona rural de Tumaco\"}]},{\"@type\":\"WebSite\",\"@id\":\"https:\/\/pagina10.com\/web\/#website\",\"url\":\"https:\/\/pagina10.com\/web\/\",\"name\":\"P\u00e1gina10\",\"description\":\"Peri\u00f3dico Regional\",\"publisher\":{\"@id\":\"https:\/\/pagina10.com\/web\/#organization\"},\"alternateName\":\"P\u00e1gina10 Peri\u00f3dico Regional\",\"potentialAction\":[{\"@type\":\"SearchAction\",\"target\":{\"@type\":\"EntryPoint\",\"urlTemplate\":\"https:\/\/pagina10.com\/web\/?s={search_term_string}\"},\"query-input\":{\"@type\":\"PropertyValueSpecification\",\"valueRequired\":true,\"valueName\":\"search_term_string\"}}],\"inLanguage\":\"es\"},{\"@type\":\"Organization\",\"@id\":\"https:\/\/pagina10.com\/web\/#organization\",\"name\":\"P\u00e1gina10\",\"alternateName\":\"P\u00e1gina10 Peri\u00f3dico Regional\",\"url\":\"https:\/\/pagina10.com\/web\/\",\"logo\":{\"@type\":\"ImageObject\",\"inLanguage\":\"es\",\"@id\":\"https:\/\/pagina10.com\/web\/#\/schema\/logo\/image\/\",\"url\":\"https:\/\/pagina10.com\/web\/wp-content\/uploads\/2024\/01\/40-pagina-10-periodico-regional-pasto.jpg\",\"contentUrl\":\"https:\/\/pagina10.com\/web\/wp-content\/uploads\/2024\/01\/40-pagina-10-periodico-regional-pasto.jpg\",\"width\":1280,\"height\":720,\"caption\":\"P\u00e1gina10\"},\"image\":{\"@id\":\"https:\/\/pagina10.com\/web\/#\/schema\/logo\/image\/\"},\"sameAs\":[\"https:\/\/www.facebook.com\/pag10com\",\"https:\/\/x.com\/Pag10com\",\"https:\/\/www.instagram.com\/pagina10col\/\",\"https:\/\/youtube.com\/channel\/pag10\",\"https:\/\/www.tiktok.com\/@p10col\"]},{\"@type\":\"Person\",\"@id\":\"https:\/\/pagina10.com\/web\/#\/schema\/person\/2efc4a090d25b667d3bc796798a3a81b\",\"name\":\"P\u00e1gina 10\",\"description\":\"P\u00e1gina 10 es un peri\u00f3dico regional que nace en Colombia, en el departamento de Nari\u00f1o, con un enfoque global, fundamentado en cuatro pilares esenciales: la libertad, el pluralismo, la inclusi\u00f3n y la independencia. P\u00e1gina 10 hace referencia a Nari\u00f1o como el d\u00e9cimo departamento creado en Colombia, despu\u00e9s de un proceso pol\u00edtico liderado por actores y actrices regionales con el fin de obtener la independencia y autonom\u00eda de nuestros territorios. Con la creaci\u00f3n de P\u00e1gina 10 se pretende abrir un escenario para el dialogo, la reflexi\u00f3n y el debate que se extienda a otras geograf\u00edas de Am\u00e9rica Latina y del planeta, en una apuesta por transformar colectivamente los desaf\u00edos de un mundo contempor\u00e1neo, m\u00e1s all\u00e1 de las fronteras impuestas.\",\"url\":\"https:\/\/pagina10.com\/web\/author\/pdiezadmin\/\"}]}<\/script>\n<!-- \/ Yoast SEO plugin. -->","yoast_head_json":{"title":"Ind\u00edgenas y campesinos retuvieron a 36 soldados en zona rural de Tumaco | P\u00e1gina10","robots":{"index":"index","follow":"follow","max-snippet":"max-snippet:-1","max-image-preview":"max-image-preview:large","max-video-preview":"max-video-preview:-1"},"canonical":"https:\/\/pagina10.com\/web\/indigenas-y-campesinos-retuvieron-a-36-soldados-en-zona-rural-de-tumaco\/","og_locale":"es_ES","og_type":"article","og_title":"Ind\u00edgenas y campesinos retuvieron a 36 soldados en zona rural de Tumaco | P\u00e1gina10","og_description":"El secretario de Gobierno de Nari\u00f1o, Juan Pablo Llanos, confirm\u00f3 que la retenci\u00f3n de un grupo de 36 soldados pertenecientes a las unidades Fudra 2 y Bagra 5 ocurri\u00f3 luego de la captura de dos personas que portaban, presuntamente, prendas de vestir de uno privativo de la Fuerza P\u00fablica. Seg\u00fan fuentes militares, los hechos ocurrieron [&hellip;]","og_url":"https:\/\/pagina10.com\/web\/indigenas-y-campesinos-retuvieron-a-36-soldados-en-zona-rural-de-tumaco\/","og_site_name":"P\u00e1gina10","article_publisher":"https:\/\/www.facebook.com\/pag10com","article_published_time":"2022-11-04T13:22:25+00:00","og_image":[{"width":780,"height":565,"url":"https:\/\/pagina10.com\/web\/wp-content\/uploads\/2022\/11\/whatsapp-image-2022-11-03-at-16-02-07_40997320_20221103160651.jpg","type":"image\/jpeg"}],"author":"P\u00e1gina 10","twitter_card":"summary_large_image","twitter_creator":"@Pag10com","twitter_site":"@Pag10com","twitter_misc":{"Escrito por":"P\u00e1gina 10","Tiempo de lectura":"1 minuto"},"schema":{"@context":"https:\/\/schema.org","@graph":[{"@type":"Article","@id":"https:\/\/pagina10.com\/web\/indigenas-y-campesinos-retuvieron-a-36-soldados-en-zona-rural-de-tumaco\/#article","isPartOf":{"@id":"https:\/\/pagina10.com\/web\/indigenas-y-campesinos-retuvieron-a-36-soldados-en-zona-rural-de-tumaco\/"},"author":{"name":"P\u00e1gina 10","@id":"https:\/\/pagina10.com\/web\/#\/schema\/person\/2efc4a090d25b667d3bc796798a3a81b"},"headline":"Ind\u00edgenas y campesinos retuvieron a 36 soldados en zona rural de Tumaco","datePublished":"2022-11-04T13:22:25+00:00","mainEntityOfPage":{"@id":"https:\/\/pagina10.com\/web\/indigenas-y-campesinos-retuvieron-a-36-soldados-en-zona-rural-de-tumaco\/"},"wordCount":187,"commentCount":0,"publisher":{"@id":"https:\/\/pagina10.com\/web\/#organization"},"image":{"@id":"https:\/\/pagina10.com\/web\/indigenas-y-campesinos-retuvieron-a-36-soldados-en-zona-rural-de-tumaco\/#primaryimage"},"thumbnailUrl":"https:\/\/pagina10.com\/web\/wp-content\/uploads\/2022\/11\/whatsapp-image-2022-11-03-at-16-02-07_40997320_20221103160651.jpg","articleSection":["Judicial"],"inLanguage":"es","potentialAction":[{"@type":"CommentAction","name":"Comment","target":["https:\/\/pagina10.com\/web\/indigenas-y-campesinos-retuvieron-a-36-soldados-en-zona-rural-de-tumaco\/#respond"]}]},{"@type":"WebPage","@id":"https:\/\/pagina10.com\/web\/indigenas-y-campesinos-retuvieron-a-36-soldados-en-zona-rural-de-tumaco\/","url":"https:\/\/pagina10.com\/web\/indigenas-y-campesinos-retuvieron-a-36-soldados-en-zona-rural-de-tumaco\/","name":"Ind\u00edgenas y campesinos retuvieron a 36 soldados en zona rural de Tumaco | P\u00e1gina10","isPartOf":{"@id":"https:\/\/pagina10.com\/web\/#website"},"primaryImageOfPage":{"@id":"https:\/\/pagina10.com\/web\/indigenas-y-campesinos-retuvieron-a-36-soldados-en-zona-rural-de-tumaco\/#primaryimage"},"image":{"@id":"https:\/\/pagina10.com\/web\/indigenas-y-campesinos-retuvieron-a-36-soldados-en-zona-rural-de-tumaco\/#primaryimage"},"thumbnailUrl":"https:\/\/pagina10.com\/web\/wp-content\/uploads\/2022\/11\/whatsapp-image-2022-11-03-at-16-02-07_40997320_20221103160651.jpg","datePublished":"2022-11-04T13:22:25+00:00","breadcrumb":{"@id":"https:\/\/pagina10.com\/web\/indigenas-y-campesinos-retuvieron-a-36-soldados-en-zona-rural-de-tumaco\/#breadcrumb"},"inLanguage":"es","potentialAction":[{"@type":"ReadAction","target":["https:\/\/pagina10.com\/web\/indigenas-y-campesinos-retuvieron-a-36-soldados-en-zona-rural-de-tumaco\/"]}]},{"@type":"ImageObject","inLanguage":"es","@id":"https:\/\/pagina10.com\/web\/indigenas-y-campesinos-retuvieron-a-36-soldados-en-zona-rural-de-tumaco\/#primaryimage","url":"https:\/\/pagina10.com\/web\/wp-content\/uploads\/2022\/11\/whatsapp-image-2022-11-03-at-16-02-07_40997320_20221103160651.jpg","contentUrl":"https:\/\/pagina10.com\/web\/wp-content\/uploads\/2022\/11\/whatsapp-image-2022-11-03-at-16-02-07_40997320_20221103160651.jpg","width":780,"height":565},{"@type":"BreadcrumbList","@id":"https:\/\/pagina10.com\/web\/indigenas-y-campesinos-retuvieron-a-36-soldados-en-zona-rural-de-tumaco\/#breadcrumb","itemListElement":[{"@type":"ListItem","position":1,"name":"Portada","item":"https:\/\/pagina10.com\/web\/"},{"@type":"ListItem","position":2,"name":"Ind\u00edgenas y campesinos retuvieron a 36 soldados en zona rural de Tumaco"}]},{"@type":"WebSite","@id":"https:\/\/pagina10.com\/web\/#website","url":"https:\/\/pagina10.com\/web\/","name":"P\u00e1gina10","description":"Peri\u00f3dico Regional","publisher":{"@id":"https:\/\/pagina10.com\/web\/#organization"},"alternateName":"P\u00e1gina10 Peri\u00f3dico Regional","potentialAction":[{"@type":"SearchAction","target":{"@type":"EntryPoint","urlTemplate":"https:\/\/pagina10.com\/web\/?s={search_term_string}"},"query-input":{"@type":"PropertyValueSpecification","valueRequired":true,"valueName":"search_term_string"}}],"inLanguage":"es"},{"@type":"Organization","@id":"https:\/\/pagina10.com\/web\/#organization","name":"P\u00e1gina10","alternateName":"P\u00e1gina10 Peri\u00f3dico Regional","url":"https:\/\/pagina10.com\/web\/","logo":{"@type":"ImageObject","inLanguage":"es","@id":"https:\/\/pagina10.com\/web\/#\/schema\/logo\/image\/","url":"https:\/\/pagina10.com\/web\/wp-content\/uploads\/2024\/01\/40-pagina-10-periodico-regional-pasto.jpg","contentUrl":"https:\/\/pagina10.com\/web\/wp-content\/uploads\/2024\/01\/40-pagina-10-periodico-regional-pasto.jpg","width":1280,"height":720,"caption":"P\u00e1gina10"},"image":{"@id":"https:\/\/pagina10.com\/web\/#\/schema\/logo\/image\/"},"sameAs":["https:\/\/www.facebook.com\/pag10com","https:\/\/x.com\/Pag10com","https:\/\/www.instagram.com\/pagina10col\/","https:\/\/youtube.com\/channel\/pag10","https:\/\/www.tiktok.com\/@p10col"]},{"@type":"Person","@id":"https:\/\/pagina10.com\/web\/#\/schema\/person\/2efc4a090d25b667d3bc796798a3a81b","name":"P\u00e1gina 10","description":"P\u00e1gina 10 es un peri\u00f3dico regional que nace en Colombia, en el departamento de Nari\u00f1o, con un enfoque global, fundamentado en cuatro pilares esenciales: la libertad, el pluralismo, la inclusi\u00f3n y la independencia. P\u00e1gina 10 hace referencia a Nari\u00f1o como el d\u00e9cimo departamento creado en Colombia, despu\u00e9s de un proceso pol\u00edtico liderado por actores y actrices regionales con el fin de obtener la independencia y autonom\u00eda de nuestros territorios. Con la creaci\u00f3n de P\u00e1gina 10 se pretende abrir un escenario para el dialogo, la reflexi\u00f3n y el debate que se extienda a otras geograf\u00edas de Am\u00e9rica Latina y del planeta, en una apuesta por transformar colectivamente los desaf\u00edos de un mundo contempor\u00e1neo, m\u00e1s all\u00e1 de las fronteras impuestas.","url":"https:\/\/pagina10.com\/web\/author\/pdiezadmin\/"}]}},"_links":{"self":[{"href":"https:\/\/pagina10.com\/web\/wp-json\/wp\/v2\/posts\/62628","targetHints":{"allow":["GET"]}}],"collection":[{"href":"https:\/\/pagina10.com\/web\/wp-json\/wp\/v2\/posts"}],"about":[{"href":"https:\/\/pagina10.com\/web\/wp-json\/wp\/v2\/types\/post"}],"author":[{"embeddable":true,"href":"https:\/\/pagina10.com\/web\/wp-json\/wp\/v2\/users\/1"}],"replies":[{"embeddable":true,"href":"https:\/\/pagina10.com\/web\/wp-json\/wp\/v2\/comments?post=62628"}],"version-history":[{"count":1,"href":"https:\/\/pagina10.com\/web\/wp-json\/wp\/v2\/posts\/62628\/revisions"}],"predecessor-version":[{"id":62630,"href":"https:\/\/pagina10.com\/web\/wp-json\/wp\/v2\/posts\/62628\/revisions\/62630"}],"wp:featuredmedia":[{"embeddable":true,"href":"https:\/\/pagina10.com\/web\/wp-json\/wp\/v2\/media\/62629"}],"wp:attachment":[{"href":"https:\/\/pagina10.com\/web\/wp-json\/wp\/v2\/media?parent=62628"}],"wp:term":[{"taxonomy":"category","embeddable":true,"href":"https:\/\/pagina10.com\/web\/wp-json\/wp\/v2\/categories?post=62628"},{"taxonomy":"post_tag","embeddable":true,"href":"https:\/\/pagina10.com\/web\/wp-json\/wp\/v2\/tags?post=62628"}],"curies":[{"name":"wp","href":"https:\/\/api.w.org\/{rel}","templated":true}]}}