{"id":62645,"date":"2022-11-04T18:52:24","date_gmt":"2022-11-04T23:52:24","guid":{"rendered":"https:\/\/pagina10.com\/web\/?p=62645"},"modified":"2022-11-04T18:52:24","modified_gmt":"2022-11-04T23:52:24","slug":"el-proximo-martes-iniciara-conciliacion-de-la-reforma-tributaria-en-senado-y-camara","status":"publish","type":"post","link":"https:\/\/pagina10.com\/web\/el-proximo-martes-iniciara-conciliacion-de-la-reforma-tributaria-en-senado-y-camara\/","title":{"rendered":"El pr\u00f3ximo martes iniciar\u00e1 conciliaci\u00f3n de la reforma tributaria en Senado y C\u00e1mara"},"content":{"rendered":"<p style=\"text-align: justify;\">Luego que la C\u00e1mara de Representantes le diera su aprobaci\u00f3n a la reforma tributaria, esta qued\u00f3 a un paso de convertirse en ley tras ser respaldada previamente en el Senado. Ahora, con el visto bueno de ambas corporaciones inicia el proceso de conciliaci\u00f3n donde se mirar\u00e1 que art\u00edculos se aprobaron en cada c\u00e1mara y cuales se enviar\u00e1n a sanci\u00f3n presidencial.<\/p>\n<p style=\"text-align: justify;\">Dicho proceso consiste en verificar si cada uno de los art\u00edculos de la reforma fue aprobado en Senado y C\u00e1mara; de ser as\u00ed pasa de inmediato a sanci\u00f3n, en caso contrario si hay alguna diferencia entre los dos, un grupo de senadores y representantes ser\u00e1n los encargados de escoger cu\u00e1l pasa a sanci\u00f3n.<\/p>\n<p style=\"text-align: justify;\">En cuanto a las propuestas que se hundieron en alguna de las dos corporaciones, pero se salv\u00f3 en la otra, los conciliadores deber\u00e1n decidir si vive o muere definitivamente. Es importante aclarar que en este proceso no se puede cambiar ni una coma de los art\u00edculos aprobados en la reforma tributaria.<\/p>\n<p style=\"text-align: justify;\">Tras la aprobaci\u00f3n el presidente Gustavo Petro se\u00f1al\u00f3: \u201cLa reforma tributaria, como tal, su filosof\u00eda central consiste en dos aspectos: uno, aumentar la capacidad de pago del pa\u00eds, su capacidad para pagar compromisos internacionales, que crecieron lamentablemente de una manera muy alta en los \u00faltimos a\u00f1os, y dos, aumentar la justicia social en Colombia\u201d.<\/p>\n","protected":false},"excerpt":{"rendered":"<p>Luego que la C\u00e1mara de Representantes le diera su aprobaci\u00f3n a la reforma tributaria, esta qued\u00f3 a un paso de convertirse en ley tras ser respaldada previamente en el Senado. Ahora, con el visto bueno de ambas corporaciones inicia el proceso de conciliaci\u00f3n donde se mirar\u00e1 que art\u00edculos se aprobaron en cada c\u00e1mara y cuales [&hellip;]<\/p>\n","protected":false},"author":1,"featured_media":62646,"comment_status":"open","ping_status":"open","sticky":false,"template":"","format":"standard","meta":{"footnotes":""},"categories":[94],"tags":[],"class_list":["post-62645","post","type-post","status-publish","format-standard","has-post-thumbnail","hentry","category-nacional-global-2"],"yoast_head":"<!-- This site is optimized with the Yoast SEO plugin v27.1.1 - https:\/\/yoast.com\/product\/yoast-seo-wordpress\/ -->\n<title>El pr\u00f3ximo martes iniciar\u00e1 conciliaci\u00f3n de la reforma tributaria en Senado y C\u00e1mara | P\u00e1gina10<\/title>\n<meta name=\"robots\" content=\"index, follow, max-snippet:-1, max-image-preview:large, max-video-preview:-1\" \/>\n<link rel=\"canonical\" href=\"https:\/\/pagina10.com\/web\/el-proximo-martes-iniciara-conciliacion-de-la-reforma-tributaria-en-senado-y-camara\/\" \/>\n<meta property=\"og:locale\" content=\"es_ES\" \/>\n<meta property=\"og:type\" content=\"article\" \/>\n<meta property=\"og:title\" content=\"El pr\u00f3ximo martes iniciar\u00e1 conciliaci\u00f3n de la reforma tributaria en Senado y C\u00e1mara | P\u00e1gina10\" \/>\n<meta property=\"og:description\" content=\"Luego que la C\u00e1mara de Representantes le diera su aprobaci\u00f3n a la reforma tributaria, esta qued\u00f3 a un paso de convertirse en ley tras ser respaldada previamente en el Senado. Ahora, con el visto bueno de ambas corporaciones inicia el proceso de conciliaci\u00f3n donde se mirar\u00e1 que art\u00edculos se aprobaron en cada c\u00e1mara y cuales [&hellip;]\" \/>\n<meta property=\"og:url\" content=\"https:\/\/pagina10.com\/web\/el-proximo-martes-iniciara-conciliacion-de-la-reforma-tributaria-en-senado-y-camara\/\" \/>\n<meta property=\"og:site_name\" content=\"P\u00e1gina10\" \/>\n<meta property=\"article:publisher\" content=\"https:\/\/www.facebook.com\/pag10com\" \/>\n<meta property=\"article:published_time\" content=\"2022-11-04T23:52:24+00:00\" \/>\n<meta property=\"og:image\" content=\"https:\/\/pagina10.com\/web\/wp-content\/uploads\/2022\/11\/DXGL2AN2SJMX5LHS3RXIE7MXVM.jpg\" \/>\n\t<meta property=\"og:image:width\" content=\"1080\" \/>\n\t<meta property=\"og:image:height\" content=\"625\" \/>\n\t<meta property=\"og:image:type\" content=\"image\/jpeg\" \/>\n<meta name=\"author\" content=\"P\u00e1gina 10\" \/>\n<meta name=\"twitter:card\" content=\"summary_large_image\" \/>\n<meta name=\"twitter:creator\" content=\"@Pag10com\" \/>\n<meta name=\"twitter:site\" content=\"@Pag10com\" \/>\n<meta name=\"twitter:label1\" content=\"Escrito por\" \/>\n\t<meta name=\"twitter:data1\" content=\"P\u00e1gina 10\" \/>\n\t<meta name=\"twitter:label2\" content=\"Tiempo de lectura\" \/>\n\t<meta name=\"twitter:data2\" content=\"1 minuto\" \/>\n<script type=\"application\/ld+json\" class=\"yoast-schema-graph\">{\"@context\":\"https:\/\/schema.org\",\"@graph\":[{\"@type\":\"Article\",\"@id\":\"https:\/\/pagina10.com\/web\/el-proximo-martes-iniciara-conciliacion-de-la-reforma-tributaria-en-senado-y-camara\/#article\",\"isPartOf\":{\"@id\":\"https:\/\/pagina10.com\/web\/el-proximo-martes-iniciara-conciliacion-de-la-reforma-tributaria-en-senado-y-camara\/\"},\"author\":{\"name\":\"P\u00e1gina 10\",\"@id\":\"https:\/\/pagina10.com\/web\/#\/schema\/person\/2efc4a090d25b667d3bc796798a3a81b\"},\"headline\":\"El pr\u00f3ximo martes iniciar\u00e1 conciliaci\u00f3n de la reforma tributaria en Senado y C\u00e1mara\",\"datePublished\":\"2022-11-04T23:52:24+00:00\",\"mainEntityOfPage\":{\"@id\":\"https:\/\/pagina10.com\/web\/el-proximo-martes-iniciara-conciliacion-de-la-reforma-tributaria-en-senado-y-camara\/\"},\"wordCount\":254,\"commentCount\":0,\"publisher\":{\"@id\":\"https:\/\/pagina10.com\/web\/#organization\"},\"image\":{\"@id\":\"https:\/\/pagina10.com\/web\/el-proximo-martes-iniciara-conciliacion-de-la-reforma-tributaria-en-senado-y-camara\/#primaryimage\"},\"thumbnailUrl\":\"https:\/\/pagina10.com\/web\/wp-content\/uploads\/2022\/11\/DXGL2AN2SJMX5LHS3RXIE7MXVM.jpg\",\"articleSection\":[\"Nacional\"],\"inLanguage\":\"es\",\"potentialAction\":[{\"@type\":\"CommentAction\",\"name\":\"Comment\",\"target\":[\"https:\/\/pagina10.com\/web\/el-proximo-martes-iniciara-conciliacion-de-la-reforma-tributaria-en-senado-y-camara\/#respond\"]}]},{\"@type\":\"WebPage\",\"@id\":\"https:\/\/pagina10.com\/web\/el-proximo-martes-iniciara-conciliacion-de-la-reforma-tributaria-en-senado-y-camara\/\",\"url\":\"https:\/\/pagina10.com\/web\/el-proximo-martes-iniciara-conciliacion-de-la-reforma-tributaria-en-senado-y-camara\/\",\"name\":\"El pr\u00f3ximo martes iniciar\u00e1 conciliaci\u00f3n de la reforma tributaria en Senado y C\u00e1mara | P\u00e1gina10\",\"isPartOf\":{\"@id\":\"https:\/\/pagina10.com\/web\/#website\"},\"primaryImageOfPage\":{\"@id\":\"https:\/\/pagina10.com\/web\/el-proximo-martes-iniciara-conciliacion-de-la-reforma-tributaria-en-senado-y-camara\/#primaryimage\"},\"image\":{\"@id\":\"https:\/\/pagina10.com\/web\/el-proximo-martes-iniciara-conciliacion-de-la-reforma-tributaria-en-senado-y-camara\/#primaryimage\"},\"thumbnailUrl\":\"https:\/\/pagina10.com\/web\/wp-content\/uploads\/2022\/11\/DXGL2AN2SJMX5LHS3RXIE7MXVM.jpg\",\"datePublished\":\"2022-11-04T23:52:24+00:00\",\"breadcrumb\":{\"@id\":\"https:\/\/pagina10.com\/web\/el-proximo-martes-iniciara-conciliacion-de-la-reforma-tributaria-en-senado-y-camara\/#breadcrumb\"},\"inLanguage\":\"es\",\"potentialAction\":[{\"@type\":\"ReadAction\",\"target\":[\"https:\/\/pagina10.com\/web\/el-proximo-martes-iniciara-conciliacion-de-la-reforma-tributaria-en-senado-y-camara\/\"]}]},{\"@type\":\"ImageObject\",\"inLanguage\":\"es\",\"@id\":\"https:\/\/pagina10.com\/web\/el-proximo-martes-iniciara-conciliacion-de-la-reforma-tributaria-en-senado-y-camara\/#primaryimage\",\"url\":\"https:\/\/pagina10.com\/web\/wp-content\/uploads\/2022\/11\/DXGL2AN2SJMX5LHS3RXIE7MXVM.jpg\",\"contentUrl\":\"https:\/\/pagina10.com\/web\/wp-content\/uploads\/2022\/11\/DXGL2AN2SJMX5LHS3RXIE7MXVM.jpg\",\"width\":1080,\"height\":625},{\"@type\":\"BreadcrumbList\",\"@id\":\"https:\/\/pagina10.com\/web\/el-proximo-martes-iniciara-conciliacion-de-la-reforma-tributaria-en-senado-y-camara\/#breadcrumb\",\"itemListElement\":[{\"@type\":\"ListItem\",\"position\":1,\"name\":\"Portada\",\"item\":\"https:\/\/pagina10.com\/web\/\"},{\"@type\":\"ListItem\",\"position\":2,\"name\":\"El pr\u00f3ximo martes iniciar\u00e1 conciliaci\u00f3n de la reforma tributaria en Senado y C\u00e1mara\"}]},{\"@type\":\"WebSite\",\"@id\":\"https:\/\/pagina10.com\/web\/#website\",\"url\":\"https:\/\/pagina10.com\/web\/\",\"name\":\"P\u00e1gina10\",\"description\":\"Peri\u00f3dico Regional\",\"publisher\":{\"@id\":\"https:\/\/pagina10.com\/web\/#organization\"},\"alternateName\":\"P\u00e1gina10 Peri\u00f3dico Regional\",\"potentialAction\":[{\"@type\":\"SearchAction\",\"target\":{\"@type\":\"EntryPoint\",\"urlTemplate\":\"https:\/\/pagina10.com\/web\/?s={search_term_string}\"},\"query-input\":{\"@type\":\"PropertyValueSpecification\",\"valueRequired\":true,\"valueName\":\"search_term_string\"}}],\"inLanguage\":\"es\"},{\"@type\":\"Organization\",\"@id\":\"https:\/\/pagina10.com\/web\/#organization\",\"name\":\"P\u00e1gina10\",\"alternateName\":\"P\u00e1gina10 Peri\u00f3dico Regional\",\"url\":\"https:\/\/pagina10.com\/web\/\",\"logo\":{\"@type\":\"ImageObject\",\"inLanguage\":\"es\",\"@id\":\"https:\/\/pagina10.com\/web\/#\/schema\/logo\/image\/\",\"url\":\"https:\/\/pagina10.com\/web\/wp-content\/uploads\/2024\/01\/40-pagina-10-periodico-regional-pasto.jpg\",\"contentUrl\":\"https:\/\/pagina10.com\/web\/wp-content\/uploads\/2024\/01\/40-pagina-10-periodico-regional-pasto.jpg\",\"width\":1280,\"height\":720,\"caption\":\"P\u00e1gina10\"},\"image\":{\"@id\":\"https:\/\/pagina10.com\/web\/#\/schema\/logo\/image\/\"},\"sameAs\":[\"https:\/\/www.facebook.com\/pag10com\",\"https:\/\/x.com\/Pag10com\",\"https:\/\/www.instagram.com\/pagina10col\/\",\"https:\/\/youtube.com\/channel\/pag10\",\"https:\/\/www.tiktok.com\/@p10col\"]},{\"@type\":\"Person\",\"@id\":\"https:\/\/pagina10.com\/web\/#\/schema\/person\/2efc4a090d25b667d3bc796798a3a81b\",\"name\":\"P\u00e1gina 10\",\"description\":\"P\u00e1gina 10 es un peri\u00f3dico regional que nace en Colombia, en el departamento de Nari\u00f1o, con un enfoque global, fundamentado en cuatro pilares esenciales: la libertad, el pluralismo, la inclusi\u00f3n y la independencia. P\u00e1gina 10 hace referencia a Nari\u00f1o como el d\u00e9cimo departamento creado en Colombia, despu\u00e9s de un proceso pol\u00edtico liderado por actores y actrices regionales con el fin de obtener la independencia y autonom\u00eda de nuestros territorios. Con la creaci\u00f3n de P\u00e1gina 10 se pretende abrir un escenario para el dialogo, la reflexi\u00f3n y el debate que se extienda a otras geograf\u00edas de Am\u00e9rica Latina y del planeta, en una apuesta por transformar colectivamente los desaf\u00edos de un mundo contempor\u00e1neo, m\u00e1s all\u00e1 de las fronteras impuestas.\",\"url\":\"https:\/\/pagina10.com\/web\/author\/pdiezadmin\/\"}]}<\/script>\n<!-- \/ Yoast SEO plugin. -->","yoast_head_json":{"title":"El pr\u00f3ximo martes iniciar\u00e1 conciliaci\u00f3n de la reforma tributaria en Senado y C\u00e1mara | P\u00e1gina10","robots":{"index":"index","follow":"follow","max-snippet":"max-snippet:-1","max-image-preview":"max-image-preview:large","max-video-preview":"max-video-preview:-1"},"canonical":"https:\/\/pagina10.com\/web\/el-proximo-martes-iniciara-conciliacion-de-la-reforma-tributaria-en-senado-y-camara\/","og_locale":"es_ES","og_type":"article","og_title":"El pr\u00f3ximo martes iniciar\u00e1 conciliaci\u00f3n de la reforma tributaria en Senado y C\u00e1mara | P\u00e1gina10","og_description":"Luego que la C\u00e1mara de Representantes le diera su aprobaci\u00f3n a la reforma tributaria, esta qued\u00f3 a un paso de convertirse en ley tras ser respaldada previamente en el Senado. Ahora, con el visto bueno de ambas corporaciones inicia el proceso de conciliaci\u00f3n donde se mirar\u00e1 que art\u00edculos se aprobaron en cada c\u00e1mara y cuales [&hellip;]","og_url":"https:\/\/pagina10.com\/web\/el-proximo-martes-iniciara-conciliacion-de-la-reforma-tributaria-en-senado-y-camara\/","og_site_name":"P\u00e1gina10","article_publisher":"https:\/\/www.facebook.com\/pag10com","article_published_time":"2022-11-04T23:52:24+00:00","og_image":[{"width":1080,"height":625,"url":"https:\/\/pagina10.com\/web\/wp-content\/uploads\/2022\/11\/DXGL2AN2SJMX5LHS3RXIE7MXVM.jpg","type":"image\/jpeg"}],"author":"P\u00e1gina 10","twitter_card":"summary_large_image","twitter_creator":"@Pag10com","twitter_site":"@Pag10com","twitter_misc":{"Escrito por":"P\u00e1gina 10","Tiempo de lectura":"1 minuto"},"schema":{"@context":"https:\/\/schema.org","@graph":[{"@type":"Article","@id":"https:\/\/pagina10.com\/web\/el-proximo-martes-iniciara-conciliacion-de-la-reforma-tributaria-en-senado-y-camara\/#article","isPartOf":{"@id":"https:\/\/pagina10.com\/web\/el-proximo-martes-iniciara-conciliacion-de-la-reforma-tributaria-en-senado-y-camara\/"},"author":{"name":"P\u00e1gina 10","@id":"https:\/\/pagina10.com\/web\/#\/schema\/person\/2efc4a090d25b667d3bc796798a3a81b"},"headline":"El pr\u00f3ximo martes iniciar\u00e1 conciliaci\u00f3n de la reforma tributaria en Senado y C\u00e1mara","datePublished":"2022-11-04T23:52:24+00:00","mainEntityOfPage":{"@id":"https:\/\/pagina10.com\/web\/el-proximo-martes-iniciara-conciliacion-de-la-reforma-tributaria-en-senado-y-camara\/"},"wordCount":254,"commentCount":0,"publisher":{"@id":"https:\/\/pagina10.com\/web\/#organization"},"image":{"@id":"https:\/\/pagina10.com\/web\/el-proximo-martes-iniciara-conciliacion-de-la-reforma-tributaria-en-senado-y-camara\/#primaryimage"},"thumbnailUrl":"https:\/\/pagina10.com\/web\/wp-content\/uploads\/2022\/11\/DXGL2AN2SJMX5LHS3RXIE7MXVM.jpg","articleSection":["Nacional"],"inLanguage":"es","potentialAction":[{"@type":"CommentAction","name":"Comment","target":["https:\/\/pagina10.com\/web\/el-proximo-martes-iniciara-conciliacion-de-la-reforma-tributaria-en-senado-y-camara\/#respond"]}]},{"@type":"WebPage","@id":"https:\/\/pagina10.com\/web\/el-proximo-martes-iniciara-conciliacion-de-la-reforma-tributaria-en-senado-y-camara\/","url":"https:\/\/pagina10.com\/web\/el-proximo-martes-iniciara-conciliacion-de-la-reforma-tributaria-en-senado-y-camara\/","name":"El pr\u00f3ximo martes iniciar\u00e1 conciliaci\u00f3n de la reforma tributaria en Senado y C\u00e1mara | P\u00e1gina10","isPartOf":{"@id":"https:\/\/pagina10.com\/web\/#website"},"primaryImageOfPage":{"@id":"https:\/\/pagina10.com\/web\/el-proximo-martes-iniciara-conciliacion-de-la-reforma-tributaria-en-senado-y-camara\/#primaryimage"},"image":{"@id":"https:\/\/pagina10.com\/web\/el-proximo-martes-iniciara-conciliacion-de-la-reforma-tributaria-en-senado-y-camara\/#primaryimage"},"thumbnailUrl":"https:\/\/pagina10.com\/web\/wp-content\/uploads\/2022\/11\/DXGL2AN2SJMX5LHS3RXIE7MXVM.jpg","datePublished":"2022-11-04T23:52:24+00:00","breadcrumb":{"@id":"https:\/\/pagina10.com\/web\/el-proximo-martes-iniciara-conciliacion-de-la-reforma-tributaria-en-senado-y-camara\/#breadcrumb"},"inLanguage":"es","potentialAction":[{"@type":"ReadAction","target":["https:\/\/pagina10.com\/web\/el-proximo-martes-iniciara-conciliacion-de-la-reforma-tributaria-en-senado-y-camara\/"]}]},{"@type":"ImageObject","inLanguage":"es","@id":"https:\/\/pagina10.com\/web\/el-proximo-martes-iniciara-conciliacion-de-la-reforma-tributaria-en-senado-y-camara\/#primaryimage","url":"https:\/\/pagina10.com\/web\/wp-content\/uploads\/2022\/11\/DXGL2AN2SJMX5LHS3RXIE7MXVM.jpg","contentUrl":"https:\/\/pagina10.com\/web\/wp-content\/uploads\/2022\/11\/DXGL2AN2SJMX5LHS3RXIE7MXVM.jpg","width":1080,"height":625},{"@type":"BreadcrumbList","@id":"https:\/\/pagina10.com\/web\/el-proximo-martes-iniciara-conciliacion-de-la-reforma-tributaria-en-senado-y-camara\/#breadcrumb","itemListElement":[{"@type":"ListItem","position":1,"name":"Portada","item":"https:\/\/pagina10.com\/web\/"},{"@type":"ListItem","position":2,"name":"El pr\u00f3ximo martes iniciar\u00e1 conciliaci\u00f3n de la reforma tributaria en Senado y C\u00e1mara"}]},{"@type":"WebSite","@id":"https:\/\/pagina10.com\/web\/#website","url":"https:\/\/pagina10.com\/web\/","name":"P\u00e1gina10","description":"Peri\u00f3dico Regional","publisher":{"@id":"https:\/\/pagina10.com\/web\/#organization"},"alternateName":"P\u00e1gina10 Peri\u00f3dico Regional","potentialAction":[{"@type":"SearchAction","target":{"@type":"EntryPoint","urlTemplate":"https:\/\/pagina10.com\/web\/?s={search_term_string}"},"query-input":{"@type":"PropertyValueSpecification","valueRequired":true,"valueName":"search_term_string"}}],"inLanguage":"es"},{"@type":"Organization","@id":"https:\/\/pagina10.com\/web\/#organization","name":"P\u00e1gina10","alternateName":"P\u00e1gina10 Peri\u00f3dico Regional","url":"https:\/\/pagina10.com\/web\/","logo":{"@type":"ImageObject","inLanguage":"es","@id":"https:\/\/pagina10.com\/web\/#\/schema\/logo\/image\/","url":"https:\/\/pagina10.com\/web\/wp-content\/uploads\/2024\/01\/40-pagina-10-periodico-regional-pasto.jpg","contentUrl":"https:\/\/pagina10.com\/web\/wp-content\/uploads\/2024\/01\/40-pagina-10-periodico-regional-pasto.jpg","width":1280,"height":720,"caption":"P\u00e1gina10"},"image":{"@id":"https:\/\/pagina10.com\/web\/#\/schema\/logo\/image\/"},"sameAs":["https:\/\/www.facebook.com\/pag10com","https:\/\/x.com\/Pag10com","https:\/\/www.instagram.com\/pagina10col\/","https:\/\/youtube.com\/channel\/pag10","https:\/\/www.tiktok.com\/@p10col"]},{"@type":"Person","@id":"https:\/\/pagina10.com\/web\/#\/schema\/person\/2efc4a090d25b667d3bc796798a3a81b","name":"P\u00e1gina 10","description":"P\u00e1gina 10 es un peri\u00f3dico regional que nace en Colombia, en el departamento de Nari\u00f1o, con un enfoque global, fundamentado en cuatro pilares esenciales: la libertad, el pluralismo, la inclusi\u00f3n y la independencia. P\u00e1gina 10 hace referencia a Nari\u00f1o como el d\u00e9cimo departamento creado en Colombia, despu\u00e9s de un proceso pol\u00edtico liderado por actores y actrices regionales con el fin de obtener la independencia y autonom\u00eda de nuestros territorios. Con la creaci\u00f3n de P\u00e1gina 10 se pretende abrir un escenario para el dialogo, la reflexi\u00f3n y el debate que se extienda a otras geograf\u00edas de Am\u00e9rica Latina y del planeta, en una apuesta por transformar colectivamente los desaf\u00edos de un mundo contempor\u00e1neo, m\u00e1s all\u00e1 de las fronteras impuestas.","url":"https:\/\/pagina10.com\/web\/author\/pdiezadmin\/"}]}},"_links":{"self":[{"href":"https:\/\/pagina10.com\/web\/wp-json\/wp\/v2\/posts\/62645","targetHints":{"allow":["GET"]}}],"collection":[{"href":"https:\/\/pagina10.com\/web\/wp-json\/wp\/v2\/posts"}],"about":[{"href":"https:\/\/pagina10.com\/web\/wp-json\/wp\/v2\/types\/post"}],"author":[{"embeddable":true,"href":"https:\/\/pagina10.com\/web\/wp-json\/wp\/v2\/users\/1"}],"replies":[{"embeddable":true,"href":"https:\/\/pagina10.com\/web\/wp-json\/wp\/v2\/comments?post=62645"}],"version-history":[{"count":1,"href":"https:\/\/pagina10.com\/web\/wp-json\/wp\/v2\/posts\/62645\/revisions"}],"predecessor-version":[{"id":62647,"href":"https:\/\/pagina10.com\/web\/wp-json\/wp\/v2\/posts\/62645\/revisions\/62647"}],"wp:featuredmedia":[{"embeddable":true,"href":"https:\/\/pagina10.com\/web\/wp-json\/wp\/v2\/media\/62646"}],"wp:attachment":[{"href":"https:\/\/pagina10.com\/web\/wp-json\/wp\/v2\/media?parent=62645"}],"wp:term":[{"taxonomy":"category","embeddable":true,"href":"https:\/\/pagina10.com\/web\/wp-json\/wp\/v2\/categories?post=62645"},{"taxonomy":"post_tag","embeddable":true,"href":"https:\/\/pagina10.com\/web\/wp-json\/wp\/v2\/tags?post=62645"}],"curies":[{"name":"wp","href":"https:\/\/api.w.org\/{rel}","templated":true}]}}